{"id":71573,"date":"2025-06-07T13:57:22","date_gmt":"2025-06-07T16:57:22","guid":{"rendered":"https:\/\/noticiasribeiraopreto.com.br\/index.php\/2025\/06\/07\/corpo-de-adolescente-que-estava-desaparecido-e-encontrado-no-rio-pardo\/"},"modified":"2025-06-07T13:57:22","modified_gmt":"2025-06-07T16:57:22","slug":"corpo-de-adolescente-que-estava-desaparecido-e-encontrado-no-rio-pardo","status":"publish","type":"post","link":"https:\/\/noticiasribeiraopreto.com.br\/index.php\/2025\/06\/07\/corpo-de-adolescente-que-estava-desaparecido-e-encontrado-no-rio-pardo\/","title":{"rendered":"Corpo de adolescente que estava desaparecido \u00e9 encontrado no rio Pardo"},"content":{"rendered":"<p> <br \/>\n<\/p>\n<div data-td-block-uid=\"tdi_95\">\n<div class=\"tdb-block-inner td-fix-index\">\n<p>Equipes do Corpo de Bombeiros encontraram, na manh\u00e3 deste s\u00e1bado (7), <strong>o corpo do adolescente Alex Gabriel Santos<\/strong>, de 16 anos, no rio Pardo, em Pontal, na regi\u00e3o de Ribeir\u00e3o Preto. <strong>Ele estava desaparecido havia uma semana.<\/strong><\/p>\n<p>De acordo com a pol\u00edcia, <strong>o corpo estava com os p\u00e9s e as m\u00e3os amarrados.<\/strong><\/p>\n<p><strong>As investiga\u00e7\u00f5es indicam que o jovem teria encontrado um celular sobre o balc\u00e3o de um estabelecimento comercial e levado o aparelho para casa.<\/strong> Ao retornar ao local, o propriet\u00e1rio do telefone recebeu a informa\u00e7\u00e3o de que Alex havia pegado o dispositivo.<\/p>\n<p>De acordo com o registro policial, o homem foi at\u00e9 a resid\u00eancia do adolescente com tr\u00eas comparsas. O grupo colocou o jovem em um ve\u00edculo e o levou at\u00e9 um galp\u00e3o, onde agrediu o rapaz. Em seguida, jogaram o corpo no rio Pardo.<\/p>\n<p><strong>A Pol\u00edcia Civil confirmou que os quatro envolvidos no crime est\u00e3o presos e responder\u00e3o por homic\u00eddio.<\/strong><\/p>\n<hr class=\"wp-block-separator has-alpha-channel-opacity\"\/>\n<p>SAIBA MAIS<br \/>Clareamento dental caseiro faz mal? Especialista alerta para os riscos de receitas que viralizam na internet<\/p>\n<h2 class=\"wp-block-heading\"><strong>FIQUE ON<\/strong><\/h2>\n<p>Fique ligado em tudo que acontece em Ribeir\u00e3o Preto e regi\u00e3o. Siga os perfis do<strong>\u00a0acidade on<\/strong>\u00a0no\u00a0<a href=\"https:\/\/www.instagram.com\/acidadeonribeirao\">Instagram\u00a0<\/a>e no\u00a0<a href=\"https:\/\/www.facebook.com\/acidadeonribeirao\/\">Facebook<\/a>.<\/p>\n<p>Receba not\u00edcias do\u00a0<strong>acidade on<\/strong>\u00a0no WhatsApp.\u00a0<a href=\"https:\/\/chat.whatsapp.com\/BjKQZ9oJwlz8VVT50NuePq\">Para entrar no grupo, basta clicar aqui.<\/a><\/p>\n<p>Fa\u00e7a uma den\u00fancia ou sugira uma reportagem sobre Ribeir\u00e3o Preto e regi\u00e3o pelo WhatsApp: 16 99117 7802.<\/p>\n<p>VEJA TAMB\u00c9M<br \/>At\u00e9 quando vai a nova frente fria em S\u00e3o Paulo?<mark style=\"background-color:#ffffff\" class=\"has-inline-color has-white-color\"> , contudo<\/mark><\/p>\n<p><!-- CONTENT END 1 -->\n<\/div>\n<\/div>\n<p><script async src=\"\/\/www.instagram.com\/embed.js\"><\/script><br \/>\n<br \/><br \/>\n<br \/><a href=\"https:\/\/www.acidadeon.com\/ribeiraopreto\/cotidiano\/corpo-de-adolescente-que-estava-desaparecido-e-encontrado-no-rio-pardo\/\">Source link <\/a><\/p>\n","protected":false},"excerpt":{"rendered":"<p>Equipes do Corpo de Bombeiros encontraram, na manh\u00e3 deste s\u00e1bado (7), o corpo do adolescente Alex Gabriel Santos, de 16 anos, no rio Pardo, em&#8230;<\/p>\n","protected":false},"author":1,"featured_media":71485,"comment_status":"open","ping_status":"open","sticky":false,"template":"","format":"standard","meta":{"advanced_seo_description":"","jetpack_seo_html_title":"","jetpack_seo_noindex":false,"jetpack_post_was_ever_published":false,"_jetpack_newsletter_access":"","_jetpack_dont_email_post_to_subs":false,"_jetpack_newsletter_tier_id":0,"_jetpack_memberships_contains_paywalled_content":false,"_jetpack_memberships_contains_paid_content":false,"footnotes":"","jetpack_publicize_message":"","jetpack_publicize_feature_enabled":true,"jetpack_social_post_already_shared":true,"jetpack_social_options":{"image_generator_settings":{"template":"highway","default_image_id":0,"font":"","enabled":false},"version":2}},"categories":[11],"tags":[],"class_list":["post-71573","post","type-post","status-publish","format-standard","has-post-thumbnail","hentry","category-noticias-de-ribeirao-preto-sp-e-regiao-ismael-colosi"],"jetpack_publicize_connections":[],"jetpack_featured_media_url":"https:\/\/i0.wp.com\/noticiasribeiraopreto.com.br\/wp-content\/uploads\/2025\/06\/ALEX-GABRIEL_2025-06-06_13-51-19.webp.webp?fit=1200%2C879&ssl=1","jetpack-related-posts":[{"id":71660,"url":"https:\/\/noticiasribeiraopreto.com.br\/index.php\/2025\/06\/08\/corpo-de-adolescente-encontrado-as-margens-do-rio-pardo-e-sepultado-em-pontal-familia-pede-por-justica\/","url_meta":{"origin":71573,"position":0},"title":"Corpo de adolescente encontrado \u00e0s margens do rio Pardo \u00e9 sepultado em Pontal; fam\u00edlia pede por justi\u00e7a","author":"noticiasribeiraopreto.com.br","date":"8 de June de 2025","format":false,"excerpt":"Foi sepultado neste domingo (8) o corpo do adolescente Alex Gabriel Santos, de 16 anos, no cemit\u00e9rio de Pontal, na regi\u00e3o de Ribeir\u00e3o Preto. O corpo do jovem foi encontrado \u00e0s margens do rio Pardo, no \u00faltimo s\u00e1bado (7). Os quatro suspeitos de envolvimento no crime foram presos. O corpo\u2026","rel":"","context":"In &quot;Not\u00edcias de Ribeir\u00e3o Preto-SP e Regi\u00e3o&quot;","block_context":{"text":"Not\u00edcias de Ribeir\u00e3o Preto-SP e Regi\u00e3o","link":"https:\/\/noticiasribeiraopreto.com.br\/index.php\/category\/noticias-de-ribeirao-preto-sp-e-regiao-ismael-colosi\/"},"img":{"alt_text":"","src":"https:\/\/i0.wp.com\/noticiasribeiraopreto.com.br\/wp-content\/uploads\/2025\/06\/cemiterio-pontal_2025-06-08_18-35-02.webp.webp?fit=1200%2C769&ssl=1&resize=350%2C200","width":350,"height":200,"srcset":"https:\/\/i0.wp.com\/noticiasribeiraopreto.com.br\/wp-content\/uploads\/2025\/06\/cemiterio-pontal_2025-06-08_18-35-02.webp.webp?fit=1200%2C769&ssl=1&resize=350%2C200 1x, https:\/\/i0.wp.com\/noticiasribeiraopreto.com.br\/wp-content\/uploads\/2025\/06\/cemiterio-pontal_2025-06-08_18-35-02.webp.webp?fit=1200%2C769&ssl=1&resize=525%2C300 1.5x, https:\/\/i0.wp.com\/noticiasribeiraopreto.com.br\/wp-content\/uploads\/2025\/06\/cemiterio-pontal_2025-06-08_18-35-02.webp.webp?fit=1200%2C769&ssl=1&resize=700%2C400 2x, https:\/\/i0.wp.com\/noticiasribeiraopreto.com.br\/wp-content\/uploads\/2025\/06\/cemiterio-pontal_2025-06-08_18-35-02.webp.webp?fit=1200%2C769&ssl=1&resize=1050%2C600 3x"},"classes":[]},{"id":80000,"url":"https:\/\/noticiasribeiraopreto.com.br\/index.php\/2025\/11\/12\/corpo-de-jovem-desaparecido-no-rio-pardo-e-encontrado-no-4o-dia-de-buscas\/","url_meta":{"origin":71573,"position":1},"title":"Corpo de jovem desaparecido no rio Pardo \u00e9 encontrado no 4\u00ba dia de buscas","author":"noticiasribeiraopreto.com.br","date":"12 de November de 2025","format":false,"excerpt":"O corpo Miguel Ferreira dos Santos, de 21 anos, desaparecido no rio Pardo, no \u00faltimo domingo (9), em Ribeir\u00e3o Preto, foi encontrado nesta quarta-feira (12). As buscas foram conduzidos pelo Corpo de Bombeiros, com apoio da Marinha do Brasil que utilizou um sonar. O amigo que estava com o Miguel,\u2026","rel":"","context":"In &quot;Not\u00edcias de Ribeir\u00e3o Preto-SP e Regi\u00e3o&quot;","block_context":{"text":"Not\u00edcias de Ribeir\u00e3o Preto-SP e Regi\u00e3o","link":"https:\/\/noticiasribeiraopreto.com.br\/index.php\/category\/noticias-de-ribeirao-preto-sp-e-regiao-ismael-colosi\/"},"img":{"alt_text":"","src":"https:\/\/i0.wp.com\/noticiasribeiraopreto.com.br\/wp-content\/uploads\/2025\/11\/WhatsApp-Image-2025-11-10-at-12.00.15_2025-11-10_15-07-14.webp.webp?fit=842%2C624&ssl=1&resize=350%2C200","width":350,"height":200,"srcset":"https:\/\/i0.wp.com\/noticiasribeiraopreto.com.br\/wp-content\/uploads\/2025\/11\/WhatsApp-Image-2025-11-10-at-12.00.15_2025-11-10_15-07-14.webp.webp?fit=842%2C624&ssl=1&resize=350%2C200 1x, https:\/\/i0.wp.com\/noticiasribeiraopreto.com.br\/wp-content\/uploads\/2025\/11\/WhatsApp-Image-2025-11-10-at-12.00.15_2025-11-10_15-07-14.webp.webp?fit=842%2C624&ssl=1&resize=525%2C300 1.5x, https:\/\/i0.wp.com\/noticiasribeiraopreto.com.br\/wp-content\/uploads\/2025\/11\/WhatsApp-Image-2025-11-10-at-12.00.15_2025-11-10_15-07-14.webp.webp?fit=842%2C624&ssl=1&resize=700%2C400 2x"},"classes":[]},{"id":71565,"url":"https:\/\/noticiasribeiraopreto.com.br\/index.php\/2025\/06\/07\/bombeiros-resgatam-corpo-de-alex-no-rio-pardo\/","url_meta":{"origin":71573,"position":2},"title":"Bombeiros resgatam corpo de Alex no rio Pardo","author":"noticiasribeiraopreto.com.br","date":"7 de June de 2025","format":false,"excerpt":"7 de junho de 2025 12:367 de junho de 2025 12:370 Compartilhar0 O corpo do adolescente Alex Gabriel dos Santos, de 16 anos, foi localizado na manh\u00e3 deste s\u00e1bado (7) no Rio Pardo, entre os munic\u00edpios de Pontal e C\u00e2ndia, no interior de S\u00e3o Paulo. Ele estava desaparecido desde o\u2026","rel":"","context":"In &quot;Not\u00edcias de Ribeir\u00e3o Preto-SP e Regi\u00e3o&quot;","block_context":{"text":"Not\u00edcias de Ribeir\u00e3o Preto-SP e Regi\u00e3o","link":"https:\/\/noticiasribeiraopreto.com.br\/index.php\/category\/noticias-de-ribeirao-preto-sp-e-regiao-ismael-colosi\/"},"img":{"alt_text":"","src":"https:\/\/i0.wp.com\/noticiasribeiraopreto.com.br\/wp-content\/uploads\/2025\/06\/alex_foto2.jpg?fit=613%2C500&ssl=1&resize=350%2C200","width":350,"height":200,"srcset":"https:\/\/i0.wp.com\/noticiasribeiraopreto.com.br\/wp-content\/uploads\/2025\/06\/alex_foto2.jpg?fit=613%2C500&ssl=1&resize=350%2C200 1x, https:\/\/i0.wp.com\/noticiasribeiraopreto.com.br\/wp-content\/uploads\/2025\/06\/alex_foto2.jpg?fit=613%2C500&ssl=1&resize=525%2C300 1.5x"},"classes":[]},{"id":45105,"url":"https:\/\/noticiasribeiraopreto.com.br\/index.php\/2024\/04\/02\/encontrado-corpo-de-jovem-que-se-afogou-e-estava-desaparecido-no-rio-pardo-em-ribeirao\/","url_meta":{"origin":71573,"position":3},"title":"Encontrado corpo de jovem que se afogou e estava desaparecido no rio Pardo em Ribeir\u00e3o","author":"noticiasribeiraopreto.com.br","date":"2 de April de 2024","format":false,"excerpt":"O corpo do jovem que se afogou no rio Pardo e estava desaparecido foi encontrado pelos bombeiros, na manh\u00e3 desta ter\u00e7a-feira (2), pr\u00f3ximo ao clube de Regatas, na rodovia C\u00e2ndido Portinari, na zona Leste da cidade. O caso O\u00a0Corpo de Bombeiros\u00a0realizou, no domingo (31), buscas por um jovem que desapareceu\u2026","rel":"","context":"In &quot;Not\u00edcias de Ribeir\u00e3o Preto-SP e Regi\u00e3o&quot;","block_context":{"text":"Not\u00edcias de Ribeir\u00e3o Preto-SP e Regi\u00e3o","link":"https:\/\/noticiasribeiraopreto.com.br\/index.php\/category\/noticias-de-ribeirao-preto-sp-e-regiao-ismael-colosi\/"},"img":{"alt_text":"","src":"https:\/\/i0.wp.com\/noticiasribeiraopreto.com.br\/wp-content\/uploads\/2024\/04\/WhatsApp-Image-2024-04-02-at-11.33.55.jpeg?fit=1200%2C635&ssl=1&resize=350%2C200","width":350,"height":200,"srcset":"https:\/\/i0.wp.com\/noticiasribeiraopreto.com.br\/wp-content\/uploads\/2024\/04\/WhatsApp-Image-2024-04-02-at-11.33.55.jpeg?fit=1200%2C635&ssl=1&resize=350%2C200 1x, https:\/\/i0.wp.com\/noticiasribeiraopreto.com.br\/wp-content\/uploads\/2024\/04\/WhatsApp-Image-2024-04-02-at-11.33.55.jpeg?fit=1200%2C635&ssl=1&resize=525%2C300 1.5x, https:\/\/i0.wp.com\/noticiasribeiraopreto.com.br\/wp-content\/uploads\/2024\/04\/WhatsApp-Image-2024-04-02-at-11.33.55.jpeg?fit=1200%2C635&ssl=1&resize=700%2C400 2x, https:\/\/i0.wp.com\/noticiasribeiraopreto.com.br\/wp-content\/uploads\/2024\/04\/WhatsApp-Image-2024-04-02-at-11.33.55.jpeg?fit=1200%2C635&ssl=1&resize=1050%2C600 3x"},"classes":[]},{"id":71651,"url":"https:\/\/noticiasribeiraopreto.com.br\/index.php\/2025\/06\/08\/video-adolescente-localizado-no-rio-pardo-e-sepultado-em-pontal\/","url_meta":{"origin":71573,"position":4},"title":"V\u00cdDEO: Adolescente localizado no rio Pardo \u00e9 sepultado em Pontal","author":"noticiasribeiraopreto.com.br","date":"8 de June de 2025","format":false,"excerpt":"Foi sepultado na manh\u00e3 deste domingo (8), no cemit\u00e9rio municipal de Pontal (SP), o corpo de Alex Gabriel dos Santos, de 16 anos. O adolescente estava desaparecido desde o \u00faltimo domingo (1\u00ba) e foi encontrado sem vida no s\u00e1bado (7), no rio Pardo, entre os munic\u00edpios de Pontal e C\u00e2ndia,\u2026","rel":"","context":"In &quot;Not\u00edcias de Ribeir\u00e3o Preto-SP e Regi\u00e3o&quot;","block_context":{"text":"Not\u00edcias de Ribeir\u00e3o Preto-SP e Regi\u00e3o","link":"https:\/\/noticiasribeiraopreto.com.br\/index.php\/category\/noticias-de-ribeirao-preto-sp-e-regiao-ismael-colosi\/"},"img":{"alt_text":"","src":"https:\/\/i0.wp.com\/noticiasribeiraopreto.com.br\/wp-content\/uploads\/2025\/06\/alex_sepultamento-scaled.jpeg?fit=800%2C450&ssl=1&resize=350%2C200","width":350,"height":200,"srcset":"https:\/\/i0.wp.com\/noticiasribeiraopreto.com.br\/wp-content\/uploads\/2025\/06\/alex_sepultamento-scaled.jpeg?fit=800%2C450&ssl=1&resize=350%2C200 1x, https:\/\/i0.wp.com\/noticiasribeiraopreto.com.br\/wp-content\/uploads\/2025\/06\/alex_sepultamento-scaled.jpeg?fit=800%2C450&ssl=1&resize=525%2C300 1.5x, https:\/\/i0.wp.com\/noticiasribeiraopreto.com.br\/wp-content\/uploads\/2025\/06\/alex_sepultamento-scaled.jpeg?fit=800%2C450&ssl=1&resize=700%2C400 2x"},"classes":[]},{"id":71654,"url":"https:\/\/noticiasribeiraopreto.com.br\/index.php\/2025\/06\/08\/video-adolescente-jogado-no-rio-pardo-e-sepultado-em-pontal\/","url_meta":{"origin":71573,"position":5},"title":"V\u00cdDEO: Adolescente jogado no rio Pardo \u00e9 sepultado em Pontal","author":"noticiasribeiraopreto.com.br","date":"8 de June de 2025","format":false,"excerpt":"Foi sepultado na manh\u00e3 deste domingo (8), no cemit\u00e9rio municipal de Pontal (SP), o corpo de Alex Gabriel dos Santos, de 16 anos. O adolescente estava desaparecido desde o \u00faltimo domingo (1\u00ba) e foi encontrado sem vida no s\u00e1bado (7), no rio Pardo, entre os munic\u00edpios de Pontal e C\u00e2ndia,\u2026","rel":"","context":"In &quot;Not\u00edcias de Ribeir\u00e3o Preto-SP e Regi\u00e3o&quot;","block_context":{"text":"Not\u00edcias de Ribeir\u00e3o Preto-SP e Regi\u00e3o","link":"https:\/\/noticiasribeiraopreto.com.br\/index.php\/category\/noticias-de-ribeirao-preto-sp-e-regiao-ismael-colosi\/"},"img":{"alt_text":"","src":"https:\/\/i0.wp.com\/noticiasribeiraopreto.com.br\/wp-content\/uploads\/2025\/06\/1749410756_alex_sepultamento-scaled.jpeg?fit=800%2C450&ssl=1&resize=350%2C200","width":350,"height":200,"srcset":"https:\/\/i0.wp.com\/noticiasribeiraopreto.com.br\/wp-content\/uploads\/2025\/06\/1749410756_alex_sepultamento-scaled.jpeg?fit=800%2C450&ssl=1&resize=350%2C200 1x, https:\/\/i0.wp.com\/noticiasribeiraopreto.com.br\/wp-content\/uploads\/2025\/06\/1749410756_alex_sepultamento-scaled.jpeg?fit=800%2C450&ssl=1&resize=525%2C300 1.5x, https:\/\/i0.wp.com\/noticiasribeiraopreto.com.br\/wp-content\/uploads\/2025\/06\/1749410756_alex_sepultamento-scaled.jpeg?fit=800%2C450&ssl=1&resize=700%2C400 2x"},"classes":[]}],"jetpack_sharing_enabled":true,"jetpack_shortlink":"https:\/\/wp.me\/peQAOb-iCp","_links":{"self":[{"href":"https:\/\/noticiasribeiraopreto.com.br\/index.php\/wp-json\/wp\/v2\/posts\/71573","targetHints":{"allow":["GET"]}}],"collection":[{"href":"https:\/\/noticiasribeiraopreto.com.br\/index.php\/wp-json\/wp\/v2\/posts"}],"about":[{"href":"https:\/\/noticiasribeiraopreto.com.br\/index.php\/wp-json\/wp\/v2\/types\/post"}],"author":[{"embeddable":true,"href":"https:\/\/noticiasribeiraopreto.com.br\/index.php\/wp-json\/wp\/v2\/users\/1"}],"replies":[{"embeddable":true,"href":"https:\/\/noticiasribeiraopreto.com.br\/index.php\/wp-json\/wp\/v2\/comments?post=71573"}],"version-history":[{"count":0,"href":"https:\/\/noticiasribeiraopreto.com.br\/index.php\/wp-json\/wp\/v2\/posts\/71573\/revisions"}],"wp:featuredmedia":[{"embeddable":true,"href":"https:\/\/noticiasribeiraopreto.com.br\/index.php\/wp-json\/wp\/v2\/media\/71485"}],"wp:attachment":[{"href":"https:\/\/noticiasribeiraopreto.com.br\/index.php\/wp-json\/wp\/v2\/media?parent=71573"}],"wp:term":[{"taxonomy":"category","embeddable":true,"href":"https:\/\/noticiasribeiraopreto.com.br\/index.php\/wp-json\/wp\/v2\/categories?post=71573"},{"taxonomy":"post_tag","embeddable":true,"href":"https:\/\/noticiasribeiraopreto.com.br\/index.php\/wp-json\/wp\/v2\/tags?post=71573"}],"curies":[{"name":"wp","href":"https:\/\/api.w.org\/{rel}","templated":true}]}}