{"id":71574,"date":"2025-06-07T14:04:04","date_gmt":"2025-06-07T17:04:04","guid":{"rendered":"https:\/\/noticiasribeiraopreto.com.br\/index.php\/2025\/06\/07\/caso-nelson-suspeito-diz-que-jogou-corpo-de-empresario-no-rio-a-mando-do-dono-da-empresa\/"},"modified":"2025-06-07T14:04:04","modified_gmt":"2025-06-07T17:04:04","slug":"caso-nelson-suspeito-diz-que-jogou-corpo-de-empresario-no-rio-a-mando-do-dono-da-empresa","status":"publish","type":"post","link":"https:\/\/noticiasribeiraopreto.com.br\/index.php\/2025\/06\/07\/caso-nelson-suspeito-diz-que-jogou-corpo-de-empresario-no-rio-a-mando-do-dono-da-empresa\/","title":{"rendered":"Caso Nelson: suspeito diz que jogou corpo de empres\u00e1rio no rio a mando do dono da empresa"},"content":{"rendered":"<p> <br \/>\n<\/p>\n<div data-td-block-uid=\"tdi_95\">\n<div class=\"tdb-block-inner td-fix-index\">\n<p>Um dos presos pelo desaparecimento de Nelson Carreira Filho <strong>afirmou \u00e0 Pol\u00edcia Civil que jogou o corpo do empres\u00e1rio no Rio Grande<\/strong>, em Miguel\u00f3polis, a pedido de Marlon Couto Paula Junior, assassino confesso de Nelson. A informa\u00e7\u00e3o foi confirmada na sexta-feira (6) pelo delegado Heitor Assis, que conduz a investiga\u00e7\u00e3o.<\/p>\n<p>De acordo com o depoimento, o suspeito identificado apenas como Felipe, amigo de Marlon, <strong>recebeu uma liga\u00e7\u00e3o solicitando apoio e se deslocou at\u00e9 Cravinhos<\/strong>, onde pegou o carro contendo o corpo de Carreira Filho. Em seguida, <strong>transportou o ve\u00edculo at\u00e9 o local onde supostamente realizou o descarte do corpo no rio.<\/strong><\/p>\n<p>Policiais prenderam Felipe em Uberl\u00e2ndia. Ap\u00f3s a pris\u00e3o, ele participou com o Corpo de Bombeiros de uma nova etapa das buscas subaqu\u00e1ticas. <strong>O suspeito indicou um ponto espec\u00edfico no Rio Grande, mas, at\u00e9 a publica\u00e7\u00e3o desta reportagem, os bombeiros n\u00e3o encontraram evid\u00eancias no local.<\/strong><\/p>\n<p>A equipe de resgate informou que a grande quantidade de aguap\u00e9s na \u00e1rea dificulta o trabalho e que as buscas devem continuar neste s\u00e1bado (7).<\/p>\n<hr class=\"wp-block-separator has-alpha-channel-opacity\"\/>\n<p>SAIBA MAIS<br \/>Clareamento dental caseiro faz mal? Especialista alerta para os riscos de receitas que viralizam na internet<\/p>\n<h2 class=\"wp-block-heading\"><strong>FIQUE ON<\/strong><\/h2>\n<p>Fique ligado em tudo que acontece em Ribeir\u00e3o Preto e regi\u00e3o. Siga os perfis do<strong>\u00a0acidade on<\/strong>\u00a0no\u00a0<a href=\"https:\/\/www.instagram.com\/acidadeonribeirao\">Instagram\u00a0<\/a>e no\u00a0<a href=\"https:\/\/www.facebook.com\/acidadeonribeirao\/\">Facebook<\/a>.<\/p>\n<p>Receba not\u00edcias do\u00a0<strong>acidade on<\/strong>\u00a0no WhatsApp.\u00a0<a href=\"https:\/\/chat.whatsapp.com\/BjKQZ9oJwlz8VVT50NuePq\">Para entrar no grupo, basta clicar aqui.<\/a><\/p>\n<p>Fa\u00e7a uma den\u00fancia ou sugira uma reportagem sobre Ribeir\u00e3o Preto e regi\u00e3o pelo WhatsApp: 16 99117 7802.<\/p>\n<p>VEJA TAMB\u00c9M<br \/>At\u00e9 quando vai a nova frente fria em S\u00e3o Paulo?<mark style=\"background-color:#ffffff\" class=\"has-inline-color has-white-color\"> , contudo<\/mark><\/p>\n<p><!-- CONTENT END 1 -->\n<\/div>\n<\/div>\n<p><script async src=\"\/\/www.instagram.com\/embed.js\"><\/script><br \/>\n<br \/><br \/>\n<br \/><a href=\"https:\/\/www.acidadeon.com\/ribeiraopreto\/cotidiano\/caso-nelson-suspeito-diz-que-jogou-corpo-de-empresario-no-rio-a-mando-do-dono-da-empresa\/\">Source link <\/a><\/p>\n","protected":false},"excerpt":{"rendered":"<p>Um dos presos pelo desaparecimento de Nelson Carreira Filho afirmou \u00e0 Pol\u00edcia Civil que jogou o corpo do empres\u00e1rio no Rio Grande, em Miguel\u00f3polis, a&#8230;<\/p>\n","protected":false},"author":1,"featured_media":71575,"comment_status":"open","ping_status":"open","sticky":false,"template":"","format":"standard","meta":{"advanced_seo_description":"","jetpack_seo_html_title":"","jetpack_seo_noindex":false,"jetpack_post_was_ever_published":false,"_jetpack_newsletter_access":"","_jetpack_dont_email_post_to_subs":false,"_jetpack_newsletter_tier_id":0,"_jetpack_memberships_contains_paywalled_content":false,"_jetpack_memberships_contains_paid_content":false,"footnotes":"","jetpack_publicize_message":"","jetpack_publicize_feature_enabled":true,"jetpack_social_post_already_shared":true,"jetpack_social_options":{"image_generator_settings":{"template":"highway","default_image_id":0,"font":"","enabled":false},"version":2}},"categories":[11],"tags":[],"class_list":["post-71574","post","type-post","status-publish","format-standard","has-post-thumbnail","hentry","category-noticias-de-ribeirao-preto-sp-e-regiao-ismael-colosi"],"jetpack_publicize_connections":[],"jetpack_featured_media_url":"https:\/\/i0.wp.com\/noticiasribeiraopreto.com.br\/wp-content\/uploads\/2025\/06\/Copia-de-Copia-de-Copia-de-TAMANHO-EXATO-PARA-FOTOS-NO-SISTEMA-NOVO-2025-06-07T103330.265_2025-06-07_13-34-02.webp.webp?fit=1200%2C675&ssl=1","jetpack-related-posts":[{"id":71177,"url":"https:\/\/noticiasribeiraopreto.com.br\/index.php\/2025\/06\/03\/caso-nelson-policia-investiga-se-marlon-jogou-corpo-em-rio-sozinho\/","url_meta":{"origin":71574,"position":0},"title":"Caso Nelson: Pol\u00edcia investiga se Marlon jogou corpo em rio sozinho","author":"noticiasribeiraopreto.com.br","date":"3 de June de 2025","format":false,"excerpt":"Por: Adalberto Luque A Pol\u00edcia Civil acredita que Marlon Couto Paula J\u00fanior, 26 anos, recebeu ajuda para jogar o corpo de Nelson Francisco Carreira Filho, 44 anos, no Rio Grande, ap\u00f3s mat\u00e1-lo em Cravinhos. Nelson tinha 1,93 m de altura e pesava cerca de 120 quilos. Em carta onde confessa\u2026","rel":"","context":"In &quot;Not\u00edcias de Ribeir\u00e3o Preto-SP e Regi\u00e3o&quot;","block_context":{"text":"Not\u00edcias de Ribeir\u00e3o Preto-SP e Regi\u00e3o","link":"https:\/\/noticiasribeiraopreto.com.br\/index.php\/category\/noticias-de-ribeirao-preto-sp-e-regiao-ismael-colosi\/"},"img":{"alt_text":"","src":"https:\/\/i0.wp.com\/noticiasribeiraopreto.com.br\/wp-content\/uploads\/2025\/06\/29-mai-2025-Nelson-Carreira-Filho-foto-redes-sociais-2.jpg?fit=465%2C420&ssl=1&resize=350%2C200","width":350,"height":200},"classes":[]},{"id":73344,"url":"https:\/\/noticiasribeiraopreto.com.br\/index.php\/2025\/06\/30\/caso-nelson-justica-libera-suspeita-de-participacao-no-sumico-de-empresario\/","url_meta":{"origin":71574,"position":1},"title":"Caso Nelson: Justi\u00e7a libera suspeita de participa\u00e7\u00e3o no sumi\u00e7o de empres\u00e1rio","author":"noticiasribeiraopreto.com.br","date":"30 de June de 2025","format":false,"excerpt":"A Justi\u00e7a concedeu liberdade a Marcela Silva de Almeida, suspeita de participa\u00e7\u00e3o no desaparecimento do empres\u00e1rio Nelson Carreira Filho, de 44 anos, ap\u00f3s uma reuni\u00e3o de neg\u00f3cios em Cravinhos, cidade na regi\u00e3o de Ribeir\u00e3o Preto, no dia 16 de maio. >>>FIQUE POR DENTRO: Clique aqui e confira a cobertura do\u2026","rel":"","context":"In &quot;Not\u00edcias de Ribeir\u00e3o Preto-SP e Regi\u00e3o&quot;","block_context":{"text":"Not\u00edcias de Ribeir\u00e3o Preto-SP e Regi\u00e3o","link":"https:\/\/noticiasribeiraopreto.com.br\/index.php\/category\/noticias-de-ribeirao-preto-sp-e-regiao-ismael-colosi\/"},"img":{"alt_text":"","src":"https:\/\/i0.wp.com\/noticiasribeiraopreto.com.br\/wp-content\/uploads\/2025\/06\/Copia-de-Copia-de-Copia-de-TAMANHO-EXATO-PARA-FOTOS-NO-SISTEMA-NOVO-2025-06-30T125240.746_2025-06-30_15-52-51.webp.webp?fit=1200%2C675&ssl=1&resize=350%2C200","width":350,"height":200,"srcset":"https:\/\/i0.wp.com\/noticiasribeiraopreto.com.br\/wp-content\/uploads\/2025\/06\/Copia-de-Copia-de-Copia-de-TAMANHO-EXATO-PARA-FOTOS-NO-SISTEMA-NOVO-2025-06-30T125240.746_2025-06-30_15-52-51.webp.webp?fit=1200%2C675&ssl=1&resize=350%2C200 1x, https:\/\/i0.wp.com\/noticiasribeiraopreto.com.br\/wp-content\/uploads\/2025\/06\/Copia-de-Copia-de-Copia-de-TAMANHO-EXATO-PARA-FOTOS-NO-SISTEMA-NOVO-2025-06-30T125240.746_2025-06-30_15-52-51.webp.webp?fit=1200%2C675&ssl=1&resize=525%2C300 1.5x, https:\/\/i0.wp.com\/noticiasribeiraopreto.com.br\/wp-content\/uploads\/2025\/06\/Copia-de-Copia-de-Copia-de-TAMANHO-EXATO-PARA-FOTOS-NO-SISTEMA-NOVO-2025-06-30T125240.746_2025-06-30_15-52-51.webp.webp?fit=1200%2C675&ssl=1&resize=700%2C400 2x, https:\/\/i0.wp.com\/noticiasribeiraopreto.com.br\/wp-content\/uploads\/2025\/06\/Copia-de-Copia-de-Copia-de-TAMANHO-EXATO-PARA-FOTOS-NO-SISTEMA-NOVO-2025-06-30T125240.746_2025-06-30_15-52-51.webp.webp?fit=1200%2C675&ssl=1&resize=1050%2C600 3x"},"classes":[]},{"id":72182,"url":"https:\/\/noticiasribeiraopreto.com.br\/index.php\/2025\/06\/14\/suspeito-de-matar-empresario-pode-ter-fugido-do-pais\/","url_meta":{"origin":71574,"position":2},"title":"Suspeito de matar empres\u00e1rio pode ter fugido do pa\u00eds","author":"noticiasribeiraopreto.com.br","date":"14 de June de 2025","format":false,"excerpt":"Tr\u00eas pessoas est\u00e3o presas temporariamente por envolvimento no caso; corpo da v\u00edtima ainda n\u00e3o foi localizado. A Pol\u00edcia Civil investiga se o principal suspeito de matar o empres\u00e1rio Nelson Francisco Carreira Filho, de 43 anos, em Cravinhos (SP), deixou o pa\u00eds ap\u00f3s o crime. A informa\u00e7\u00e3o surgiu ap\u00f3s depoimento do\u2026","rel":"","context":"In &quot;Not\u00edcias de Ribeir\u00e3o Preto-SP e Regi\u00e3o&quot;","block_context":{"text":"Not\u00edcias de Ribeir\u00e3o Preto-SP e Regi\u00e3o","link":"https:\/\/noticiasribeiraopreto.com.br\/index.php\/category\/noticias-de-ribeirao-preto-sp-e-regiao-ismael-colosi\/"},"img":{"alt_text":"","src":"https:\/\/i0.wp.com\/noticiasribeiraopreto.com.br\/wp-content\/uploads\/2025\/06\/marlon_couto-scaled.jpeg?fit=702%2C500&ssl=1&resize=350%2C200","width":350,"height":200,"srcset":"https:\/\/i0.wp.com\/noticiasribeiraopreto.com.br\/wp-content\/uploads\/2025\/06\/marlon_couto-scaled.jpeg?fit=702%2C500&ssl=1&resize=350%2C200 1x, https:\/\/i0.wp.com\/noticiasribeiraopreto.com.br\/wp-content\/uploads\/2025\/06\/marlon_couto-scaled.jpeg?fit=702%2C500&ssl=1&resize=525%2C300 1.5x, https:\/\/i0.wp.com\/noticiasribeiraopreto.com.br\/wp-content\/uploads\/2025\/06\/marlon_couto-scaled.jpeg?fit=702%2C500&ssl=1&resize=700%2C400 2x"},"classes":[]},{"id":72390,"url":"https:\/\/noticiasribeiraopreto.com.br\/index.php\/2025\/06\/16\/caso-nelson-completa-um-mes-veja-a-linha-do-tempo-suspeitos-e-detalhes-da-investigacao\/","url_meta":{"origin":71574,"position":3},"title":"Caso Nelson completa um m\u00eas: veja a linha do tempo, suspeitos e detalhes da investiga\u00e7\u00e3o","author":"noticiasribeiraopreto.com.br","date":"16 de June de 2025","format":false,"excerpt":"Nesta segunda-feira (16), completa-se um m\u00eas do desaparecimento do empres\u00e1rio Nelson Francisco Carreira Filho, de 44 anos. Ele foi visto pela \u00faltima vez no dia 16 de maio, ap\u00f3s uma reuni\u00e3o de neg\u00f3cios em Cravinhos, na regi\u00e3o de Ribeir\u00e3o Preto. Desde ent\u00e3o, a Pol\u00edcia Civil investiga o caso como homic\u00eddio.\u2026","rel":"","context":"In &quot;Not\u00edcias de Ribeir\u00e3o Preto-SP e Regi\u00e3o&quot;","block_context":{"text":"Not\u00edcias de Ribeir\u00e3o Preto-SP e Regi\u00e3o","link":"https:\/\/noticiasribeiraopreto.com.br\/index.php\/category\/noticias-de-ribeirao-preto-sp-e-regiao-ismael-colosi\/"},"img":{"alt_text":"","src":"https:\/\/i0.wp.com\/noticiasribeiraopreto.com.br\/wp-content\/uploads\/2025\/06\/Copia-de-Copia-de-Copia-de-TAMANHO-EXATO-PARA-FOTOS-NO-SISTEMA-NOVO-2025-06-16T174708.232_2025-06-16_20-47-48.webp.webp?fit=1200%2C675&ssl=1&resize=350%2C200","width":350,"height":200,"srcset":"https:\/\/i0.wp.com\/noticiasribeiraopreto.com.br\/wp-content\/uploads\/2025\/06\/Copia-de-Copia-de-Copia-de-TAMANHO-EXATO-PARA-FOTOS-NO-SISTEMA-NOVO-2025-06-16T174708.232_2025-06-16_20-47-48.webp.webp?fit=1200%2C675&ssl=1&resize=350%2C200 1x, https:\/\/i0.wp.com\/noticiasribeiraopreto.com.br\/wp-content\/uploads\/2025\/06\/Copia-de-Copia-de-Copia-de-TAMANHO-EXATO-PARA-FOTOS-NO-SISTEMA-NOVO-2025-06-16T174708.232_2025-06-16_20-47-48.webp.webp?fit=1200%2C675&ssl=1&resize=525%2C300 1.5x, https:\/\/i0.wp.com\/noticiasribeiraopreto.com.br\/wp-content\/uploads\/2025\/06\/Copia-de-Copia-de-Copia-de-TAMANHO-EXATO-PARA-FOTOS-NO-SISTEMA-NOVO-2025-06-16T174708.232_2025-06-16_20-47-48.webp.webp?fit=1200%2C675&ssl=1&resize=700%2C400 2x, https:\/\/i0.wp.com\/noticiasribeiraopreto.com.br\/wp-content\/uploads\/2025\/06\/Copia-de-Copia-de-Copia-de-TAMANHO-EXATO-PARA-FOTOS-NO-SISTEMA-NOVO-2025-06-16T174708.232_2025-06-16_20-47-48.webp.webp?fit=1200%2C675&ssl=1&resize=1050%2C600 3x"},"classes":[]},{"id":70880,"url":"https:\/\/noticiasribeiraopreto.com.br\/index.php\/2025\/05\/30\/bombeiros-iniciam-buscas-no-rio-grande-por-corpo-de-empresario-veja-o-video\/","url_meta":{"origin":71574,"position":4},"title":"Bombeiros iniciam buscas no rio Grande por corpo de empres\u00e1rio; Veja o v\u00eddeo","author":"noticiasribeiraopreto.com.br","date":"30 de May de 2025","format":false,"excerpt":"Os Bombeiros come\u00e7aram na tarde desta sexta-feira (30) as buscas pelo corpo do empres\u00e1rio Nelson Francisco Carreira Filho, no rio Grande, em Miguel\u00f3polis. Os agentes come\u00e7aram os trabalhos nas proximidades do rancho de Marlon Couto Paula J\u00fanior, suspeito de envolvimento na morte do empres\u00e1rio \u2013 veja o v\u00eddeo abaixo. No\u2026","rel":"","context":"In &quot;Not\u00edcias de Ribeir\u00e3o Preto-SP e Regi\u00e3o&quot;","block_context":{"text":"Not\u00edcias de Ribeir\u00e3o Preto-SP e Regi\u00e3o","link":"https:\/\/noticiasribeiraopreto.com.br\/index.php\/category\/noticias-de-ribeirao-preto-sp-e-regiao-ismael-colosi\/"},"img":{"alt_text":"","src":"https:\/\/i0.wp.com\/noticiasribeiraopreto.com.br\/wp-content\/uploads\/2025\/05\/rio-grande_2025-05-30_19-54-15.webp.webp?fit=1200%2C671&ssl=1&resize=350%2C200","width":350,"height":200,"srcset":"https:\/\/i0.wp.com\/noticiasribeiraopreto.com.br\/wp-content\/uploads\/2025\/05\/rio-grande_2025-05-30_19-54-15.webp.webp?fit=1200%2C671&ssl=1&resize=350%2C200 1x, https:\/\/i0.wp.com\/noticiasribeiraopreto.com.br\/wp-content\/uploads\/2025\/05\/rio-grande_2025-05-30_19-54-15.webp.webp?fit=1200%2C671&ssl=1&resize=525%2C300 1.5x, https:\/\/i0.wp.com\/noticiasribeiraopreto.com.br\/wp-content\/uploads\/2025\/05\/rio-grande_2025-05-30_19-54-15.webp.webp?fit=1200%2C671&ssl=1&resize=700%2C400 2x, https:\/\/i0.wp.com\/noticiasribeiraopreto.com.br\/wp-content\/uploads\/2025\/05\/rio-grande_2025-05-30_19-54-15.webp.webp?fit=1200%2C671&ssl=1&resize=1050%2C600 3x"},"classes":[]},{"id":71474,"url":"https:\/\/noticiasribeiraopreto.com.br\/index.php\/2025\/06\/06\/caso-nelson-retomam-buscas-pelo-corpo-do-empresario\/","url_meta":{"origin":71574,"position":5},"title":"Caso Nelson: retomam buscas pelo corpo do empres\u00e1rio","author":"noticiasribeiraopreto.com.br","date":"6 de June de 2025","format":false,"excerpt":"Por: Adalberto Luque As buscas pelo corpo do empres\u00e1rio Paulistano Nelson Francisco Carreira Filho, 44 anos, foram retomadas no in\u00edcio da tarde desta sexta-feira (6). Por falta de indica\u00e7\u00e3o de um local mais preciso, uma vez que a \u00e1rea a ser percorrida \u00e9 imensa, as buscas haviam sido interrompidas no\u2026","rel":"","context":"In &quot;Not\u00edcias de Ribeir\u00e3o Preto-SP e Regi\u00e3o&quot;","block_context":{"text":"Not\u00edcias de Ribeir\u00e3o Preto-SP e Regi\u00e3o","link":"https:\/\/noticiasribeiraopreto.com.br\/index.php\/category\/noticias-de-ribeirao-preto-sp-e-regiao-ismael-colosi\/"},"img":{"alt_text":"","src":"https:\/\/i0.wp.com\/noticiasribeiraopreto.com.br\/wp-content\/uploads\/2025\/06\/06-jun-2025-casonelsonbuscasriogrande1-scaled.jpg?fit=667%2C500&ssl=1&resize=350%2C200","width":350,"height":200,"srcset":"https:\/\/i0.wp.com\/noticiasribeiraopreto.com.br\/wp-content\/uploads\/2025\/06\/06-jun-2025-casonelsonbuscasriogrande1-scaled.jpg?fit=667%2C500&ssl=1&resize=350%2C200 1x, https:\/\/i0.wp.com\/noticiasribeiraopreto.com.br\/wp-content\/uploads\/2025\/06\/06-jun-2025-casonelsonbuscasriogrande1-scaled.jpg?fit=667%2C500&ssl=1&resize=525%2C300 1.5x"},"classes":[]}],"jetpack_sharing_enabled":true,"jetpack_shortlink":"https:\/\/wp.me\/peQAOb-iCq","_links":{"self":[{"href":"https:\/\/noticiasribeiraopreto.com.br\/index.php\/wp-json\/wp\/v2\/posts\/71574","targetHints":{"allow":["GET"]}}],"collection":[{"href":"https:\/\/noticiasribeiraopreto.com.br\/index.php\/wp-json\/wp\/v2\/posts"}],"about":[{"href":"https:\/\/noticiasribeiraopreto.com.br\/index.php\/wp-json\/wp\/v2\/types\/post"}],"author":[{"embeddable":true,"href":"https:\/\/noticiasribeiraopreto.com.br\/index.php\/wp-json\/wp\/v2\/users\/1"}],"replies":[{"embeddable":true,"href":"https:\/\/noticiasribeiraopreto.com.br\/index.php\/wp-json\/wp\/v2\/comments?post=71574"}],"version-history":[{"count":0,"href":"https:\/\/noticiasribeiraopreto.com.br\/index.php\/wp-json\/wp\/v2\/posts\/71574\/revisions"}],"wp:featuredmedia":[{"embeddable":true,"href":"https:\/\/noticiasribeiraopreto.com.br\/index.php\/wp-json\/wp\/v2\/media\/71575"}],"wp:attachment":[{"href":"https:\/\/noticiasribeiraopreto.com.br\/index.php\/wp-json\/wp\/v2\/media?parent=71574"}],"wp:term":[{"taxonomy":"category","embeddable":true,"href":"https:\/\/noticiasribeiraopreto.com.br\/index.php\/wp-json\/wp\/v2\/categories?post=71574"},{"taxonomy":"post_tag","embeddable":true,"href":"https:\/\/noticiasribeiraopreto.com.br\/index.php\/wp-json\/wp\/v2\/tags?post=71574"}],"curies":[{"name":"wp","href":"https:\/\/api.w.org\/{rel}","templated":true}]}}