{"id":71578,"date":"2025-06-07T15:32:13","date_gmt":"2025-06-07T18:32:13","guid":{"rendered":"https:\/\/noticiasribeiraopreto.com.br\/index.php\/2025\/06\/07\/jornal-da-franca-da-pra-buscar-o-tetra-saiba-o-que-helinho-garcia-pensa-da-decisao-contra-o-minas\/"},"modified":"2025-06-07T15:32:13","modified_gmt":"2025-06-07T18:32:13","slug":"jornal-da-franca-da-pra-buscar-o-tetra-saiba-o-que-helinho-garcia-pensa-da-decisao-contra-o-minas","status":"publish","type":"post","link":"https:\/\/noticiasribeiraopreto.com.br\/index.php\/2025\/06\/07\/jornal-da-franca-da-pra-buscar-o-tetra-saiba-o-que-helinho-garcia-pensa-da-decisao-contra-o-minas\/","title":{"rendered":"Jornal da Franca &#8211; D\u00e1 pra buscar o tetra? Saiba o que Helinho Garcia pensa da decis\u00e3o contra o Minas"},"content":{"rendered":"<p> <br \/>\n<\/p>\n<div>\n\t                            <a class=\"mb-1\" href=\"https:\/\/api.whatsapp.com\/send?text=Olha essa Not\u00edcia no Jornal da Franca.%0D%0D*D\u00e1 pra buscar o tetra? Saiba o que Helinho Garcia pensa da decis\u00e3o contra o Minas*%0D%0Dclique na url abaixo%0Dhttps:\/\/www.jornaldafranca.com.br\/o-que-helinho-pensa-da-decisao-contra-minas\/\" target=\"_blank\"><span class=\"text-12 badge badge-pill badge-success\"><i class=\"fa fa-whatsapp\"\/> compartilhar no whatsapp<\/span><\/a><\/p>\n<p>\t                            <a class=\"mb-1\" href=\"https:\/\/telegram.me\/share\/url?url=https:\/\/www.jornaldafranca.com.br\/o-que-helinho-pensa-da-decisao-contra-minas\/&amp;text=Olha essa Not\u00edcia no Jornal da Franca.\" target=\"_blank\"><span class=\"text-12 badge badge-pill badge-info\"><i class=\"fa fa-telegram\"\/> compartilhar no telegram<\/span><\/a><\/p>\n<p>\t                            <a class=\"mb-1\" href=\"https:\/\/www.facebook.com\/sharer\/sharer.php?u=https:\/\/www.jornaldafranca.com.br\/o-que-helinho-pensa-da-decisao-contra-minas\/\" target=\"_blank\"><span class=\"text-12 badge badge-pill badge-primary\"><i class=\"fa fa-facebook\"\/> compartilhar no facebook<\/span><\/a><\/p>\n<p>\t                            <a class=\"mb-1\" href=\"https:\/\/www.linkedin.com\/shareArticle?mini=true&amp;url=https:\/\/www.jornaldafranca.com.br\/o-que-helinho-pensa-da-decisao-contra-minas\/&amp;title=D\u00e1 pra buscar o tetra? Saiba o que Helinho Garcia pensa da decis\u00e3o contra o Minas&amp;source=JORNAL DA FRANCA\" target=\"_blank\"><span class=\"text-12 badge badge-pill badge-secondary\"><i class=\"fa fa-linkedin\"\/> compartilhar no linkedin<\/span><\/a><\/p>\n<div class=\"lead text-20\">\n<p>Treinador do Sesi Franca afirma que equipe precisa se concentrar em cada jogo de cada vez<\/p>\n<\/p><\/div>\n<p><img data-recalc-dims=\"1\" decoding=\"async\" src=\"https:\/\/i0.wp.com\/www.jornaldafranca.com.br\/wp-content\/uploads\/2025\/06\/WhatsApp-Image-2025-06-03-at-22.42.34-2-1200x800-2.jpeg?ssl=1\" alt=\"\"\/><\/p>\n<p>Em coletiva de imprensa realizada nesta sexta-feira, o t\u00e9cnico do Sesi Franca, Helinho Garcia, falou sobre a decis\u00e3o do NBB CAIXA 2024\/25 contra o KTO Minas.<\/p>\n<p>Segundo Garcia, a equipe chega bem preparada para a s\u00e9rie, ap\u00f3s uma temporada dura e com jogadores importantes que se recuperaram de les\u00f5es ao longo do camcampeonato<\/p>\n<p>\u201cEstou muito feliz de termos o privil\u00e9gio de jogar uma decis\u00e3o, nossa quarta consecutiva do NBB CAIXA. Acredito que tanto o KTO Minas como o Sesi Franca chegam muito bem preparados por tudo que passaram ao longo da temporada\u201d, disse Garcia.<\/p>\n<p><strong>Equil\u00edbrio\u00a0<\/strong><\/p>\n<p>O t\u00e9cnico destacou a import\u00e2ncia da prepara\u00e7\u00e3o mental para os jogadores, al\u00e9m da parte t\u00e9cnica e t\u00e1tica.<\/p>\n<p>\u201cProcuramos trabalhar as tr\u00eas principais frentes com os jogadores: a parte t\u00e9cnica, t\u00e1tica e mental. E a parte mental inclui esse momento de descanso, esse momento de recupera\u00e7\u00e3o, o momento de treinamento e, ao mesmo tempo, o momento de jogo\u201d, explicou.<\/p>\n<p><strong>Jogo forte<\/strong><\/p>\n<p>Garcia tamb\u00e9m ressaltou a import\u00e2ncia da intensidade e da busca pela vit\u00f3ria em cada jogo da s\u00e9rie. \u201cClaro, buscar a primeira vit\u00f3ria nesse primeiro jogo, mas tamb\u00e9m buscar as tr\u00eas vit\u00f3rias que s\u00e3o necess\u00e1rias para levantar o t\u00edtulo\u201d, concluiu.<\/p>\n<p><!-- CONTENT END 1 --><\/p>\n<hr\/><\/div>\n<p><br \/>\n<br \/><a href=\"https:\/\/www.jornaldafranca.com.br\/o-que-helinho-pensa-da-decisao-contra-minas\/\">Source link <\/a><\/p>\n","protected":false},"excerpt":{"rendered":"<p>compartilhar no whatsapp compartilhar no telegram compartilhar no facebook compartilhar no linkedin Treinador do Sesi Franca afirma que equipe precisa se concentrar em cada jogo&#8230;<\/p>\n","protected":false},"author":1,"featured_media":71579,"comment_status":"open","ping_status":"open","sticky":false,"template":"","format":"standard","meta":{"advanced_seo_description":"","jetpack_seo_html_title":"","jetpack_seo_noindex":false,"jetpack_post_was_ever_published":false,"_jetpack_newsletter_access":"","_jetpack_dont_email_post_to_subs":false,"_jetpack_newsletter_tier_id":0,"_jetpack_memberships_contains_paywalled_content":false,"_jetpack_memberships_contains_paid_content":false,"footnotes":"","jetpack_publicize_message":"","jetpack_publicize_feature_enabled":true,"jetpack_social_post_already_shared":true,"jetpack_social_options":{"image_generator_settings":{"template":"highway","default_image_id":0,"font":"","enabled":false},"version":2}},"categories":[3597],"tags":[],"class_list":["post-71578","post","type-post","status-publish","format-standard","has-post-thumbnail","hentry","category-noticias-franca-sp"],"jetpack_publicize_connections":[],"jetpack_featured_media_url":"https:\/\/i0.wp.com\/noticiasribeiraopreto.com.br\/wp-content\/uploads\/2025\/06\/WhatsApp-Image-2025-06-03-at-22.42.34-2-1200x800-1.jpeg?fit=1200%2C800&ssl=1","jetpack-related-posts":[{"id":67863,"url":"https:\/\/noticiasribeiraopreto.com.br\/index.php\/2025\/04\/19\/jornal-da-franca-sesi-franca-quer-vencer-o-cordoba-e-deixar-a-champions-league-de-cabeca-erguida\/","url_meta":{"origin":71578,"position":0},"title":"Jornal da Franca &#8211; Sesi Franca quer vencer o C\u00f3rdoba e deixar a Champions League de cabe\u00e7a erguida","author":"noticiasribeiraopreto.com.br","date":"19 de April de 2025","format":false,"excerpt":"compartilhar no whatsapp compartilhar no telegram compartilhar no facebook compartilhar no linkedin Jogo de hoje servir\u00e1 para a equipe se reencontrar e encerrar campeonato honrosamente O Sesi Franca ainda procura se reencontrar ap\u00f3s a elimina\u00e7\u00e3o contra o Flamengo pelas semifinais da Champions League, por 91 a 65, na noite desta\u2026","rel":"","context":"In &quot;Not\u00edcias de Franca-SP&quot;","block_context":{"text":"Not\u00edcias de Franca-SP","link":"https:\/\/noticiasribeiraopreto.com.br\/index.php\/category\/noticias-de-ribeirao-preto-sp-e-regiao-ismael-colosi\/noticias-franca-sp\/"},"img":{"alt_text":"","src":"https:\/\/i0.wp.com\/noticiasribeiraopreto.com.br\/wp-content\/uploads\/2025\/04\/IMG_20250418_111654.jpg?fit=1080%2C710&ssl=1&resize=350%2C200","width":350,"height":200,"srcset":"https:\/\/i0.wp.com\/noticiasribeiraopreto.com.br\/wp-content\/uploads\/2025\/04\/IMG_20250418_111654.jpg?fit=1080%2C710&ssl=1&resize=350%2C200 1x, https:\/\/i0.wp.com\/noticiasribeiraopreto.com.br\/wp-content\/uploads\/2025\/04\/IMG_20250418_111654.jpg?fit=1080%2C710&ssl=1&resize=525%2C300 1.5x, https:\/\/i0.wp.com\/noticiasribeiraopreto.com.br\/wp-content\/uploads\/2025\/04\/IMG_20250418_111654.jpg?fit=1080%2C710&ssl=1&resize=700%2C400 2x, https:\/\/i0.wp.com\/noticiasribeiraopreto.com.br\/wp-content\/uploads\/2025\/04\/IMG_20250418_111654.jpg?fit=1080%2C710&ssl=1&resize=1050%2C600 3x"},"classes":[]},{"id":72602,"url":"https:\/\/noticiasribeiraopreto.com.br\/index.php\/2025\/06\/18\/jornal-da-franca-uma-cidade-dominante-no-basquete-sesi-franca-vence-o-minas-e-conquista-tetra-do-nbb\/","url_meta":{"origin":71578,"position":1},"title":"Jornal da Franca &#8211; Uma cidade dominante no basquete: Sesi Franca vence o Minas e conquista tetra do NBB","author":"noticiasribeiraopreto.com.br","date":"18 de June de 2025","format":false,"excerpt":"compartilhar no whatsapp compartilhar no telegram compartilhar no facebook compartilhar no linkedin Equipe francana fecha playoff por 3 a 1 e reafirma momento hist\u00f3rico da Capital do Basquete Pode comemorar torcedor: o Sesi Franca venceu o Minas T\u00eanis no Pedroc\u00e3o por 86 a 73 e fechou a s\u00e9rie decisiva do\u2026","rel":"","context":"In &quot;Not\u00edcias de Franca-SP&quot;","block_context":{"text":"Not\u00edcias de Franca-SP","link":"https:\/\/noticiasribeiraopreto.com.br\/index.php\/category\/noticias-de-ribeirao-preto-sp-e-regiao-ismael-colosi\/noticias-franca-sp\/"},"img":{"alt_text":"","src":"https:\/\/i0.wp.com\/noticiasribeiraopreto.com.br\/wp-content\/uploads\/2025\/06\/IMG-20250618-WA0035-scaled.jpg?fit=1200%2C960&ssl=1&resize=350%2C200","width":350,"height":200,"srcset":"https:\/\/i0.wp.com\/noticiasribeiraopreto.com.br\/wp-content\/uploads\/2025\/06\/IMG-20250618-WA0035-scaled.jpg?fit=1200%2C960&ssl=1&resize=350%2C200 1x, https:\/\/i0.wp.com\/noticiasribeiraopreto.com.br\/wp-content\/uploads\/2025\/06\/IMG-20250618-WA0035-scaled.jpg?fit=1200%2C960&ssl=1&resize=525%2C300 1.5x, https:\/\/i0.wp.com\/noticiasribeiraopreto.com.br\/wp-content\/uploads\/2025\/06\/IMG-20250618-WA0035-scaled.jpg?fit=1200%2C960&ssl=1&resize=700%2C400 2x, https:\/\/i0.wp.com\/noticiasribeiraopreto.com.br\/wp-content\/uploads\/2025\/06\/IMG-20250618-WA0035-scaled.jpg?fit=1200%2C960&ssl=1&resize=1050%2C600 3x"},"classes":[]},{"id":69340,"url":"https:\/\/noticiasribeiraopreto.com.br\/index.php\/2025\/05\/05\/jornal-da-franca-implantacao-de-escola-civico-militar-em-franca-e-tema-de-debates-na-camara-municipal\/","url_meta":{"origin":71578,"position":2},"title":"Jornal da Franca &#8211; Implanta\u00e7\u00e3o de escola c\u00edvico-militar em Franca \u00e9 tema de debates na C\u00e2mara Municipal","author":"noticiasribeiraopreto.com.br","date":"5 de May de 2025","format":false,"excerpt":"compartilhar no whatsapp compartilhar no telegram compartilhar no facebook compartilhar no linkedin Mun\u00edcipe agradece apoio de vereadores e parlamentares para que Franca fosse contemplada com o modelo educacional A implanta\u00e7\u00e3o do Programa das Escolas C\u00edvico-Militares em Franca, pauta defendida pela direita, foi tema abordado durante a sess\u00e3o ordin\u00e1ria da C\u00e2mara\u2026","rel":"","context":"In &quot;Not\u00edcias de Franca-SP&quot;","block_context":{"text":"Not\u00edcias de Franca-SP","link":"https:\/\/noticiasribeiraopreto.com.br\/index.php\/category\/noticias-de-ribeirao-preto-sp-e-regiao-ismael-colosi\/noticias-franca-sp\/"},"img":{"alt_text":"","src":"https:\/\/i0.wp.com\/noticiasribeiraopreto.com.br\/wp-content\/uploads\/2025\/05\/1746449336_plenariodiagonal_0.jpg?fit=930%2C558&ssl=1&resize=350%2C200","width":350,"height":200,"srcset":"https:\/\/i0.wp.com\/noticiasribeiraopreto.com.br\/wp-content\/uploads\/2025\/05\/1746449336_plenariodiagonal_0.jpg?fit=930%2C558&ssl=1&resize=350%2C200 1x, https:\/\/i0.wp.com\/noticiasribeiraopreto.com.br\/wp-content\/uploads\/2025\/05\/1746449336_plenariodiagonal_0.jpg?fit=930%2C558&ssl=1&resize=525%2C300 1.5x, https:\/\/i0.wp.com\/noticiasribeiraopreto.com.br\/wp-content\/uploads\/2025\/05\/1746449336_plenariodiagonal_0.jpg?fit=930%2C558&ssl=1&resize=700%2C400 2x"},"classes":[]},{"id":65156,"url":"https:\/\/noticiasribeiraopreto.com.br\/index.php\/2025\/03\/16\/jornal-da-franca-helinho-garcia-afirma-que-entrega-do-sesi-franca-e-o-diferencial-da-equipe-na-bcla\/","url_meta":{"origin":71578,"position":3},"title":"Jornal da Franca &#8211; Helinho Garcia afirma que entrega do Sesi Franca \u00e9 o diferencial da equipe na BCLA","author":"noticiasribeiraopreto.com.br","date":"16 de March de 2025","format":false,"excerpt":"compartilhar no whatsapp compartilhar no telegram compartilhar no facebook compartilhar no linkedin O time brasileiro se classificou para a pr\u00f3xima fase da competi\u00e7\u00e3o e enfrentar\u00e1 o Boca Juniors da Argentina O t\u00e9cnico Helinho Garcia elogiou a entrega do elenco do Sesi Franca na vit\u00f3ria sobre o Quimsa-ARG, atual campe\u00e3o da\u2026","rel":"","context":"In &quot;Not\u00edcias de Franca-SP&quot;","block_context":{"text":"Not\u00edcias de Franca-SP","link":"https:\/\/noticiasribeiraopreto.com.br\/index.php\/category\/noticias-de-ribeirao-preto-sp-e-regiao-ismael-colosi\/noticias-franca-sp\/"},"img":{"alt_text":"","src":"https:\/\/i0.wp.com\/noticiasribeiraopreto.com.br\/wp-content\/uploads\/2025\/03\/54385421709-7f90c2f567-k.jpg?fit=600%2C400&ssl=1&resize=350%2C200","width":350,"height":200,"srcset":"https:\/\/i0.wp.com\/noticiasribeiraopreto.com.br\/wp-content\/uploads\/2025\/03\/54385421709-7f90c2f567-k.jpg?fit=600%2C400&ssl=1&resize=350%2C200 1x, https:\/\/i0.wp.com\/noticiasribeiraopreto.com.br\/wp-content\/uploads\/2025\/03\/54385421709-7f90c2f567-k.jpg?fit=600%2C400&ssl=1&resize=525%2C300 1.5x"},"classes":[]},{"id":70973,"url":"https:\/\/noticiasribeiraopreto.com.br\/index.php\/2025\/06\/01\/jornal-da-franca-por-vaga-na-final-sesi-franca-busca-reviravolta-contra-o-flamengo-no-pedrocao\/","url_meta":{"origin":71578,"position":4},"title":"Jornal da Franca &#8211; Por vaga na final, Sesi Franca busca reviravolta contra o Flamengo no Pedroc\u00e3o","author":"noticiasribeiraopreto.com.br","date":"1 de June de 2025","format":false,"excerpt":"compartilhar no whatsapp compartilhar no telegram compartilhar no facebook compartilhar no linkedin Equipe francana precisa vencer para for\u00e7ar o quinto jogo da s\u00e9rie semifinal do NBB Neste domingo, o Sesi Franca enfrentar\u00e1 o Flamengo em um jogo decisivo pelas semifinais do NBB, no Pedroc\u00e3o, a partir das 11 horas. A\u2026","rel":"","context":"In &quot;Not\u00edcias de Franca-SP&quot;","block_context":{"text":"Not\u00edcias de Franca-SP","link":"https:\/\/noticiasribeiraopreto.com.br\/index.php\/category\/noticias-de-ribeirao-preto-sp-e-regiao-ismael-colosi\/noticias-franca-sp\/"},"img":{"alt_text":"","src":"https:\/\/i0.wp.com\/noticiasribeiraopreto.com.br\/wp-content\/uploads\/2025\/06\/pLENARIO-13-scaled.jpg?fit=1200%2C800&ssl=1&resize=350%2C200","width":350,"height":200,"srcset":"https:\/\/i0.wp.com\/noticiasribeiraopreto.com.br\/wp-content\/uploads\/2025\/06\/pLENARIO-13-scaled.jpg?fit=1200%2C800&ssl=1&resize=350%2C200 1x, https:\/\/i0.wp.com\/noticiasribeiraopreto.com.br\/wp-content\/uploads\/2025\/06\/pLENARIO-13-scaled.jpg?fit=1200%2C800&ssl=1&resize=525%2C300 1.5x, https:\/\/i0.wp.com\/noticiasribeiraopreto.com.br\/wp-content\/uploads\/2025\/06\/pLENARIO-13-scaled.jpg?fit=1200%2C800&ssl=1&resize=700%2C400 2x, https:\/\/i0.wp.com\/noticiasribeiraopreto.com.br\/wp-content\/uploads\/2025\/06\/pLENARIO-13-scaled.jpg?fit=1200%2C800&ssl=1&resize=1050%2C600 3x"},"classes":[]},{"id":65225,"url":"https:\/\/noticiasribeiraopreto.com.br\/index.php\/2025\/03\/17\/jornal-da-franca-sesi-franca-volta-a-jogar-pelo-nbb-nesta-terca-com-foco-em-buscar-terceira-colocacao\/","url_meta":{"origin":71578,"position":5},"title":"Jornal da Franca &#8211; Sesi Franca volta a jogar pelo NBB nesta ter\u00e7a com foco em buscar terceira coloca\u00e7\u00e3o","author":"noticiasribeiraopreto.com.br","date":"17 de March de 2025","format":false,"excerpt":"compartilhar no whatsapp compartilhar no telegram compartilhar no facebook compartilhar no linkedin Ap\u00f3s garantir vaga no quadrangular decisivo da BCLA, o Sesi Franca retoma sua participa\u00e7\u00e3o no NBB O Sesi Franca Basquete garantiu, na quinta-feira, sua classifica\u00e7\u00e3o para o quadrangular decisivo da Champions League ap\u00f3s vencer o Quimsa da Argentina.\u2026","rel":"","context":"In &quot;Not\u00edcias de Franca-SP&quot;","block_context":{"text":"Not\u00edcias de Franca-SP","link":"https:\/\/noticiasribeiraopreto.com.br\/index.php\/category\/noticias-de-ribeirao-preto-sp-e-regiao-ismael-colosi\/noticias-franca-sp\/"},"img":{"alt_text":"","src":"https:\/\/i0.wp.com\/noticiasribeiraopreto.com.br\/wp-content\/uploads\/2025\/03\/1742247739_54385421709-7f90c2f567-k.jpg?fit=600%2C400&ssl=1&resize=350%2C200","width":350,"height":200,"srcset":"https:\/\/i0.wp.com\/noticiasribeiraopreto.com.br\/wp-content\/uploads\/2025\/03\/1742247739_54385421709-7f90c2f567-k.jpg?fit=600%2C400&ssl=1&resize=350%2C200 1x, https:\/\/i0.wp.com\/noticiasribeiraopreto.com.br\/wp-content\/uploads\/2025\/03\/1742247739_54385421709-7f90c2f567-k.jpg?fit=600%2C400&ssl=1&resize=525%2C300 1.5x"},"classes":[]}],"jetpack_sharing_enabled":true,"jetpack_shortlink":"https:\/\/wp.me\/peQAOb-iCu","_links":{"self":[{"href":"https:\/\/noticiasribeiraopreto.com.br\/index.php\/wp-json\/wp\/v2\/posts\/71578","targetHints":{"allow":["GET"]}}],"collection":[{"href":"https:\/\/noticiasribeiraopreto.com.br\/index.php\/wp-json\/wp\/v2\/posts"}],"about":[{"href":"https:\/\/noticiasribeiraopreto.com.br\/index.php\/wp-json\/wp\/v2\/types\/post"}],"author":[{"embeddable":true,"href":"https:\/\/noticiasribeiraopreto.com.br\/index.php\/wp-json\/wp\/v2\/users\/1"}],"replies":[{"embeddable":true,"href":"https:\/\/noticiasribeiraopreto.com.br\/index.php\/wp-json\/wp\/v2\/comments?post=71578"}],"version-history":[{"count":0,"href":"https:\/\/noticiasribeiraopreto.com.br\/index.php\/wp-json\/wp\/v2\/posts\/71578\/revisions"}],"wp:featuredmedia":[{"embeddable":true,"href":"https:\/\/noticiasribeiraopreto.com.br\/index.php\/wp-json\/wp\/v2\/media\/71579"}],"wp:attachment":[{"href":"https:\/\/noticiasribeiraopreto.com.br\/index.php\/wp-json\/wp\/v2\/media?parent=71578"}],"wp:term":[{"taxonomy":"category","embeddable":true,"href":"https:\/\/noticiasribeiraopreto.com.br\/index.php\/wp-json\/wp\/v2\/categories?post=71578"},{"taxonomy":"post_tag","embeddable":true,"href":"https:\/\/noticiasribeiraopreto.com.br\/index.php\/wp-json\/wp\/v2\/tags?post=71578"}],"curies":[{"name":"wp","href":"https:\/\/api.w.org\/{rel}","templated":true}]}}