{"id":71582,"date":"2025-06-07T16:47:10","date_gmt":"2025-06-07T19:47:10","guid":{"rendered":"https:\/\/noticiasribeiraopreto.com.br\/index.php\/2025\/06\/07\/peca-premiada-tom-na-fazenda-retorna-a-ribeirao-preto-veja-quando\/"},"modified":"2025-06-07T16:47:10","modified_gmt":"2025-06-07T19:47:10","slug":"peca-premiada-tom-na-fazenda-retorna-a-ribeirao-preto-veja-quando","status":"publish","type":"post","link":"https:\/\/noticiasribeiraopreto.com.br\/index.php\/2025\/06\/07\/peca-premiada-tom-na-fazenda-retorna-a-ribeirao-preto-veja-quando\/","title":{"rendered":"Pe\u00e7a premiada &#8216;Tom na Fazenda&#8217; retorna a Ribeir\u00e3o Preto; veja quando"},"content":{"rendered":"<p> <br \/>\n<\/p>\n<div>\n<p>Ap\u00f3s o sucesso internacional e completando sete anos em cartaz, a pe\u00e7a premiada \u201c<strong>Tom na Fazenda<\/strong>\u201d retorna \u00e0 <strong>Ribeir\u00e3o Preto <\/strong>para uma \u00fanica apresenta\u00e7\u00e3o no dia <strong>28 de junho<\/strong>, \u00e0s <strong>20h30<\/strong>, no <strong>Theatro Pedro II<\/strong>.<\/p>\n<p>A pe\u00e7a baseada na obra \u201c<strong>Tom \u00e0 la Fame<\/strong>\u201c, do autor canadense <strong>Michel Marc Bouchard<\/strong>, se consolidou como um dos maiores fen\u00f4menos do teatro brasileiro e acumulou <strong>mais de 25 pr\u00eamios<\/strong> nacionais e internacionais.<\/p>\n<p>A hist\u00f3ria acompanha a chegada do publicit\u00e1rio <strong>Tom<\/strong> na fazenda da fam\u00edlia para o funeral de seu companheiro. Ao chegar a casa, ele conhece a sogra, que nunca soube a orienta\u00e7\u00e3o sexual do filho e nem de sua exist\u00eancia.<\/p>\n<figure class=\"wp-block-gallery has-nested-images columns-default is-cropped wp-block-gallery-1 is-layout-flex wp-block-gallery-is-layout-flex\">\n<figure class=\"wp-block-image size-large\"><img data-recalc-dims=\"1\" fetchpriority=\"high\" decoding=\"async\" width=\"993\" height=\"829\" data-id=\"119203\" src=\"https:\/\/i0.wp.com\/www.acidadeon.com\/ribeiraopreto\/wp-content\/uploads\/sites\/3\/2025\/06\/Tom-087-2_2025-06-07_18-24-42.webp?resize=993%2C829&#038;ssl=1\" alt=\"\" class=\"wp-image-119203\" srcset=\"https:\/\/www.acidadeon.com\/ribeiraopreto\/wp-content\/uploads\/sites\/3\/2025\/06\/Tom-087-2_2025-06-07_18-24-42.webp 993w, https:\/\/www.acidadeon.com\/ribeiraopreto\/wp-content\/uploads\/sites\/3\/2025\/06\/Tom-087-2_2025-06-07_18-24-42-300x250.webp 300w, https:\/\/www.acidadeon.com\/ribeiraopreto\/wp-content\/uploads\/sites\/3\/2025\/06\/Tom-087-2_2025-06-07_18-24-42-768x641.webp 768w, https:\/\/www.acidadeon.com\/ribeiraopreto\/wp-content\/uploads\/sites\/3\/2025\/06\/Tom-087-2_2025-06-07_18-24-42-696x581.webp 696w\" sizes=\"(max-width: 993px) 100vw, 993px\"\/><\/figure>\n<figure class=\"wp-block-image size-large\"><img data-recalc-dims=\"1\" loading=\"lazy\" decoding=\"async\" width=\"1024\" height=\"724\" data-id=\"119205\" src=\"https:\/\/i0.wp.com\/www.acidadeon.com\/ribeiraopreto\/wp-content\/uploads\/sites\/3\/2025\/06\/Tom-084_2025-06-07_18-24-42-1024x724.webp?resize=1024%2C724&#038;ssl=1\" alt=\"\" class=\"wp-image-119205\" srcset=\"https:\/\/www.acidadeon.com\/ribeiraopreto\/wp-content\/uploads\/sites\/3\/2025\/06\/Tom-084_2025-06-07_18-24-42-1024x724.webp 1024w, https:\/\/www.acidadeon.com\/ribeiraopreto\/wp-content\/uploads\/sites\/3\/2025\/06\/Tom-084_2025-06-07_18-24-42-300x212.webp 300w, https:\/\/www.acidadeon.com\/ribeiraopreto\/wp-content\/uploads\/sites\/3\/2025\/06\/Tom-084_2025-06-07_18-24-42-768x543.webp 768w, https:\/\/www.acidadeon.com\/ribeiraopreto\/wp-content\/uploads\/sites\/3\/2025\/06\/Tom-084_2025-06-07_18-24-42-696x492.webp 696w, https:\/\/www.acidadeon.com\/ribeiraopreto\/wp-content\/uploads\/sites\/3\/2025\/06\/Tom-084_2025-06-07_18-24-42-1068x755.webp 1068w, https:\/\/www.acidadeon.com\/ribeiraopreto\/wp-content\/uploads\/sites\/3\/2025\/06\/Tom-084_2025-06-07_18-24-42.webp 1200w\" sizes=\"auto, (max-width: 1024px) 100vw, 1024px\"\/><\/figure>\n<figure class=\"wp-block-image size-large\"><img data-recalc-dims=\"1\" loading=\"lazy\" decoding=\"async\" width=\"974\" height=\"1024\" data-id=\"119204\" src=\"https:\/\/i0.wp.com\/www.acidadeon.com\/ribeiraopreto\/wp-content\/uploads\/sites\/3\/2025\/06\/Tom-115_2025-06-07_18-24-42-974x1024.webp?resize=974%2C1024&#038;ssl=1\" alt=\"\" class=\"wp-image-119204\" srcset=\"https:\/\/www.acidadeon.com\/ribeiraopreto\/wp-content\/uploads\/sites\/3\/2025\/06\/Tom-115_2025-06-07_18-24-42-974x1024.webp 974w, https:\/\/www.acidadeon.com\/ribeiraopreto\/wp-content\/uploads\/sites\/3\/2025\/06\/Tom-115_2025-06-07_18-24-42-285x300.webp 285w, https:\/\/www.acidadeon.com\/ribeiraopreto\/wp-content\/uploads\/sites\/3\/2025\/06\/Tom-115_2025-06-07_18-24-42-768x808.webp 768w, https:\/\/www.acidadeon.com\/ribeiraopreto\/wp-content\/uploads\/sites\/3\/2025\/06\/Tom-115_2025-06-07_18-24-42-696x732.webp 696w, https:\/\/www.acidadeon.com\/ribeiraopreto\/wp-content\/uploads\/sites\/3\/2025\/06\/Tom-115_2025-06-07_18-24-42-1068x1123.webp 1068w, https:\/\/www.acidadeon.com\/ribeiraopreto\/wp-content\/uploads\/sites\/3\/2025\/06\/Tom-115_2025-06-07_18-24-42.webp 1127w\" sizes=\"auto, (max-width: 974px) 100vw, 974px\"\/><\/figure>\n<\/figure>\n<p>No ambiente rural e r\u00edgido, <strong>Tom<\/strong> \u00e9 envolvido numa trama de mentiras criada pelo irm\u00e3o do falecido, estabelecendo com aquela fam\u00edlia rela\u00e7\u00f5es de complicada depend\u00eancia. Comp\u00f5e o elenco <strong>Armando Babaioff<\/strong>, <strong>Denise Del Vecchio<\/strong>, <strong>Camila Nhary<\/strong> e <strong>Iano Salom\u00e3o<\/strong>.<\/p>\n<h2 class=\"wp-block-heading\"><strong>Ingressos<\/strong><\/h2>\n<p>Os ingressos j\u00e1 podem ser adquiridos <strong>on-line <a href=\"https:\/\/bileto.sympla.com.br\/event\/107052\/d\/322087?_gl=1*1svyfn4*_gcl_au*OTkxNjU4NjA1LjE3NDkzMjAyOTguNjE1MzQ3NzMuMTc0OTMyMDM0OC4xNzQ5MzIwMzky*_ga*MTg0Nzk4Mzk5OC4xNzQ5MzIwMzAy*_ga_KXH10SQTZF*czE3NDkzMjAzMDEkbzEkZzEkdDE3NDkzMjAzOTIkajQ2JGwwJGg2NTI2MTA5NjA.\">(clique aqui)<\/a><\/strong>, ou ent\u00e3o, na <strong>bilheteria oficial do Theatro Pedro II<\/strong>. Os pre\u00e7os variam entre <strong>R$ 80 e R$ 140<\/strong>. A classifica\u00e7\u00e3o indicativa do drama \u00e9 de <strong>18 anos<\/strong>.<\/p>\n<h2 class=\"wp-block-heading\"><strong>Servi\u00e7o<\/strong><\/h2>\n<p><strong><em>Tom na Fazenda <\/em><\/strong><\/p>\n<p>Quando: 28 de junho, s\u00e1bado <br \/>Hor\u00e1rio: 20h30<br \/>Local: Theatro Pedro II | rua \u00c1lvares Cabral, 370 \u2013 Centro <br \/>Ingressos: A partir de R$ 80<\/p>\n<p>SAIBA MAIS<br \/>Academia Livre de M\u00fasica e Artes apresenta quatro recitais gratuitos na USP Ribeir\u00e3o Preto<\/p>\n<h4 class=\"wp-block-heading\"><strong>FIQUE ON<\/strong><\/h4>\n<p>Fique ligado em tudo que acontece em Ribeir\u00e3o Preto e regi\u00e3o. Siga os perfis do\u00a0<strong>acidade on\u00a0<\/strong>no\u00a0<a href=\"https:\/\/www.instagram.com\/acidadeonribeirao\" target=\"_blank\" rel=\"noreferrer noopener\">Instagram<\/a>\u00a0e no\u00a0<a href=\"https:\/\/www.facebook.com\/acidadeonribeirao\" target=\"_blank\" rel=\"noreferrer noopener\">Facebook<\/a>.<\/p>\n<p>Receba not\u00edcias do\u00a0<strong>acidade on\u00a0<\/strong>no WhatsApp. Para entrar no grupo, basta\u00a0<a href=\"https:\/\/chat.whatsapp.com\/BjKQZ9oJwlz8VVT50NuePq\" target=\"_blank\" rel=\"noreferrer noopener\">clicar aqui<\/a>.<\/p>\n<p>Fa\u00e7a uma den\u00fancia ou sugira uma reportagem sobre Ribeir\u00e3o Preto e regi\u00e3o pelo WhatsApp: 16 99117 7802.<\/p>\n<p>VEJA TAMB\u00c9M<br \/>Qual \u00e9 o estado de sa\u00fade de Michael Schumacher?<\/p>\n<p><!-- CONTENT END 1 -->\n<\/div>\n<p><script async src=\"\/\/www.instagram.com\/embed.js\"><\/script><br \/>\n<br \/><br \/>\n<br \/><a href=\"https:\/\/www.acidadeon.com\/ribeiraopreto\/lazer-e-cultura\/peca-premiada-tom-na-fazenda-retorna-a-ribeirao-preto-veja-quando\/\">Source link <\/a><\/p>\n","protected":false},"excerpt":{"rendered":"<p>Ap\u00f3s o sucesso internacional e completando sete anos em cartaz, a pe\u00e7a premiada \u201cTom na Fazenda\u201d retorna \u00e0 Ribeir\u00e3o Preto para uma \u00fanica apresenta\u00e7\u00e3o no&#8230;<\/p>\n","protected":false},"author":1,"featured_media":71583,"comment_status":"open","ping_status":"open","sticky":false,"template":"","format":"standard","meta":{"advanced_seo_description":"","jetpack_seo_html_title":"","jetpack_seo_noindex":false,"jetpack_post_was_ever_published":false,"_jetpack_newsletter_access":"","_jetpack_dont_email_post_to_subs":false,"_jetpack_newsletter_tier_id":0,"_jetpack_memberships_contains_paywalled_content":false,"_jetpack_memberships_contains_paid_content":false,"footnotes":"","jetpack_publicize_message":"","jetpack_publicize_feature_enabled":true,"jetpack_social_post_already_shared":true,"jetpack_social_options":{"image_generator_settings":{"template":"highway","default_image_id":0,"font":"","enabled":false},"version":2}},"categories":[11],"tags":[],"class_list":["post-71582","post","type-post","status-publish","format-standard","has-post-thumbnail","hentry","category-noticias-de-ribeirao-preto-sp-e-regiao-ismael-colosi"],"jetpack_publicize_connections":[],"jetpack_featured_media_url":"https:\/\/i0.wp.com\/noticiasribeiraopreto.com.br\/wp-content\/uploads\/2025\/06\/Tom-183_2025-06-07_18-24-54.webp.webp?fit=1200%2C800&ssl=1","jetpack-related-posts":[{"id":61677,"url":"https:\/\/noticiasribeiraopreto.com.br\/index.php\/2024\/12\/18\/peca-premiada-anuncia-curta-temporada-no-teatro-municipal-de-ribeirao-preto\/","url_meta":{"origin":71582,"position":0},"title":"Pe\u00e7a premiada anuncia curta temporada no Teatro Municipal de Ribeir\u00e3o Preto","author":"noticiasribeiraopreto.com.br","date":"18 de December de 2024","format":false,"excerpt":"Com 25 pr\u00eamios e sucesso internacional a pe\u00e7a \u201cTom na Fazenda\u201d, do autor canadense Michel Marc Bouchard, chega ao Teatro Municipal de Ribeir\u00e3o Preto com tr\u00eas datas no in\u00edcio de 2025. Os ingressos custam entre R$ 80 e R$ 140 e j\u00e1 podem ser adquiridos pela internet (clique aqui). A\u2026","rel":"","context":"In &quot;Not\u00edcias de Ribeir\u00e3o Preto-SP e Regi\u00e3o&quot;","block_context":{"text":"Not\u00edcias de Ribeir\u00e3o Preto-SP e Regi\u00e3o","link":"https:\/\/noticiasribeiraopreto.com.br\/index.php\/category\/noticias-de-ribeirao-preto-sp-e-regiao-ismael-colosi\/"},"img":{"alt_text":"","src":"https:\/\/i0.wp.com\/noticiasribeiraopreto.com.br\/wp-content\/uploads\/2024\/12\/Tom-098_2024-12-18_21-30-11_jpg_2024-12-18_21-30-11.webp.webp?fit=1200%2C800&ssl=1&resize=350%2C200","width":350,"height":200,"srcset":"https:\/\/i0.wp.com\/noticiasribeiraopreto.com.br\/wp-content\/uploads\/2024\/12\/Tom-098_2024-12-18_21-30-11_jpg_2024-12-18_21-30-11.webp.webp?fit=1200%2C800&ssl=1&resize=350%2C200 1x, https:\/\/i0.wp.com\/noticiasribeiraopreto.com.br\/wp-content\/uploads\/2024\/12\/Tom-098_2024-12-18_21-30-11_jpg_2024-12-18_21-30-11.webp.webp?fit=1200%2C800&ssl=1&resize=525%2C300 1.5x, https:\/\/i0.wp.com\/noticiasribeiraopreto.com.br\/wp-content\/uploads\/2024\/12\/Tom-098_2024-12-18_21-30-11_jpg_2024-12-18_21-30-11.webp.webp?fit=1200%2C800&ssl=1&resize=700%2C400 2x, https:\/\/i0.wp.com\/noticiasribeiraopreto.com.br\/wp-content\/uploads\/2024\/12\/Tom-098_2024-12-18_21-30-11_jpg_2024-12-18_21-30-11.webp.webp?fit=1200%2C800&ssl=1&resize=1050%2C600 3x"},"classes":[]},{"id":62165,"url":"https:\/\/noticiasribeiraopreto.com.br\/index.php\/2025\/01\/06\/ribeirao-preto-recebe-mini-temporada-de-peca-premiada-saiba-quando\/","url_meta":{"origin":71582,"position":1},"title":"Ribeir\u00e3o Preto recebe mini temporada de pe\u00e7a premiada; saiba quando","author":"noticiasribeiraopreto.com.br","date":"6 de January de 2025","format":false,"excerpt":"Em fevereiro, o Teatro Municipal de Ribeir\u00e3o Preto recebe uma mini temporada da pe\u00e7a premiada \u201cTom na Fazenda\u201d. As apresenta\u00e7\u00f5es est\u00e3o marcadas para os dias 7, 8 e 9 de fevereiro e os ingressos j\u00e1 est\u00e3o \u00e0 venda \u2013 saiba como adquirir abaixo. A pe\u00e7a baseada na obra \u201cTom \u00e0\u2026","rel":"","context":"In &quot;Not\u00edcias de Ribeir\u00e3o Preto-SP e Regi\u00e3o&quot;","block_context":{"text":"Not\u00edcias de Ribeir\u00e3o Preto-SP e Regi\u00e3o","link":"https:\/\/noticiasribeiraopreto.com.br\/index.php\/category\/noticias-de-ribeirao-preto-sp-e-regiao-ismael-colosi\/"},"img":{"alt_text":"","src":"https:\/\/i0.wp.com\/noticiasribeiraopreto.com.br\/wp-content\/uploads\/2025\/01\/3-Tom-na-Fazenda-_2025-01-06_13-07-40_jpg_2025-01-06_13-07-40.webp.webp?fit=900%2C664&ssl=1&resize=350%2C200","width":350,"height":200,"srcset":"https:\/\/i0.wp.com\/noticiasribeiraopreto.com.br\/wp-content\/uploads\/2025\/01\/3-Tom-na-Fazenda-_2025-01-06_13-07-40_jpg_2025-01-06_13-07-40.webp.webp?fit=900%2C664&ssl=1&resize=350%2C200 1x, https:\/\/i0.wp.com\/noticiasribeiraopreto.com.br\/wp-content\/uploads\/2025\/01\/3-Tom-na-Fazenda-_2025-01-06_13-07-40_jpg_2025-01-06_13-07-40.webp.webp?fit=900%2C664&ssl=1&resize=525%2C300 1.5x, https:\/\/i0.wp.com\/noticiasribeiraopreto.com.br\/wp-content\/uploads\/2025\/01\/3-Tom-na-Fazenda-_2025-01-06_13-07-40_jpg_2025-01-06_13-07-40.webp.webp?fit=900%2C664&ssl=1&resize=700%2C400 2x"},"classes":[]},{"id":63538,"url":"https:\/\/noticiasribeiraopreto.com.br\/index.php\/2025\/02\/15\/tom-na-fazenda-anuncia-novas-sessoes-em-ribeirao-preto-saiba-quando\/","url_meta":{"origin":71582,"position":2},"title":"&#8216;Tom na Fazenda&#8217; anuncia novas sess\u00f5es em Ribeir\u00e3o Preto; saiba quando","author":"noticiasribeiraopreto.com.br","date":"15 de February de 2025","format":false,"excerpt":"Ap\u00f3s o sucesso em Ribeir\u00e3o Preto, a pe\u00e7a \u201cTom na Fazenda\u201d retorna ao palco do Teatro Municipal, com novas datas. As apresenta\u00e7\u00f5es acontecem nos dias 28 e 29 de junho, \u00e0s 19h. Os ingressos j\u00e1 podem ser adquiridos. A pe\u00e7a baseada na obra \u201cTom \u00e0 la Fame\u201c, do autor canadense\u2026","rel":"","context":"In &quot;Not\u00edcias de Ribeir\u00e3o Preto-SP e Regi\u00e3o&quot;","block_context":{"text":"Not\u00edcias de Ribeir\u00e3o Preto-SP e Regi\u00e3o","link":"https:\/\/noticiasribeiraopreto.com.br\/index.php\/category\/noticias-de-ribeirao-preto-sp-e-regiao-ismael-colosi\/"},"img":{"alt_text":"","src":"https:\/\/i0.wp.com\/noticiasribeiraopreto.com.br\/wp-content\/uploads\/2025\/02\/armando-babaioff-e-gustavo-rodrigues-credito-victor-pollak_2025-02-15_15-28-57_jpg_2025-02-15_15-29-00-scaled.webp.webp?fit=1200%2C800&ssl=1&resize=350%2C200","width":350,"height":200,"srcset":"https:\/\/i0.wp.com\/noticiasribeiraopreto.com.br\/wp-content\/uploads\/2025\/02\/armando-babaioff-e-gustavo-rodrigues-credito-victor-pollak_2025-02-15_15-28-57_jpg_2025-02-15_15-29-00-scaled.webp.webp?fit=1200%2C800&ssl=1&resize=350%2C200 1x, https:\/\/i0.wp.com\/noticiasribeiraopreto.com.br\/wp-content\/uploads\/2025\/02\/armando-babaioff-e-gustavo-rodrigues-credito-victor-pollak_2025-02-15_15-28-57_jpg_2025-02-15_15-29-00-scaled.webp.webp?fit=1200%2C800&ssl=1&resize=525%2C300 1.5x, https:\/\/i0.wp.com\/noticiasribeiraopreto.com.br\/wp-content\/uploads\/2025\/02\/armando-babaioff-e-gustavo-rodrigues-credito-victor-pollak_2025-02-15_15-28-57_jpg_2025-02-15_15-29-00-scaled.webp.webp?fit=1200%2C800&ssl=1&resize=700%2C400 2x, https:\/\/i0.wp.com\/noticiasribeiraopreto.com.br\/wp-content\/uploads\/2025\/02\/armando-babaioff-e-gustavo-rodrigues-credito-victor-pollak_2025-02-15_15-28-57_jpg_2025-02-15_15-29-00-scaled.webp.webp?fit=1200%2C800&ssl=1&resize=1050%2C600 3x"},"classes":[]},{"id":62994,"url":"https:\/\/noticiasribeiraopreto.com.br\/index.php\/2025\/01\/30\/peca-premiada-o-vazio-na-mala-chega-ao-sesi-ribeirao-preto\/","url_meta":{"origin":71582,"position":3},"title":"Pe\u00e7a premiada \u2018O Vazio na Mala\u2019 chega ao Sesi Ribeir\u00e3o Preto","author":"noticiasribeiraopreto.com.br","date":"30 de January de 2025","format":false,"excerpt":"O Centro Cultural Sesi Ribeir\u00e3o Preto recebe entre os dias 7 e 16 de fevereiro uma mini temporada \u00a0da pe\u00e7a premiada \u201cO Vazio Na Mala\u201d. \u00a0A entrada \u00e9 gratuita mediante a reserva do ingressos atrav\u00e9s do site \u2013 saiba mais abaixo. O espet\u00e1culo \u00e9 vencedor do Pr\u00eamio Bibi Ferreira nas\u2026","rel":"","context":"In &quot;Not\u00edcias de Ribeir\u00e3o Preto-SP e Regi\u00e3o&quot;","block_context":{"text":"Not\u00edcias de Ribeir\u00e3o Preto-SP e Regi\u00e3o","link":"https:\/\/noticiasribeiraopreto.com.br\/index.php\/category\/noticias-de-ribeirao-preto-sp-e-regiao-ismael-colosi\/"},"img":{"alt_text":"","src":"https:\/\/i0.wp.com\/noticiasribeiraopreto.com.br\/wp-content\/uploads\/2025\/01\/JC250119_175849press_2025-01-30_14-54-58_jpg_2025-01-30_14-54-58.webp.webp?fit=886%2C596&ssl=1&resize=350%2C200","width":350,"height":200,"srcset":"https:\/\/i0.wp.com\/noticiasribeiraopreto.com.br\/wp-content\/uploads\/2025\/01\/JC250119_175849press_2025-01-30_14-54-58_jpg_2025-01-30_14-54-58.webp.webp?fit=886%2C596&ssl=1&resize=350%2C200 1x, https:\/\/i0.wp.com\/noticiasribeiraopreto.com.br\/wp-content\/uploads\/2025\/01\/JC250119_175849press_2025-01-30_14-54-58_jpg_2025-01-30_14-54-58.webp.webp?fit=886%2C596&ssl=1&resize=525%2C300 1.5x, https:\/\/i0.wp.com\/noticiasribeiraopreto.com.br\/wp-content\/uploads\/2025\/01\/JC250119_175849press_2025-01-30_14-54-58_jpg_2025-01-30_14-54-58.webp.webp?fit=886%2C596&ssl=1&resize=700%2C400 2x"},"classes":[]},{"id":63248,"url":"https:\/\/noticiasribeiraopreto.com.br\/index.php\/2025\/02\/07\/teatro-festival-e-sarau-veja-opcoes-para-curtir-o-fim-de-semana-em-ribeirao-preto\/","url_meta":{"origin":71582,"position":4},"title":"Teatro, festival e sarau: Veja op\u00e7\u00f5es para curtir o fim de semana em Ribeir\u00e3o Preto","author":"noticiasribeiraopreto.com.br","date":"7 de February de 2025","format":false,"excerpt":"O fim de semana chegou e Ribeir\u00e3o Preto conta com atividades pagas e gratuitas para quem quiser aproveitar. Entre os destaques est\u00e3o pe\u00e7as de teatro, em destaque para o espet\u00e1culo \u201cTom na Fazenda\u201d, o festival \u201cA Uni\u00e3o Faz o Encontro\u201d e o \u201cSarau da Biblioteca\u201d, na biblioteca do Sesc Ribeir\u00e3o\u2026","rel":"","context":"In &quot;Not\u00edcias de Ribeir\u00e3o Preto-SP e Regi\u00e3o&quot;","block_context":{"text":"Not\u00edcias de Ribeir\u00e3o Preto-SP e Regi\u00e3o","link":"https:\/\/noticiasribeiraopreto.com.br\/index.php\/category\/noticias-de-ribeirao-preto-sp-e-regiao-ismael-colosi\/"},"img":{"alt_text":"","src":"https:\/\/i0.wp.com\/noticiasribeiraopreto.com.br\/wp-content\/uploads\/2025\/01\/3-Tom-na-Fazenda-_2025-01-06_13-07-40_jpg_2025-01-06_13-07-40.webp.webp?fit=900%2C664&ssl=1&resize=350%2C200","width":350,"height":200,"srcset":"https:\/\/i0.wp.com\/noticiasribeiraopreto.com.br\/wp-content\/uploads\/2025\/01\/3-Tom-na-Fazenda-_2025-01-06_13-07-40_jpg_2025-01-06_13-07-40.webp.webp?fit=900%2C664&ssl=1&resize=350%2C200 1x, https:\/\/i0.wp.com\/noticiasribeiraopreto.com.br\/wp-content\/uploads\/2025\/01\/3-Tom-na-Fazenda-_2025-01-06_13-07-40_jpg_2025-01-06_13-07-40.webp.webp?fit=900%2C664&ssl=1&resize=525%2C300 1.5x, https:\/\/i0.wp.com\/noticiasribeiraopreto.com.br\/wp-content\/uploads\/2025\/01\/3-Tom-na-Fazenda-_2025-01-06_13-07-40_jpg_2025-01-06_13-07-40.webp.webp?fit=900%2C664&ssl=1&resize=700%2C400 2x"},"classes":[]},{"id":28644,"url":"https:\/\/noticiasribeiraopreto.com.br\/index.php\/2024\/01\/16\/ribeirao-preto-recebe-peca-de-teatro-interativa-saiba-tudo-sobre-o-espetaculo\/","url_meta":{"origin":71582,"position":5},"title":"Ribeir\u00e3o Preto recebe pe\u00e7a de teatro interativa; Saiba tudo sobre o espet\u00e1culo","author":"noticiasribeiraopreto.com.br","date":"16 de January de 2024","format":false,"excerpt":"O espet\u00e1culo interativo \u201cCoronel Mostarda com a Chave Inglesa na Cozinha\u201d retorna para Ribeir\u00e3o Preto no dia 28 de janeiro, \u00e0s 19h. A apresenta\u00e7\u00e3o acontece no Teatro Santarosa, que fica na City Ribeir\u00e3o, na zona Sul. Sobre a pe\u00e7a \u201cCoronel Mostarda com a Chave Inglesa na Cozinha\u201d \u00e9 um espet\u00e1culo-jogo\u2026","rel":"","context":"In &quot;Not\u00edcias de Ribeir\u00e3o Preto-SP e Regi\u00e3o&quot;","block_context":{"text":"Not\u00edcias de Ribeir\u00e3o Preto-SP e Regi\u00e3o","link":"https:\/\/noticiasribeiraopreto.com.br\/index.php\/category\/noticias-de-ribeirao-preto-sp-e-regiao-ismael-colosi\/"},"img":{"alt_text":"","src":"https:\/\/i0.wp.com\/noticiasribeiraopreto.com.br\/wp-content\/uploads\/2024\/01\/Elenco-1-1-e1695152771535-1130x650-1.jpg?fit=1130%2C650&ssl=1&resize=350%2C200","width":350,"height":200,"srcset":"https:\/\/i0.wp.com\/noticiasribeiraopreto.com.br\/wp-content\/uploads\/2024\/01\/Elenco-1-1-e1695152771535-1130x650-1.jpg?fit=1130%2C650&ssl=1&resize=350%2C200 1x, https:\/\/i0.wp.com\/noticiasribeiraopreto.com.br\/wp-content\/uploads\/2024\/01\/Elenco-1-1-e1695152771535-1130x650-1.jpg?fit=1130%2C650&ssl=1&resize=525%2C300 1.5x, https:\/\/i0.wp.com\/noticiasribeiraopreto.com.br\/wp-content\/uploads\/2024\/01\/Elenco-1-1-e1695152771535-1130x650-1.jpg?fit=1130%2C650&ssl=1&resize=700%2C400 2x, https:\/\/i0.wp.com\/noticiasribeiraopreto.com.br\/wp-content\/uploads\/2024\/01\/Elenco-1-1-e1695152771535-1130x650-1.jpg?fit=1130%2C650&ssl=1&resize=1050%2C600 3x"},"classes":[]}],"jetpack_sharing_enabled":true,"jetpack_shortlink":"https:\/\/wp.me\/peQAOb-iCy","_links":{"self":[{"href":"https:\/\/noticiasribeiraopreto.com.br\/index.php\/wp-json\/wp\/v2\/posts\/71582","targetHints":{"allow":["GET"]}}],"collection":[{"href":"https:\/\/noticiasribeiraopreto.com.br\/index.php\/wp-json\/wp\/v2\/posts"}],"about":[{"href":"https:\/\/noticiasribeiraopreto.com.br\/index.php\/wp-json\/wp\/v2\/types\/post"}],"author":[{"embeddable":true,"href":"https:\/\/noticiasribeiraopreto.com.br\/index.php\/wp-json\/wp\/v2\/users\/1"}],"replies":[{"embeddable":true,"href":"https:\/\/noticiasribeiraopreto.com.br\/index.php\/wp-json\/wp\/v2\/comments?post=71582"}],"version-history":[{"count":0,"href":"https:\/\/noticiasribeiraopreto.com.br\/index.php\/wp-json\/wp\/v2\/posts\/71582\/revisions"}],"wp:featuredmedia":[{"embeddable":true,"href":"https:\/\/noticiasribeiraopreto.com.br\/index.php\/wp-json\/wp\/v2\/media\/71583"}],"wp:attachment":[{"href":"https:\/\/noticiasribeiraopreto.com.br\/index.php\/wp-json\/wp\/v2\/media?parent=71582"}],"wp:term":[{"taxonomy":"category","embeddable":true,"href":"https:\/\/noticiasribeiraopreto.com.br\/index.php\/wp-json\/wp\/v2\/categories?post=71582"},{"taxonomy":"post_tag","embeddable":true,"href":"https:\/\/noticiasribeiraopreto.com.br\/index.php\/wp-json\/wp\/v2\/tags?post=71582"}],"curies":[{"name":"wp","href":"https:\/\/api.w.org\/{rel}","templated":true}]}}