{"id":71584,"date":"2025-06-07T16:55:21","date_gmt":"2025-06-07T19:55:21","guid":{"rendered":"https:\/\/noticiasribeiraopreto.com.br\/index.php\/2025\/06\/07\/ribeirao-preto-anuncia-complexo-de-saude-publica-em-parceria-com-a-usp\/"},"modified":"2025-06-07T16:55:21","modified_gmt":"2025-06-07T19:55:21","slug":"ribeirao-preto-anuncia-complexo-de-saude-publica-em-parceria-com-a-usp","status":"publish","type":"post","link":"https:\/\/noticiasribeiraopreto.com.br\/index.php\/2025\/06\/07\/ribeirao-preto-anuncia-complexo-de-saude-publica-em-parceria-com-a-usp\/","title":{"rendered":"Ribeir\u00e3o Preto anuncia complexo de sa\u00fade p\u00fablica em parceria com a USP"},"content":{"rendered":"<p> <br \/>\n<\/p>\n<div>\n<p>A <strong>Prefeitura de Ribeir\u00e3o Preto<\/strong>, em parceria com a <strong>Universidade de S\u00e3o Paulo (USP)<\/strong>, anunciou a cria\u00e7\u00e3o de um novo complexo de sa\u00fade p\u00fablica. A Prefeitura e a USP v\u00e3o implantar o<strong> projeto em uma \u00e1rea de 780 mil metros quadrados<\/strong>, entre a avenida Adelmo Perdizza e a avenida Independ\u00eancia, na zona sul da cidade.<\/p>\n<p>O complexo contar\u00e1 com uma unidade de emerg\u00eancia com <strong>400 leitos<\/strong>, <strong>centros de reabilita\u00e7\u00e3o<\/strong>, <strong>unidades de sa\u00fade mental e \u00e1reas destinadas \u00e0 pesquisa e \u00e0 forma\u00e7\u00e3o profissional<\/strong>. Al\u00e9m dos hospitais j\u00e1 existentes, como o Hospital das Cl\u00ednicas \u2013 Unidade de Emerg\u00eancia (HC-UE) e o Santa Tereza, a universidade tamb\u00e9m construir\u00e1 novos pr\u00e9dios na \u00e1rea.<\/p>\n<p>O terreno ser\u00e1 adquirido pela USP. A negocia\u00e7\u00e3o da \u00e1rea e a constru\u00e7\u00e3o das primeiras estruturas devem representar um<strong> investimento inicial de R$ 281 milh\u00f5es. <\/strong>Ap\u00f3s a entrega, a manuten\u00e7\u00e3o do complexo ser\u00e1 de responsabilidade dos governos municipal e estadual, com custo estimado entre <strong>R$ 500 milh\u00f5es e R$ 600 milh\u00f5es <\/strong>por ano.<\/p>\n<p><strong>Ainda n\u00e3o h\u00e1 prazo definido para a conclus\u00e3o total do complexo, que ser\u00e1 implantado em etapas.<\/strong><\/p>\n<h3 class=\"wp-block-heading\"><strong>Obras vi\u00e1rias<\/strong><\/h3>\n<p>O projeto tamb\u00e9m inclui interven\u00e7\u00f5es vi\u00e1rias na regi\u00e3o. <strong>A primeira obra prevista \u00e9 a extens\u00e3o da avenida L\u00edgia Latuf Salom\u00e3o<\/strong>, que ligar\u00e1 a<strong> avenida Independ\u00eancia at\u00e9 a avenida Adelmo Perdizza<\/strong>. Em seguida, est\u00e1 prevista a amplia\u00e7\u00e3o da avenida Independ\u00eancia at\u00e9 o Anel Vi\u00e1rio Sul.<\/p>\n<p>No entanto, essas interven\u00e7\u00f5es ainda est\u00e3o em fase de estudo e n\u00e3o t\u00eam prazos definidos para execu\u00e7\u00e3o.<\/p>\n<hr class=\"wp-block-separator has-alpha-channel-opacity\"\/>\n<p>SAIBA MAIS<br \/>Corpo de adolescente que estava desaparecido \u00e9 encontrado no rio Pardo<\/p>\n<h2 class=\"wp-block-heading\"><strong>FIQUE ON<\/strong><\/h2>\n<p>Fique ligado em tudo que acontece em Ribeir\u00e3o Preto e regi\u00e3o. Siga os perfis do<strong>\u00a0acidade on<\/strong>\u00a0no\u00a0<a href=\"https:\/\/www.instagram.com\/acidadeonribeirao\">Instagram\u00a0<\/a>e no\u00a0<a href=\"https:\/\/www.facebook.com\/acidadeonribeirao\/\">Facebook<\/a>.<\/p>\n<p>Receba not\u00edcias do\u00a0<strong>acidade on<\/strong>\u00a0no WhatsApp.\u00a0<a href=\"https:\/\/chat.whatsapp.com\/BjKQZ9oJwlz8VVT50NuePq\">Para entrar no grupo, basta clicar aqui.<\/a><\/p>\n<p>Fa\u00e7a uma den\u00fancia ou sugira uma reportagem sobre Ribeir\u00e3o Preto e regi\u00e3o pelo WhatsApp: 16 99117 7802.<\/p>\n<p>VEJA TAMB\u00c9M<br \/>At\u00e9 quando vai a nova frente fria em S\u00e3o Paulo?<mark style=\"background-color:#ffffff\" class=\"has-inline-color has-white-color\"> , contudo<\/mark><\/p>\n<p><!-- CONTENT END 1 -->\n<\/div>\n<p><script async src=\"\/\/www.instagram.com\/embed.js\"><\/script><br \/>\n<br \/><br \/>\n<br \/><a href=\"https:\/\/www.acidadeon.com\/ribeiraopreto\/politica\/ribeirao-preto-anuncia-complexo-de-saude-publica-em-parceria-com-a-usp\/\">Source link <\/a><\/p>\n","protected":false},"excerpt":{"rendered":"<p>A Prefeitura de Ribeir\u00e3o Preto, em parceria com a Universidade de S\u00e3o Paulo (USP), anunciou a cria\u00e7\u00e3o de um novo complexo de sa\u00fade p\u00fablica. A&#8230;<\/p>\n","protected":false},"author":1,"featured_media":71585,"comment_status":"open","ping_status":"open","sticky":false,"template":"","format":"standard","meta":{"advanced_seo_description":"","jetpack_seo_html_title":"","jetpack_seo_noindex":false,"jetpack_post_was_ever_published":false,"_jetpack_newsletter_access":"","_jetpack_dont_email_post_to_subs":false,"_jetpack_newsletter_tier_id":0,"_jetpack_memberships_contains_paywalled_content":false,"_jetpack_memberships_contains_paid_content":false,"footnotes":"","jetpack_publicize_message":"","jetpack_publicize_feature_enabled":true,"jetpack_social_post_already_shared":true,"jetpack_social_options":{"image_generator_settings":{"template":"highway","default_image_id":0,"font":"","enabled":false},"version":2}},"categories":[11],"tags":[],"class_list":["post-71584","post","type-post","status-publish","format-standard","has-post-thumbnail","hentry","category-noticias-de-ribeirao-preto-sp-e-regiao-ismael-colosi"],"jetpack_publicize_connections":[],"jetpack_featured_media_url":"https:\/\/i0.wp.com\/noticiasribeiraopreto.com.br\/wp-content\/uploads\/2025\/06\/anuncio_complexo_1200x675_07062025124732_2025-06-07_18-25-57.webp.webp?fit=1200%2C675&ssl=1","jetpack-related-posts":[{"id":79568,"url":"https:\/\/noticiasribeiraopreto.com.br\/index.php\/2025\/11\/04\/hc-assume-santa-teresa-e-estadual\/","url_meta":{"origin":71584,"position":0},"title":"HC assume Santa Teresa e \u2018Estadual\u2019","author":"noticiasribeiraopreto.com.br","date":"4 de November de 2025","format":false,"excerpt":"4 de novembro de 2025 09:0916 Compartilhar0 Decreto que transferiu a gest\u00e3o foi assinado pelo governador Tarc\u00edsio de Freitas e publicado no Di\u00e1rio Oficial do Estado (DOE) de sexta-feira, 31 de outubro\u2028\u2028 Os hospitais Santa Teresa e Estadual de Ribeir\u00e3o Preto passaram a integrar o Complexo de Sa\u00fade do Hospital\u2026","rel":"","context":"In &quot;Not\u00edcias de Ribeir\u00e3o Preto-SP e Regi\u00e3o&quot;","block_context":{"text":"Not\u00edcias de Ribeir\u00e3o Preto-SP e Regi\u00e3o","link":"https:\/\/noticiasribeiraopreto.com.br\/index.php\/category\/noticias-de-ribeirao-preto-sp-e-regiao-ismael-colosi\/"},"img":{"alt_text":"","src":"https:\/\/i0.wp.com\/noticiasribeiraopreto.com.br\/wp-content\/uploads\/2025\/11\/NovoHC-Est-Alfredo-Risk-scaled.jpg?fit=1170%2C780&ssl=1&resize=350%2C200","width":350,"height":200,"srcset":"https:\/\/i0.wp.com\/noticiasribeiraopreto.com.br\/wp-content\/uploads\/2025\/11\/NovoHC-Est-Alfredo-Risk-scaled.jpg?fit=1170%2C780&ssl=1&resize=350%2C200 1x, https:\/\/i0.wp.com\/noticiasribeiraopreto.com.br\/wp-content\/uploads\/2025\/11\/NovoHC-Est-Alfredo-Risk-scaled.jpg?fit=1170%2C780&ssl=1&resize=525%2C300 1.5x, https:\/\/i0.wp.com\/noticiasribeiraopreto.com.br\/wp-content\/uploads\/2025\/11\/NovoHC-Est-Alfredo-Risk-scaled.jpg?fit=1170%2C780&ssl=1&resize=700%2C400 2x, https:\/\/i0.wp.com\/noticiasribeiraopreto.com.br\/wp-content\/uploads\/2025\/11\/NovoHC-Est-Alfredo-Risk-scaled.jpg?fit=1170%2C780&ssl=1&resize=1050%2C600 3x"},"classes":[]},{"id":71187,"url":"https:\/\/noticiasribeiraopreto.com.br\/index.php\/2025\/06\/03\/construcao-do-novo-hc-preve-prolongamento-de-avenida-de-ribeirao-preto-entenda\/","url_meta":{"origin":71584,"position":1},"title":"Constru\u00e7\u00e3o do novo HC prev\u00ea prolongamento de avenida de Ribeir\u00e3o Preto; Entenda","author":"noticiasribeiraopreto.com.br","date":"3 de June de 2025","format":false,"excerpt":"A constru\u00e7\u00e3o da nova Unidade de Emerg\u00eancia do Hospital das Cl\u00ednicas prev\u00ea o prolongamento da avenida Lygia Latuf Salom\u00e3o, na zona Sul de Ribeir\u00e3o Preto. Segundo o projeto de impacto do novo hospital, quatro entradas da unidade ficar\u00e3o localizadas no trecho em que a avenida ser\u00e1 prolongada. Outro acesso ao\u2026","rel":"","context":"In &quot;Not\u00edcias de Ribeir\u00e3o Preto-SP e Regi\u00e3o&quot;","block_context":{"text":"Not\u00edcias de Ribeir\u00e3o Preto-SP e Regi\u00e3o","link":"https:\/\/noticiasribeiraopreto.com.br\/index.php\/category\/noticias-de-ribeirao-preto-sp-e-regiao-ismael-colosi\/"},"img":{"alt_text":"","src":"https:\/\/i0.wp.com\/noticiasribeiraopreto.com.br\/wp-content\/uploads\/2025\/06\/nova-lygia-latuf-salomao_2025-06-03_17-35-11.webp.webp?fit=1000%2C931&ssl=1&resize=350%2C200","width":350,"height":200,"srcset":"https:\/\/i0.wp.com\/noticiasribeiraopreto.com.br\/wp-content\/uploads\/2025\/06\/nova-lygia-latuf-salomao_2025-06-03_17-35-11.webp.webp?fit=1000%2C931&ssl=1&resize=350%2C200 1x, https:\/\/i0.wp.com\/noticiasribeiraopreto.com.br\/wp-content\/uploads\/2025\/06\/nova-lygia-latuf-salomao_2025-06-03_17-35-11.webp.webp?fit=1000%2C931&ssl=1&resize=525%2C300 1.5x, https:\/\/i0.wp.com\/noticiasribeiraopreto.com.br\/wp-content\/uploads\/2025\/06\/nova-lygia-latuf-salomao_2025-06-03_17-35-11.webp.webp?fit=1000%2C931&ssl=1&resize=700%2C400 2x"},"classes":[]},{"id":72635,"url":"https:\/\/noticiasribeiraopreto.com.br\/index.php\/2025\/06\/19\/ribeirao-preto-169-anos-o-segredo-da-cidade-que-virou-centro-de-excelencia-em-saude\/","url_meta":{"origin":71584,"position":2},"title":"Ribeir\u00e3o Preto 169 anos: o segredo da cidade que virou centro de excel\u00eancia em sa\u00fade","author":"noticiasribeiraopreto.com.br","date":"19 de June de 2025","format":false,"excerpt":"Ribeir\u00e3o Preto \u00e9 hoje um dos principais polos de sa\u00fade do Brasil. O que se v\u00ea no munic\u00edpio \u00e9 resultado de uma estrutura s\u00f3lida, que combina forma\u00e7\u00e3o universit\u00e1ria, pesquisa, rede hospitalar p\u00fablica e privada, al\u00e9m de investimentos cont\u00ednuos em expans\u00e3o de servi\u00e7os e infraestrutura. A consolida\u00e7\u00e3o desse setor se apoia\u2026","rel":"","context":"In &quot;Not\u00edcias de Ribeir\u00e3o Preto-SP e Regi\u00e3o&quot;","block_context":{"text":"Not\u00edcias de Ribeir\u00e3o Preto-SP e Regi\u00e3o","link":"https:\/\/noticiasribeiraopreto.com.br\/index.php\/category\/noticias-de-ribeirao-preto-sp-e-regiao-ismael-colosi\/"},"img":{"alt_text":"","src":"https:\/\/i0.wp.com\/noticiasribeiraopreto.com.br\/wp-content\/uploads\/2025\/06\/Copia-de-Copia-de-Copia-de-TAMANHO-EXATO-PARA-FOTOS-NO-SISTEMA-NOVO-2025-06-18T174513.703_2025-06-18_20-46-38.webp.webp?fit=1200%2C675&ssl=1&resize=350%2C200","width":350,"height":200,"srcset":"https:\/\/i0.wp.com\/noticiasribeiraopreto.com.br\/wp-content\/uploads\/2025\/06\/Copia-de-Copia-de-Copia-de-TAMANHO-EXATO-PARA-FOTOS-NO-SISTEMA-NOVO-2025-06-18T174513.703_2025-06-18_20-46-38.webp.webp?fit=1200%2C675&ssl=1&resize=350%2C200 1x, https:\/\/i0.wp.com\/noticiasribeiraopreto.com.br\/wp-content\/uploads\/2025\/06\/Copia-de-Copia-de-Copia-de-TAMANHO-EXATO-PARA-FOTOS-NO-SISTEMA-NOVO-2025-06-18T174513.703_2025-06-18_20-46-38.webp.webp?fit=1200%2C675&ssl=1&resize=525%2C300 1.5x, https:\/\/i0.wp.com\/noticiasribeiraopreto.com.br\/wp-content\/uploads\/2025\/06\/Copia-de-Copia-de-Copia-de-TAMANHO-EXATO-PARA-FOTOS-NO-SISTEMA-NOVO-2025-06-18T174513.703_2025-06-18_20-46-38.webp.webp?fit=1200%2C675&ssl=1&resize=700%2C400 2x, https:\/\/i0.wp.com\/noticiasribeiraopreto.com.br\/wp-content\/uploads\/2025\/06\/Copia-de-Copia-de-Copia-de-TAMANHO-EXATO-PARA-FOTOS-NO-SISTEMA-NOVO-2025-06-18T174513.703_2025-06-18_20-46-38.webp.webp?fit=1200%2C675&ssl=1&resize=1050%2C600 3x"},"classes":[]},{"id":71257,"url":"https:\/\/noticiasribeiraopreto.com.br\/index.php\/2025\/06\/04\/usp-aprova-ampliacao-do-campus-de-ribeirao-preto\/","url_meta":{"origin":71584,"position":3},"title":"USP aprova amplia\u00e7\u00e3o do campus de Ribeir\u00e3o Preto","author":"noticiasribeiraopreto.com.br","date":"4 de June de 2025","format":false,"excerpt":"O Conselho Universit\u00e1rio da USP (Universidade de S\u00e3o Paulo) aprovou, na \u00faltima ter\u00e7a-feira (3), a proposta de amplia\u00e7\u00e3o do campus de Ribeir\u00e3o Preto. Com isso, foi liberada a compra da \u00e1rea de 795,7 mil metros quadrados, onde est\u00e1 sendo constru\u00edda a nova Unidade de Emerg\u00eancia do Hospital das Cl\u00ednicas. O\u2026","rel":"","context":"In &quot;Not\u00edcias de Ribeir\u00e3o Preto-SP e Regi\u00e3o&quot;","block_context":{"text":"Not\u00edcias de Ribeir\u00e3o Preto-SP e Regi\u00e3o","link":"https:\/\/noticiasribeiraopreto.com.br\/index.php\/category\/noticias-de-ribeirao-preto-sp-e-regiao-ismael-colosi\/"},"img":{"alt_text":"","src":"https:\/\/i0.wp.com\/noticiasribeiraopreto.com.br\/wp-content\/uploads\/2025\/06\/WhatsApp-Image-2025-06-04-at-11.49.02-1_2025-06-04_15-01-08.webp.webp?fit=913%2C652&ssl=1&resize=350%2C200","width":350,"height":200,"srcset":"https:\/\/i0.wp.com\/noticiasribeiraopreto.com.br\/wp-content\/uploads\/2025\/06\/WhatsApp-Image-2025-06-04-at-11.49.02-1_2025-06-04_15-01-08.webp.webp?fit=913%2C652&ssl=1&resize=350%2C200 1x, https:\/\/i0.wp.com\/noticiasribeiraopreto.com.br\/wp-content\/uploads\/2025\/06\/WhatsApp-Image-2025-06-04-at-11.49.02-1_2025-06-04_15-01-08.webp.webp?fit=913%2C652&ssl=1&resize=525%2C300 1.5x, https:\/\/i0.wp.com\/noticiasribeiraopreto.com.br\/wp-content\/uploads\/2025\/06\/WhatsApp-Image-2025-06-04-at-11.49.02-1_2025-06-04_15-01-08.webp.webp?fit=913%2C652&ssl=1&resize=700%2C400 2x"},"classes":[]},{"id":63302,"url":"https:\/\/noticiasribeiraopreto.com.br\/index.php\/2025\/02\/09\/governador-tarcisio-de-freitas-inicia-obras-do-novo-hc-ue-de-ribeirao-preto\/","url_meta":{"origin":71584,"position":4},"title":"Governador Tarc\u00edsio de Freitas inicia obras do novo HC-UE de Ribeir\u00e3o Preto","author":"noticiasribeiraopreto.com.br","date":"9 de February de 2025","format":false,"excerpt":"O governador de S\u00e3o Paulo, Tarc\u00edsio de Freitas (Republicanos), esteve em Ribeir\u00e3o Preto neste s\u00e1bado (8) e anunciou o in\u00edcio das obras da nova unidade de urg\u00eancia e emerg\u00eancia do Hospital das Cl\u00ednicas do munic\u00edpio. Com um investimento total de R$ 526,3 milh\u00f5es, a estrutura ocupar\u00e1 uma \u00e1rea de 57.825\u2026","rel":"","context":"In &quot;Not\u00edcias de Ribeir\u00e3o Preto-SP e Regi\u00e3o&quot;","block_context":{"text":"Not\u00edcias de Ribeir\u00e3o Preto-SP e Regi\u00e3o","link":"https:\/\/noticiasribeiraopreto.com.br\/index.php\/category\/noticias-de-ribeirao-preto-sp-e-regiao-ismael-colosi\/"},"img":{"alt_text":"","src":"https:\/\/i0.wp.com\/noticiasribeiraopreto.com.br\/wp-content\/uploads\/2025\/02\/54315270519_f8ac8e8441_o_2025-02-09_14-50-19_jpg_2025-02-09_14-50-23-scaled.webp.webp?fit=1200%2C800&ssl=1&resize=350%2C200","width":350,"height":200,"srcset":"https:\/\/i0.wp.com\/noticiasribeiraopreto.com.br\/wp-content\/uploads\/2025\/02\/54315270519_f8ac8e8441_o_2025-02-09_14-50-19_jpg_2025-02-09_14-50-23-scaled.webp.webp?fit=1200%2C800&ssl=1&resize=350%2C200 1x, https:\/\/i0.wp.com\/noticiasribeiraopreto.com.br\/wp-content\/uploads\/2025\/02\/54315270519_f8ac8e8441_o_2025-02-09_14-50-19_jpg_2025-02-09_14-50-23-scaled.webp.webp?fit=1200%2C800&ssl=1&resize=525%2C300 1.5x, https:\/\/i0.wp.com\/noticiasribeiraopreto.com.br\/wp-content\/uploads\/2025\/02\/54315270519_f8ac8e8441_o_2025-02-09_14-50-19_jpg_2025-02-09_14-50-23-scaled.webp.webp?fit=1200%2C800&ssl=1&resize=700%2C400 2x, https:\/\/i0.wp.com\/noticiasribeiraopreto.com.br\/wp-content\/uploads\/2025\/02\/54315270519_f8ac8e8441_o_2025-02-09_14-50-19_jpg_2025-02-09_14-50-23-scaled.webp.webp?fit=1200%2C800&ssl=1&resize=1050%2C600 3x"},"classes":[]},{"id":67138,"url":"https:\/\/noticiasribeiraopreto.com.br\/index.php\/2025\/04\/10\/vamos-ter-que-enxugar-a-maquina-afirma-ricardo-silva-no-balanco-dos-100-dias-de-gestao\/","url_meta":{"origin":71584,"position":5},"title":"&#8216;Vamos ter que enxugar a m\u00e1quina&#8217;, afirma Ricardo Silva no balan\u00e7o dos 100 dias de gest\u00e3o","author":"noticiasribeiraopreto.com.br","date":"10 de April de 2025","format":false,"excerpt":"O prefeito de Ribeir\u00e3o Preto, Ricardo Silva (PSD), fez um balan\u00e7o dos seus primeiros 100 dias \u00e0 frente da Administra\u00e7\u00e3o Municipal. Em entrevista, ele destacou os principais desafios enfrentados, especialmente relacionados \u00e0 estrutura da m\u00e1quina p\u00fablica e \u00e0 moderniza\u00e7\u00e3o dos processos internos da prefeitura. Mudan\u00e7as Para Ricardo Silva, Ribeir\u00e3o Preto\u2026","rel":"","context":"In &quot;Not\u00edcias de Ribeir\u00e3o Preto-SP e Regi\u00e3o&quot;","block_context":{"text":"Not\u00edcias de Ribeir\u00e3o Preto-SP e Regi\u00e3o","link":"https:\/\/noticiasribeiraopreto.com.br\/index.php\/category\/noticias-de-ribeirao-preto-sp-e-regiao-ismael-colosi\/"},"img":{"alt_text":"","src":"https:\/\/i0.wp.com\/noticiasribeiraopreto.com.br\/wp-content\/uploads\/2025\/04\/Copia-de-Copia-de-Copia-de-TAMANHO-EXATO-PARA-FOTOS-NO-SISTEMA-NOVO-2025-04-09T215917.952_2025-04-10_00-59-24_png_2025-04-10_00-59-24.webp.webp?fit=1200%2C675&ssl=1&resize=350%2C200","width":350,"height":200,"srcset":"https:\/\/i0.wp.com\/noticiasribeiraopreto.com.br\/wp-content\/uploads\/2025\/04\/Copia-de-Copia-de-Copia-de-TAMANHO-EXATO-PARA-FOTOS-NO-SISTEMA-NOVO-2025-04-09T215917.952_2025-04-10_00-59-24_png_2025-04-10_00-59-24.webp.webp?fit=1200%2C675&ssl=1&resize=350%2C200 1x, https:\/\/i0.wp.com\/noticiasribeiraopreto.com.br\/wp-content\/uploads\/2025\/04\/Copia-de-Copia-de-Copia-de-TAMANHO-EXATO-PARA-FOTOS-NO-SISTEMA-NOVO-2025-04-09T215917.952_2025-04-10_00-59-24_png_2025-04-10_00-59-24.webp.webp?fit=1200%2C675&ssl=1&resize=525%2C300 1.5x, https:\/\/i0.wp.com\/noticiasribeiraopreto.com.br\/wp-content\/uploads\/2025\/04\/Copia-de-Copia-de-Copia-de-TAMANHO-EXATO-PARA-FOTOS-NO-SISTEMA-NOVO-2025-04-09T215917.952_2025-04-10_00-59-24_png_2025-04-10_00-59-24.webp.webp?fit=1200%2C675&ssl=1&resize=700%2C400 2x, https:\/\/i0.wp.com\/noticiasribeiraopreto.com.br\/wp-content\/uploads\/2025\/04\/Copia-de-Copia-de-Copia-de-TAMANHO-EXATO-PARA-FOTOS-NO-SISTEMA-NOVO-2025-04-09T215917.952_2025-04-10_00-59-24_png_2025-04-10_00-59-24.webp.webp?fit=1200%2C675&ssl=1&resize=1050%2C600 3x"},"classes":[]}],"jetpack_sharing_enabled":true,"jetpack_shortlink":"https:\/\/wp.me\/peQAOb-iCA","_links":{"self":[{"href":"https:\/\/noticiasribeiraopreto.com.br\/index.php\/wp-json\/wp\/v2\/posts\/71584","targetHints":{"allow":["GET"]}}],"collection":[{"href":"https:\/\/noticiasribeiraopreto.com.br\/index.php\/wp-json\/wp\/v2\/posts"}],"about":[{"href":"https:\/\/noticiasribeiraopreto.com.br\/index.php\/wp-json\/wp\/v2\/types\/post"}],"author":[{"embeddable":true,"href":"https:\/\/noticiasribeiraopreto.com.br\/index.php\/wp-json\/wp\/v2\/users\/1"}],"replies":[{"embeddable":true,"href":"https:\/\/noticiasribeiraopreto.com.br\/index.php\/wp-json\/wp\/v2\/comments?post=71584"}],"version-history":[{"count":0,"href":"https:\/\/noticiasribeiraopreto.com.br\/index.php\/wp-json\/wp\/v2\/posts\/71584\/revisions"}],"wp:featuredmedia":[{"embeddable":true,"href":"https:\/\/noticiasribeiraopreto.com.br\/index.php\/wp-json\/wp\/v2\/media\/71585"}],"wp:attachment":[{"href":"https:\/\/noticiasribeiraopreto.com.br\/index.php\/wp-json\/wp\/v2\/media?parent=71584"}],"wp:term":[{"taxonomy":"category","embeddable":true,"href":"https:\/\/noticiasribeiraopreto.com.br\/index.php\/wp-json\/wp\/v2\/categories?post=71584"},{"taxonomy":"post_tag","embeddable":true,"href":"https:\/\/noticiasribeiraopreto.com.br\/index.php\/wp-json\/wp\/v2\/tags?post=71584"}],"curies":[{"name":"wp","href":"https:\/\/api.w.org\/{rel}","templated":true}]}}