{"id":71588,"date":"2025-06-07T18:38:31","date_gmt":"2025-06-07T21:38:31","guid":{"rendered":"https:\/\/noticiasribeiraopreto.com.br\/index.php\/2025\/06\/07\/bandidos-furtam-helicoptero-de-garagem-em-franca-para-cobrar-resgate\/"},"modified":"2025-06-07T18:38:31","modified_gmt":"2025-06-07T21:38:31","slug":"bandidos-furtam-helicoptero-de-garagem-em-franca-para-cobrar-resgate","status":"publish","type":"post","link":"https:\/\/noticiasribeiraopreto.com.br\/index.php\/2025\/06\/07\/bandidos-furtam-helicoptero-de-garagem-em-franca-para-cobrar-resgate\/","title":{"rendered":"Bandidos furtam helic\u00f3ptero de garagem em Franca para cobrar resgate"},"content":{"rendered":"<div class='code-block code-block-1' style='margin: 8px 0 8px auto; text-align: right; display: block; clear: both;'>\n<p><a href=\"https:\/\/wa.link\/vpicfd\"><img data-recalc-dims=\"1\" class=\"wp-image-4922\" style=\"aspect-ratio: 2.0253164556962027; width: 561px; height: auto;\" src=\"https:\/\/i0.wp.com\/ismaelcolosi.com.br\/wp-content\/uploads\/2023\/11\/grupo-de-empregos-whatsapp-e-facebook-ismael-colosi-vagas.jpg?ssl=1\" alt=\"\" \/><\/a><\/p>\n<!-- \/wp:image -->\n<\/div>\n<p> <br \/>\n<\/p>\n<div>\n<p>A Pol\u00edcia Militar de Franca localizou um helic\u00f3ptero modelo Robinson, avaliado em R$ 1,2 milh\u00e3o, que fora furtado durante a madrugada deste dia 7\/6, e estava na avenida Ant\u00f4nio Barbosa Filho. Conforme apurado, a Ag\u00eancia KFAB tamb\u00e9m autou para localizar o equipamento.<\/p>\n<p>A aeronave estava em uma mata e foi levado em um reboque. Os bandidos usaram um carro preto para engatar o reboque e levar o helic\u00f3ptero.<\/p>\n<p>O equipamento tinha sido levado para uma regi\u00e3o de ch\u00e1caras e ranchos entre Franca e Pedregulho, no rumo para Estreito.<\/p>\n<p>A matr\u00edcula do helic\u00f3ptero \u00e9 PR-BLM e como um suspeito foi preso, tentando fugir em um C4, a Pol\u00edcia Militar identificou que os bandidos iriam pedir resgate para devolver o objeto furtado.<\/p>\n<p>O homem preso mora em Ribeir\u00e3o Preto e com ele estavam R$ 3 mil, al\u00e9m de um telefone. Tudo foi apreendido e ser\u00e1 periciado.<\/p>\n<p>A Pol\u00edcia Civil vai prosseguir com as investiga\u00e7\u00f5es para tentar localizar os outros suspeitos do furto.<\/p>\n<p>O helic\u00f3ptero est\u00e1 registrado em nome de Fernando Lenirzo Braz e fora comprado em fevereiro de 2024. Pode realizar voos diurnos e noturnos, al\u00e9m de ser utilizado apenas para voos privados, sem autoriza\u00e7\u00e3o para t\u00e1xi a\u00e9reo. A aeronave est\u00e1 em situa\u00e7\u00e3o t\u00e9cnica irregular, com certificado de aeronavegabilidade cancelado.<\/p>\n<p>\u00a0<\/p>\n<p>FERNANDO LENIRZO BRAZ<\/p>\n<\/p><\/div>\n<p><br \/>\n<br \/><a href=\"https:\/\/www.f3noticias.com.br\/bandidos-furtam-helicoptero-de-garagem-em-franca-para-cobrar-resgate\/\">Source link <\/a><\/p>\n<!-- CONTENT END 1 -->\n","protected":false},"excerpt":{"rendered":"<p>A Pol\u00edcia Militar de Franca localizou um helic\u00f3ptero modelo Robinson, avaliado em R$ 1,2 milh\u00e3o, que fora furtado durante a madrugada deste dia 7\/6, e&#8230;<\/p>\n","protected":false},"author":1,"featured_media":71589,"comment_status":"open","ping_status":"open","sticky":false,"template":"","format":"standard","meta":{"advanced_seo_description":"","jetpack_seo_html_title":"","jetpack_seo_noindex":false,"jetpack_post_was_ever_published":false,"_jetpack_newsletter_access":"","_jetpack_dont_email_post_to_subs":false,"_jetpack_newsletter_tier_id":0,"_jetpack_memberships_contains_paywalled_content":false,"_jetpack_memberships_contains_paid_content":false,"footnotes":"","jetpack_publicize_message":"","jetpack_publicize_feature_enabled":true,"jetpack_social_post_already_shared":true,"jetpack_social_options":{"image_generator_settings":{"template":"highway","default_image_id":0,"font":"","enabled":false},"version":2}},"categories":[3597],"tags":[],"class_list":["post-71588","post","type-post","status-publish","format-standard","has-post-thumbnail","hentry","category-noticias-franca-sp"],"jetpack_publicize_connections":[],"jetpack_featured_media_url":"https:\/\/i0.wp.com\/noticiasribeiraopreto.com.br\/wp-content\/uploads\/2025\/06\/Screenshot_20250607_173514_Instagram.jpg?fit=1079%2C812&ssl=1","jetpack-related-posts":[{"id":71595,"url":"https:\/\/noticiasribeiraopreto.com.br\/index.php\/2025\/06\/07\/helicoptero-e-furtado-de-estacionamento-com-ajuda-de-reboque-no-interior-de-sp\/","url_meta":{"origin":71588,"position":0},"title":"Helic\u00f3ptero \u00e9 furtado de estacionamento com ajuda de reboque no interior de SP","author":"noticiasribeiraopreto.com.br","date":"7 de June de 2025","format":false,"excerpt":"Ladr\u00f5es furtaram um helic\u00f3ptero de pequeno porte de um estacionamento em Franca, no interior de S\u00e3o Paulo, na madrugada deste s\u00e1bado (7). De acordo com a Pol\u00edcia Militar, os suspeitos utilizaram um reboque acoplado a um ve\u00edculo sedan para realizar o crime. C\u00e2meras de seguran\u00e7a registraram o momento em que\u2026","rel":"","context":"In &quot;Not\u00edcias de Ribeir\u00e3o Preto-SP e Regi\u00e3o&quot;","block_context":{"text":"Not\u00edcias de Ribeir\u00e3o Preto-SP e Regi\u00e3o","link":"https:\/\/noticiasribeiraopreto.com.br\/index.php\/category\/noticias-de-ribeirao-preto-sp-e-regiao-ismael-colosi\/"},"img":{"alt_text":"","src":"https:\/\/i0.wp.com\/noticiasribeiraopreto.com.br\/wp-content\/uploads\/2025\/06\/Copia-de-Copia-de-Copia-de-TAMANHO-EXATO-PARA-FOTOS-NO-SISTEMA-NOVO-2025-06-07T170635.456_2025-06-07_20-06-54.webp.webp?fit=1200%2C675&ssl=1&resize=350%2C200","width":350,"height":200,"srcset":"https:\/\/i0.wp.com\/noticiasribeiraopreto.com.br\/wp-content\/uploads\/2025\/06\/Copia-de-Copia-de-Copia-de-TAMANHO-EXATO-PARA-FOTOS-NO-SISTEMA-NOVO-2025-06-07T170635.456_2025-06-07_20-06-54.webp.webp?fit=1200%2C675&ssl=1&resize=350%2C200 1x, https:\/\/i0.wp.com\/noticiasribeiraopreto.com.br\/wp-content\/uploads\/2025\/06\/Copia-de-Copia-de-Copia-de-TAMANHO-EXATO-PARA-FOTOS-NO-SISTEMA-NOVO-2025-06-07T170635.456_2025-06-07_20-06-54.webp.webp?fit=1200%2C675&ssl=1&resize=525%2C300 1.5x, https:\/\/i0.wp.com\/noticiasribeiraopreto.com.br\/wp-content\/uploads\/2025\/06\/Copia-de-Copia-de-Copia-de-TAMANHO-EXATO-PARA-FOTOS-NO-SISTEMA-NOVO-2025-06-07T170635.456_2025-06-07_20-06-54.webp.webp?fit=1200%2C675&ssl=1&resize=700%2C400 2x, https:\/\/i0.wp.com\/noticiasribeiraopreto.com.br\/wp-content\/uploads\/2025\/06\/Copia-de-Copia-de-Copia-de-TAMANHO-EXATO-PARA-FOTOS-NO-SISTEMA-NOVO-2025-06-07T170635.456_2025-06-07_20-06-54.webp.webp?fit=1200%2C675&ssl=1&resize=1050%2C600 3x"},"classes":[]},{"id":18487,"url":"https:\/\/noticiasribeiraopreto.com.br\/index.php\/2023\/12\/20\/utm_sourcerssutm_mediumrssutm_campaignpolicia-evita-roubo-e-prende-bandidos-em-franca\/","url_meta":{"origin":71588,"position":1},"title":"Pol\u00edcia evita roubo e prende bandidos em Franca \u2013 X Tudo Ribeir\u00e3o","author":"noticiasribeiraopreto.com.br","date":"20 de December de 2023","format":false,"excerpt":"Tr\u00eas marginais foram presos pela Pol\u00edcia Civil ap\u00f3s uma tentativa de roubo que foi frustada pela equipe da Delegacia de Investiga\u00e7\u00f5es Gerais (DIG), na cidade de Franca. Segundo informa\u00e7\u00f5es da Pol\u00edcia Civil, os Policiais da DIG receberam informa\u00e7\u00f5es que uma quadrilha estava preparando para assaltar uma resid\u00eancia de um empres\u00e1rio\u2026","rel":"","context":"In &quot;Not\u00edcias de Ribeir\u00e3o Preto-SP e Regi\u00e3o&quot;","block_context":{"text":"Not\u00edcias de Ribeir\u00e3o Preto-SP e Regi\u00e3o","link":"https:\/\/noticiasribeiraopreto.com.br\/index.php\/category\/noticias-de-ribeirao-preto-sp-e-regiao-ismael-colosi\/"},"img":{"alt_text":"","src":"https:\/\/i0.wp.com\/noticiasribeiraopreto.com.br\/wp-content\/uploads\/2023\/12\/cf5b30a6-fe7b-4e38-81d6-1dbb6d8e0a5b.jpeg?fit=1200%2C976&ssl=1&resize=350%2C200","width":350,"height":200,"srcset":"https:\/\/i0.wp.com\/noticiasribeiraopreto.com.br\/wp-content\/uploads\/2023\/12\/cf5b30a6-fe7b-4e38-81d6-1dbb6d8e0a5b.jpeg?fit=1200%2C976&ssl=1&resize=350%2C200 1x, https:\/\/i0.wp.com\/noticiasribeiraopreto.com.br\/wp-content\/uploads\/2023\/12\/cf5b30a6-fe7b-4e38-81d6-1dbb6d8e0a5b.jpeg?fit=1200%2C976&ssl=1&resize=525%2C300 1.5x, https:\/\/i0.wp.com\/noticiasribeiraopreto.com.br\/wp-content\/uploads\/2023\/12\/cf5b30a6-fe7b-4e38-81d6-1dbb6d8e0a5b.jpeg?fit=1200%2C976&ssl=1&resize=700%2C400 2x, https:\/\/i0.wp.com\/noticiasribeiraopreto.com.br\/wp-content\/uploads\/2023\/12\/cf5b30a6-fe7b-4e38-81d6-1dbb6d8e0a5b.jpeg?fit=1200%2C976&ssl=1&resize=1050%2C600 3x"},"classes":[]},{"id":69482,"url":"https:\/\/noticiasribeiraopreto.com.br\/index.php\/2025\/05\/06\/bandido-usa-facao-para-ameacar-vitima-na-rodovia-tancredo-neves-e-e-atingido-por-disparo\/","url_meta":{"origin":71588,"position":2},"title":"Bandido usa fac\u00e3o para amea\u00e7ar v\u00edtima na rodovia Tancredo Neves e \u00e9 atingido por disparo","author":"noticiasribeiraopreto.com.br","date":"6 de May de 2025","format":false,"excerpt":"Um assaltante foi baleado quando tentou atacar uma v\u00edtima, durante assalto cometido em ch\u00e1cara que fica \u00e0s margens da rodovia Tancredo Neves, na madrugada deste dia 6\/5. A via d\u00e1 acesso de Franca a Claraval (MG). O suspeito invandiu a ch\u00e1cara para tentar furtar o local e o morador vizinho,\u2026","rel":"","context":"In &quot;Not\u00edcias de Franca-SP&quot;","block_context":{"text":"Not\u00edcias de Franca-SP","link":"https:\/\/noticiasribeiraopreto.com.br\/index.php\/category\/noticias-de-ribeirao-preto-sp-e-regiao-ismael-colosi\/noticias-franca-sp\/"},"img":{"alt_text":"","src":"https:\/\/i0.wp.com\/noticiasribeiraopreto.com.br\/wp-content\/uploads\/2025\/05\/policia-militar.jpeg?fit=1024%2C681&ssl=1&resize=350%2C200","width":350,"height":200,"srcset":"https:\/\/i0.wp.com\/noticiasribeiraopreto.com.br\/wp-content\/uploads\/2025\/05\/policia-militar.jpeg?fit=1024%2C681&ssl=1&resize=350%2C200 1x, https:\/\/i0.wp.com\/noticiasribeiraopreto.com.br\/wp-content\/uploads\/2025\/05\/policia-militar.jpeg?fit=1024%2C681&ssl=1&resize=525%2C300 1.5x, https:\/\/i0.wp.com\/noticiasribeiraopreto.com.br\/wp-content\/uploads\/2025\/05\/policia-militar.jpeg?fit=1024%2C681&ssl=1&resize=700%2C400 2x"},"classes":[]},{"id":55033,"url":"https:\/\/noticiasribeiraopreto.com.br\/index.php\/2024\/07\/28\/homem-e-preso-em-perseguicao-apos-furto-de-caminhonete-na-zona-sul-de-ribeirao\/","url_meta":{"origin":71588,"position":3},"title":"Homem \u00e9 preso em persegui\u00e7\u00e3o ap\u00f3s furto de caminhonete na zona Sul de Ribeir\u00e3o","author":"noticiasribeiraopreto.com.br","date":"28 de July de 2024","format":false,"excerpt":"Um homem de 23 anos foi preso em Dumont, na tarde do \u00faltimo s\u00e1bado (27), depois de uma persegui\u00e7\u00e3o. O criminoso \u00e9 acusado de furtar uma caminhonete no Jardim Bot\u00e2nico, na zona Sul de Ribeir\u00e3o Preto. A caminhonete estava estacionada na rua Wanda Bastos Santiago. O dono do ve\u00edculo estava\u2026","rel":"","context":"In &quot;Not\u00edcias de Ribeir\u00e3o Preto-SP e Regi\u00e3o&quot;","block_context":{"text":"Not\u00edcias de Ribeir\u00e3o Preto-SP e Regi\u00e3o","link":"https:\/\/noticiasribeiraopreto.com.br\/index.php\/category\/noticias-de-ribeirao-preto-sp-e-regiao-ismael-colosi\/"},"img":{"alt_text":"","src":"https:\/\/i0.wp.com\/noticiasribeiraopreto.com.br\/wp-content\/uploads\/2024\/07\/1722174453_acidadeon_logos_Prancheta-1-copia-12_edited.jpg?fit=1199%2C1200&ssl=1&resize=350%2C200","width":350,"height":200,"srcset":"https:\/\/i0.wp.com\/noticiasribeiraopreto.com.br\/wp-content\/uploads\/2024\/07\/1722174453_acidadeon_logos_Prancheta-1-copia-12_edited.jpg?fit=1199%2C1200&ssl=1&resize=350%2C200 1x, https:\/\/i0.wp.com\/noticiasribeiraopreto.com.br\/wp-content\/uploads\/2024\/07\/1722174453_acidadeon_logos_Prancheta-1-copia-12_edited.jpg?fit=1199%2C1200&ssl=1&resize=525%2C300 1.5x, https:\/\/i0.wp.com\/noticiasribeiraopreto.com.br\/wp-content\/uploads\/2024\/07\/1722174453_acidadeon_logos_Prancheta-1-copia-12_edited.jpg?fit=1199%2C1200&ssl=1&resize=700%2C400 2x, https:\/\/i0.wp.com\/noticiasribeiraopreto.com.br\/wp-content\/uploads\/2024\/07\/1722174453_acidadeon_logos_Prancheta-1-copia-12_edited.jpg?fit=1199%2C1200&ssl=1&resize=1050%2C600 3x"},"classes":[]},{"id":66450,"url":"https:\/\/noticiasribeiraopreto.com.br\/index.php\/2025\/04\/01\/bandido-precisa-de-35-segundos-para-furtar-veiculo-em-rua-movimentada-no-cidade-nova\/","url_meta":{"origin":71588,"position":4},"title":"Bandido precisa de 35 segundos para furtar ve\u00edculo em rua movimentada no Cidade Nova","author":"noticiasribeiraopreto.com.br","date":"1 de April de 2025","format":false,"excerpt":"Um bandido, que vestia camiseta azul, cal\u00e7a escura, bon\u00e9 preto, precisou de apenas 35 segundos para arrombar a porta de um Gol branco, 1994, \u00fanico dono, e furt\u00e1-lo. O crime ocorreu na tarde deste dia 31\/3, na rua \u00c1lvaro Abranches, no bairro Cidade Nova, perto do Senac. S\u00f3 neste ano,\u2026","rel":"","context":"In &quot;Not\u00edcias de Franca-SP&quot;","block_context":{"text":"Not\u00edcias de Franca-SP","link":"https:\/\/noticiasribeiraopreto.com.br\/index.php\/category\/noticias-de-ribeirao-preto-sp-e-regiao-ismael-colosi\/noticias-franca-sp\/"},"img":{"alt_text":"","src":"https:\/\/i0.wp.com\/noticiasribeiraopreto.com.br\/wp-content\/uploads\/2025\/04\/Screenshot_20250401_104508_Gallery.jpg?fit=1080%2C635&ssl=1&resize=350%2C200","width":350,"height":200,"srcset":"https:\/\/i0.wp.com\/noticiasribeiraopreto.com.br\/wp-content\/uploads\/2025\/04\/Screenshot_20250401_104508_Gallery.jpg?fit=1080%2C635&ssl=1&resize=350%2C200 1x, https:\/\/i0.wp.com\/noticiasribeiraopreto.com.br\/wp-content\/uploads\/2025\/04\/Screenshot_20250401_104508_Gallery.jpg?fit=1080%2C635&ssl=1&resize=525%2C300 1.5x, https:\/\/i0.wp.com\/noticiasribeiraopreto.com.br\/wp-content\/uploads\/2025\/04\/Screenshot_20250401_104508_Gallery.jpg?fit=1080%2C635&ssl=1&resize=700%2C400 2x, https:\/\/i0.wp.com\/noticiasribeiraopreto.com.br\/wp-content\/uploads\/2025\/04\/Screenshot_20250401_104508_Gallery.jpg?fit=1080%2C635&ssl=1&resize=1050%2C600 3x"},"classes":[]},{"id":62536,"url":"https:\/\/noticiasribeiraopreto.com.br\/index.php\/2025\/01\/17\/helicoptero-que-seguia-para-o-interior-de-sp-cai-em-area-de-mata-quatro-estavam-a-bordo\/","url_meta":{"origin":71588,"position":5},"title":"Helic\u00f3ptero que seguia para o interior de SP cai em \u00e1rea de mata; Quatro estavam a bordo","author":"noticiasribeiraopreto.com.br","date":"17 de January de 2025","format":false,"excerpt":"Um helic\u00f3ptero caiu na noite desta quinta-feira (16), em \u00e1rea de mata na cidade de\u00a0Caieiras, na Grande S\u00e3o Paulo. A aeronave, que estava com quatro pessoas a bordo, foi encontrada na manh\u00e3 desta sexta-feira (17), em uma regi\u00e3o conhecida como Morro do Tico-Tico. O helic\u00f3ptero decolou da capital paulista e\u2026","rel":"","context":"In &quot;Not\u00edcias de Ribeir\u00e3o Preto-SP e Regi\u00e3o&quot;","block_context":{"text":"Not\u00edcias de Ribeir\u00e3o Preto-SP e Regi\u00e3o","link":"https:\/\/noticiasribeiraopreto.com.br\/index.php\/category\/noticias-de-ribeirao-preto-sp-e-regiao-ismael-colosi\/"},"img":{"alt_text":"","src":"https:\/\/i0.wp.com\/noticiasribeiraopreto.com.br\/wp-content\/uploads\/2025\/01\/HELICOPTERO_2025-01-17_09-41-36_jpg_2025-01-17_09-41-36.webp.webp?fit=1200%2C678&ssl=1&resize=350%2C200","width":350,"height":200,"srcset":"https:\/\/i0.wp.com\/noticiasribeiraopreto.com.br\/wp-content\/uploads\/2025\/01\/HELICOPTERO_2025-01-17_09-41-36_jpg_2025-01-17_09-41-36.webp.webp?fit=1200%2C678&ssl=1&resize=350%2C200 1x, https:\/\/i0.wp.com\/noticiasribeiraopreto.com.br\/wp-content\/uploads\/2025\/01\/HELICOPTERO_2025-01-17_09-41-36_jpg_2025-01-17_09-41-36.webp.webp?fit=1200%2C678&ssl=1&resize=525%2C300 1.5x, https:\/\/i0.wp.com\/noticiasribeiraopreto.com.br\/wp-content\/uploads\/2025\/01\/HELICOPTERO_2025-01-17_09-41-36_jpg_2025-01-17_09-41-36.webp.webp?fit=1200%2C678&ssl=1&resize=700%2C400 2x, https:\/\/i0.wp.com\/noticiasribeiraopreto.com.br\/wp-content\/uploads\/2025\/01\/HELICOPTERO_2025-01-17_09-41-36_jpg_2025-01-17_09-41-36.webp.webp?fit=1200%2C678&ssl=1&resize=1050%2C600 3x"},"classes":[]}],"jetpack_sharing_enabled":true,"jetpack_shortlink":"https:\/\/wp.me\/peQAOb-iCE","_links":{"self":[{"href":"https:\/\/noticiasribeiraopreto.com.br\/index.php\/wp-json\/wp\/v2\/posts\/71588","targetHints":{"allow":["GET"]}}],"collection":[{"href":"https:\/\/noticiasribeiraopreto.com.br\/index.php\/wp-json\/wp\/v2\/posts"}],"about":[{"href":"https:\/\/noticiasribeiraopreto.com.br\/index.php\/wp-json\/wp\/v2\/types\/post"}],"author":[{"embeddable":true,"href":"https:\/\/noticiasribeiraopreto.com.br\/index.php\/wp-json\/wp\/v2\/users\/1"}],"replies":[{"embeddable":true,"href":"https:\/\/noticiasribeiraopreto.com.br\/index.php\/wp-json\/wp\/v2\/comments?post=71588"}],"version-history":[{"count":0,"href":"https:\/\/noticiasribeiraopreto.com.br\/index.php\/wp-json\/wp\/v2\/posts\/71588\/revisions"}],"wp:featuredmedia":[{"embeddable":true,"href":"https:\/\/noticiasribeiraopreto.com.br\/index.php\/wp-json\/wp\/v2\/media\/71589"}],"wp:attachment":[{"href":"https:\/\/noticiasribeiraopreto.com.br\/index.php\/wp-json\/wp\/v2\/media?parent=71588"}],"wp:term":[{"taxonomy":"category","embeddable":true,"href":"https:\/\/noticiasribeiraopreto.com.br\/index.php\/wp-json\/wp\/v2\/categories?post=71588"},{"taxonomy":"post_tag","embeddable":true,"href":"https:\/\/noticiasribeiraopreto.com.br\/index.php\/wp-json\/wp\/v2\/tags?post=71588"}],"curies":[{"name":"wp","href":"https:\/\/api.w.org\/{rel}","templated":true}]}}