{"id":71592,"date":"2025-06-07T19:52:17","date_gmt":"2025-06-07T22:52:17","guid":{"rendered":"https:\/\/noticiasribeiraopreto.com.br\/index.php\/2025\/06\/07\/confessionario-tribuna-ribeirao-27\/"},"modified":"2025-06-07T19:52:17","modified_gmt":"2025-06-07T22:52:17","slug":"confessionario-tribuna-ribeirao-27","status":"publish","type":"post","link":"https:\/\/noticiasribeiraopreto.com.br\/index.php\/2025\/06\/07\/confessionario-tribuna-ribeirao-27\/","title":{"rendered":"Confession\u00e1rio &#8211; Tribuna Ribeir\u00e3o"},"content":{"rendered":"<div class='code-block code-block-1' style='margin: 8px 0 8px auto; text-align: right; display: block; clear: both;'>\n<p><a href=\"https:\/\/wa.link\/vpicfd\"><img data-recalc-dims=\"1\" class=\"wp-image-4922\" style=\"aspect-ratio: 2.0253164556962027; width: 561px; height: auto;\" src=\"https:\/\/i0.wp.com\/ismaelcolosi.com.br\/wp-content\/uploads\/2023\/11\/grupo-de-empregos-whatsapp-e-facebook-ismael-colosi-vagas.jpg?ssl=1\" alt=\"\" \/><\/a><\/p>\n<!-- \/wp:image -->\n<\/div>\n<p> <br \/>\n<\/p>\n<div id=\"post-428122\">\n<header class=\"entry-header penci-entry-header penci-title-center\">\n<p>\n\t\t\t\t\t\t\t\t\t<span class=\"entry-meta-item penci-posted-on\"><i class=\"fa fa-clock-o\"\/><time class=\"entry-date published\" datetime=\"2025-06-07T19:40:28-03:00\">7 de junho de 2025 19:40<\/time><time class=\"updated\" datetime=\"2025-06-07T19:43:00-03:00\">7 de junho de 2025 19:43<\/time><\/span><span class=\"entry-meta-item penci-post-countview\"><span class=\"entry-meta-item penci-post-countview penci_post-meta_item\"><i class=\"fa fa-eye\"\/><span class=\"penci-post-countview-number penci-post-countview-p428122\">1<\/span><\/span><\/span>\t\t\t\t\t\t\t\t<\/p>\n<p><!-- .entry-meta --><br \/>\n\t\t\t\t\t\t\t\t<span class=\"penci-social-buttons penci-social-share-footer\"><span class=\"penci-social-share-text\">Compartilhar<\/span><a href=\"#\" class=\"penci-post-like penci_post-meta_item  single-like-button penci-social-item like\" data-post_id=\"428122\" title=\"Like\" data-like=\"Like\" data-unlike=\"Unlike\"><i class=\"fa fa-thumbs-o-up\"\/><span class=\"penci-share-number\">0<\/span><\/a><i class=\"fa fa-facebook\"\/><a class=\"penci-social-item twitter\" target=\"_blank\" rel=\"noopener\" title=\"\" href=\"https:\/\/twitter.com\/intent\/tweet?text=Confession\u00e1rio%20-%20https:\/\/www.tribunaribeirao.com.br\/confessionario-43\/\"><i class=\"fa fa-twitter\"\/><\/a><i class=\"fa fa-linkedin\"\/><i class=\"fa fa-whatsapp\"\/><i class=\"fa fa-telegram\"\/><i class=\"fa fa-envelope\"\/><\/span>\t\t\t\t\t\t\t<\/header>\n<p><!-- .entry-header --><\/p>\n<div class=\"entry-media penci-entry-media\">\n<div class=\"post-format-meta \"><img data-recalc-dims=\"1\" loading=\"lazy\" width=\"800\" height=\"461\" src=\"https:\/\/i0.wp.com\/www.tribunaribeirao.com.br\/wp-content\/uploads\/2025\/06\/confessionario-1-scaled.jpg?resize=800%2C461&#038;ssl=1\" class=\"attachment-penci-thumb-960-auto size-penci-thumb-960-auto wp-post-image lazyload\" alt=\"\" decoding=\"async\" srcset=\"https:\/\/www.tribunaribeirao.com.br\/wp-content\/uploads\/2025\/06\/confessionario-1-scaled.jpg 800w, https:\/\/www.tribunaribeirao.com.br\/wp-content\/uploads\/2025\/06\/confessionario-1-300x173.jpg 300w, https:\/\/www.tribunaribeirao.com.br\/wp-content\/uploads\/2025\/06\/confessionario-1-768x442.jpg 768w, https:\/\/www.tribunaribeirao.com.br\/wp-content\/uploads\/2025\/06\/confessionario-1-695x400.jpg 695w, https:\/\/www.tribunaribeirao.com.br\/wp-content\/uploads\/2025\/06\/confessionario-1-585x337.jpg 585w\" data-sizes=\"(max-width: 800px) 100vw, 800px\" style=\"--smush-placeholder-width: 800px; --smush-placeholder-aspect-ratio: 800\/461;\"\/><\/div>\n<\/p><\/div>\n<div class=\"penci-entry-content entry-content\">\n<p><strong>Uma escultura de quase R$ 2 milh\u00f5es<\/strong><\/p>\n<p>O governador de S\u00e3o Paulo, Tarc\u00edsio de Freitas, por meio da Secretaria de Turismo e Viagens do Estado (Setur-SP), investiu R$ 1.804.792,08 em uma escultura que homenageia o Boi Soberano (cl\u00e1ssico da m\u00fasica sertaneja, da dupla Ti\u00e3o Carreiro &amp; Pardinho), na cidade de Barretos. O monumento vai ser inaugurado neste domingo (8) no Parque dos Lagos. O autor da escultura \u00e9 o artista Markus Moura.<\/p>\n<\/div>\n<p><!-- .entry-content --><\/p>\n<footer class=\"penci-entry-footer\">\n\t\t\t\t\t\t\t\t<span class=\"penci-social-buttons penci-social-share-footer\"><span class=\"penci-social-share-text\">Compartilhar<\/span><a href=\"#\" class=\"penci-post-like penci_post-meta_item  single-like-button penci-social-item like\" data-post_id=\"428122\" title=\"Like\" data-like=\"Like\" data-unlike=\"Unlike\"><i class=\"fa fa-thumbs-o-up\"\/><span class=\"penci-share-number\">0<\/span><\/a><i class=\"fa fa-facebook\"\/><a class=\"penci-social-item twitter\" target=\"_blank\" rel=\"noopener\" title=\"\" href=\"https:\/\/twitter.com\/intent\/tweet?text=Confession\u00e1rio%20-%20https:\/\/www.tribunaribeirao.com.br\/confessionario-43\/\"><i class=\"fa fa-twitter\"\/><\/a><i class=\"fa fa-linkedin\"\/><i class=\"fa fa-whatsapp\"\/><i class=\"fa fa-telegram\"\/><i class=\"fa fa-envelope\"\/><\/span>\t\t\t\t\t\t\t<\/footer>\n<p><!-- .entry-footer -->\n\t\t\t\t\t\t<\/div>\n<p><script async src=\"\/\/platform.twitter.com\/widgets.js\" charset=\"utf-8\"><\/script><br \/>\n<br \/><br \/>\n<br \/><a href=\"https:\/\/www.tribunaribeirao.com.br\/confessionario-43\/\">Source link <\/a><\/p>\n<!-- CONTENT END 1 -->\n","protected":false},"excerpt":{"rendered":"<p>7 de junho de 2025 19:407 de junho de 2025 19:431 Compartilhar0 Uma escultura de quase R$ 2 milh\u00f5es O governador de S\u00e3o Paulo, Tarc\u00edsio&#8230;<\/p>\n","protected":false},"author":1,"featured_media":71593,"comment_status":"open","ping_status":"open","sticky":false,"template":"","format":"standard","meta":{"advanced_seo_description":"","jetpack_seo_html_title":"","jetpack_seo_noindex":false,"jetpack_post_was_ever_published":false,"_jetpack_newsletter_access":"","_jetpack_dont_email_post_to_subs":false,"_jetpack_newsletter_tier_id":0,"_jetpack_memberships_contains_paywalled_content":false,"_jetpack_memberships_contains_paid_content":false,"footnotes":"","jetpack_publicize_message":"","jetpack_publicize_feature_enabled":true,"jetpack_social_post_already_shared":true,"jetpack_social_options":{"image_generator_settings":{"template":"highway","default_image_id":0,"font":"","enabled":false},"version":2}},"categories":[11],"tags":[],"class_list":["post-71592","post","type-post","status-publish","format-standard","has-post-thumbnail","hentry","category-noticias-de-ribeirao-preto-sp-e-regiao-ismael-colosi"],"jetpack_publicize_connections":[],"jetpack_featured_media_url":"https:\/\/i0.wp.com\/noticiasribeiraopreto.com.br\/wp-content\/uploads\/2025\/06\/confessionario-1-scaled.jpg?fit=800%2C461&ssl=1","jetpack-related-posts":[{"id":52116,"url":"https:\/\/noticiasribeiraopreto.com.br\/index.php\/2024\/06\/04\/aniversario-de-ribeirao-preto-e-feriado-data-e-comemorada-no-dia-19-de-junho\/","url_meta":{"origin":71592,"position":0},"title":"Anivers\u00e1rio de Ribeir\u00e3o Preto \u00e9 feriado? Data \u00e9 comemorada no dia 19 de junho","author":"noticiasribeiraopreto.com.br","date":"4 de June de 2024","format":false,"excerpt":"O anivers\u00e1rio de 168 anos de Ribeir\u00e3o Preto \u00e9 comemorado no pr\u00f3ximo dia 19 de junho e j\u00e1 foi divulgada uma programa\u00e7\u00e3o especial para a celebra\u00e7\u00e3o. Mas, afinal, o dia do anivers\u00e1rio de Ribeir\u00e3o \u00e9 considerado feriado? Sim, a data \u00e9 feriado municipal, que foi institu\u00eddo por meio de legisla\u00e7\u00e3o\u2026","rel":"","context":"In &quot;Not\u00edcias de Ribeir\u00e3o Preto-SP e Regi\u00e3o&quot;","block_context":{"text":"Not\u00edcias de Ribeir\u00e3o Preto-SP e Regi\u00e3o","link":"https:\/\/noticiasribeiraopreto.com.br\/index.php\/category\/noticias-de-ribeirao-preto-sp-e-regiao-ismael-colosi\/"},"img":{"alt_text":"","src":"https:\/\/i0.wp.com\/noticiasribeiraopreto.com.br\/wp-content\/uploads\/2024\/06\/totem_eu_amo_ribeirao_-_foto_fernando_gonzaga_2_2024-06-04_11-49-25_jpeg_2024-06-04_11-49-25.webp.webp?fit=1200%2C800&ssl=1&resize=350%2C200","width":350,"height":200,"srcset":"https:\/\/i0.wp.com\/noticiasribeiraopreto.com.br\/wp-content\/uploads\/2024\/06\/totem_eu_amo_ribeirao_-_foto_fernando_gonzaga_2_2024-06-04_11-49-25_jpeg_2024-06-04_11-49-25.webp.webp?fit=1200%2C800&ssl=1&resize=350%2C200 1x, https:\/\/i0.wp.com\/noticiasribeiraopreto.com.br\/wp-content\/uploads\/2024\/06\/totem_eu_amo_ribeirao_-_foto_fernando_gonzaga_2_2024-06-04_11-49-25_jpeg_2024-06-04_11-49-25.webp.webp?fit=1200%2C800&ssl=1&resize=525%2C300 1.5x, https:\/\/i0.wp.com\/noticiasribeiraopreto.com.br\/wp-content\/uploads\/2024\/06\/totem_eu_amo_ribeirao_-_foto_fernando_gonzaga_2_2024-06-04_11-49-25_jpeg_2024-06-04_11-49-25.webp.webp?fit=1200%2C800&ssl=1&resize=700%2C400 2x, https:\/\/i0.wp.com\/noticiasribeiraopreto.com.br\/wp-content\/uploads\/2024\/06\/totem_eu_amo_ribeirao_-_foto_fernando_gonzaga_2_2024-06-04_11-49-25_jpeg_2024-06-04_11-49-25.webp.webp?fit=1200%2C800&ssl=1&resize=1050%2C600 3x"},"classes":[]},{"id":51750,"url":"https:\/\/noticiasribeiraopreto.com.br\/index.php\/2024\/05\/29\/confira-a-programacao-de-eventos-em-comemoracao-ao-aniversario-de-ribeirao-preto\/","url_meta":{"origin":71592,"position":1},"title":"Confira a programa\u00e7\u00e3o de eventos em comemora\u00e7\u00e3o ao anivers\u00e1rio de Ribeir\u00e3o Preto","author":"noticiasribeiraopreto.com.br","date":"29 de May de 2024","format":false,"excerpt":"A Secretaria Municipal da Cultura e Turismo divulgou, nesta quarta-feira (29), a programa\u00e7\u00e3o de alguns dos eventos em comemora\u00e7\u00e3o ao anivers\u00e1rio da cidade. Ribeir\u00e3o Preto completa 168 anos no dia 19 de junho. As atividades comemorativas come\u00e7am, nesta quinta-feira (30), e seguem at\u00e9 o fim de junho, em diversos locais\u2026","rel":"","context":"In &quot;Not\u00edcias de Ribeir\u00e3o Preto-SP e Regi\u00e3o&quot;","block_context":{"text":"Not\u00edcias de Ribeir\u00e3o Preto-SP e Regi\u00e3o","link":"https:\/\/noticiasribeiraopreto.com.br\/index.php\/category\/noticias-de-ribeirao-preto-sp-e-regiao-ismael-colosi\/"},"img":{"alt_text":"","src":"https:\/\/i0.wp.com\/noticiasribeiraopreto.com.br\/wp-content\/uploads\/2024\/05\/Copia-de-Copia-de-TAMANHO-EXATO-PARA-FOTOS-NO-SISTEMA-NOVO-61_2024-05-29_20-36-08_jpg_2024-05-29_20-36-09.webp.webp?fit=1200%2C675&ssl=1&resize=350%2C200","width":350,"height":200,"srcset":"https:\/\/i0.wp.com\/noticiasribeiraopreto.com.br\/wp-content\/uploads\/2024\/05\/Copia-de-Copia-de-TAMANHO-EXATO-PARA-FOTOS-NO-SISTEMA-NOVO-61_2024-05-29_20-36-08_jpg_2024-05-29_20-36-09.webp.webp?fit=1200%2C675&ssl=1&resize=350%2C200 1x, https:\/\/i0.wp.com\/noticiasribeiraopreto.com.br\/wp-content\/uploads\/2024\/05\/Copia-de-Copia-de-TAMANHO-EXATO-PARA-FOTOS-NO-SISTEMA-NOVO-61_2024-05-29_20-36-08_jpg_2024-05-29_20-36-09.webp.webp?fit=1200%2C675&ssl=1&resize=525%2C300 1.5x, https:\/\/i0.wp.com\/noticiasribeiraopreto.com.br\/wp-content\/uploads\/2024\/05\/Copia-de-Copia-de-TAMANHO-EXATO-PARA-FOTOS-NO-SISTEMA-NOVO-61_2024-05-29_20-36-08_jpg_2024-05-29_20-36-09.webp.webp?fit=1200%2C675&ssl=1&resize=700%2C400 2x, https:\/\/i0.wp.com\/noticiasribeiraopreto.com.br\/wp-content\/uploads\/2024\/05\/Copia-de-Copia-de-TAMANHO-EXATO-PARA-FOTOS-NO-SISTEMA-NOVO-61_2024-05-29_20-36-08_jpg_2024-05-29_20-36-09.webp.webp?fit=1200%2C675&ssl=1&resize=1050%2C600 3x"},"classes":[]},{"id":72125,"url":"https:\/\/noticiasribeiraopreto.com.br\/index.php\/2025\/06\/13\/forro-e-sertanejo-agitam-o-fim-de-semana-no-arraia-mio-di-bao-ribeirao\/","url_meta":{"origin":71592,"position":2},"title":"Forr\u00f3 e sertanejo agitam o fim de semana no Arrai\u00e1 Mi\u00f3 di B\u00e3o Ribeir\u00e3o","author":"noticiasribeiraopreto.com.br","date":"13 de June de 2025","format":false,"excerpt":"13 de junho de 2025 13:0513 de junho de 2025 13:070 Compartilhar0 O fim de semana est\u00e1 chegando e o Arrai\u00e1 Mi\u00f3 Di B\u00e3o Ribeir\u00e3o traz uma programa\u00e7\u00e3o especial para animar os visitantes da maior festa junina da regi\u00e3o. O grupo Forr\u00f3 100 D\u00f3 se apresentar\u00e1 na sexta-feira, dia 13\u2026","rel":"","context":"In &quot;Not\u00edcias de Ribeir\u00e3o Preto-SP e Regi\u00e3o&quot;","block_context":{"text":"Not\u00edcias de Ribeir\u00e3o Preto-SP e Regi\u00e3o","link":"https:\/\/noticiasribeiraopreto.com.br\/index.php\/category\/noticias-de-ribeirao-preto-sp-e-regiao-ismael-colosi\/"},"img":{"alt_text":"","src":"https:\/\/i0.wp.com\/noticiasribeiraopreto.com.br\/wp-content\/uploads\/2025\/06\/arraia-scaled.jpeg?fit=750%2C500&ssl=1&resize=350%2C200","width":350,"height":200,"srcset":"https:\/\/i0.wp.com\/noticiasribeiraopreto.com.br\/wp-content\/uploads\/2025\/06\/arraia-scaled.jpeg?fit=750%2C500&ssl=1&resize=350%2C200 1x, https:\/\/i0.wp.com\/noticiasribeiraopreto.com.br\/wp-content\/uploads\/2025\/06\/arraia-scaled.jpeg?fit=750%2C500&ssl=1&resize=525%2C300 1.5x, https:\/\/i0.wp.com\/noticiasribeiraopreto.com.br\/wp-content\/uploads\/2025\/06\/arraia-scaled.jpeg?fit=750%2C500&ssl=1&resize=700%2C400 2x"},"classes":[]},{"id":72133,"url":"https:\/\/noticiasribeiraopreto.com.br\/index.php\/2025\/06\/13\/forro-e-sertanejo-agitam-o-fim-de-semana-no-arraia-mio-di-bao-ribeirao-2\/","url_meta":{"origin":71592,"position":3},"title":"Forr\u00f3 e sertanejo agitam o fim de semana no Arrai\u00e1 Mi\u00f3 di B\u00e3o Ribeir\u00e3o","author":"noticiasribeiraopreto.com.br","date":"13 de June de 2025","format":false,"excerpt":"13 de junho de 2025 14:126 Compartilhar0 O fim de semana est\u00e1 chegando e o Arrai\u00e1 Mi\u00f3 Di B\u00e3o Ribeir\u00e3o traz uma programa\u00e7\u00e3o especial para animar os visitantes da maior festa junina da regi\u00e3o. O grupo Forr\u00f3 100 D\u00f3 se apresentar\u00e1 na sexta-feira, dia 13 de junho. No s\u00e1bado, ser\u00e1\u2026","rel":"","context":"In &quot;Not\u00edcias de Ribeir\u00e3o Preto-SP e Regi\u00e3o&quot;","block_context":{"text":"Not\u00edcias de Ribeir\u00e3o Preto-SP e Regi\u00e3o","link":"https:\/\/noticiasribeiraopreto.com.br\/index.php\/category\/noticias-de-ribeirao-preto-sp-e-regiao-ismael-colosi\/"},"img":{"alt_text":"","src":"https:\/\/i0.wp.com\/noticiasribeiraopreto.com.br\/wp-content\/uploads\/2025\/06\/arraia-3-scaled.jpeg?fit=750%2C500&ssl=1&resize=350%2C200","width":350,"height":200,"srcset":"https:\/\/i0.wp.com\/noticiasribeiraopreto.com.br\/wp-content\/uploads\/2025\/06\/arraia-3-scaled.jpeg?fit=750%2C500&ssl=1&resize=350%2C200 1x, https:\/\/i0.wp.com\/noticiasribeiraopreto.com.br\/wp-content\/uploads\/2025\/06\/arraia-3-scaled.jpeg?fit=750%2C500&ssl=1&resize=525%2C300 1.5x, https:\/\/i0.wp.com\/noticiasribeiraopreto.com.br\/wp-content\/uploads\/2025\/06\/arraia-3-scaled.jpeg?fit=750%2C500&ssl=1&resize=700%2C400 2x"},"classes":[]},{"id":71750,"url":"https:\/\/noticiasribeiraopreto.com.br\/index.php\/2025\/06\/09\/sesi-ribeirao-tem-apresentacao-de-forro-gratuita-durante-o-mes-de-junho-veja-programacao\/","url_meta":{"origin":71592,"position":4},"title":"Sesi Ribeir\u00e3o tem apresenta\u00e7\u00e3o de forr\u00f3 gratuita durante o m\u00eas de junho; Veja programa\u00e7\u00e3o","author":"noticiasribeiraopreto.com.br","date":"9 de June de 2025","format":false,"excerpt":"As festas juninas chegaram e o forr\u00f3 \u2014 ritmo s\u00edmbolo do S\u00e3o Jo\u00e3o \u2014 ganha espa\u00e7o no calend\u00e1rio cultural de Ribeir\u00e3o Preto. Durante todo o m\u00eas de junho, o Centro Cultural Sesi ser\u00e1 palco de apresenta\u00e7\u00f5es musicais gratuitas, sempre \u00e0s quintas-feiras, \u00e0s 19h30. Os interessados devem reservar os ingressos de\u2026","rel":"","context":"In &quot;Not\u00edcias de Ribeir\u00e3o Preto-SP e Regi\u00e3o&quot;","block_context":{"text":"Not\u00edcias de Ribeir\u00e3o Preto-SP e Regi\u00e3o","link":"https:\/\/noticiasribeiraopreto.com.br\/index.php\/category\/noticias-de-ribeirao-preto-sp-e-regiao-ismael-colosi\/"},"img":{"alt_text":"","src":"https:\/\/i0.wp.com\/noticiasribeiraopreto.com.br\/wp-content\/uploads\/2025\/06\/a66292b9-905d-4077-ba5a-a1346376a151_2025-06-09_21-10-02.webp.webp?fit=1200%2C600&ssl=1&resize=350%2C200","width":350,"height":200,"srcset":"https:\/\/i0.wp.com\/noticiasribeiraopreto.com.br\/wp-content\/uploads\/2025\/06\/a66292b9-905d-4077-ba5a-a1346376a151_2025-06-09_21-10-02.webp.webp?fit=1200%2C600&ssl=1&resize=350%2C200 1x, https:\/\/i0.wp.com\/noticiasribeiraopreto.com.br\/wp-content\/uploads\/2025\/06\/a66292b9-905d-4077-ba5a-a1346376a151_2025-06-09_21-10-02.webp.webp?fit=1200%2C600&ssl=1&resize=525%2C300 1.5x, https:\/\/i0.wp.com\/noticiasribeiraopreto.com.br\/wp-content\/uploads\/2025\/06\/a66292b9-905d-4077-ba5a-a1346376a151_2025-06-09_21-10-02.webp.webp?fit=1200%2C600&ssl=1&resize=700%2C400 2x, https:\/\/i0.wp.com\/noticiasribeiraopreto.com.br\/wp-content\/uploads\/2025\/06\/a66292b9-905d-4077-ba5a-a1346376a151_2025-06-09_21-10-02.webp.webp?fit=1200%2C600&ssl=1&resize=1050%2C600 3x"},"classes":[]},{"id":72586,"url":"https:\/\/noticiasribeiraopreto.com.br\/index.php\/2025\/06\/18\/arraia-mio-di-bao-anima-ribeirao-no-feriado-de-corpus-christi\/","url_meta":{"origin":71592,"position":5},"title":"Arrai\u00e1 Mi\u00f3 Di B\u00e3o anima Ribeir\u00e3o no feriado de Corpus Christi","author":"noticiasribeiraopreto.com.br","date":"18 de June de 2025","format":false,"excerpt":"18 de junho de 2025 18:0018 de junho de 2025 14:5610 Compartilhar0 O clima de festa continua em Ribeir\u00e3o Preto com o\u00a0Arrai\u00e1 Mi\u00f3 Di B\u00e3o Ribeir\u00e3o, o maior evento junino da regi\u00e3o, que promete agitar tamb\u00e9m o feriado de\u00a0Corpus Christi e anivers\u00e1rio da cidade, nesta quarta-feira, 19 de junho. Al\u00e9m\u2026","rel":"","context":"In &quot;Not\u00edcias de Ribeir\u00e3o Preto-SP e Regi\u00e3o&quot;","block_context":{"text":"Not\u00edcias de Ribeir\u00e3o Preto-SP e Regi\u00e3o","link":"https:\/\/noticiasribeiraopreto.com.br\/index.php\/category\/noticias-de-ribeirao-preto-sp-e-regiao-ismael-colosi\/"},"img":{"alt_text":"","src":"https:\/\/i0.wp.com\/noticiasribeiraopreto.com.br\/wp-content\/uploads\/2025\/06\/ARRAIA-DINO.jpeg?fit=1200%2C814&ssl=1&resize=350%2C200","width":350,"height":200,"srcset":"https:\/\/i0.wp.com\/noticiasribeiraopreto.com.br\/wp-content\/uploads\/2025\/06\/ARRAIA-DINO.jpeg?fit=1200%2C814&ssl=1&resize=350%2C200 1x, https:\/\/i0.wp.com\/noticiasribeiraopreto.com.br\/wp-content\/uploads\/2025\/06\/ARRAIA-DINO.jpeg?fit=1200%2C814&ssl=1&resize=525%2C300 1.5x, https:\/\/i0.wp.com\/noticiasribeiraopreto.com.br\/wp-content\/uploads\/2025\/06\/ARRAIA-DINO.jpeg?fit=1200%2C814&ssl=1&resize=700%2C400 2x, https:\/\/i0.wp.com\/noticiasribeiraopreto.com.br\/wp-content\/uploads\/2025\/06\/ARRAIA-DINO.jpeg?fit=1200%2C814&ssl=1&resize=1050%2C600 3x"},"classes":[]}],"jetpack_sharing_enabled":true,"jetpack_shortlink":"https:\/\/wp.me\/peQAOb-iCI","_links":{"self":[{"href":"https:\/\/noticiasribeiraopreto.com.br\/index.php\/wp-json\/wp\/v2\/posts\/71592","targetHints":{"allow":["GET"]}}],"collection":[{"href":"https:\/\/noticiasribeiraopreto.com.br\/index.php\/wp-json\/wp\/v2\/posts"}],"about":[{"href":"https:\/\/noticiasribeiraopreto.com.br\/index.php\/wp-json\/wp\/v2\/types\/post"}],"author":[{"embeddable":true,"href":"https:\/\/noticiasribeiraopreto.com.br\/index.php\/wp-json\/wp\/v2\/users\/1"}],"replies":[{"embeddable":true,"href":"https:\/\/noticiasribeiraopreto.com.br\/index.php\/wp-json\/wp\/v2\/comments?post=71592"}],"version-history":[{"count":0,"href":"https:\/\/noticiasribeiraopreto.com.br\/index.php\/wp-json\/wp\/v2\/posts\/71592\/revisions"}],"wp:featuredmedia":[{"embeddable":true,"href":"https:\/\/noticiasribeiraopreto.com.br\/index.php\/wp-json\/wp\/v2\/media\/71593"}],"wp:attachment":[{"href":"https:\/\/noticiasribeiraopreto.com.br\/index.php\/wp-json\/wp\/v2\/media?parent=71592"}],"wp:term":[{"taxonomy":"category","embeddable":true,"href":"https:\/\/noticiasribeiraopreto.com.br\/index.php\/wp-json\/wp\/v2\/categories?post=71592"},{"taxonomy":"post_tag","embeddable":true,"href":"https:\/\/noticiasribeiraopreto.com.br\/index.php\/wp-json\/wp\/v2\/tags?post=71592"}],"curies":[{"name":"wp","href":"https:\/\/api.w.org\/{rel}","templated":true}]}}