{"id":71594,"date":"2025-06-07T19:55:46","date_gmt":"2025-06-07T22:55:46","guid":{"rendered":"https:\/\/noticiasribeiraopreto.com.br\/index.php\/2025\/06\/07\/defesa-civil-alerta-para-granizo-temporal-e-ventos-fortes-em-ribeirao-preto\/"},"modified":"2025-06-07T19:55:46","modified_gmt":"2025-06-07T22:55:46","slug":"defesa-civil-alerta-para-granizo-temporal-e-ventos-fortes-em-ribeirao-preto","status":"publish","type":"post","link":"https:\/\/noticiasribeiraopreto.com.br\/index.php\/2025\/06\/07\/defesa-civil-alerta-para-granizo-temporal-e-ventos-fortes-em-ribeirao-preto\/","title":{"rendered":"Defesa Civil alerta para granizo, temporal e ventos fortes em Ribeir\u00e3o Preto"},"content":{"rendered":"<p> <br \/>\n<\/p>\n<div>\n<p>A <strong>Defesa Civil do Estado de S\u00e3o Paulo<\/strong> emitiu um alerta para a regi\u00e3o de Ribeir\u00e3o Preto:<strong> um sistema meteorol\u00f3gico deve provocar chuvas fortes entre domingo (8) e segunda-feira (9)<\/strong>, com risco de <strong>tempestades<\/strong>, <strong>raios<\/strong>, <strong>ventos intensos <\/strong>e <strong>granizo<\/strong> em pontos isolados.<\/p>\n<p>De acordo com os modelos meteorol\u00f3gicos mais recentes, os acumulados de chuva previstos s\u00e3o classificados como moderados. No entanto, podem acontecer <strong>alagamentos, deslizamentos de terra e queda de \u00e1rvores<\/strong>, principalmente em \u00e1reas com hist\u00f3rico de vulnerabilidade.<\/p>\n<p><strong>Al\u00e9m de Ribeir\u00e3o Preto<\/strong>, outras cidades do interior paulista est\u00e3o sob aten\u00e7\u00e3o. A previs\u00e3o inclui os munic\u00edpios de <strong>Franca<\/strong>, <strong>Barretos<\/strong>, Araraquara, Bauru, Mar\u00edlia, Presidente Prudente, Ara\u00e7atuba, S\u00e3o Jos\u00e9 do Rio Preto, Campinas, Sorocaba e S\u00e3o Jos\u00e9 dos Campos. <\/p>\n<h3 class=\"wp-block-heading\"><strong>Quando come\u00e7a?<\/strong><\/h3>\n<p>No s\u00e1bado (7), o sistema come\u00e7a a se aproximar do estado, provocando <strong>chuvas isoladas<\/strong> e c\u00e9u predominantemente nublado, mas sem previs\u00e3o de intensidade severa. A partir de domingo (8), a instabilidade ganha for\u00e7a e se espalha de forma mais abrangente.<\/p>\n<p>Mesmo com a mudan\u00e7a no tempo, as temperaturas permanecem relativamente est\u00e1veis. A nebulosidade aumenta a sensa\u00e7\u00e3o de frio, mas n\u00e3o h\u00e1 indicativo de queda acentuada nas temperaturas.<\/p>\n<h3 class=\"wp-block-heading\"><strong>Vai esfriar?<\/strong><\/h3>\n<ul class=\"wp-block-list\">\n<li><strong>Ribeir\u00e3o Preto, Franca e Barretos<\/strong>: m\u00ednimas de 16\u00b0C e m\u00e1ximas de 29\u00b0C<\/li>\n<li><strong>Araraquara e Bauru<\/strong>: entre 15\u00b0C e 26\u00b0C<\/li>\n<li><strong>Presidente Prudente e Mar\u00edlia<\/strong>: m\u00ednimas de 17\u00b0C e m\u00e1ximas de 27\u00b0C<\/li>\n<li><strong>Campinas e Sorocaba<\/strong>: entre 15\u00b0C e 23\u00b0C<\/li>\n<li><strong>S\u00e3o Jos\u00e9 do Rio Preto e Ara\u00e7atuba<\/strong>: m\u00ednimas de 17\u00b0C e m\u00e1ximas de 29\u00b0C<\/li>\n<\/ul>\n<h4 class=\"wp-block-heading\"><strong>Orienta\u00e7\u00f5es da Defesa Civil<\/strong><\/h4>\n<p>A Defesa Civil orienta a popula\u00e7\u00e3o a acompanhar os canais oficiais de informa\u00e7\u00e3o e seguir medidas preventivas:<\/p>\n<ul class=\"wp-block-list\">\n<li>Evitar \u00e1reas sujeitas a alagamentos;<\/li>\n<li>N\u00e3o se abrigar sob \u00e1rvores durante tempestades;<\/li>\n<li>Redobrar a aten\u00e7\u00e3o ao dirigir sob chuva.<\/li>\n<\/ul>\n<p>A recomenda\u00e7\u00e3o \u00e9 que a popula\u00e7\u00e3o fique atenta aos alertas emitidos via SMS, redes sociais e aplicativos oficiais.<\/p>\n<hr class=\"wp-block-separator has-alpha-channel-opacity\"\/>\n<p>SAIBA MAIS<br \/>Corpo de adolescente que estava desaparecido \u00e9 encontrado no rio Pardo<\/p>\n<h2 class=\"wp-block-heading\"><strong>FIQUE ON<\/strong><\/h2>\n<p>Fique ligado em tudo que acontece em Ribeir\u00e3o Preto e regi\u00e3o. Siga os perfis do<strong>\u00a0acidade on<\/strong>\u00a0no\u00a0<a href=\"https:\/\/www.instagram.com\/acidadeonribeirao\">Instagram\u00a0<\/a>e no\u00a0<a href=\"https:\/\/www.facebook.com\/acidadeonribeirao\/\">Facebook<\/a>.<\/p>\n<p>Receba not\u00edcias do\u00a0<strong>acidade on<\/strong>\u00a0no WhatsApp.\u00a0<a href=\"https:\/\/chat.whatsapp.com\/BjKQZ9oJwlz8VVT50NuePq\">Para entrar no grupo, basta clicar aqui.<\/a><\/p>\n<p>Fa\u00e7a uma den\u00fancia ou sugira uma reportagem sobre Ribeir\u00e3o Preto e regi\u00e3o pelo WhatsApp: 16 99117 7802.<\/p>\n<p>VEJA TAMB\u00c9M<br \/>At\u00e9 quando vai a nova frente fria em S\u00e3o Paulo?<mark style=\"background-color:#ffffff\" class=\"has-inline-color has-white-color\"> , contudo<\/mark><\/p>\n<p><!-- CONTENT END 1 -->\n<\/div>\n<p><script async src=\"\/\/www.instagram.com\/embed.js\"><\/script><br \/>\n<br \/><br \/>\n<br \/><a href=\"https:\/\/www.acidadeon.com\/ribeiraopreto\/cotidiano\/defesa-civil-alerta-para-granizo-temporal-e-ventos-fortes-em-ribeirao-preto\/\">Source link <\/a><\/p>\n","protected":false},"excerpt":{"rendered":"<p>A Defesa Civil do Estado de S\u00e3o Paulo emitiu um alerta para a regi\u00e3o de Ribeir\u00e3o Preto: um sistema meteorol\u00f3gico deve provocar chuvas fortes entre&#8230;<\/p>\n","protected":false},"author":1,"featured_media":62864,"comment_status":"open","ping_status":"open","sticky":false,"template":"","format":"standard","meta":{"advanced_seo_description":"","jetpack_seo_html_title":"","jetpack_seo_noindex":false,"jetpack_post_was_ever_published":false,"_jetpack_newsletter_access":"","_jetpack_dont_email_post_to_subs":false,"_jetpack_newsletter_tier_id":0,"_jetpack_memberships_contains_paywalled_content":false,"_jetpack_memberships_contains_paid_content":false,"footnotes":"","jetpack_publicize_message":"","jetpack_publicize_feature_enabled":true,"jetpack_social_post_already_shared":true,"jetpack_social_options":{"image_generator_settings":{"template":"highway","default_image_id":0,"font":"","enabled":false},"version":2}},"categories":[11],"tags":[],"class_list":["post-71594","post","type-post","status-publish","format-standard","has-post-thumbnail","hentry","category-noticias-de-ribeirao-preto-sp-e-regiao-ismael-colosi"],"jetpack_publicize_connections":[],"jetpack_featured_media_url":"https:\/\/i0.wp.com\/noticiasribeiraopreto.com.br\/wp-content\/uploads\/2025\/01\/chuva-ribeirao_2025-01-27_00-12-06_jpeg_2025-01-27_00-12-06.webp.webp?fit=1599%2C899&ssl=1","jetpack-related-posts":[{"id":81947,"url":"https:\/\/noticiasribeiraopreto.com.br\/index.php\/2026\/01\/31\/temporais-ventos-fortes-e-granizo-defesa-civil-emite-alerta-para-ribeirao-preto\/","url_meta":{"origin":71594,"position":0},"title":"Temporais, ventos fortes e granizo: Defesa Civil emite alerta para Ribeir\u00e3o Preto","author":"noticiasribeiraopreto.com.br","date":"31 de January de 2026","format":false,"excerpt":"A Defesa Civil do Estado de S\u00e3o Paulo emitiu alerta, nesta sexta-feira (30), para ocorr\u00eancia de pancadas de chuva e temporais isolados em Ribeir\u00e3o Preto e em cidades do interior paulista ao longo deste fim de semana. As instabilidades podem ocorrer com forte intensidade em alguns momentos, acompanhadas de raios,\u2026","rel":"","context":"In &quot;Not\u00edcias de Ribeir\u00e3o Preto-SP e Regi\u00e3o&quot;","block_context":{"text":"Not\u00edcias de Ribeir\u00e3o Preto-SP e Regi\u00e3o","link":"https:\/\/noticiasribeiraopreto.com.br\/index.php\/category\/noticias-de-ribeirao-preto-sp-e-regiao-ismael-colosi\/"},"img":{"alt_text":"","src":"https:\/\/i0.wp.com\/noticiasribeiraopreto.com.br\/wp-content\/uploads\/2026\/01\/domingo-2026-01-16T173803.687_2026-01-16_20-38-08.webp.webp?fit=1200%2C675&ssl=1&resize=350%2C200","width":350,"height":200,"srcset":"https:\/\/i0.wp.com\/noticiasribeiraopreto.com.br\/wp-content\/uploads\/2026\/01\/domingo-2026-01-16T173803.687_2026-01-16_20-38-08.webp.webp?fit=1200%2C675&ssl=1&resize=350%2C200 1x, https:\/\/i0.wp.com\/noticiasribeiraopreto.com.br\/wp-content\/uploads\/2026\/01\/domingo-2026-01-16T173803.687_2026-01-16_20-38-08.webp.webp?fit=1200%2C675&ssl=1&resize=525%2C300 1.5x, https:\/\/i0.wp.com\/noticiasribeiraopreto.com.br\/wp-content\/uploads\/2026\/01\/domingo-2026-01-16T173803.687_2026-01-16_20-38-08.webp.webp?fit=1200%2C675&ssl=1&resize=700%2C400 2x, https:\/\/i0.wp.com\/noticiasribeiraopreto.com.br\/wp-content\/uploads\/2026\/01\/domingo-2026-01-16T173803.687_2026-01-16_20-38-08.webp.webp?fit=1200%2C675&ssl=1&resize=1050%2C600 3x"},"classes":[]},{"id":68019,"url":"https:\/\/noticiasribeiraopreto.com.br\/index.php\/2025\/04\/21\/frente-fria-traz-chuva-rajadas-de-vento-e-queda-de-granizo-a-sp-veja-previsao\/","url_meta":{"origin":71594,"position":1},"title":"Frente fria traz chuva, rajadas de vento e queda de granizo a SP; veja previs\u00e3o","author":"noticiasribeiraopreto.com.br","date":"21 de April de 2025","format":false,"excerpt":"A Defesa Civil divulgou um novo aviso sobre as condi\u00e7\u00f5es do tempo no Estado de S\u00e3o Paulo. Entre os dias 24 e 25 de abril, a chegada de uma nova frente fria, somada \u00e0 atua\u00e7\u00e3o de um cavado meteorol\u00f3gico, aumenta o risco de temporais em todo o estado. A previs\u00e3o\u2026","rel":"","context":"In &quot;Not\u00edcias de Ribeir\u00e3o Preto-SP e Regi\u00e3o&quot;","block_context":{"text":"Not\u00edcias de Ribeir\u00e3o Preto-SP e Regi\u00e3o","link":"https:\/\/noticiasribeiraopreto.com.br\/index.php\/category\/noticias-de-ribeirao-preto-sp-e-regiao-ismael-colosi\/"},"img":{"alt_text":"","src":"https:\/\/i0.wp.com\/noticiasribeiraopreto.com.br\/wp-content\/uploads\/2025\/04\/mg_3314_0_2025-01-22_20-02-00_jpg_2025-01-22_20-02-02-scaled.webp.webp?fit=1200%2C800&ssl=1&resize=350%2C200","width":350,"height":200,"srcset":"https:\/\/i0.wp.com\/noticiasribeiraopreto.com.br\/wp-content\/uploads\/2025\/04\/mg_3314_0_2025-01-22_20-02-00_jpg_2025-01-22_20-02-02-scaled.webp.webp?fit=1200%2C800&ssl=1&resize=350%2C200 1x, https:\/\/i0.wp.com\/noticiasribeiraopreto.com.br\/wp-content\/uploads\/2025\/04\/mg_3314_0_2025-01-22_20-02-00_jpg_2025-01-22_20-02-02-scaled.webp.webp?fit=1200%2C800&ssl=1&resize=525%2C300 1.5x, https:\/\/i0.wp.com\/noticiasribeiraopreto.com.br\/wp-content\/uploads\/2025\/04\/mg_3314_0_2025-01-22_20-02-00_jpg_2025-01-22_20-02-02-scaled.webp.webp?fit=1200%2C800&ssl=1&resize=700%2C400 2x, https:\/\/i0.wp.com\/noticiasribeiraopreto.com.br\/wp-content\/uploads\/2025\/04\/mg_3314_0_2025-01-22_20-02-00_jpg_2025-01-22_20-02-02-scaled.webp.webp?fit=1200%2C800&ssl=1&resize=1050%2C600 3x"},"classes":[]},{"id":80138,"url":"https:\/\/noticiasribeiraopreto.com.br\/index.php\/2025\/11\/16\/defesa-civil-alerta-para-chuvas-e-ventos-fortes-no-interior-de-sp-veja-a-previsao\/","url_meta":{"origin":71594,"position":2},"title":"Defesa Civil alerta para chuvas e ventos fortes no interior de SP; Veja a previs\u00e3o","author":"noticiasribeiraopreto.com.br","date":"16 de November de 2025","format":false,"excerpt":"A Defesa Civil alerta que, entre domingo (16) e ter\u00e7a-feira (18), a passagem de uma frente fria criar\u00e1 condi\u00e7\u00f5es favor\u00e1veis para chuva forte, com raios, rajadas de vento que podem superar 70 km\/h e possibilidade de granizo isolado no interior de S\u00e3o Paulo. No domingo (16), embora a frente fria\u2026","rel":"","context":"In &quot;Not\u00edcias de Ribeir\u00e3o Preto-SP e Regi\u00e3o&quot;","block_context":{"text":"Not\u00edcias de Ribeir\u00e3o Preto-SP e Regi\u00e3o","link":"https:\/\/noticiasribeiraopreto.com.br\/index.php\/category\/noticias-de-ribeirao-preto-sp-e-regiao-ismael-colosi\/"},"img":{"alt_text":"","src":"https:\/\/i0.wp.com\/noticiasribeiraopreto.com.br\/wp-content\/uploads\/2025\/11\/tempestade_2025-11-06_17-07-30.webp.webp?fit=1200%2C900&ssl=1&resize=350%2C200","width":350,"height":200,"srcset":"https:\/\/i0.wp.com\/noticiasribeiraopreto.com.br\/wp-content\/uploads\/2025\/11\/tempestade_2025-11-06_17-07-30.webp.webp?fit=1200%2C900&ssl=1&resize=350%2C200 1x, https:\/\/i0.wp.com\/noticiasribeiraopreto.com.br\/wp-content\/uploads\/2025\/11\/tempestade_2025-11-06_17-07-30.webp.webp?fit=1200%2C900&ssl=1&resize=525%2C300 1.5x, https:\/\/i0.wp.com\/noticiasribeiraopreto.com.br\/wp-content\/uploads\/2025\/11\/tempestade_2025-11-06_17-07-30.webp.webp?fit=1200%2C900&ssl=1&resize=700%2C400 2x, https:\/\/i0.wp.com\/noticiasribeiraopreto.com.br\/wp-content\/uploads\/2025\/11\/tempestade_2025-11-06_17-07-30.webp.webp?fit=1200%2C900&ssl=1&resize=1050%2C600 3x"},"classes":[]},{"id":68299,"url":"https:\/\/noticiasribeiraopreto.com.br\/index.php\/2025\/04\/24\/estado-de-sp-entra-em-alerta-para-temporais-e-ate-granizo-veja-previsao\/","url_meta":{"origin":71594,"position":3},"title":"Estado de SP entra em alerta para temporais e at\u00e9 granizo; Veja previs\u00e3o","author":"noticiasribeiraopreto.com.br","date":"24 de April de 2025","format":false,"excerpt":"O estado de S\u00e3o Paulo est\u00e1 em alerta para temporais nesta quinta-feira (24). Segundo a Climatempo, o avan\u00e7o de um cavado meteorol\u00f3gico e a circula\u00e7\u00e3o de ventos devem favorecer a forma\u00e7\u00e3o de instabilidades em todas as regi\u00f5es paulistas. Ainda de acordo com a Climatempo, as fortes pancadas de chuva devem\u2026","rel":"","context":"In &quot;Not\u00edcias de Ribeir\u00e3o Preto-SP e Regi\u00e3o&quot;","block_context":{"text":"Not\u00edcias de Ribeir\u00e3o Preto-SP e Regi\u00e3o","link":"https:\/\/noticiasribeiraopreto.com.br\/index.php\/category\/noticias-de-ribeirao-preto-sp-e-regiao-ismael-colosi\/"},"img":{"alt_text":"","src":"https:\/\/i0.wp.com\/noticiasribeiraopreto.com.br\/wp-content\/uploads\/2025\/03\/WhatsApp-Image-2025-03-10-at-06.17.15_2025-03-10_09-50-17_jpeg_2025-03-10_09-50-17.webp.webp?fit=1200%2C553&ssl=1&resize=350%2C200","width":350,"height":200,"srcset":"https:\/\/i0.wp.com\/noticiasribeiraopreto.com.br\/wp-content\/uploads\/2025\/03\/WhatsApp-Image-2025-03-10-at-06.17.15_2025-03-10_09-50-17_jpeg_2025-03-10_09-50-17.webp.webp?fit=1200%2C553&ssl=1&resize=350%2C200 1x, https:\/\/i0.wp.com\/noticiasribeiraopreto.com.br\/wp-content\/uploads\/2025\/03\/WhatsApp-Image-2025-03-10-at-06.17.15_2025-03-10_09-50-17_jpeg_2025-03-10_09-50-17.webp.webp?fit=1200%2C553&ssl=1&resize=525%2C300 1.5x, https:\/\/i0.wp.com\/noticiasribeiraopreto.com.br\/wp-content\/uploads\/2025\/03\/WhatsApp-Image-2025-03-10-at-06.17.15_2025-03-10_09-50-17_jpeg_2025-03-10_09-50-17.webp.webp?fit=1200%2C553&ssl=1&resize=700%2C400 2x, https:\/\/i0.wp.com\/noticiasribeiraopreto.com.br\/wp-content\/uploads\/2025\/03\/WhatsApp-Image-2025-03-10-at-06.17.15_2025-03-10_09-50-17_jpeg_2025-03-10_09-50-17.webp.webp?fit=1200%2C553&ssl=1&resize=1050%2C600 3x"},"classes":[]},{"id":78767,"url":"https:\/\/noticiasribeiraopreto.com.br\/index.php\/2025\/10\/17\/granizo-ventos-fortes-e-queda-de-temperatura-veja-o-alerta-da-defesa-civil-para-o-interior-de-sp\/","url_meta":{"origin":71594,"position":4},"title":"Granizo, ventos fortes e queda de temperatura: Veja o alerta da Defesa Civil para o interior de SP","author":"noticiasribeiraopreto.com.br","date":"17 de October de 2025","format":false,"excerpt":"A Defesa Civil do Estado de S\u00e3o Paulo emitiu alerta para chuvas de granizo, ventos fortes e queda na temperatura no interior de SP entre a noite desta sexta-feira (17) e o domingo (19). O aviso indica ocorr\u00eancia de raios, rajadas de vento e granizo isolado. No interior paulista, as\u2026","rel":"","context":"In &quot;Not\u00edcias de Ribeir\u00e3o Preto-SP e Regi\u00e3o&quot;","block_context":{"text":"Not\u00edcias de Ribeir\u00e3o Preto-SP e Regi\u00e3o","link":"https:\/\/noticiasribeiraopreto.com.br\/index.php\/category\/noticias-de-ribeirao-preto-sp-e-regiao-ismael-colosi\/"},"img":{"alt_text":"","src":"https:\/\/i0.wp.com\/noticiasribeiraopreto.com.br\/wp-content\/uploads\/2025\/10\/chuva_temporal_1024x576_07012021130023_2024-10-24_18-15-47_jpg_2024-10-24_18-15-47.webp.webp?fit=1024%2C575&ssl=1&resize=350%2C200","width":350,"height":200,"srcset":"https:\/\/i0.wp.com\/noticiasribeiraopreto.com.br\/wp-content\/uploads\/2025\/10\/chuva_temporal_1024x576_07012021130023_2024-10-24_18-15-47_jpg_2024-10-24_18-15-47.webp.webp?fit=1024%2C575&ssl=1&resize=350%2C200 1x, https:\/\/i0.wp.com\/noticiasribeiraopreto.com.br\/wp-content\/uploads\/2025\/10\/chuva_temporal_1024x576_07012021130023_2024-10-24_18-15-47_jpg_2024-10-24_18-15-47.webp.webp?fit=1024%2C575&ssl=1&resize=525%2C300 1.5x, https:\/\/i0.wp.com\/noticiasribeiraopreto.com.br\/wp-content\/uploads\/2025\/10\/chuva_temporal_1024x576_07012021130023_2024-10-24_18-15-47_jpg_2024-10-24_18-15-47.webp.webp?fit=1024%2C575&ssl=1&resize=700%2C400 2x"},"classes":[]},{"id":77465,"url":"https:\/\/noticiasribeiraopreto.com.br\/index.php\/2025\/09\/19\/defesa-civil-publica-alerta-para-o-estado-de-sp-veja-regioes-afetadas\/","url_meta":{"origin":71594,"position":5},"title":"Defesa Civil publica alerta para o estado de SP; Veja regi\u00f5es afetadas","author":"noticiasribeiraopreto.com.br","date":"19 de September de 2025","format":false,"excerpt":"A Defesa Civil emitiu alerta para calor, baixa umidade do ar, queimadas e chuvas fortes no estado de S\u00e3o Paulo a partir desta sexta-feira (19). No domingo (21) est\u00e1 prevista a aproxima\u00e7\u00e3o de uma frente fria. Segundo o \u00f3rg\u00e3o, entre esta sexta e domingo a previs\u00e3o \u00e9 de predom\u00ednio de\u2026","rel":"","context":"In &quot;Not\u00edcias de Ribeir\u00e3o Preto-SP e Regi\u00e3o&quot;","block_context":{"text":"Not\u00edcias de Ribeir\u00e3o Preto-SP e Regi\u00e3o","link":"https:\/\/noticiasribeiraopreto.com.br\/index.php\/category\/noticias-de-ribeirao-preto-sp-e-regiao-ismael-colosi\/"},"img":{"alt_text":"","src":"https:\/\/i0.wp.com\/noticiasribeiraopreto.com.br\/wp-content\/uploads\/2025\/07\/WhatsApp-Image-2024-07-13-at-19.42.17_2024-07-13_22-42-51_jpeg_2024-07-13_22-42-51.webp.webp?fit=1200%2C553&ssl=1&resize=350%2C200","width":350,"height":200,"srcset":"https:\/\/i0.wp.com\/noticiasribeiraopreto.com.br\/wp-content\/uploads\/2025\/07\/WhatsApp-Image-2024-07-13-at-19.42.17_2024-07-13_22-42-51_jpeg_2024-07-13_22-42-51.webp.webp?fit=1200%2C553&ssl=1&resize=350%2C200 1x, https:\/\/i0.wp.com\/noticiasribeiraopreto.com.br\/wp-content\/uploads\/2025\/07\/WhatsApp-Image-2024-07-13-at-19.42.17_2024-07-13_22-42-51_jpeg_2024-07-13_22-42-51.webp.webp?fit=1200%2C553&ssl=1&resize=525%2C300 1.5x, https:\/\/i0.wp.com\/noticiasribeiraopreto.com.br\/wp-content\/uploads\/2025\/07\/WhatsApp-Image-2024-07-13-at-19.42.17_2024-07-13_22-42-51_jpeg_2024-07-13_22-42-51.webp.webp?fit=1200%2C553&ssl=1&resize=700%2C400 2x, https:\/\/i0.wp.com\/noticiasribeiraopreto.com.br\/wp-content\/uploads\/2025\/07\/WhatsApp-Image-2024-07-13-at-19.42.17_2024-07-13_22-42-51_jpeg_2024-07-13_22-42-51.webp.webp?fit=1200%2C553&ssl=1&resize=1050%2C600 3x"},"classes":[]}],"jetpack_sharing_enabled":true,"jetpack_shortlink":"https:\/\/wp.me\/peQAOb-iCK","_links":{"self":[{"href":"https:\/\/noticiasribeiraopreto.com.br\/index.php\/wp-json\/wp\/v2\/posts\/71594","targetHints":{"allow":["GET"]}}],"collection":[{"href":"https:\/\/noticiasribeiraopreto.com.br\/index.php\/wp-json\/wp\/v2\/posts"}],"about":[{"href":"https:\/\/noticiasribeiraopreto.com.br\/index.php\/wp-json\/wp\/v2\/types\/post"}],"author":[{"embeddable":true,"href":"https:\/\/noticiasribeiraopreto.com.br\/index.php\/wp-json\/wp\/v2\/users\/1"}],"replies":[{"embeddable":true,"href":"https:\/\/noticiasribeiraopreto.com.br\/index.php\/wp-json\/wp\/v2\/comments?post=71594"}],"version-history":[{"count":0,"href":"https:\/\/noticiasribeiraopreto.com.br\/index.php\/wp-json\/wp\/v2\/posts\/71594\/revisions"}],"wp:featuredmedia":[{"embeddable":true,"href":"https:\/\/noticiasribeiraopreto.com.br\/index.php\/wp-json\/wp\/v2\/media\/62864"}],"wp:attachment":[{"href":"https:\/\/noticiasribeiraopreto.com.br\/index.php\/wp-json\/wp\/v2\/media?parent=71594"}],"wp:term":[{"taxonomy":"category","embeddable":true,"href":"https:\/\/noticiasribeiraopreto.com.br\/index.php\/wp-json\/wp\/v2\/categories?post=71594"},{"taxonomy":"post_tag","embeddable":true,"href":"https:\/\/noticiasribeiraopreto.com.br\/index.php\/wp-json\/wp\/v2\/tags?post=71594"}],"curies":[{"name":"wp","href":"https:\/\/api.w.org\/{rel}","templated":true}]}}