{"id":71595,"date":"2025-06-07T20:04:51","date_gmt":"2025-06-07T23:04:51","guid":{"rendered":"https:\/\/noticiasribeiraopreto.com.br\/index.php\/2025\/06\/07\/helicoptero-e-furtado-de-estacionamento-com-ajuda-de-reboque-no-interior-de-sp\/"},"modified":"2025-06-07T20:04:51","modified_gmt":"2025-06-07T23:04:51","slug":"helicoptero-e-furtado-de-estacionamento-com-ajuda-de-reboque-no-interior-de-sp","status":"publish","type":"post","link":"https:\/\/noticiasribeiraopreto.com.br\/index.php\/2025\/06\/07\/helicoptero-e-furtado-de-estacionamento-com-ajuda-de-reboque-no-interior-de-sp\/","title":{"rendered":"Helic\u00f3ptero \u00e9 furtado de estacionamento com ajuda de reboque no interior de SP"},"content":{"rendered":"<p> <br \/>\n<\/p>\n<div data-td-block-uid=\"tdi_95\">\n<div class=\"tdb-block-inner td-fix-index\">\n<p><strong>Ladr\u00f5es furtaram um helic\u00f3ptero de pequeno porte <\/strong>de um estacionamento em Franca, no interior de S\u00e3o Paulo, na madrugada deste s\u00e1bado (7). De acordo com a Pol\u00edcia Militar, <strong>os suspeitos utilizaram um reboque acoplado a um ve\u00edculo sedan para realizar o crime.<\/strong><\/p>\n<p>C\u00e2meras de seguran\u00e7a registraram o momento em que os criminosos invadiram o estacionamento localizado na avenida Ant\u00f4nio Barbosa Filho. <strong>As imagens mostram o helic\u00f3ptero sendo transportado pelo ve\u00edculo<\/strong>, que seguiu pela rodovia C\u00e2ndido Portinari com destino ao munic\u00edpio de Pedregulho.<\/p>\n<p>A <strong>Pol\u00edcia Militar recebeu den\u00fancias sobre a presen\u00e7a do helic\u00f3ptero e dos suspeitos na zona rural de Pedregulho<\/strong>, em uma \u00e1rea de ranchos. Os policiais se deslocaram at\u00e9 o local e iniciaram um cerco. <strong>Eles encontraram o ve\u00edculo usado no furto, mas os ocupantes fugiram.<\/strong><\/p>\n<p>Pouco depois, <strong>a equipe localizou o helic\u00f3ptero e o reboque abandonados em uma \u00e1rea de mata.<\/strong> Durante as buscas, os policiais avistaram novamente o carro envolvido no crime. Eles abordaram o condutor, que estava sozinho, e o detiveram.<\/p>\n<p>Segundo a PM, <strong>o suspeito confessou o furto e afirmou que pretendia exigir um resgate do propriet\u00e1rio da aeronave<\/strong>. Com ele foram encontrados aproximadamente R$ 3 mil em dinheiro e um telefone celular.<\/p>\n<p>A pol\u00edcia prendeu o homem em flagrante e vai apresent\u00e1-lo em audi\u00eancia de cust\u00f3dia.<\/p>\n<hr class=\"wp-block-separator has-alpha-channel-opacity\"\/>\n<p>SAIBA MAIS<br \/>Corpo de adolescente que estava desaparecido \u00e9 encontrado no rio Pardo<\/p>\n<h2 class=\"wp-block-heading\"><strong>FIQUE ON<\/strong><\/h2>\n<p>Fique ligado em tudo que acontece em Ribeir\u00e3o Preto e regi\u00e3o. Siga os perfis do<strong>\u00a0acidade on<\/strong>\u00a0no\u00a0<a href=\"https:\/\/www.instagram.com\/acidadeonribeirao\">Instagram\u00a0<\/a>e no\u00a0<a href=\"https:\/\/www.facebook.com\/acidadeonribeirao\/\">Facebook<\/a>.<\/p>\n<p>Receba not\u00edcias do\u00a0<strong>acidade on<\/strong>\u00a0no WhatsApp.\u00a0<a href=\"https:\/\/chat.whatsapp.com\/BjKQZ9oJwlz8VVT50NuePq\">Para entrar no grupo, basta clicar aqui.<\/a><\/p>\n<p>Fa\u00e7a uma den\u00fancia ou sugira uma reportagem sobre Ribeir\u00e3o Preto e regi\u00e3o pelo WhatsApp: 16 99117 7802.<\/p>\n<p>VEJA TAMB\u00c9M<br \/>At\u00e9 quando vai a nova frente fria em S\u00e3o Paulo?<mark style=\"background-color:#ffffff\" class=\"has-inline-color has-white-color\"> , contudo<\/mark><\/p>\n<p><!-- CONTENT END 1 -->\n<\/div>\n<\/div>\n<p><script async src=\"\/\/www.instagram.com\/embed.js\"><\/script><br \/>\n<br \/><br \/>\n<br \/><a href=\"https:\/\/www.acidadeon.com\/ribeiraopreto\/cotidiano\/helicoptero-e-furtado-de-estacionamento-com-ajuda-de-reboque-no-interior-de-sp\/\">Source link <\/a><\/p>\n","protected":false},"excerpt":{"rendered":"<p>Ladr\u00f5es furtaram um helic\u00f3ptero de pequeno porte de um estacionamento em Franca, no interior de S\u00e3o Paulo, na madrugada deste s\u00e1bado (7). De acordo com&#8230;<\/p>\n","protected":false},"author":1,"featured_media":71596,"comment_status":"open","ping_status":"open","sticky":false,"template":"","format":"standard","meta":{"advanced_seo_description":"","jetpack_seo_html_title":"","jetpack_seo_noindex":false,"jetpack_post_was_ever_published":false,"_jetpack_newsletter_access":"","_jetpack_dont_email_post_to_subs":false,"_jetpack_newsletter_tier_id":0,"_jetpack_memberships_contains_paywalled_content":false,"_jetpack_memberships_contains_paid_content":false,"footnotes":"","jetpack_publicize_message":"","jetpack_publicize_feature_enabled":true,"jetpack_social_post_already_shared":true,"jetpack_social_options":{"image_generator_settings":{"template":"highway","default_image_id":0,"font":"","enabled":false},"version":2}},"categories":[11],"tags":[],"class_list":["post-71595","post","type-post","status-publish","format-standard","has-post-thumbnail","hentry","category-noticias-de-ribeirao-preto-sp-e-regiao-ismael-colosi"],"jetpack_publicize_connections":[],"jetpack_featured_media_url":"https:\/\/i0.wp.com\/noticiasribeiraopreto.com.br\/wp-content\/uploads\/2025\/06\/Copia-de-Copia-de-Copia-de-TAMANHO-EXATO-PARA-FOTOS-NO-SISTEMA-NOVO-2025-06-07T170635.456_2025-06-07_20-06-54.webp.webp?fit=1200%2C675&ssl=1","jetpack-related-posts":[{"id":71588,"url":"https:\/\/noticiasribeiraopreto.com.br\/index.php\/2025\/06\/07\/bandidos-furtam-helicoptero-de-garagem-em-franca-para-cobrar-resgate\/","url_meta":{"origin":71595,"position":0},"title":"Bandidos furtam helic\u00f3ptero de garagem em Franca para cobrar resgate","author":"noticiasribeiraopreto.com.br","date":"7 de June de 2025","format":false,"excerpt":"A Pol\u00edcia Militar de Franca localizou um helic\u00f3ptero modelo Robinson, avaliado em R$ 1,2 milh\u00e3o, que fora furtado durante a madrugada deste dia 7\/6, e estava na avenida Ant\u00f4nio Barbosa Filho. Conforme apurado, a Ag\u00eancia KFAB tamb\u00e9m autou para localizar o equipamento. A aeronave estava em uma mata e foi\u2026","rel":"","context":"In &quot;Not\u00edcias de Franca-SP&quot;","block_context":{"text":"Not\u00edcias de Franca-SP","link":"https:\/\/noticiasribeiraopreto.com.br\/index.php\/category\/noticias-de-ribeirao-preto-sp-e-regiao-ismael-colosi\/noticias-franca-sp\/"},"img":{"alt_text":"","src":"https:\/\/i0.wp.com\/noticiasribeiraopreto.com.br\/wp-content\/uploads\/2025\/06\/Screenshot_20250607_173514_Instagram.jpg?fit=1079%2C812&ssl=1&resize=350%2C200","width":350,"height":200,"srcset":"https:\/\/i0.wp.com\/noticiasribeiraopreto.com.br\/wp-content\/uploads\/2025\/06\/Screenshot_20250607_173514_Instagram.jpg?fit=1079%2C812&ssl=1&resize=350%2C200 1x, https:\/\/i0.wp.com\/noticiasribeiraopreto.com.br\/wp-content\/uploads\/2025\/06\/Screenshot_20250607_173514_Instagram.jpg?fit=1079%2C812&ssl=1&resize=525%2C300 1.5x, https:\/\/i0.wp.com\/noticiasribeiraopreto.com.br\/wp-content\/uploads\/2025\/06\/Screenshot_20250607_173514_Instagram.jpg?fit=1079%2C812&ssl=1&resize=700%2C400 2x, https:\/\/i0.wp.com\/noticiasribeiraopreto.com.br\/wp-content\/uploads\/2025\/06\/Screenshot_20250607_173514_Instagram.jpg?fit=1079%2C812&ssl=1&resize=1050%2C600 3x"},"classes":[]},{"id":60364,"url":"https:\/\/noticiasribeiraopreto.com.br\/index.php\/2024\/11\/12\/perseguicao-a-suspeito-em-carro-roubado-mobiliza-helicoptero-aguia-em-ribeirao\/","url_meta":{"origin":71595,"position":1},"title":"Persegui\u00e7\u00e3o a suspeito em carro roubado mobiliza helic\u00f3ptero \u00c1guia em Ribeir\u00e3o","author":"noticiasribeiraopreto.com.br","date":"12 de November de 2024","format":false,"excerpt":"Uma persegui\u00e7\u00e3o a um suspeito em um carro roubado mobilizou a PM (Pol\u00edcia Militar) com o helic\u00f3ptero \u00c1guia na manh\u00e3 desta ter\u00e7a-feira (12), na zona Norte de Ribeir\u00e3o Preto. Segundo as primeiras informa\u00e7\u00f5es, o homem teria se envolvido em um acidente na rua Armand Henri Sbicca, no Parque Avelino Alves\u2026","rel":"","context":"In &quot;Not\u00edcias de Ribeir\u00e3o Preto-SP e Regi\u00e3o&quot;","block_context":{"text":"Not\u00edcias de Ribeir\u00e3o Preto-SP e Regi\u00e3o","link":"https:\/\/noticiasribeiraopreto.com.br\/index.php\/category\/noticias-de-ribeirao-preto-sp-e-regiao-ismael-colosi\/"},"img":{"alt_text":"","src":"https:\/\/i0.wp.com\/noticiasribeiraopreto.com.br\/wp-content\/uploads\/2024\/11\/perseguicao_2024-11-12_14-57-00_jpeg_2024-11-12_14-57-01.webp.webp?fit=1200%2C675&ssl=1&resize=350%2C200","width":350,"height":200,"srcset":"https:\/\/i0.wp.com\/noticiasribeiraopreto.com.br\/wp-content\/uploads\/2024\/11\/perseguicao_2024-11-12_14-57-00_jpeg_2024-11-12_14-57-01.webp.webp?fit=1200%2C675&ssl=1&resize=350%2C200 1x, https:\/\/i0.wp.com\/noticiasribeiraopreto.com.br\/wp-content\/uploads\/2024\/11\/perseguicao_2024-11-12_14-57-00_jpeg_2024-11-12_14-57-01.webp.webp?fit=1200%2C675&ssl=1&resize=525%2C300 1.5x, https:\/\/i0.wp.com\/noticiasribeiraopreto.com.br\/wp-content\/uploads\/2024\/11\/perseguicao_2024-11-12_14-57-00_jpeg_2024-11-12_14-57-01.webp.webp?fit=1200%2C675&ssl=1&resize=700%2C400 2x, https:\/\/i0.wp.com\/noticiasribeiraopreto.com.br\/wp-content\/uploads\/2024\/11\/perseguicao_2024-11-12_14-57-00_jpeg_2024-11-12_14-57-01.webp.webp?fit=1200%2C675&ssl=1&resize=1050%2C600 3x"},"classes":[]},{"id":61953,"url":"https:\/\/noticiasribeiraopreto.com.br\/index.php\/2024\/12\/29\/perseguicao-policial-por-70-km-na-anhanguera-mobiliza-ate-o-helicoptero-aguia\/","url_meta":{"origin":71595,"position":2},"title":"Persegui\u00e7\u00e3o policial por 70 km na Anhanguera mobiliza at\u00e9 o helic\u00f3ptero \u00c1guia","author":"noticiasribeiraopreto.com.br","date":"29 de December de 2024","format":false,"excerpt":"Uma persegui\u00e7\u00e3o a um carro na tarde deste s\u00e1bado (28), pela rodovia Anhanguera (SP-330), a partir de Cravinhos, na regi\u00e3o de Ribeir\u00e3o Preto, terminou com dois suspeitos detidos aproximadamente 70 quil\u00f4metros \u00e0 frente, j\u00e1 em Orl\u00e2ndia. Segundo a PM (Pol\u00edcia Militar), os agentes iniciaram o acompanhamento do ve\u00edculo, que estaria\u2026","rel":"","context":"In &quot;Not\u00edcias de Ribeir\u00e3o Preto-SP e Regi\u00e3o&quot;","block_context":{"text":"Not\u00edcias de Ribeir\u00e3o Preto-SP e Regi\u00e3o","link":"https:\/\/noticiasribeiraopreto.com.br\/index.php\/category\/noticias-de-ribeirao-preto-sp-e-regiao-ismael-colosi\/"},"img":{"alt_text":"","src":"https:\/\/i0.wp.com\/noticiasribeiraopreto.com.br\/wp-content\/uploads\/2024\/12\/WhatsApp-Image-2024-02-01-at-07.08.10.jpeg?fit=1200%2C727&ssl=1&resize=350%2C200","width":350,"height":200,"srcset":"https:\/\/i0.wp.com\/noticiasribeiraopreto.com.br\/wp-content\/uploads\/2024\/12\/WhatsApp-Image-2024-02-01-at-07.08.10.jpeg?fit=1200%2C727&ssl=1&resize=350%2C200 1x, https:\/\/i0.wp.com\/noticiasribeiraopreto.com.br\/wp-content\/uploads\/2024\/12\/WhatsApp-Image-2024-02-01-at-07.08.10.jpeg?fit=1200%2C727&ssl=1&resize=525%2C300 1.5x, https:\/\/i0.wp.com\/noticiasribeiraopreto.com.br\/wp-content\/uploads\/2024\/12\/WhatsApp-Image-2024-02-01-at-07.08.10.jpeg?fit=1200%2C727&ssl=1&resize=700%2C400 2x, https:\/\/i0.wp.com\/noticiasribeiraopreto.com.br\/wp-content\/uploads\/2024\/12\/WhatsApp-Image-2024-02-01-at-07.08.10.jpeg?fit=1200%2C727&ssl=1&resize=1050%2C600 3x"},"classes":[]},{"id":79188,"url":"https:\/\/noticiasribeiraopreto.com.br\/index.php\/2025\/10\/26\/helicoptero-cai-em-lago-de-pesqueiro-e-duas-pessoas-sao-resgatadas-no-interior-de-sp\/","url_meta":{"origin":71595,"position":3},"title":"Helic\u00f3ptero cai em lago de pesqueiro e duas pessoas s\u00e3o resgatadas no interior de SP","author":"noticiasribeiraopreto.com.br","date":"26 de October de 2025","format":false,"excerpt":"Um helic\u00f3ptero com duas pessoas caiu em um lago de um pesqueiro na tarde deste domingo (26), em\u00a0S\u00e3o Roque, no interior de S\u00e3o Paulo. O piloto e o passageiro foram resgatados. Segundo o Corpo de Bombeiros, o piloto sofreu escoria\u00e7\u00f5es em uma das m\u00e3os e o passageiro saiu ileso. Um\u2026","rel":"","context":"In &quot;Not\u00edcias de Ribeir\u00e3o Preto-SP e Regi\u00e3o&quot;","block_context":{"text":"Not\u00edcias de Ribeir\u00e3o Preto-SP e Regi\u00e3o","link":"https:\/\/noticiasribeiraopreto.com.br\/index.php\/category\/noticias-de-ribeirao-preto-sp-e-regiao-ismael-colosi\/"},"img":{"alt_text":"","src":"https:\/\/i0.wp.com\/noticiasribeiraopreto.com.br\/wp-content\/uploads\/2025\/07\/BOMBEIROS-1024x575-1_2024-05-31_13-44-44_jpg_2024-05-31_13-44-44.webp.webp?fit=1024%2C575&ssl=1&resize=350%2C200","width":350,"height":200,"srcset":"https:\/\/i0.wp.com\/noticiasribeiraopreto.com.br\/wp-content\/uploads\/2025\/07\/BOMBEIROS-1024x575-1_2024-05-31_13-44-44_jpg_2024-05-31_13-44-44.webp.webp?fit=1024%2C575&ssl=1&resize=350%2C200 1x, https:\/\/i0.wp.com\/noticiasribeiraopreto.com.br\/wp-content\/uploads\/2025\/07\/BOMBEIROS-1024x575-1_2024-05-31_13-44-44_jpg_2024-05-31_13-44-44.webp.webp?fit=1024%2C575&ssl=1&resize=525%2C300 1.5x, https:\/\/i0.wp.com\/noticiasribeiraopreto.com.br\/wp-content\/uploads\/2025\/07\/BOMBEIROS-1024x575-1_2024-05-31_13-44-44_jpg_2024-05-31_13-44-44.webp.webp?fit=1024%2C575&ssl=1&resize=700%2C400 2x"},"classes":[]},{"id":73479,"url":"https:\/\/noticiasribeiraopreto.com.br\/index.php\/2025\/07\/03\/suspeito-morre-em-confronto-com-o-baep-durante-operacao-do-gaeco\/","url_meta":{"origin":71595,"position":4},"title":"Suspeito morre em confronto com o BAEP durante opera\u00e7\u00e3o do GAECO","author":"noticiasribeiraopreto.com.br","date":"3 de July de 2025","format":false,"excerpt":"A\u00e7\u00e3o do MPSP e Pol\u00edcia Militar cumpre mandados, bloqueia R$ 13 milh\u00f5es e apreende drogas, ve\u00edculos e im\u00f3veis e efetua pris\u00f5es 3 de julho de 2025 10:111 Compartilhar0 Por: Adalberto Luque Uma for\u00e7a-tarefa formada pelo Grupo de Atua\u00e7\u00e3o Especial de Combate ao Crime Organizado (GAECO), do Minist\u00e9rio P\u00fablico do Estado\u2026","rel":"","context":"In &quot;Not\u00edcias de Ribeir\u00e3o Preto-SP e Regi\u00e3o&quot;","block_context":{"text":"Not\u00edcias de Ribeir\u00e3o Preto-SP e Regi\u00e3o","link":"https:\/\/noticiasribeiraopreto.com.br\/index.php\/category\/noticias-de-ribeirao-preto-sp-e-regiao-ismael-colosi\/"},"img":{"alt_text":"","src":"https:\/\/i0.wp.com\/noticiasribeiraopreto.com.br\/wp-content\/uploads\/2025\/07\/03-jul-2025-operacaogaeco1.jpg?fit=822%2C617&ssl=1&resize=350%2C200","width":350,"height":200,"srcset":"https:\/\/i0.wp.com\/noticiasribeiraopreto.com.br\/wp-content\/uploads\/2025\/07\/03-jul-2025-operacaogaeco1.jpg?fit=822%2C617&ssl=1&resize=350%2C200 1x, https:\/\/i0.wp.com\/noticiasribeiraopreto.com.br\/wp-content\/uploads\/2025\/07\/03-jul-2025-operacaogaeco1.jpg?fit=822%2C617&ssl=1&resize=525%2C300 1.5x, https:\/\/i0.wp.com\/noticiasribeiraopreto.com.br\/wp-content\/uploads\/2025\/07\/03-jul-2025-operacaogaeco1.jpg?fit=822%2C617&ssl=1&resize=700%2C400 2x"},"classes":[]},{"id":74525,"url":"https:\/\/noticiasribeiraopreto.com.br\/index.php\/2025\/07\/24\/dupla-e-presa-apos-fuga-alucinada-pela-anhanguera\/","url_meta":{"origin":71595,"position":5},"title":"Dupla \u00e9 presa ap\u00f3s fuga alucinada pela Anhanguera","author":"noticiasribeiraopreto.com.br","date":"24 de July de 2025","format":false,"excerpt":"Durante persegui\u00e7\u00e3o, um dos suspeitos chegou a pular do carro em movimento, mas os dois acabaram presos pela Pol\u00edcia Militar 24 de julho de 2025 11:321 Compartilhar1 Por: Adalberto Luque Dois homens foram presos, nesta quarta-feira (23), ap\u00f3s uma persegui\u00e7\u00e3o que mobilizou viaturas do Batalh\u00e3o de Opera\u00e7\u00f5es Especiais de Pol\u00edcia\u2026","rel":"","context":"In &quot;Not\u00edcias de Ribeir\u00e3o Preto-SP e Regi\u00e3o&quot;","block_context":{"text":"Not\u00edcias de Ribeir\u00e3o Preto-SP e Regi\u00e3o","link":"https:\/\/noticiasribeiraopreto.com.br\/index.php\/category\/noticias-de-ribeirao-preto-sp-e-regiao-ismael-colosi\/"},"img":{"alt_text":"","src":"https:\/\/i0.wp.com\/noticiasribeiraopreto.com.br\/wp-content\/uploads\/2025\/07\/24-jul-2025-fugaanhanguera1.jpg?fit=822%2C793&ssl=1&resize=350%2C200","width":350,"height":200,"srcset":"https:\/\/i0.wp.com\/noticiasribeiraopreto.com.br\/wp-content\/uploads\/2025\/07\/24-jul-2025-fugaanhanguera1.jpg?fit=822%2C793&ssl=1&resize=350%2C200 1x, https:\/\/i0.wp.com\/noticiasribeiraopreto.com.br\/wp-content\/uploads\/2025\/07\/24-jul-2025-fugaanhanguera1.jpg?fit=822%2C793&ssl=1&resize=525%2C300 1.5x, https:\/\/i0.wp.com\/noticiasribeiraopreto.com.br\/wp-content\/uploads\/2025\/07\/24-jul-2025-fugaanhanguera1.jpg?fit=822%2C793&ssl=1&resize=700%2C400 2x"},"classes":[]}],"jetpack_sharing_enabled":true,"jetpack_shortlink":"https:\/\/wp.me\/peQAOb-iCL","_links":{"self":[{"href":"https:\/\/noticiasribeiraopreto.com.br\/index.php\/wp-json\/wp\/v2\/posts\/71595","targetHints":{"allow":["GET"]}}],"collection":[{"href":"https:\/\/noticiasribeiraopreto.com.br\/index.php\/wp-json\/wp\/v2\/posts"}],"about":[{"href":"https:\/\/noticiasribeiraopreto.com.br\/index.php\/wp-json\/wp\/v2\/types\/post"}],"author":[{"embeddable":true,"href":"https:\/\/noticiasribeiraopreto.com.br\/index.php\/wp-json\/wp\/v2\/users\/1"}],"replies":[{"embeddable":true,"href":"https:\/\/noticiasribeiraopreto.com.br\/index.php\/wp-json\/wp\/v2\/comments?post=71595"}],"version-history":[{"count":0,"href":"https:\/\/noticiasribeiraopreto.com.br\/index.php\/wp-json\/wp\/v2\/posts\/71595\/revisions"}],"wp:featuredmedia":[{"embeddable":true,"href":"https:\/\/noticiasribeiraopreto.com.br\/index.php\/wp-json\/wp\/v2\/media\/71596"}],"wp:attachment":[{"href":"https:\/\/noticiasribeiraopreto.com.br\/index.php\/wp-json\/wp\/v2\/media?parent=71595"}],"wp:term":[{"taxonomy":"category","embeddable":true,"href":"https:\/\/noticiasribeiraopreto.com.br\/index.php\/wp-json\/wp\/v2\/categories?post=71595"},{"taxonomy":"post_tag","embeddable":true,"href":"https:\/\/noticiasribeiraopreto.com.br\/index.php\/wp-json\/wp\/v2\/tags?post=71595"}],"curies":[{"name":"wp","href":"https:\/\/api.w.org\/{rel}","templated":true}]}}