{"id":71597,"date":"2025-06-07T20:47:12","date_gmt":"2025-06-07T23:47:12","guid":{"rendered":"https:\/\/noticiasribeiraopreto.com.br\/index.php\/2025\/06\/07\/decisao-do-nbb-comeca-com-supresa-negativa-para-o-sesi-franca-basquete\/"},"modified":"2025-06-07T20:47:12","modified_gmt":"2025-06-07T23:47:12","slug":"decisao-do-nbb-comeca-com-supresa-negativa-para-o-sesi-franca-basquete","status":"publish","type":"post","link":"https:\/\/noticiasribeiraopreto.com.br\/index.php\/2025\/06\/07\/decisao-do-nbb-comeca-com-supresa-negativa-para-o-sesi-franca-basquete\/","title":{"rendered":"Decis\u00e3o do NBB come\u00e7a com supresa negativa para o Sesi Franca Basquete"},"content":{"rendered":"<div class='code-block code-block-1' style='margin: 8px 0 8px auto; text-align: right; display: block; clear: both;'>\n<p><a href=\"https:\/\/wa.link\/vpicfd\"><img data-recalc-dims=\"1\" class=\"wp-image-4922\" style=\"aspect-ratio: 2.0253164556962027; width: 561px; height: auto;\" src=\"https:\/\/i0.wp.com\/ismaelcolosi.com.br\/wp-content\/uploads\/2023\/11\/grupo-de-empregos-whatsapp-e-facebook-ismael-colosi-vagas.jpg?ssl=1\" alt=\"\" \/><\/a><\/p>\n<!-- \/wp:image -->\n<\/div>\n<p> <br \/>\n<\/p>\n<div>\n<p><img data-recalc-dims=\"1\" loading=\"lazy\" decoding=\"async\" class=\"alignnone size-full wp-image-37651\" src=\"https:\/\/i0.wp.com\/www.f3noticias.com.br\/wp-content\/uploads\/2025\/06\/Screenshot_20250607_181251_Chrome.jpg?resize=1080%2C950&#038;ssl=1\" alt=\"\" width=\"1080\" height=\"950\" srcset=\"https:\/\/www.f3noticias.com.br\/wp-content\/uploads\/2025\/06\/Screenshot_20250607_181251_Chrome.jpg 1080w, https:\/\/www.f3noticias.com.br\/wp-content\/uploads\/2025\/06\/Screenshot_20250607_181251_Chrome-300x264.jpg 300w, https:\/\/www.f3noticias.com.br\/wp-content\/uploads\/2025\/06\/Screenshot_20250607_181251_Chrome-1024x901.jpg 1024w, https:\/\/www.f3noticias.com.br\/wp-content\/uploads\/2025\/06\/Screenshot_20250607_181251_Chrome-768x676.jpg 768w, https:\/\/www.f3noticias.com.br\/wp-content\/uploads\/2025\/06\/Screenshot_20250607_181251_Chrome-750x660.jpg 750w\" sizes=\"auto, (max-width: 1080px) 100vw, 1080px\"\/><\/p>\n<p><img data-recalc-dims=\"1\" loading=\"lazy\" decoding=\"async\" class=\"alignnone size-full wp-image-37652\" src=\"https:\/\/i0.wp.com\/www.f3noticias.com.br\/wp-content\/uploads\/2025\/06\/Screenshot_20250607_181426_Chrome.jpg?resize=1080%2C1937&#038;ssl=1\" alt=\"\" width=\"1080\" height=\"1937\" srcset=\"https:\/\/www.f3noticias.com.br\/wp-content\/uploads\/2025\/06\/Screenshot_20250607_181426_Chrome.jpg 1080w, https:\/\/www.f3noticias.com.br\/wp-content\/uploads\/2025\/06\/Screenshot_20250607_181426_Chrome-167x300.jpg 167w, https:\/\/www.f3noticias.com.br\/wp-content\/uploads\/2025\/06\/Screenshot_20250607_181426_Chrome-571x1024.jpg 571w, https:\/\/www.f3noticias.com.br\/wp-content\/uploads\/2025\/06\/Screenshot_20250607_181426_Chrome-768x1377.jpg 768w, https:\/\/www.f3noticias.com.br\/wp-content\/uploads\/2025\/06\/Screenshot_20250607_181426_Chrome-856x1536.jpg 856w, https:\/\/www.f3noticias.com.br\/wp-content\/uploads\/2025\/06\/Screenshot_20250607_181426_Chrome-750x1345.jpg 750w\" sizes=\"auto, (max-width: 1080px) 100vw, 1080px\"\/><\/p>\n<p><img data-recalc-dims=\"1\" decoding=\"async\" loading=\"lazy\" class=\"alignnone size-full wp-image-37656\" src=\"https:\/\/i0.wp.com\/www.f3noticias.com.br\/wp-content\/uploads\/2025\/06\/Screenshot_20250607_181549_Chrome.jpg?resize=1080%2C1833&#038;ssl=1\" alt=\"\" width=\"1080\" height=\"1833\" srcset=\"https:\/\/www.f3noticias.com.br\/wp-content\/uploads\/2025\/06\/Screenshot_20250607_181549_Chrome.jpg 1080w, https:\/\/www.f3noticias.com.br\/wp-content\/uploads\/2025\/06\/Screenshot_20250607_181549_Chrome-177x300.jpg 177w, https:\/\/www.f3noticias.com.br\/wp-content\/uploads\/2025\/06\/Screenshot_20250607_181549_Chrome-603x1024.jpg 603w, https:\/\/www.f3noticias.com.br\/wp-content\/uploads\/2025\/06\/Screenshot_20250607_181549_Chrome-768x1303.jpg 768w, https:\/\/www.f3noticias.com.br\/wp-content\/uploads\/2025\/06\/Screenshot_20250607_181549_Chrome-905x1536.jpg 905w, https:\/\/www.f3noticias.com.br\/wp-content\/uploads\/2025\/06\/Screenshot_20250607_181549_Chrome-750x1273.jpg 750w\" sizes=\"auto, (max-width: 1080px) 100vw, 1080px\"\/><\/p>\n<p>No dia 12\/6, em Belo Horizonte, tem o segundo jogo da s\u00e9rie final, \u00e0s 19h.<\/p>\n<p>Retrospecto em playoffs<\/p>\n<p>Esta \u00e9 a quarta vez na hist\u00f3ria do confronto que KTO Minas e Sesi Franca Basquete em qualquer fase de playoffs. Apesar de se enfrentarem desde a primeira temporada em fase de classifica\u00e7\u00e3o, o retrospecto em playoffs \u00e9 recente, come\u00e7ando nas quartas de final da temporada 2020\/21.<\/p>\n<p>A equipe mineira venceu o primeiro duelo, mas foi superado nos dois seguintes, ambos pela semifinal, justamente nas \u00faltimas duas temporadas.<\/p>\n<\/p><\/div>\n<p><br \/>\n<br \/><a href=\"https:\/\/www.f3noticias.com.br\/decisao-do-nbb-comeca-com-supresa-negativa-para-o-sesi-franca-basquete\/\">Source link <\/a><\/p>\n<!-- CONTENT END 1 -->\n","protected":false},"excerpt":{"rendered":"<p>No dia 12\/6, em Belo Horizonte, tem o segundo jogo da s\u00e9rie final, \u00e0s 19h. Retrospecto em playoffs Esta \u00e9 a quarta vez na hist\u00f3ria&#8230;<\/p>\n","protected":false},"author":1,"featured_media":71598,"comment_status":"open","ping_status":"open","sticky":false,"template":"","format":"standard","meta":{"advanced_seo_description":"","jetpack_seo_html_title":"","jetpack_seo_noindex":false,"jetpack_post_was_ever_published":false,"_jetpack_newsletter_access":"","_jetpack_dont_email_post_to_subs":false,"_jetpack_newsletter_tier_id":0,"_jetpack_memberships_contains_paywalled_content":false,"_jetpack_memberships_contains_paid_content":false,"footnotes":"","jetpack_publicize_message":"","jetpack_publicize_feature_enabled":true,"jetpack_social_post_already_shared":true,"jetpack_social_options":{"image_generator_settings":{"template":"highway","default_image_id":0,"font":"","enabled":false},"version":2}},"categories":[3597],"tags":[],"class_list":["post-71597","post","type-post","status-publish","format-standard","has-post-thumbnail","hentry","category-noticias-franca-sp"],"jetpack_publicize_connections":[],"jetpack_featured_media_url":"https:\/\/i0.wp.com\/noticiasribeiraopreto.com.br\/wp-content\/uploads\/2025\/06\/Screenshot_20250607_180554_Instagram.jpg?fit=1079%2C720&ssl=1","jetpack-related-posts":[{"id":66789,"url":"https:\/\/noticiasribeiraopreto.com.br\/index.php\/2025\/04\/05\/jornal-da-franca-nbb-tv-cultura-transmite-partida-entre-pato-basquete-e-sesi-franca-neste-sabado\/","url_meta":{"origin":71597,"position":0},"title":"Jornal da Franca &#8211; NBB: TV Cultura transmite partida entre Pato Basquete e Sesi Franca neste s\u00e1bado","author":"noticiasribeiraopreto.com.br","date":"5 de April de 2025","format":false,"excerpt":"compartilhar no whatsapp compartilhar no telegram compartilhar no facebook compartilhar no linkedin Jogo v\u00e1lido pelo NBB come\u00e7a \u00e0s 17h10; Sesi Franca est\u00e1 na terceira coloca\u00e7\u00e3o do campeonato A TV Cultura transmitir\u00e1 neste s\u00e1bado (5) a partida entre Pato Basquete e Sesi Franca pelo Novo Basquete Brasil (NBB). O jogo, v\u00e1lido\u2026","rel":"","context":"In &quot;Not\u00edcias de Franca-SP&quot;","block_context":{"text":"Not\u00edcias de Franca-SP","link":"https:\/\/noticiasribeiraopreto.com.br\/index.php\/category\/noticias-de-ribeirao-preto-sp-e-regiao-ismael-colosi\/noticias-franca-sp\/"},"img":{"alt_text":"","src":"https:\/\/i0.wp.com\/noticiasribeiraopreto.com.br\/wp-content\/uploads\/2025\/04\/IMG-20250329-WA0001.jpg?fit=1040%2C694&ssl=1&resize=350%2C200","width":350,"height":200,"srcset":"https:\/\/i0.wp.com\/noticiasribeiraopreto.com.br\/wp-content\/uploads\/2025\/04\/IMG-20250329-WA0001.jpg?fit=1040%2C694&ssl=1&resize=350%2C200 1x, https:\/\/i0.wp.com\/noticiasribeiraopreto.com.br\/wp-content\/uploads\/2025\/04\/IMG-20250329-WA0001.jpg?fit=1040%2C694&ssl=1&resize=525%2C300 1.5x, https:\/\/i0.wp.com\/noticiasribeiraopreto.com.br\/wp-content\/uploads\/2025\/04\/IMG-20250329-WA0001.jpg?fit=1040%2C694&ssl=1&resize=700%2C400 2x"},"classes":[]},{"id":71199,"url":"https:\/\/noticiasribeiraopreto.com.br\/index.php\/2025\/06\/03\/jornal-da-franca-sesi-franca-e-flamengo-se-enfrentam-hoje-em-jogo-decisivo-pelas-semifinais-do-nbb\/","url_meta":{"origin":71597,"position":1},"title":"Jornal da Franca &#8211; Sesi Franca e Flamengo se enfrentam hoje em jogo decisivo pelas semifinais do NBB","author":"noticiasribeiraopreto.com.br","date":"3 de June de 2025","format":false,"excerpt":"compartilhar no whatsapp compartilhar no telegram compartilhar no facebook compartilhar no linkedin A expectativa \u00e9 de um confronto intenso e disputado; Sesi Franca quer vencer no Rio e eliminar cariocas A quinta partida entre Sesi Franca e Flamengo, pelas semifinais do NBB \u2013 Novo Basquete Brasil, promete ser emocionante. Ap\u00f3s\u2026","rel":"","context":"In &quot;Not\u00edcias de Franca-SP&quot;","block_context":{"text":"Not\u00edcias de Franca-SP","link":"https:\/\/noticiasribeiraopreto.com.br\/index.php\/category\/noticias-de-ribeirao-preto-sp-e-regiao-ismael-colosi\/noticias-franca-sp\/"},"img":{"alt_text":"","src":"https:\/\/i0.wp.com\/noticiasribeiraopreto.com.br\/wp-content\/uploads\/2025\/06\/1748980140_pLENARIO-13-scaled.jpg?fit=1200%2C800&ssl=1&resize=350%2C200","width":350,"height":200,"srcset":"https:\/\/i0.wp.com\/noticiasribeiraopreto.com.br\/wp-content\/uploads\/2025\/06\/1748980140_pLENARIO-13-scaled.jpg?fit=1200%2C800&ssl=1&resize=350%2C200 1x, https:\/\/i0.wp.com\/noticiasribeiraopreto.com.br\/wp-content\/uploads\/2025\/06\/1748980140_pLENARIO-13-scaled.jpg?fit=1200%2C800&ssl=1&resize=525%2C300 1.5x, https:\/\/i0.wp.com\/noticiasribeiraopreto.com.br\/wp-content\/uploads\/2025\/06\/1748980140_pLENARIO-13-scaled.jpg?fit=1200%2C800&ssl=1&resize=700%2C400 2x, https:\/\/i0.wp.com\/noticiasribeiraopreto.com.br\/wp-content\/uploads\/2025\/06\/1748980140_pLENARIO-13-scaled.jpg?fit=1200%2C800&ssl=1&resize=1050%2C600 3x"},"classes":[]},{"id":70284,"url":"https:\/\/noticiasribeiraopreto.com.br\/index.php\/2025\/05\/24\/jornal-da-franca-sesi-franca-e-flamengo-potencias-do-basquete-nacional-iniciam-hoje-semifinal-do-nbb\/","url_meta":{"origin":71597,"position":2},"title":"Jornal da Franca &#8211; Sesi Franca e Flamengo: pot\u00eancias do basquete nacional iniciam hoje semifinal do NBB","author":"noticiasribeiraopreto.com.br","date":"24 de May de 2025","format":false,"excerpt":"compartilhar no whatsapp compartilhar no telegram compartilhar no facebook compartilhar no linkedin Duas das maiores for\u00e7as do basquete brasileiro se enfrentam neste s\u00e1bado pela semifinal do NBB A partida entre Sesi Franca e Flamengo, marcada para este s\u00e1bado (24\/05), \u00e0s 17h, no Pedroc\u00e3o, promete ser um confronto \u00e9pico. Os dois\u2026","rel":"","context":"In &quot;Not\u00edcias de Franca-SP&quot;","block_context":{"text":"Not\u00edcias de Franca-SP","link":"https:\/\/noticiasribeiraopreto.com.br\/index.php\/category\/noticias-de-ribeirao-preto-sp-e-regiao-ismael-colosi\/noticias-franca-sp\/"},"img":{"alt_text":"","src":"https:\/\/i0.wp.com\/noticiasribeiraopreto.com.br\/wp-content\/uploads\/2025\/05\/IMG_20250524_093711.jpg?fit=1080%2C696&ssl=1&resize=350%2C200","width":350,"height":200,"srcset":"https:\/\/i0.wp.com\/noticiasribeiraopreto.com.br\/wp-content\/uploads\/2025\/05\/IMG_20250524_093711.jpg?fit=1080%2C696&ssl=1&resize=350%2C200 1x, https:\/\/i0.wp.com\/noticiasribeiraopreto.com.br\/wp-content\/uploads\/2025\/05\/IMG_20250524_093711.jpg?fit=1080%2C696&ssl=1&resize=525%2C300 1.5x, https:\/\/i0.wp.com\/noticiasribeiraopreto.com.br\/wp-content\/uploads\/2025\/05\/IMG_20250524_093711.jpg?fit=1080%2C696&ssl=1&resize=700%2C400 2x, https:\/\/i0.wp.com\/noticiasribeiraopreto.com.br\/wp-content\/uploads\/2025\/05\/IMG_20250524_093711.jpg?fit=1080%2C696&ssl=1&resize=1050%2C600 3x"},"classes":[]},{"id":71580,"url":"https:\/\/noticiasribeiraopreto.com.br\/index.php\/2025\/06\/07\/jornal-da-franca-lucas-dias-destaca-superacao-do-sesi-franca-e-preparacao-para-enfrentar-decisao\/","url_meta":{"origin":71597,"position":3},"title":"Jornal da Franca &#8211; Lucas Dias destaca supera\u00e7\u00e3o do Sesi Franca e prepara\u00e7\u00e3o para enfrentar decis\u00e3o","author":"noticiasribeiraopreto.com.br","date":"7 de June de 2025","format":false,"excerpt":"compartilhar no whatsapp compartilhar no telegram compartilhar no facebook compartilhar no linkedin Piv\u00f4 e capit\u00e3o da equipe de Franca disputa sua quarta decis\u00e3o seguida NBB O piv\u00f4 do Sesi Franca, Lucas Dias, falou sobre a decis\u00e3o do NBB CAIXA 2024\/25 contra o KTO Minas, que come\u00e7a \u00e0s 17 horas deste\u2026","rel":"","context":"In &quot;Not\u00edcias de Franca-SP&quot;","block_context":{"text":"Not\u00edcias de Franca-SP","link":"https:\/\/noticiasribeiraopreto.com.br\/index.php\/category\/noticias-de-ribeirao-preto-sp-e-regiao-ismael-colosi\/noticias-franca-sp\/"},"img":{"alt_text":"","src":"https:\/\/i0.wp.com\/noticiasribeiraopreto.com.br\/wp-content\/uploads\/2025\/06\/1749324930_pLENARIO-13-scaled.jpg?fit=1200%2C800&ssl=1&resize=350%2C200","width":350,"height":200,"srcset":"https:\/\/i0.wp.com\/noticiasribeiraopreto.com.br\/wp-content\/uploads\/2025\/06\/1749324930_pLENARIO-13-scaled.jpg?fit=1200%2C800&ssl=1&resize=350%2C200 1x, https:\/\/i0.wp.com\/noticiasribeiraopreto.com.br\/wp-content\/uploads\/2025\/06\/1749324930_pLENARIO-13-scaled.jpg?fit=1200%2C800&ssl=1&resize=525%2C300 1.5x, https:\/\/i0.wp.com\/noticiasribeiraopreto.com.br\/wp-content\/uploads\/2025\/06\/1749324930_pLENARIO-13-scaled.jpg?fit=1200%2C800&ssl=1&resize=700%2C400 2x, https:\/\/i0.wp.com\/noticiasribeiraopreto.com.br\/wp-content\/uploads\/2025\/06\/1749324930_pLENARIO-13-scaled.jpg?fit=1200%2C800&ssl=1&resize=1050%2C600 3x"},"classes":[]},{"id":71451,"url":"https:\/\/noticiasribeiraopreto.com.br\/index.php\/2025\/06\/06\/jornal-da-franca-sesi-franca-e-minas-tenis-se-preparam-para-a-grande-decisao-do-novo-basquete-brasil\/","url_meta":{"origin":71597,"position":4},"title":"Jornal da Franca &#8211; Sesi Franca e Minas T\u00eanis se preparam para a grande decis\u00e3o do Novo Basquete Brasil\u00a0","author":"noticiasribeiraopreto.com.br","date":"6 de June de 2025","format":false,"excerpt":"compartilhar no whatsapp compartilhar no telegram compartilhar no facebook compartilhar no linkedin Jogadores e t\u00e9cnicos dos dois times dar\u00e3o entrevista coletiva nesta sexta-feira A expectativa para a decis\u00e3o do NBB \u2013 Novo Basquete Brasil est\u00e1 a todo vapor! Nesta sexta-feira, os jogadores e t\u00e9cnicos do Sesi Franca e do Minas\u2026","rel":"","context":"In &quot;Not\u00edcias de Franca-SP&quot;","block_context":{"text":"Not\u00edcias de Franca-SP","link":"https:\/\/noticiasribeiraopreto.com.br\/index.php\/category\/noticias-de-ribeirao-preto-sp-e-regiao-ismael-colosi\/noticias-franca-sp\/"},"img":{"alt_text":"","src":"https:\/\/i0.wp.com\/noticiasribeiraopreto.com.br\/wp-content\/uploads\/2025\/06\/IMG-20250606-WA0010-scaled.jpg?fit=1200%2C800&ssl=1&resize=350%2C200","width":350,"height":200,"srcset":"https:\/\/i0.wp.com\/noticiasribeiraopreto.com.br\/wp-content\/uploads\/2025\/06\/IMG-20250606-WA0010-scaled.jpg?fit=1200%2C800&ssl=1&resize=350%2C200 1x, https:\/\/i0.wp.com\/noticiasribeiraopreto.com.br\/wp-content\/uploads\/2025\/06\/IMG-20250606-WA0010-scaled.jpg?fit=1200%2C800&ssl=1&resize=525%2C300 1.5x, https:\/\/i0.wp.com\/noticiasribeiraopreto.com.br\/wp-content\/uploads\/2025\/06\/IMG-20250606-WA0010-scaled.jpg?fit=1200%2C800&ssl=1&resize=700%2C400 2x, https:\/\/i0.wp.com\/noticiasribeiraopreto.com.br\/wp-content\/uploads\/2025\/06\/IMG-20250606-WA0010-scaled.jpg?fit=1200%2C800&ssl=1&resize=1050%2C600 3x"},"classes":[]},{"id":71412,"url":"https:\/\/noticiasribeiraopreto.com.br\/index.php\/2025\/06\/05\/jornal-da-franca-sesi-franca-se-prepara-forte-para-a-grande-decisao-do-nbb-diante-do-minas-tenis\/","url_meta":{"origin":71597,"position":5},"title":"Jornal da Franca &#8211; Sesi Franca se prepara forte para a grande decis\u00e3o do NBB diante do Minas T\u00eanis","author":"noticiasribeiraopreto.com.br","date":"5 de June de 2025","format":false,"excerpt":"compartilhar no whatsapp compartilhar no telegram compartilhar no facebook compartilhar no linkedin T\u00e9cnico Helinho Garcia realiza treinamentos intensivos visando alinhar o time para o confronto O Sesi Franca est\u00e1 em ritmo acelerado de prepara\u00e7\u00e3o para o primeiro confronto da decis\u00e3o do NBB \u2013 Novo Basquete Brasil contra o Minas T\u00eanis\u2026","rel":"","context":"In &quot;Not\u00edcias de Franca-SP&quot;","block_context":{"text":"Not\u00edcias de Franca-SP","link":"https:\/\/noticiasribeiraopreto.com.br\/index.php\/category\/noticias-de-ribeirao-preto-sp-e-regiao-ismael-colosi\/noticias-franca-sp\/"},"img":{"alt_text":"","src":"https:\/\/i0.wp.com\/noticiasribeiraopreto.com.br\/wp-content\/uploads\/2025\/06\/IMG-20250605-WA0029-scaled.jpg?fit=1200%2C800&ssl=1&resize=350%2C200","width":350,"height":200,"srcset":"https:\/\/i0.wp.com\/noticiasribeiraopreto.com.br\/wp-content\/uploads\/2025\/06\/IMG-20250605-WA0029-scaled.jpg?fit=1200%2C800&ssl=1&resize=350%2C200 1x, https:\/\/i0.wp.com\/noticiasribeiraopreto.com.br\/wp-content\/uploads\/2025\/06\/IMG-20250605-WA0029-scaled.jpg?fit=1200%2C800&ssl=1&resize=525%2C300 1.5x, https:\/\/i0.wp.com\/noticiasribeiraopreto.com.br\/wp-content\/uploads\/2025\/06\/IMG-20250605-WA0029-scaled.jpg?fit=1200%2C800&ssl=1&resize=700%2C400 2x, https:\/\/i0.wp.com\/noticiasribeiraopreto.com.br\/wp-content\/uploads\/2025\/06\/IMG-20250605-WA0029-scaled.jpg?fit=1200%2C800&ssl=1&resize=1050%2C600 3x"},"classes":[]}],"jetpack_sharing_enabled":true,"jetpack_shortlink":"https:\/\/wp.me\/peQAOb-iCN","_links":{"self":[{"href":"https:\/\/noticiasribeiraopreto.com.br\/index.php\/wp-json\/wp\/v2\/posts\/71597","targetHints":{"allow":["GET"]}}],"collection":[{"href":"https:\/\/noticiasribeiraopreto.com.br\/index.php\/wp-json\/wp\/v2\/posts"}],"about":[{"href":"https:\/\/noticiasribeiraopreto.com.br\/index.php\/wp-json\/wp\/v2\/types\/post"}],"author":[{"embeddable":true,"href":"https:\/\/noticiasribeiraopreto.com.br\/index.php\/wp-json\/wp\/v2\/users\/1"}],"replies":[{"embeddable":true,"href":"https:\/\/noticiasribeiraopreto.com.br\/index.php\/wp-json\/wp\/v2\/comments?post=71597"}],"version-history":[{"count":0,"href":"https:\/\/noticiasribeiraopreto.com.br\/index.php\/wp-json\/wp\/v2\/posts\/71597\/revisions"}],"wp:featuredmedia":[{"embeddable":true,"href":"https:\/\/noticiasribeiraopreto.com.br\/index.php\/wp-json\/wp\/v2\/media\/71598"}],"wp:attachment":[{"href":"https:\/\/noticiasribeiraopreto.com.br\/index.php\/wp-json\/wp\/v2\/media?parent=71597"}],"wp:term":[{"taxonomy":"category","embeddable":true,"href":"https:\/\/noticiasribeiraopreto.com.br\/index.php\/wp-json\/wp\/v2\/categories?post=71597"},{"taxonomy":"post_tag","embeddable":true,"href":"https:\/\/noticiasribeiraopreto.com.br\/index.php\/wp-json\/wp\/v2\/tags?post=71597"}],"curies":[{"name":"wp","href":"https:\/\/api.w.org\/{rel}","templated":true}]}}