{"id":71641,"date":"2025-06-08T14:02:27","date_gmt":"2025-06-08T17:02:27","guid":{"rendered":"https:\/\/noticiasribeiraopreto.com.br\/index.php\/2025\/06\/08\/triatleta-volta-a-competir-um-ano-apos-alta-hospitalar-no-interior-de-sp\/"},"modified":"2025-06-08T14:02:27","modified_gmt":"2025-06-08T17:02:27","slug":"triatleta-volta-a-competir-um-ano-apos-alta-hospitalar-no-interior-de-sp","status":"publish","type":"post","link":"https:\/\/noticiasribeiraopreto.com.br\/index.php\/2025\/06\/08\/triatleta-volta-a-competir-um-ano-apos-alta-hospitalar-no-interior-de-sp\/","title":{"rendered":"Triatleta volta a competir um ano ap\u00f3s\u00a0alta hospitalar no interior de SP"},"content":{"rendered":"<p> <br \/>\n<\/p>\n<div>\n<p>A triatleta <strong>Luisa Baptista<\/strong> voltou a competir neste domingo (8) na Corrida Time Brasil, realizada no<strong> Parque Ol\u00edmpico Rita Lee,<\/strong> no<strong> Rio de Janeiro<\/strong>. <mark style=\"background-color:#fcb900\" class=\"has-inline-color has-black-color\">A prova marcou o retorno da atleta para as pistas de rua exatamente um ano depois da alta hospitalar.<\/mark><\/p>\n<p>Medalha de ouro nos Jogos Pan-Americanos de 2019, <mark style=\"background-color:#fcb900\" class=\"has-inline-color has-black-color\">Luisa foi atropelada enquanto treinava de bicicleta em Santa Eud\u00f3xia, distrito de S\u00e3o Carlos, em dezembro de 2023<\/mark>. Na \u00e9poca, a triatleta sofreu 28 fraturas, ficou dois meses em coma e passou 167 dias internada.<\/p>\n<p>Lu\u00edsa escolheu correr 5km para marcar o recome\u00e7o de sua trajet\u00f3ria profissional. \u201cEstou muito feliz e muito cansada tamb\u00e9m. isso marca o meu retorno, independentemente do tempo e do resultado, eu dei o meu m\u00e1ximo\u201d, contou emocionada ap\u00f3s finalizar a prova em 25 minutos e 10 segundos.<\/p>\n<h2 class=\"wp-block-heading\"><strong>Significado<\/strong><\/h2>\n<p>\u201cSignifica muito estar comemorando o meu anivers\u00e1rio de alta hospitalar na Corrida Time Brasil. Eu n\u00e3o imaginava que a comemora\u00e7\u00e3o seria em uma corrida. Acho que est\u00e1 muito mais r\u00e1pido do que qualquer pessoa imaginava esse processo de recupera\u00e7\u00e3o\u201d, avaliou.<\/p>\n<p>\u201cE tenho certeza que daqui para frente n\u00e3o tem mais volta, vai ser cada vez melhor\u201d, concluiu.<\/p>\n<h2 class=\"wp-block-heading\"><strong>Celebra\u00e7\u00e3o<\/strong><\/h2>\n<p>Para a prova, o objetivo era um s\u00f3: concluir. \u201cEu n\u00e3o coloquei expectativa nenhuma de tempo, nenhuma meta de tempo. Eu queria terminar bem, terminar sem dor, isso \u00e9 o mais importante para mim\u201d, afirmou.<\/p>\n<p>Luisa cruzou a linha de chegada junto com seu irm\u00e3o, Vitor Duarte, que motivou a atleta durante todo o percurso.<\/p>\n<p>\u201cH\u00e1 um ano atr\u00e1s ela estava saindo do hospital completamente dependente. E ver que ela est\u00e1 aqui voltando a fazer o que ela tanto ama como profiss\u00e3o mesmo, n\u00e3o como hobby, \u00e9 sensacional. Ela est\u00e1 muito bem em um tempo muito curto. Sempre tivemos uma esperan\u00e7a positiva, mas tivemos muito medo tamb\u00e9m. \u00c9 um al\u00edvio e uma felicidade indescrit\u00edvel o que estamos sentindo hoje\u201d, afirmou Vitor.<\/p>\n<p>SAIBA MAIS<br \/>O futuro dos condom\u00ednios no Brasil: Projetos de lei prometem mudan\u00e7as impactantes<\/p>\n<h2 class=\"wp-block-heading\"><strong>FIQUE ON<\/strong><\/h2>\n<p>Fique ligado em tudo que acontece em Ribeir\u00e3o Preto e regi\u00e3o. Siga os perfis do\u00a0<strong>acidade on<\/strong>\u00a0no<a href=\"https:\/\/www.instagram.com\/acidadeonribeirao\">\u00a0Instagram<\/a>\u00a0e no\u00a0<a href=\"https:\/\/www.facebook.com\/acidadeonribeirao\/\">Facebook<\/a>.<\/p>\n<p>Receba not\u00edcias do\u00a0<strong>acidade on\u00a0<\/strong>no WhatsApp.\u00a0<a href=\"https:\/\/chat.whatsapp.com\/BjKQZ9oJwlz8VVT50NuePq\">Para entrar no grupo, basta clicar aqui.<\/a><\/p>\n<p>Fa\u00e7a uma den\u00fancia ou sugira uma reportagem sobre Ribeir\u00e3o Preto e regi\u00e3o pelo WhatsApp: 16 99117 7802.<\/p>\n<p>VEJA TAMB\u00c9M<br \/>Quais foram as tr\u00eas marcas de azeite proibidas pela Anvisa?<\/p>\n<p><!-- CONTENT END 1 -->\n<\/div>\n<p><script async src=\"\/\/www.instagram.com\/embed.js\"><\/script><br \/>\n<br \/><br \/>\n<br \/><a href=\"https:\/\/www.acidadeon.com\/ribeiraopreto\/esportes\/triatleta-volta-a-competir-um-ano-apos-alta-hospitalar-no-interior-de-sp\/\">Source link <\/a><\/p>\n","protected":false},"excerpt":{"rendered":"<p>A triatleta Luisa Baptista voltou a competir neste domingo (8) na Corrida Time Brasil, realizada no Parque Ol\u00edmpico Rita Lee, no Rio de Janeiro. A&#8230;<\/p>\n","protected":false},"author":1,"featured_media":71642,"comment_status":"open","ping_status":"open","sticky":false,"template":"","format":"standard","meta":{"advanced_seo_description":"","jetpack_seo_html_title":"","jetpack_seo_noindex":false,"jetpack_post_was_ever_published":false,"_jetpack_newsletter_access":"","_jetpack_dont_email_post_to_subs":false,"_jetpack_newsletter_tier_id":0,"_jetpack_memberships_contains_paywalled_content":false,"_jetpack_memberships_contains_paid_content":false,"footnotes":"","jetpack_publicize_message":"","jetpack_publicize_feature_enabled":true,"jetpack_social_post_already_shared":true,"jetpack_social_options":{"image_generator_settings":{"template":"highway","default_image_id":0,"font":"","enabled":false},"version":2}},"categories":[11],"tags":[],"class_list":["post-71641","post","type-post","status-publish","format-standard","has-post-thumbnail","hentry","category-noticias-de-ribeirao-preto-sp-e-regiao-ismael-colosi"],"jetpack_publicize_connections":[],"jetpack_featured_media_url":"https:\/\/i0.wp.com\/noticiasribeiraopreto.com.br\/wp-content\/uploads\/2025\/06\/luisa-baptista_2025-06-08_16-34-15.webp.webp?fit=828%2C552&ssl=1","jetpack-related-posts":[{"id":20404,"url":"https:\/\/noticiasribeiraopreto.com.br\/index.php\/2023\/12\/25\/triatleta-luisa-baptista-atropelada-durante-treino-de-bicicleta-e-transferida-para-o-hc\/","url_meta":{"origin":71641,"position":0},"title":"Triatleta Luisa Baptista, atropelada durante treino de bicicleta, \u00e9 transferida para o HC","author":"noticiasribeiraopreto.com.br","date":"25 de December de 2023","format":false,"excerpt":"A triatleta Luisa Baptista, atropelada durante um treino de bicicleta na estrada, neste s\u00e1bado, foi transferida para o Hospital das Cl\u00ednicas, em S\u00e3o Paulo. O procedimento foi poss\u00edvel devido a uma melhora no quadro da atleta de 29 anos. Ela est\u00e1 submetida a um equipamento para circula\u00e7\u00e3o do sangue. A\u2026","rel":"","context":"In &quot;Not\u00edcias de Ribeir\u00e3o Preto-SP e Regi\u00e3o&quot;","block_context":{"text":"Not\u00edcias de Ribeir\u00e3o Preto-SP e Regi\u00e3o","link":"https:\/\/noticiasribeiraopreto.com.br\/index.php\/category\/noticias-de-ribeirao-preto-sp-e-regiao-ismael-colosi\/"},"img":{"alt_text":"","src":"https:\/\/i0.wp.com\/noticiasribeiraopreto.com.br\/wp-content\/uploads\/2023\/12\/a54baa45-9d5f-4354-9990-df9eb946364c-scaled.jpg?fit=1000%2C598&ssl=1&resize=350%2C200","width":350,"height":200,"srcset":"https:\/\/i0.wp.com\/noticiasribeiraopreto.com.br\/wp-content\/uploads\/2023\/12\/a54baa45-9d5f-4354-9990-df9eb946364c-scaled.jpg?fit=1000%2C598&ssl=1&resize=350%2C200 1x, https:\/\/i0.wp.com\/noticiasribeiraopreto.com.br\/wp-content\/uploads\/2023\/12\/a54baa45-9d5f-4354-9990-df9eb946364c-scaled.jpg?fit=1000%2C598&ssl=1&resize=525%2C300 1.5x, https:\/\/i0.wp.com\/noticiasribeiraopreto.com.br\/wp-content\/uploads\/2023\/12\/a54baa45-9d5f-4354-9990-df9eb946364c-scaled.jpg?fit=1000%2C598&ssl=1&resize=700%2C400 2x"},"classes":[]},{"id":74293,"url":"https:\/\/noticiasribeiraopreto.com.br\/index.php\/2025\/07\/19\/triatleta-luisa-baptista-participa-da-abertura-dos-jogos-regionais-em-ribeirao-preto-veja-fotos\/","url_meta":{"origin":71641,"position":1},"title":"Triatleta Luisa Baptista participa da abertura dos Jogos Regionais em Ribeir\u00e3o Preto; Veja fotos","author":"noticiasribeiraopreto.com.br","date":"19 de July de 2025","format":false,"excerpt":"Ribeir\u00e3o Preto abriu oficialmente, nesta sexta-feira (18), a etapa da 5\u00aa Regi\u00e3o Esportiva dos Jogos Regionais. A cerim\u00f4nia foi realizada na Cava do Bosque. O evento contou com a presen\u00e7a da triatleta e campe\u00e3 pan-americana Luiza Baptista, que viveu um drama em 2023, ap\u00f3s sofrer um atropelamento enquanto treinava de\u2026","rel":"","context":"In &quot;Not\u00edcias de Ribeir\u00e3o Preto-SP e Regi\u00e3o&quot;","block_context":{"text":"Not\u00edcias de Ribeir\u00e3o Preto-SP e Regi\u00e3o","link":"https:\/\/noticiasribeiraopreto.com.br\/index.php\/category\/noticias-de-ribeirao-preto-sp-e-regiao-ismael-colosi\/"},"img":{"alt_text":"","src":"https:\/\/i0.wp.com\/noticiasribeiraopreto.com.br\/wp-content\/uploads\/2025\/07\/WhatsApp-Image-2025-07-19-at-07.34.07_2025-07-19_15-25-15.webp.webp?fit=1200%2C800&ssl=1&resize=350%2C200","width":350,"height":200,"srcset":"https:\/\/i0.wp.com\/noticiasribeiraopreto.com.br\/wp-content\/uploads\/2025\/07\/WhatsApp-Image-2025-07-19-at-07.34.07_2025-07-19_15-25-15.webp.webp?fit=1200%2C800&ssl=1&resize=350%2C200 1x, https:\/\/i0.wp.com\/noticiasribeiraopreto.com.br\/wp-content\/uploads\/2025\/07\/WhatsApp-Image-2025-07-19-at-07.34.07_2025-07-19_15-25-15.webp.webp?fit=1200%2C800&ssl=1&resize=525%2C300 1.5x, https:\/\/i0.wp.com\/noticiasribeiraopreto.com.br\/wp-content\/uploads\/2025\/07\/WhatsApp-Image-2025-07-19-at-07.34.07_2025-07-19_15-25-15.webp.webp?fit=1200%2C800&ssl=1&resize=700%2C400 2x, https:\/\/i0.wp.com\/noticiasribeiraopreto.com.br\/wp-content\/uploads\/2025\/07\/WhatsApp-Image-2025-07-19-at-07.34.07_2025-07-19_15-25-15.webp.webp?fit=1200%2C800&ssl=1&resize=1050%2C600 3x"},"classes":[]},{"id":84976,"url":"https:\/\/noticiasribeiraopreto.com.br\/index.php\/2026\/04\/19\/triatleta-brasileira-morre-durante-prova-de-ironman-no-texas\/","url_meta":{"origin":71641,"position":2},"title":"Triatleta brasileira morre durante prova de Ironman no Texas","author":"noticiasribeiraopreto.com.br","date":"19 de April de 2026","format":false,"excerpt":"Ler o resumo da not\u00edcia Mara\u202fFl\u00e1via\u202fAra\u00fajo, triatleta de 38\u202fanos, morreu ao desaparecer na \u00e1gua na etapa de nata\u00e7\u00e3o do Ironman Texas, s\u00e1bado (18). O incidente ocorreu no Lago\u202fWoodlands, percurso de 3,9\u202fkm da prova, nos Estados Unidos. Equipes do Corpo de Bombeiros e do condado de Montgomery conduziram as buscas, dificultadas\u2026","rel":"","context":"In &quot;Not\u00edcias de Ribeir\u00e3o Preto-SP e Regi\u00e3o&quot;","block_context":{"text":"Not\u00edcias de Ribeir\u00e3o Preto-SP e Regi\u00e3o","link":"https:\/\/noticiasribeiraopreto.com.br\/index.php\/category\/noticias-de-ribeirao-preto-sp-e-regiao-ismael-colosi\/"},"img":{"alt_text":"","src":"https:\/\/i0.wp.com\/noticiasribeiraopreto.com.br\/wp-content\/uploads\/2026\/04\/mara-flavia_2026-04-19_14-17-02.webp.webp?fit=688%2C508&ssl=1&resize=350%2C200","width":350,"height":200,"srcset":"https:\/\/i0.wp.com\/noticiasribeiraopreto.com.br\/wp-content\/uploads\/2026\/04\/mara-flavia_2026-04-19_14-17-02.webp.webp?fit=688%2C508&ssl=1&resize=350%2C200 1x, https:\/\/i0.wp.com\/noticiasribeiraopreto.com.br\/wp-content\/uploads\/2026\/04\/mara-flavia_2026-04-19_14-17-02.webp.webp?fit=688%2C508&ssl=1&resize=525%2C300 1.5x"},"classes":[]},{"id":57367,"url":"https:\/\/noticiasribeiraopreto.com.br\/index.php\/2024\/08\/29\/atleta-paralimpica-da-regiao-de-ribeirao-disputa-o-triatlo-em-paris-veja-quando\/","url_meta":{"origin":71641,"position":3},"title":"Atleta paral\u00edmpica da regi\u00e3o de Ribeir\u00e3o disputa o Triatlo em Paris; Veja quando","author":"noticiasribeiraopreto.com.br","date":"29 de August de 2024","format":false,"excerpt":"A triatleta brasileira J\u00e9ssica Messali, natural de Jaboticabal, cidade na regi\u00e3o de Ribeir\u00e3o Preto, disputa neste domingo (1\u00ba), o triatlo classe PTWC1 (para cadeirantes) nas Paral\u00edmpiadas de Paris. Em 2021, a brasileira de 36 anos conseguiu o quarto lugar e ficou a 1m24s de garantir medalha ao Brasil nos Jogos\u2026","rel":"","context":"In &quot;Not\u00edcias de Ribeir\u00e3o Preto-SP e Regi\u00e3o&quot;","block_context":{"text":"Not\u00edcias de Ribeir\u00e3o Preto-SP e Regi\u00e3o","link":"https:\/\/noticiasribeiraopreto.com.br\/index.php\/category\/noticias-de-ribeirao-preto-sp-e-regiao-ismael-colosi\/"},"img":{"alt_text":"","src":"https:\/\/i0.wp.com\/noticiasribeiraopreto.com.br\/wp-content\/uploads\/2024\/08\/51408623662_977167cff4_k-1-1024x684-1_2024-08-29_22-05-48.webp.webp?fit=1024%2C684&ssl=1&resize=350%2C200","width":350,"height":200,"srcset":"https:\/\/i0.wp.com\/noticiasribeiraopreto.com.br\/wp-content\/uploads\/2024\/08\/51408623662_977167cff4_k-1-1024x684-1_2024-08-29_22-05-48.webp.webp?fit=1024%2C684&ssl=1&resize=350%2C200 1x, https:\/\/i0.wp.com\/noticiasribeiraopreto.com.br\/wp-content\/uploads\/2024\/08\/51408623662_977167cff4_k-1-1024x684-1_2024-08-29_22-05-48.webp.webp?fit=1024%2C684&ssl=1&resize=525%2C300 1.5x, https:\/\/i0.wp.com\/noticiasribeiraopreto.com.br\/wp-content\/uploads\/2024\/08\/51408623662_977167cff4_k-1-1024x684-1_2024-08-29_22-05-48.webp.webp?fit=1024%2C684&ssl=1&resize=700%2C400 2x"},"classes":[]},{"id":74326,"url":"https:\/\/noticiasribeiraopreto.com.br\/index.php\/2025\/07\/20\/incendio-atinge-vegetacao-as-margens-da-rodovia-abrao-assed\/","url_meta":{"origin":71641,"position":4},"title":"Inc\u00eandio atinge vegeta\u00e7\u00e3o \u00e0s margens da rodovia Abr\u00e3o Assed","author":"noticiasribeiraopreto.com.br","date":"20 de July de 2025","format":false,"excerpt":"Um foco de inc\u00eandio atingiu uma \u00e1rea de vegeta\u00e7\u00e3o nas proximidades do km 54 da rodovia Abr\u00e3o Assed (SP-333), em Ribeir\u00e3o Preto, sentido Serrana, na manh\u00e3 deste domingo (20), por volta de 8h30. Apesar das chamas, o tr\u00e1fego seguiu normalmente. Nenhum trecho da rodovia precisou ser interditado e n\u00e3o houve\u2026","rel":"","context":"In &quot;Not\u00edcias de Ribeir\u00e3o Preto-SP e Regi\u00e3o&quot;","block_context":{"text":"Not\u00edcias de Ribeir\u00e3o Preto-SP e Regi\u00e3o","link":"https:\/\/noticiasribeiraopreto.com.br\/index.php\/category\/noticias-de-ribeirao-preto-sp-e-regiao-ismael-colosi\/"},"img":{"alt_text":"","src":"https:\/\/i0.wp.com\/noticiasribeiraopreto.com.br\/wp-content\/uploads\/2025\/07\/Copia-de-Copia-de-Copia-de-TAMANHO-EXATO-PARA-FOTOS-NO-SISTEMA-NOVO-2025-07-20T112711.693_2025-07-20_14-27-29.webp.webp?fit=1200%2C675&ssl=1&resize=350%2C200","width":350,"height":200,"srcset":"https:\/\/i0.wp.com\/noticiasribeiraopreto.com.br\/wp-content\/uploads\/2025\/07\/Copia-de-Copia-de-Copia-de-TAMANHO-EXATO-PARA-FOTOS-NO-SISTEMA-NOVO-2025-07-20T112711.693_2025-07-20_14-27-29.webp.webp?fit=1200%2C675&ssl=1&resize=350%2C200 1x, https:\/\/i0.wp.com\/noticiasribeiraopreto.com.br\/wp-content\/uploads\/2025\/07\/Copia-de-Copia-de-Copia-de-TAMANHO-EXATO-PARA-FOTOS-NO-SISTEMA-NOVO-2025-07-20T112711.693_2025-07-20_14-27-29.webp.webp?fit=1200%2C675&ssl=1&resize=525%2C300 1.5x, https:\/\/i0.wp.com\/noticiasribeiraopreto.com.br\/wp-content\/uploads\/2025\/07\/Copia-de-Copia-de-Copia-de-TAMANHO-EXATO-PARA-FOTOS-NO-SISTEMA-NOVO-2025-07-20T112711.693_2025-07-20_14-27-29.webp.webp?fit=1200%2C675&ssl=1&resize=700%2C400 2x, https:\/\/i0.wp.com\/noticiasribeiraopreto.com.br\/wp-content\/uploads\/2025\/07\/Copia-de-Copia-de-Copia-de-TAMANHO-EXATO-PARA-FOTOS-NO-SISTEMA-NOVO-2025-07-20T112711.693_2025-07-20_14-27-29.webp.webp?fit=1200%2C675&ssl=1&resize=1050%2C600 3x"},"classes":[]},{"id":74308,"url":"https:\/\/noticiasribeiraopreto.com.br\/index.php\/2025\/07\/19\/comercial-perde-a-segunda-seguida-na-copa-paulista\/","url_meta":{"origin":71641,"position":5},"title":"Comercial perde a segunda seguida na Copa Paulista","author":"noticiasribeiraopreto.com.br","date":"19 de July de 2025","format":false,"excerpt":"O Comercial perdeu o segundo jogo seguido na Copa Paulista. Neste s\u00e1bado (19), a Francana levou a melhor ao conquistar a primeira vit\u00f3ria na competi\u00e7\u00e3o pelo placar de 1 a 0, na sexta rodada, no est\u00e1dio Jos\u00e9 Lancha Filho, em Franca. O gol da Veterana foi anotado por Marquinhos, aos\u2026","rel":"","context":"In &quot;Not\u00edcias de Ribeir\u00e3o Preto-SP e Regi\u00e3o&quot;","block_context":{"text":"Not\u00edcias de Ribeir\u00e3o Preto-SP e Regi\u00e3o","link":"https:\/\/noticiasribeiraopreto.com.br\/index.php\/category\/noticias-de-ribeirao-preto-sp-e-regiao-ismael-colosi\/"},"img":{"alt_text":"","src":"https:\/\/i0.wp.com\/noticiasribeiraopreto.com.br\/wp-content\/uploads\/2025\/07\/WhatsApp-Image-2025-07-19-at-17.15.28_2025-07-19_20-58-21.webp.webp?fit=1200%2C800&ssl=1&resize=350%2C200","width":350,"height":200,"srcset":"https:\/\/i0.wp.com\/noticiasribeiraopreto.com.br\/wp-content\/uploads\/2025\/07\/WhatsApp-Image-2025-07-19-at-17.15.28_2025-07-19_20-58-21.webp.webp?fit=1200%2C800&ssl=1&resize=350%2C200 1x, https:\/\/i0.wp.com\/noticiasribeiraopreto.com.br\/wp-content\/uploads\/2025\/07\/WhatsApp-Image-2025-07-19-at-17.15.28_2025-07-19_20-58-21.webp.webp?fit=1200%2C800&ssl=1&resize=525%2C300 1.5x, https:\/\/i0.wp.com\/noticiasribeiraopreto.com.br\/wp-content\/uploads\/2025\/07\/WhatsApp-Image-2025-07-19-at-17.15.28_2025-07-19_20-58-21.webp.webp?fit=1200%2C800&ssl=1&resize=700%2C400 2x, https:\/\/i0.wp.com\/noticiasribeiraopreto.com.br\/wp-content\/uploads\/2025\/07\/WhatsApp-Image-2025-07-19-at-17.15.28_2025-07-19_20-58-21.webp.webp?fit=1200%2C800&ssl=1&resize=1050%2C600 3x"},"classes":[]}],"jetpack_sharing_enabled":true,"jetpack_shortlink":"https:\/\/wp.me\/peQAOb-iDv","_links":{"self":[{"href":"https:\/\/noticiasribeiraopreto.com.br\/index.php\/wp-json\/wp\/v2\/posts\/71641","targetHints":{"allow":["GET"]}}],"collection":[{"href":"https:\/\/noticiasribeiraopreto.com.br\/index.php\/wp-json\/wp\/v2\/posts"}],"about":[{"href":"https:\/\/noticiasribeiraopreto.com.br\/index.php\/wp-json\/wp\/v2\/types\/post"}],"author":[{"embeddable":true,"href":"https:\/\/noticiasribeiraopreto.com.br\/index.php\/wp-json\/wp\/v2\/users\/1"}],"replies":[{"embeddable":true,"href":"https:\/\/noticiasribeiraopreto.com.br\/index.php\/wp-json\/wp\/v2\/comments?post=71641"}],"version-history":[{"count":0,"href":"https:\/\/noticiasribeiraopreto.com.br\/index.php\/wp-json\/wp\/v2\/posts\/71641\/revisions"}],"wp:featuredmedia":[{"embeddable":true,"href":"https:\/\/noticiasribeiraopreto.com.br\/index.php\/wp-json\/wp\/v2\/media\/71642"}],"wp:attachment":[{"href":"https:\/\/noticiasribeiraopreto.com.br\/index.php\/wp-json\/wp\/v2\/media?parent=71641"}],"wp:term":[{"taxonomy":"category","embeddable":true,"href":"https:\/\/noticiasribeiraopreto.com.br\/index.php\/wp-json\/wp\/v2\/categories?post=71641"},{"taxonomy":"post_tag","embeddable":true,"href":"https:\/\/noticiasribeiraopreto.com.br\/index.php\/wp-json\/wp\/v2\/tags?post=71641"}],"curies":[{"name":"wp","href":"https:\/\/api.w.org\/{rel}","templated":true}]}}