{"id":71643,"date":"2025-06-08T14:12:28","date_gmt":"2025-06-08T17:12:28","guid":{"rendered":"https:\/\/noticiasribeiraopreto.com.br\/index.php\/2025\/06\/08\/ribeirao-preto-lanca-rota-inova-rural-conexao-entre-universidades-e-agronegocio\/"},"modified":"2025-06-08T14:12:28","modified_gmt":"2025-06-08T17:12:28","slug":"ribeirao-preto-lanca-rota-inova-rural-conexao-entre-universidades-e-agronegocio","status":"publish","type":"post","link":"https:\/\/noticiasribeiraopreto.com.br\/index.php\/2025\/06\/08\/ribeirao-preto-lanca-rota-inova-rural-conexao-entre-universidades-e-agronegocio\/","title":{"rendered":"Ribeir\u00e3o Preto lan\u00e7a Rota Inova Rural: conex\u00e3o entre universidades e agroneg\u00f3cio"},"content":{"rendered":"<p> <br \/>\n<\/p>\n<div>\n<p>Ser\u00e1 lan\u00e7ada na pr\u00f3xima ter\u00e7a-feira (10), em<strong> Ribeir\u00e3o Preto<\/strong>, a <strong>Rota Inova Rural<\/strong>, que pretende conectar universidades, startups e empresas, especialmente usinas, para o desenvolvimento de tecnologias inovadoras para o agroneg\u00f3cio.<\/p>\n<p>Al\u00e9m de palestras peri\u00f3dicas, os agentes envolvidos desenvolver\u00e3o ferramentas de inova\u00e7\u00e3o sob medida para as reais necessidades do setor. O lan\u00e7amento da Rota Inova Rural acontece no <strong>Dabi Business Park<\/strong>, a partir das 13h30.<\/p>\n<p>O evento vai reunir representantes de empresas do setor, institui\u00e7\u00f5es de ensino e apoiadores institucionais para apresentar a estrutura do programa, compartilhar os pr\u00f3ximos passos e fortalecer a rede de conex\u00f5es.<\/p>\n<p>Entre os nomes confirmados para o primeiro encontro est\u00e3o Suely Vilela (Secretaria de Inova\u00e7\u00e3o e Desenvolvimento de Ribeir\u00e3o Preto), Ana Dulce Nunes (NEP Bio), Paulo Montabone (Fenasucro &amp; Agrocana), Rosana Amadeu (CEISE Br), Eduardo Cicconi (Supera Parque), Ricardo Agostinho (\u00c1rea 51) e Fernando Junqueira (AEAARP).<\/p>\n<h2 class=\"wp-block-heading\"><strong>Avan\u00e7o<\/strong><\/h2>\n<p>Para o CEO da Treesales, Luciano Fernandes, o programa representa um avan\u00e7o significativo para o agroneg\u00f3cio. \u201cO Rota Inova Rural est\u00e1 para o agroneg\u00f3cio assim como o GPS est\u00e1 para o trator: uma ferramenta que orienta, conecta e potencializa a efici\u00eancia das opera\u00e7\u00f5es\u201d, compara.<\/p>\n<p>\u201cNosso objetivo \u00e9 manter Ribeir\u00e3o Preto no centro do mapa do agroneg\u00f3cio brasileiro n\u00e3o apenas pelas tradicionais feiras e eventos, mas por projetos de impacto real, que colocam a regi\u00e3o como refer\u00eancia em inova\u00e7\u00e3o aberta e colabora\u00e7\u00e3o entre empresas, universidades e startups\u201d, completa Fernandes.<\/p>\n<p>SAIBA MAIS<br \/>O futuro dos condom\u00ednios no Brasil: Projetos de lei prometem mudan\u00e7as impactantes<\/p>\n<h2 class=\"wp-block-heading\"><strong>FIQUE ON<\/strong><\/h2>\n<p>Fique ligado em tudo que acontece em Ribeir\u00e3o Preto e regi\u00e3o. Siga os perfis do\u00a0<strong>acidade on<\/strong>\u00a0no<a href=\"https:\/\/www.instagram.com\/acidadeonribeirao\">\u00a0Instagram<\/a>\u00a0e no\u00a0<a href=\"https:\/\/www.facebook.com\/acidadeonribeirao\/\">Facebook<\/a>.<\/p>\n<p>Receba not\u00edcias do\u00a0<strong>acidade on\u00a0<\/strong>no WhatsApp.\u00a0<a href=\"https:\/\/chat.whatsapp.com\/BjKQZ9oJwlz8VVT50NuePq\">Para entrar no grupo, basta clicar aqui.<\/a><\/p>\n<p>Fa\u00e7a uma den\u00fancia ou sugira uma reportagem sobre Ribeir\u00e3o Preto e regi\u00e3o pelo WhatsApp: 16 99117 7802.<\/p>\n<p>VEJA TAMB\u00c9M<br \/>Quais foram as tr\u00eas marcas de azeite proibidas pela Anvisa?<\/p>\n<p><!-- CONTENT END 1 -->\n<\/div>\n<p><script async src=\"\/\/www.instagram.com\/embed.js\"><\/script><br \/>\n<br \/><br \/>\n<br \/><a href=\"https:\/\/www.acidadeon.com\/ribeiraopreto\/economia\/ribeirao-preto-lanca-rota-inova-rural-conexao-entre-universidades-e-agronegocio\/\">Source link <\/a><\/p>\n","protected":false},"excerpt":{"rendered":"<p>Ser\u00e1 lan\u00e7ada na pr\u00f3xima ter\u00e7a-feira (10), em Ribeir\u00e3o Preto, a Rota Inova Rural, que pretende conectar universidades, startups e empresas, especialmente usinas, para o desenvolvimento&#8230;<\/p>\n","protected":false},"author":1,"featured_media":71644,"comment_status":"open","ping_status":"open","sticky":false,"template":"","format":"standard","meta":{"advanced_seo_description":"","jetpack_seo_html_title":"","jetpack_seo_noindex":false,"jetpack_post_was_ever_published":false,"_jetpack_newsletter_access":"","_jetpack_dont_email_post_to_subs":false,"_jetpack_newsletter_tier_id":0,"_jetpack_memberships_contains_paywalled_content":false,"_jetpack_memberships_contains_paid_content":false,"footnotes":"","jetpack_publicize_message":"","jetpack_publicize_feature_enabled":true,"jetpack_social_post_already_shared":true,"jetpack_social_options":{"image_generator_settings":{"template":"highway","default_image_id":0,"font":"","enabled":false},"version":2}},"categories":[11],"tags":[],"class_list":["post-71643","post","type-post","status-publish","format-standard","has-post-thumbnail","hentry","category-noticias-de-ribeirao-preto-sp-e-regiao-ismael-colosi"],"jetpack_publicize_connections":[],"jetpack_featured_media_url":"https:\/\/i0.wp.com\/noticiasribeiraopreto.com.br\/wp-content\/uploads\/2025\/06\/dabi-business_2025-06-08_15-54-36.webp.webp?fit=1200%2C675&ssl=1","jetpack-related-posts":[{"id":75958,"url":"https:\/\/noticiasribeiraopreto.com.br\/index.php\/2025\/08\/19\/programa-preve-aportes-de-ate-r-1-milhao-em-iniciativas-para-o-agronegocio\/","url_meta":{"origin":71643,"position":0},"title":"Programa prev\u00ea aportes de at\u00e9 R$ 1 milh\u00e3o em iniciativas para o agroneg\u00f3cio","author":"noticiasribeiraopreto.com.br","date":"19 de August de 2025","format":false,"excerpt":"A Rota Inova Rural 2025 oferece aportes de at\u00e9 R$ 1 milh\u00e3o para iniciativas que apresentem solu\u00e7\u00f5es para o agroneg\u00f3cio. As inscri\u00e7\u00f5es devem ser realizadas pela internet (clique aqui) at\u00e9 o pr\u00f3ximo dia 26 de agosto. O programa tem a proposta de aproximar empresas l\u00edderes do agro de quem pode\u2026","rel":"","context":"In &quot;Not\u00edcias de Ribeir\u00e3o Preto-SP e Regi\u00e3o&quot;","block_context":{"text":"Not\u00edcias de Ribeir\u00e3o Preto-SP e Regi\u00e3o","link":"https:\/\/noticiasribeiraopreto.com.br\/index.php\/category\/noticias-de-ribeirao-preto-sp-e-regiao-ismael-colosi\/"},"img":{"alt_text":"","src":"https:\/\/i0.wp.com\/noticiasribeiraopreto.com.br\/wp-content\/uploads\/2025\/08\/rota-inova-rural_2025-08-19_13-46-43.webp.webp?fit=1200%2C800&ssl=1&resize=350%2C200","width":350,"height":200,"srcset":"https:\/\/i0.wp.com\/noticiasribeiraopreto.com.br\/wp-content\/uploads\/2025\/08\/rota-inova-rural_2025-08-19_13-46-43.webp.webp?fit=1200%2C800&ssl=1&resize=350%2C200 1x, https:\/\/i0.wp.com\/noticiasribeiraopreto.com.br\/wp-content\/uploads\/2025\/08\/rota-inova-rural_2025-08-19_13-46-43.webp.webp?fit=1200%2C800&ssl=1&resize=525%2C300 1.5x, https:\/\/i0.wp.com\/noticiasribeiraopreto.com.br\/wp-content\/uploads\/2025\/08\/rota-inova-rural_2025-08-19_13-46-43.webp.webp?fit=1200%2C800&ssl=1&resize=700%2C400 2x, https:\/\/i0.wp.com\/noticiasribeiraopreto.com.br\/wp-content\/uploads\/2025\/08\/rota-inova-rural_2025-08-19_13-46-43.webp.webp?fit=1200%2C800&ssl=1&resize=1050%2C600 3x"},"classes":[]},{"id":77774,"url":"https:\/\/noticiasribeiraopreto.com.br\/index.php\/2025\/09\/25\/inova-day-leva-inovacao-tecnologia-e-empreendedorismo-ao-centro-de-ribeirao\/","url_meta":{"origin":71643,"position":1},"title":"Inova Day leva inova\u00e7\u00e3o, tecnologia e empreendedorismo ao Centro de Ribeir\u00e3o","author":"noticiasribeiraopreto.com.br","date":"25 de September de 2025","format":false,"excerpt":"Ribeir\u00e3o Preto recebe no pr\u00f3ximo dia 9 de outubro, das 10h \u00e0s 19h, o Inova Day 2025, que pretende levar a inova\u00e7\u00e3o, tecnologia e empreendedorismo ao centro hist\u00f3rico da cidade. Nesse ano, as atividades v\u00e3o acontecer simultaneamente em tr\u00eas espa\u00e7os: Centro Cultural Palace, Biblioteca Sinh\u00e1 Junqueira e Esplanada do Theatro\u2026","rel":"","context":"In &quot;Not\u00edcias de Ribeir\u00e3o Preto-SP e Regi\u00e3o&quot;","block_context":{"text":"Not\u00edcias de Ribeir\u00e3o Preto-SP e Regi\u00e3o","link":"https:\/\/noticiasribeiraopreto.com.br\/index.php\/category\/noticias-de-ribeirao-preto-sp-e-regiao-ismael-colosi\/"},"img":{"alt_text":"","src":"https:\/\/i0.wp.com\/noticiasribeiraopreto.com.br\/wp-content\/uploads\/2025\/09\/inova-day_2025-09-25_15-12-54.webp.webp?fit=1200%2C800&ssl=1&resize=350%2C200","width":350,"height":200,"srcset":"https:\/\/i0.wp.com\/noticiasribeiraopreto.com.br\/wp-content\/uploads\/2025\/09\/inova-day_2025-09-25_15-12-54.webp.webp?fit=1200%2C800&ssl=1&resize=350%2C200 1x, https:\/\/i0.wp.com\/noticiasribeiraopreto.com.br\/wp-content\/uploads\/2025\/09\/inova-day_2025-09-25_15-12-54.webp.webp?fit=1200%2C800&ssl=1&resize=525%2C300 1.5x, https:\/\/i0.wp.com\/noticiasribeiraopreto.com.br\/wp-content\/uploads\/2025\/09\/inova-day_2025-09-25_15-12-54.webp.webp?fit=1200%2C800&ssl=1&resize=700%2C400 2x, https:\/\/i0.wp.com\/noticiasribeiraopreto.com.br\/wp-content\/uploads\/2025\/09\/inova-day_2025-09-25_15-12-54.webp.webp?fit=1200%2C800&ssl=1&resize=1050%2C600 3x"},"classes":[]},{"id":71384,"url":"https:\/\/noticiasribeiraopreto.com.br\/index.php\/2025\/06\/05\/novo-predio-na-usp-ribeirao-tera-coworking-de-laboratorios-investimento-e-de-r-26-milhoes\/","url_meta":{"origin":71643,"position":2},"title":"Novo pr\u00e9dio na USP Ribeir\u00e3o ter\u00e1 \u2018coworking\u2019 de laborat\u00f3rios; investimento \u00e9 de R$ 26 milh\u00f5es","author":"noticiasribeiraopreto.com.br","date":"5 de June de 2025","format":false,"excerpt":"Deve ser entregue em setembro deste ano o novo pr\u00e9dio do Inova USP, no campus de Ribeir\u00e3o Preto. De acordo com o coordenador do Inova USP, Norberto Preporine, o projeto tem o objetivo de ampliar a capacidade de pesquisa da universidade e oferecer uma infraestrutura moderna voltada \u00e0 inova\u00e7\u00e3o, empreendedorismo\u2026","rel":"","context":"In &quot;Not\u00edcias de Ribeir\u00e3o Preto-SP e Regi\u00e3o&quot;","block_context":{"text":"Not\u00edcias de Ribeir\u00e3o Preto-SP e Regi\u00e3o","link":"https:\/\/noticiasribeiraopreto.com.br\/index.php\/category\/noticias-de-ribeirao-preto-sp-e-regiao-ismael-colosi\/"},"img":{"alt_text":"","src":"https:\/\/i0.wp.com\/noticiasribeiraopreto.com.br\/wp-content\/uploads\/2025\/06\/INOVA-USP_2025-06-05_15-12-46.webp.webp?fit=1000%2C565&ssl=1&resize=350%2C200","width":350,"height":200,"srcset":"https:\/\/i0.wp.com\/noticiasribeiraopreto.com.br\/wp-content\/uploads\/2025\/06\/INOVA-USP_2025-06-05_15-12-46.webp.webp?fit=1000%2C565&ssl=1&resize=350%2C200 1x, https:\/\/i0.wp.com\/noticiasribeiraopreto.com.br\/wp-content\/uploads\/2025\/06\/INOVA-USP_2025-06-05_15-12-46.webp.webp?fit=1000%2C565&ssl=1&resize=525%2C300 1.5x, https:\/\/i0.wp.com\/noticiasribeiraopreto.com.br\/wp-content\/uploads\/2025\/06\/INOVA-USP_2025-06-05_15-12-46.webp.webp?fit=1000%2C565&ssl=1&resize=700%2C400 2x"},"classes":[]},{"id":53345,"url":"https:\/\/noticiasribeiraopreto.com.br\/index.php\/2024\/06\/19\/aniversario-de-ribeirao-preto-entenda-a-importancia-do-agronegocio-para-a-cidade\/","url_meta":{"origin":71643,"position":3},"title":"Anivers\u00e1rio de Ribeir\u00e3o Preto: Entenda a import\u00e2ncia do agroneg\u00f3cio para a cidade","author":"noticiasribeiraopreto.com.br","date":"19 de June de 2024","format":false,"excerpt":"Reconhecida como a \u201cCapital Brasileira do Agroneg\u00f3cio\u201d h\u00e1 20 anos, Ribeir\u00e3o Preto tem papel fundamental para o setor no \u00e2mbito nacional, tornando-se um dos polos mais importantes de agroind\u00fastria do Pa\u00eds devido a produtividade e inova\u00e7\u00e3o. Com a popula\u00e7\u00e3o de 698.642 habitantes e uma \u00e1rea territorial de 650.916 km\u00b2, de\u2026","rel":"","context":"In &quot;Not\u00edcias de Ribeir\u00e3o Preto-SP e Regi\u00e3o&quot;","block_context":{"text":"Not\u00edcias de Ribeir\u00e3o Preto-SP e Regi\u00e3o","link":"https:\/\/noticiasribeiraopreto.com.br\/index.php\/category\/noticias-de-ribeirao-preto-sp-e-regiao-ismael-colosi\/"},"img":{"alt_text":"","src":"https:\/\/i0.wp.com\/noticiasribeiraopreto.com.br\/wp-content\/uploads\/2024\/06\/12_2024-06-14_19-51-16_jpg_2024-06-14_19-51-16.webp.webp?fit=1200%2C675&ssl=1&resize=350%2C200","width":350,"height":200,"srcset":"https:\/\/i0.wp.com\/noticiasribeiraopreto.com.br\/wp-content\/uploads\/2024\/06\/12_2024-06-14_19-51-16_jpg_2024-06-14_19-51-16.webp.webp?fit=1200%2C675&ssl=1&resize=350%2C200 1x, https:\/\/i0.wp.com\/noticiasribeiraopreto.com.br\/wp-content\/uploads\/2024\/06\/12_2024-06-14_19-51-16_jpg_2024-06-14_19-51-16.webp.webp?fit=1200%2C675&ssl=1&resize=525%2C300 1.5x, https:\/\/i0.wp.com\/noticiasribeiraopreto.com.br\/wp-content\/uploads\/2024\/06\/12_2024-06-14_19-51-16_jpg_2024-06-14_19-51-16.webp.webp?fit=1200%2C675&ssl=1&resize=700%2C400 2x, https:\/\/i0.wp.com\/noticiasribeiraopreto.com.br\/wp-content\/uploads\/2024\/06\/12_2024-06-14_19-51-16_jpg_2024-06-14_19-51-16.webp.webp?fit=1200%2C675&ssl=1&resize=1050%2C600 3x"},"classes":[]},{"id":80556,"url":"https:\/\/noticiasribeiraopreto.com.br\/index.php\/2025\/12\/05\/usp-ribeirao-firma-parceria-com-empresa-chinesa-para-desenvolvimento-de-vacinas-e-biotecnologias\/","url_meta":{"origin":71643,"position":4},"title":"USP Ribeir\u00e3o firma parceria com empresa chinesa para desenvolvimento de vacinas e biotecnologias","author":"noticiasribeiraopreto.com.br","date":"5 de December de 2025","format":false,"excerpt":"A FCFRP (Faculdade de Ci\u00eancias Farmac\u00eauticas de Ribeir\u00e3o Preto) da USP (Universidade de S\u00e3o Paulo) firmou um acordo de inten\u00e7\u00f5es com o grupo chin\u00eas Sinovac Biotech, uma das maiores empresas globais no desenvolvimento e produ\u00e7\u00e3o de vacinas e biotecnologias, para coopera\u00e7\u00e3o cient\u00edfica, realiza\u00e7\u00e3o de projetos conjuntos e compartilhamento de estruturas\u2026","rel":"","context":"In &quot;Not\u00edcias de Ribeir\u00e3o Preto-SP e Regi\u00e3o&quot;","block_context":{"text":"Not\u00edcias de Ribeir\u00e3o Preto-SP e Regi\u00e3o","link":"https:\/\/noticiasribeiraopreto.com.br\/index.php\/category\/noticias-de-ribeirao-preto-sp-e-regiao-ismael-colosi\/"},"img":{"alt_text":"","src":"https:\/\/i0.wp.com\/noticiasribeiraopreto.com.br\/wp-content\/uploads\/2025\/12\/sinovac-usp_2025-12-04_18-01-36.webp.webp?fit=1200%2C631&ssl=1&resize=350%2C200","width":350,"height":200,"srcset":"https:\/\/i0.wp.com\/noticiasribeiraopreto.com.br\/wp-content\/uploads\/2025\/12\/sinovac-usp_2025-12-04_18-01-36.webp.webp?fit=1200%2C631&ssl=1&resize=350%2C200 1x, https:\/\/i0.wp.com\/noticiasribeiraopreto.com.br\/wp-content\/uploads\/2025\/12\/sinovac-usp_2025-12-04_18-01-36.webp.webp?fit=1200%2C631&ssl=1&resize=525%2C300 1.5x, https:\/\/i0.wp.com\/noticiasribeiraopreto.com.br\/wp-content\/uploads\/2025\/12\/sinovac-usp_2025-12-04_18-01-36.webp.webp?fit=1200%2C631&ssl=1&resize=700%2C400 2x, https:\/\/i0.wp.com\/noticiasribeiraopreto.com.br\/wp-content\/uploads\/2025\/12\/sinovac-usp_2025-12-04_18-01-36.webp.webp?fit=1200%2C631&ssl=1&resize=1050%2C600 3x"},"classes":[]},{"id":40120,"url":"https:\/\/noticiasribeiraopreto.com.br\/index.php\/2024\/03\/01\/ribeirao-preto-abre-inscricao-para-programa-de-inovacao-para-empresas\/","url_meta":{"origin":71643,"position":5},"title":"Ribeir\u00e3o Preto abre inscri\u00e7\u00e3o para programa de inova\u00e7\u00e3o para empresas","author":"noticiasribeiraopreto.com.br","date":"1 de March de 2024","format":false,"excerpt":"O Dabi Start Me Up, um programa de inova\u00e7\u00e3o aberta que seleciona solu\u00e7\u00f5es inovadoras para empresas do agroneg\u00f3cio, est\u00e1 com inscri\u00e7\u00f5es at\u00e9 o dia 31 de julho. A primeira turma de startups inicia o programa de resid\u00eancia no dia 1\u00ba de abril. As inscri\u00e7\u00f5es podem ser feitas pela internet (clique\u2026","rel":"","context":"In &quot;Not\u00edcias de Ribeir\u00e3o Preto-SP e Regi\u00e3o&quot;","block_context":{"text":"Not\u00edcias de Ribeir\u00e3o Preto-SP e Regi\u00e3o","link":"https:\/\/noticiasribeiraopreto.com.br\/index.php\/category\/noticias-de-ribeirao-preto-sp-e-regiao-ismael-colosi\/"},"img":{"alt_text":"","src":"https:\/\/i0.wp.com\/noticiasribeiraopreto.com.br\/wp-content\/uploads\/2024\/03\/Foto-0071-1-1-scaled.jpg?fit=1200%2C675&ssl=1&resize=350%2C200","width":350,"height":200,"srcset":"https:\/\/i0.wp.com\/noticiasribeiraopreto.com.br\/wp-content\/uploads\/2024\/03\/Foto-0071-1-1-scaled.jpg?fit=1200%2C675&ssl=1&resize=350%2C200 1x, https:\/\/i0.wp.com\/noticiasribeiraopreto.com.br\/wp-content\/uploads\/2024\/03\/Foto-0071-1-1-scaled.jpg?fit=1200%2C675&ssl=1&resize=525%2C300 1.5x, https:\/\/i0.wp.com\/noticiasribeiraopreto.com.br\/wp-content\/uploads\/2024\/03\/Foto-0071-1-1-scaled.jpg?fit=1200%2C675&ssl=1&resize=700%2C400 2x, https:\/\/i0.wp.com\/noticiasribeiraopreto.com.br\/wp-content\/uploads\/2024\/03\/Foto-0071-1-1-scaled.jpg?fit=1200%2C675&ssl=1&resize=1050%2C600 3x"},"classes":[]}],"jetpack_sharing_enabled":true,"jetpack_shortlink":"https:\/\/wp.me\/peQAOb-iDx","_links":{"self":[{"href":"https:\/\/noticiasribeiraopreto.com.br\/index.php\/wp-json\/wp\/v2\/posts\/71643","targetHints":{"allow":["GET"]}}],"collection":[{"href":"https:\/\/noticiasribeiraopreto.com.br\/index.php\/wp-json\/wp\/v2\/posts"}],"about":[{"href":"https:\/\/noticiasribeiraopreto.com.br\/index.php\/wp-json\/wp\/v2\/types\/post"}],"author":[{"embeddable":true,"href":"https:\/\/noticiasribeiraopreto.com.br\/index.php\/wp-json\/wp\/v2\/users\/1"}],"replies":[{"embeddable":true,"href":"https:\/\/noticiasribeiraopreto.com.br\/index.php\/wp-json\/wp\/v2\/comments?post=71643"}],"version-history":[{"count":0,"href":"https:\/\/noticiasribeiraopreto.com.br\/index.php\/wp-json\/wp\/v2\/posts\/71643\/revisions"}],"wp:featuredmedia":[{"embeddable":true,"href":"https:\/\/noticiasribeiraopreto.com.br\/index.php\/wp-json\/wp\/v2\/media\/71644"}],"wp:attachment":[{"href":"https:\/\/noticiasribeiraopreto.com.br\/index.php\/wp-json\/wp\/v2\/media?parent=71643"}],"wp:term":[{"taxonomy":"category","embeddable":true,"href":"https:\/\/noticiasribeiraopreto.com.br\/index.php\/wp-json\/wp\/v2\/categories?post=71643"},{"taxonomy":"post_tag","embeddable":true,"href":"https:\/\/noticiasribeiraopreto.com.br\/index.php\/wp-json\/wp\/v2\/tags?post=71643"}],"curies":[{"name":"wp","href":"https:\/\/api.w.org\/{rel}","templated":true}]}}