{"id":71680,"date":"2025-06-09T04:13:40","date_gmt":"2025-06-09T07:13:40","guid":{"rendered":"https:\/\/noticiasribeiraopreto.com.br\/index.php\/2025\/06\/09\/ex-lider-do-pcc-presa-em-sp-apos-anos-foragida\/"},"modified":"2025-06-09T04:13:40","modified_gmt":"2025-06-09T07:13:40","slug":"ex-lider-do-pcc-presa-em-sp-apos-anos-foragida","status":"publish","type":"post","link":"https:\/\/noticiasribeiraopreto.com.br\/index.php\/2025\/06\/09\/ex-lider-do-pcc-presa-em-sp-apos-anos-foragida\/","title":{"rendered":"Ex-l\u00edder do PCC presa em SP ap\u00f3s anos foragida"},"content":{"rendered":"<div class='code-block code-block-1' style='margin: 8px 0 8px auto; text-align: right; display: block; clear: both;'>\n<p><a href=\"https:\/\/wa.link\/vpicfd\"><img data-recalc-dims=\"1\" class=\"wp-image-4922\" style=\"aspect-ratio: 2.0253164556962027; width: 561px; height: auto;\" src=\"https:\/\/i0.wp.com\/ismaelcolosi.com.br\/wp-content\/uploads\/2023\/11\/grupo-de-empregos-whatsapp-e-facebook-ismael-colosi-vagas.jpg?ssl=1\" alt=\"\" \/><\/a><\/p>\n<!-- \/wp:image -->\n<\/div>\n<p> <br \/>\n<\/p>\n<div>\n<p style=\"text-align: center;\"><em>A pris\u00e3o foi resultado de um mandado expedido pela Justi\u00e7a de Ribeir\u00e3o Preto, onde sua trajet\u00f3ria no crime ganhou notoriedade.<\/em><\/p>\n<p>Por tr\u00e1s da pris\u00e3o de Luma Valeria Rovagnello, conhecida como \u201cPen\u00e9lope\u201d, est\u00e1 uma teia de crimes, disfarces e conex\u00f5es com o alto comando do PCC que se estendeu por anos, com ra\u00edzes fincadas em Ribeir\u00e3o Preto e ramifica\u00e7\u00f5es no interior paulista.<\/p>\n<p>Uma opera\u00e7\u00e3o coordenada entre a Pol\u00edcia Militar e o Grupo de Atua\u00e7\u00e3o Especial de Repress\u00e3o ao Crime Organizado (Gaeco) culminou na pris\u00e3o de Luma Valeria Rovagnello, conhecida no submundo do crime como Pen\u00e9lope, figura que autoridades classificam como ex-sintonia do Primeiro Comando da Capital (PCC), um dos cargos mais elevados dentro da fac\u00e7\u00e3o criminosa.<\/p>\n<p>Pen\u00e9lope, que estava foragida desde 2020, foi localizada em um im\u00f3vel discreto na regi\u00e3o de Aricanduva, zona leste da capital. A pris\u00e3o foi resultado de um mandado expedido pela Justi\u00e7a de Ribeir\u00e3o Preto, onde sua trajet\u00f3ria no crime ganhou notoriedade<\/p>\n<p>O in\u00edcio, uma pris\u00e3o, um fuzil e uma fuga<\/p>\n<p>A primeira grande apari\u00e7\u00e3o de Luma nos registros policiais ocorreu em 2018, quando foi presa em flagrante portando um arsenal: um fuzil calibre 762, pistolas e muni\u00e7\u00f5es, tudo escondido em um compartimento secreto de seu ve\u00edculo. Essa ocorr\u00eancia, ocorrida em Ribeir\u00e3o Preto, acendeu o alerta das for\u00e7as de seguran\u00e7a sobre seu poss\u00edvel papel estrat\u00e9gico dentro do PCC.<\/p>\n<p>Mas mesmo ap\u00f3s a pris\u00e3o, a impunidade se imp\u00f4s. Luma n\u00e3o cumpriu a pena. Ela desapareceu ap\u00f3s a deflagra\u00e7\u00e3o de uma opera\u00e7\u00e3o do Gaeco em 2020, passando a figurar como foragida e, segundo investigadores, continuou a operar discretamente como pe\u00e7a-chave em a\u00e7\u00f5es criminosas.<\/p>\n<p>O modus operandi: disfarce, fraude e roubo em condom\u00ednios de luxo<\/p>\n<p>Um dos epis\u00f3dios que mais revelam o n\u00edvel de sofistica\u00e7\u00e3o e frieza da criminosa foi um roubo ocorrido em julho de 2022, na cidade de Americana, interior de S\u00e3o Paulo. Conforme apura\u00e7\u00e3o da Pol\u00edcia Civil, Luma teria alugado um im\u00f3vel em um condom\u00ednio de alto padr\u00e3o usando documentos falsos, fingindo ser uma moradora comum. Poucos dias depois, ela teria conduzido dois assaltantes at\u00e9 a casa de uma vizinha.<\/p>\n<p>A v\u00edtima foi rendida e trancada no banheiro. O grupo criminoso levou joias, rel\u00f3gios de luxo e objetos pessoais avaliados em mais de R$ 150 mil. Luma, segundo a investiga\u00e7\u00e3o, era a mentora do crime. Seu disfarce, uma mulher branca, entre 30 e 35 anos, discreta e reclusa permitiu que ela se infiltrasse no local sem levantar suspeitas.\u201cO contrato de loca\u00e7\u00e3o foi feito mediante falsifica\u00e7\u00e3o de documentos e dados cadastrais\u201d, informou em nota a Pol\u00edcia Civil de Americana.<br \/>Ap\u00f3s o crime, um reconhecimento fotogr\u00e1fico confirmou sua identidade, e a 2\u00aa Vara Criminal do Foro de Americana expediu nova ordem de pris\u00e3o.<\/p>\n<p>A queda de uma estrategista<\/p>\n<p>A pris\u00e3o de Luma marca, ao menos simbolicamente, o desmonte de uma das ramifica\u00e7\u00f5es mais estrat\u00e9gicas do PCC no interior paulista. Segundo fontes do Gaeco ouvidas sob anonimato, Pen\u00e9lope desempenhava fun\u00e7\u00f5es de coordena\u00e7\u00e3o e repasse de ordens do alto comando da fac\u00e7\u00e3o, articulando opera\u00e7\u00f5es log\u00edsticas e ataques em m\u00faltiplas cidades.<\/p>\n<p>Mesmo fora dos holofotes desde sua fuga em 2020, ela continuava ativa e monitorada em v\u00e1rias frentes. A a\u00e7\u00e3o que a capturou na zona leste da capital foi resultado de meses de vigil\u00e2ncia e troca de informa\u00e7\u00f5es sigilosas entre unidades do Gaeco, intelig\u00eancia policial e o Minist\u00e9rio P\u00fablico.<\/p>\n<p>\u201cEla se escondia em uma casa modesta, mas o perfil discreto escondia um passado violento e uma mente organizada para o crime\u201d, relatou um investigador que participou da opera\u00e7\u00e3o.<\/p>\n<p>Luma est\u00e1 agora \u00e0 disposi\u00e7\u00e3o da Justi\u00e7a, detida na capital paulista. Ainda n\u00e3o h\u00e1 informa\u00e7\u00f5es sobre transfer\u00eancia ou detalhamento das acusa\u00e7\u00f5es que dever\u00e1 enfrentar formalmente, mas, segundo o Gaeco, os crimes incluem associa\u00e7\u00e3o criminosa, porte ilegal de armas, roubo qualificado, falsidade ideol\u00f3gica e forma\u00e7\u00e3o de quadrilha armada.<\/p>\n<p>A pris\u00e3o de Luma Rovagnello escancara uma verdade inc\u00f4moda:\u00a0 o PCC n\u00e3o opera apenas com fuzis nas m\u00e3os, mas com estrat\u00e9gias de guerra silenciosa, nas sombras, nos condom\u00ednios, nas rotas do interior. A queda de Pen\u00e9lope \u00e9, para os promotores, uma vit\u00f3ria pontual em uma batalha de longo prazo contra o crime organizado em S\u00e3o Paulo.<\/p>\n<p>\u2014<\/p>\n<p>Jornal Tribuna Ribeir\u00e3o<\/p>\n<p>Um Jornal com a cara de Ribeir\u00e3o!<\/p>\n<p>\u00a0<\/p>\n<p>Impresso | WEB | Redes sociais<\/p>\n<p>Tribuna Ribeir\u00e3o \u2013 Fone: (16) 3632-2200 \u2013 Whatsapp: (16) 98161-8743<\/p>\n<p>Av. Bar\u00e3o do Bananal, 880 \u2013 Jardim Anhanguera, Ribeir\u00e3o Preto<\/p>\n<p>\u00a0<\/p>\n<p>@tribunaribeirao @meiaderibeirao @dinoderibeirao<\/p>\n<p>\u00a0<\/p>\n<p>#TribunaRibeir\u00e3o #News #Not\u00edcia #Ribeir\u00e3oPreto #Not\u00edciasDeRibeir\u00e3oPreto<\/p>\n<p>#ClassificadosTribunaRibeir\u00e3o #Jornalismo #ClassificadosRibeir\u00e3o<\/p>\n<\/div>\n<p><br \/>\n<br \/><a href=\"https:\/\/www.tribunaribeirao.com.br\/ex-lider-do-pcc-presa-em-sp-apos-anos-foragida\/\">Source link <\/a><\/p>\n<!-- CONTENT END 1 -->\n","protected":false},"excerpt":{"rendered":"<p>A pris\u00e3o foi resultado de um mandado expedido pela Justi\u00e7a de Ribeir\u00e3o Preto, onde sua trajet\u00f3ria no crime ganhou notoriedade. Por tr\u00e1s da pris\u00e3o de&#8230;<\/p>\n","protected":false},"author":1,"featured_media":71681,"comment_status":"open","ping_status":"open","sticky":false,"template":"","format":"standard","meta":{"advanced_seo_description":"","jetpack_seo_html_title":"","jetpack_seo_noindex":false,"jetpack_post_was_ever_published":false,"_jetpack_newsletter_access":"","_jetpack_dont_email_post_to_subs":false,"_jetpack_newsletter_tier_id":0,"_jetpack_memberships_contains_paywalled_content":false,"_jetpack_memberships_contains_paid_content":false,"footnotes":"","jetpack_publicize_message":"","jetpack_publicize_feature_enabled":true,"jetpack_social_post_already_shared":true,"jetpack_social_options":{"image_generator_settings":{"template":"highway","default_image_id":0,"font":"","enabled":false},"version":2}},"categories":[11],"tags":[],"class_list":["post-71680","post","type-post","status-publish","format-standard","has-post-thumbnail","hentry","category-noticias-de-ribeirao-preto-sp-e-regiao-ismael-colosi"],"jetpack_publicize_connections":[],"jetpack_featured_media_url":"https:\/\/i0.wp.com\/noticiasribeiraopreto.com.br\/wp-content\/uploads\/2025\/06\/penelope1.jpeg?fit=652%2C408&ssl=1","jetpack-related-posts":[{"id":71662,"url":"https:\/\/noticiasribeiraopreto.com.br\/index.php\/2025\/06\/08\/saiba-quem-e-a-ex-lider-do-pcc-presa-em-sp-que-estava-foragida-em-ribeirao-preto\/","url_meta":{"origin":71680,"position":0},"title":"Saiba quem \u00e9 a ex-l\u00edder do PCC presa em SP que estava foragida em Ribeir\u00e3o Preto","author":"noticiasribeiraopreto.com.br","date":"8 de June de 2025","format":false,"excerpt":"Uma ex-integrante do PCC tratada como sintonia da fac\u00e7\u00e3o criminosa foi presa na \u00faltima quinta-feira (5) em S\u00e3o Paulo em atua\u00e7\u00e3o conjunta da Pol\u00edcia Militar de S\u00e3o Paulo e do Gaeco (Grupo de Atua\u00e7\u00e3o Especial de Repress\u00e3o ao Crime Organizado, do Minist\u00e9rio P\u00fablico do Estado). Luma Valeria Rovagnello, conhecida como\u2026","rel":"","context":"In &quot;Not\u00edcias de Ribeir\u00e3o Preto-SP e Regi\u00e3o&quot;","block_context":{"text":"Not\u00edcias de Ribeir\u00e3o Preto-SP e Regi\u00e3o","link":"https:\/\/noticiasribeiraopreto.com.br\/index.php\/category\/noticias-de-ribeirao-preto-sp-e-regiao-ismael-colosi\/"},"img":{"alt_text":"","src":"https:\/\/i0.wp.com\/noticiasribeiraopreto.com.br\/wp-content\/uploads\/2025\/06\/luma-penolope_2025-06-08_17-35-22.webp.webp?fit=1121%2C835&ssl=1&resize=350%2C200","width":350,"height":200,"srcset":"https:\/\/i0.wp.com\/noticiasribeiraopreto.com.br\/wp-content\/uploads\/2025\/06\/luma-penolope_2025-06-08_17-35-22.webp.webp?fit=1121%2C835&ssl=1&resize=350%2C200 1x, https:\/\/i0.wp.com\/noticiasribeiraopreto.com.br\/wp-content\/uploads\/2025\/06\/luma-penolope_2025-06-08_17-35-22.webp.webp?fit=1121%2C835&ssl=1&resize=525%2C300 1.5x, https:\/\/i0.wp.com\/noticiasribeiraopreto.com.br\/wp-content\/uploads\/2025\/06\/luma-penolope_2025-06-08_17-35-22.webp.webp?fit=1121%2C835&ssl=1&resize=700%2C400 2x, https:\/\/i0.wp.com\/noticiasribeiraopreto.com.br\/wp-content\/uploads\/2025\/06\/luma-penolope_2025-06-08_17-35-22.webp.webp?fit=1121%2C835&ssl=1&resize=1050%2C600 3x"},"classes":[]},{"id":80081,"url":"https:\/\/noticiasribeiraopreto.com.br\/index.php\/2025\/11\/14\/operacao-contra-o-pcc-termina-com-22-presos-e-um-morto\/","url_meta":{"origin":71680,"position":1},"title":"Opera\u00e7\u00e3o contra o PCC termina com 22 presos e um morto","author":"noticiasribeiraopreto.com.br","date":"14 de November de 2025","format":false,"excerpt":"A opera\u00e7\u00e3o Prisma deflagrada nesta sexta-feira (14) pelo Gaeco (Grupo de Atua\u00e7\u00e3o Especial de Combate ao Crime Organizado), com apoio da PM (Pol\u00edcia Militar), contra suspeitos de integrar o PCC (Primeiro Comando da Capital), prendeu 22 pessoas e deixou um morto. A a\u00e7\u00e3o aconteceu na regi\u00e3o de Ribeir\u00e3o Preto e\u2026","rel":"","context":"In &quot;Not\u00edcias de Ribeir\u00e3o Preto-SP e Regi\u00e3o&quot;","block_context":{"text":"Not\u00edcias de Ribeir\u00e3o Preto-SP e Regi\u00e3o","link":"https:\/\/noticiasribeiraopreto.com.br\/index.php\/category\/noticias-de-ribeirao-preto-sp-e-regiao-ismael-colosi\/"},"img":{"alt_text":"","src":"https:\/\/i0.wp.com\/noticiasribeiraopreto.com.br\/wp-content\/uploads\/2025\/11\/aguia_2025-11-14_13-34-42.webp.webp?fit=1200%2C683&ssl=1&resize=350%2C200","width":350,"height":200,"srcset":"https:\/\/i0.wp.com\/noticiasribeiraopreto.com.br\/wp-content\/uploads\/2025\/11\/aguia_2025-11-14_13-34-42.webp.webp?fit=1200%2C683&ssl=1&resize=350%2C200 1x, https:\/\/i0.wp.com\/noticiasribeiraopreto.com.br\/wp-content\/uploads\/2025\/11\/aguia_2025-11-14_13-34-42.webp.webp?fit=1200%2C683&ssl=1&resize=525%2C300 1.5x, https:\/\/i0.wp.com\/noticiasribeiraopreto.com.br\/wp-content\/uploads\/2025\/11\/aguia_2025-11-14_13-34-42.webp.webp?fit=1200%2C683&ssl=1&resize=700%2C400 2x, https:\/\/i0.wp.com\/noticiasribeiraopreto.com.br\/wp-content\/uploads\/2025\/11\/aguia_2025-11-14_13-34-42.webp.webp?fit=1200%2C683&ssl=1&resize=1050%2C600 3x"},"classes":[]},{"id":84373,"url":"https:\/\/noticiasribeiraopreto.com.br\/index.php\/2026\/04\/08\/operacao-contra-o-pcc-prende-21-em-ribeirao-preto-e-regiao\/","url_meta":{"origin":71680,"position":2},"title":"Opera\u00e7\u00e3o contra o PCC prende 21 em Ribeir\u00e3o Preto e regi\u00e3o","author":"noticiasribeiraopreto.com.br","date":"8 de April de 2026","format":false,"excerpt":"Ler o resumo da not\u00edcia \r Opera\u00e7\u00e3o Lex Inversa prendeu 21 suspeitos de liga\u00e7\u00e3o com o PCC nesta quarta-feira (8) em Ribeir\u00e3o Preto e regi\u00e3o.\r A\u00e7\u00e3o da Pol\u00edcia Civil e Gaeco mirou membros do n\u00facleo de disciplina da fac\u00e7\u00e3o respons\u00e1vel por leis paralelas e tribunais do crime.\r Opera\u00e7\u00e3o ocorreu em\u2026","rel":"","context":"In &quot;Not\u00edcias de Ribeir\u00e3o Preto-SP e Regi\u00e3o&quot;","block_context":{"text":"Not\u00edcias de Ribeir\u00e3o Preto-SP e Regi\u00e3o","link":"https:\/\/noticiasribeiraopreto.com.br\/index.php\/category\/noticias-de-ribeirao-preto-sp-e-regiao-ismael-colosi\/"},"img":{"alt_text":"","src":"https:\/\/i0.wp.com\/noticiasribeiraopreto.com.br\/wp-content\/uploads\/2026\/04\/WhatsApp-Image-2026-04-08-at-10.44.59_2026-04-08_13-54-27.webp.webp?fit=1200%2C900&ssl=1&resize=350%2C200","width":350,"height":200,"srcset":"https:\/\/i0.wp.com\/noticiasribeiraopreto.com.br\/wp-content\/uploads\/2026\/04\/WhatsApp-Image-2026-04-08-at-10.44.59_2026-04-08_13-54-27.webp.webp?fit=1200%2C900&ssl=1&resize=350%2C200 1x, https:\/\/i0.wp.com\/noticiasribeiraopreto.com.br\/wp-content\/uploads\/2026\/04\/WhatsApp-Image-2026-04-08-at-10.44.59_2026-04-08_13-54-27.webp.webp?fit=1200%2C900&ssl=1&resize=525%2C300 1.5x, https:\/\/i0.wp.com\/noticiasribeiraopreto.com.br\/wp-content\/uploads\/2026\/04\/WhatsApp-Image-2026-04-08-at-10.44.59_2026-04-08_13-54-27.webp.webp?fit=1200%2C900&ssl=1&resize=700%2C400 2x, https:\/\/i0.wp.com\/noticiasribeiraopreto.com.br\/wp-content\/uploads\/2026\/04\/WhatsApp-Image-2026-04-08-at-10.44.59_2026-04-08_13-54-27.webp.webp?fit=1200%2C900&ssl=1&resize=1050%2C600 3x"},"classes":[]},{"id":61927,"url":"https:\/\/noticiasribeiraopreto.com.br\/index.php\/2024\/12\/27\/chefe-do-pcc-em-cidade-do-interior-de-sp-e-preso-ao-desembarcar-de-cruzeiro\/","url_meta":{"origin":71680,"position":3},"title":"Chefe do PCC em cidade do interior de SP \u00e9 preso ao desembarcar de cruzeiro","author":"noticiasribeiraopreto.com.br","date":"27 de December de 2024","format":false,"excerpt":"Rog\u00e9rio Faria da Silva, de 44 anos, conhecido como \u201cMorceg\u00e3o\u201d e apontado como um dos cofundadores do Primeiro Comando da Capital (PCC) em Limeira, no interior de S\u00e3o Paulo, foi preso na \u00faltima quinta-feira (26) em Santos, ao desembarcar de um cruzeiro. A pris\u00e3o ocorreu ap\u00f3s o cumprimento de um\u2026","rel":"","context":"In &quot;Not\u00edcias de Ribeir\u00e3o Preto-SP e Regi\u00e3o&quot;","block_context":{"text":"Not\u00edcias de Ribeir\u00e3o Preto-SP e Regi\u00e3o","link":"https:\/\/noticiasribeiraopreto.com.br\/index.php\/category\/noticias-de-ribeirao-preto-sp-e-regiao-ismael-colosi\/"},"img":{"alt_text":"","src":"https:\/\/i0.wp.com\/noticiasribeiraopreto.com.br\/wp-content\/uploads\/2024\/12\/Copia-de-Copia-de-Copia-de-TAMANHO-EXATO-PARA-FOTOS-NO-SISTEMA-NOVO-2024-12-27T212434.801_2024-12-28_00-26-40_png_2024-12-28_00-26-40.webp.webp?fit=1200%2C675&ssl=1&resize=350%2C200","width":350,"height":200,"srcset":"https:\/\/i0.wp.com\/noticiasribeiraopreto.com.br\/wp-content\/uploads\/2024\/12\/Copia-de-Copia-de-Copia-de-TAMANHO-EXATO-PARA-FOTOS-NO-SISTEMA-NOVO-2024-12-27T212434.801_2024-12-28_00-26-40_png_2024-12-28_00-26-40.webp.webp?fit=1200%2C675&ssl=1&resize=350%2C200 1x, https:\/\/i0.wp.com\/noticiasribeiraopreto.com.br\/wp-content\/uploads\/2024\/12\/Copia-de-Copia-de-Copia-de-TAMANHO-EXATO-PARA-FOTOS-NO-SISTEMA-NOVO-2024-12-27T212434.801_2024-12-28_00-26-40_png_2024-12-28_00-26-40.webp.webp?fit=1200%2C675&ssl=1&resize=525%2C300 1.5x, https:\/\/i0.wp.com\/noticiasribeiraopreto.com.br\/wp-content\/uploads\/2024\/12\/Copia-de-Copia-de-Copia-de-TAMANHO-EXATO-PARA-FOTOS-NO-SISTEMA-NOVO-2024-12-27T212434.801_2024-12-28_00-26-40_png_2024-12-28_00-26-40.webp.webp?fit=1200%2C675&ssl=1&resize=700%2C400 2x, https:\/\/i0.wp.com\/noticiasribeiraopreto.com.br\/wp-content\/uploads\/2024\/12\/Copia-de-Copia-de-Copia-de-TAMANHO-EXATO-PARA-FOTOS-NO-SISTEMA-NOVO-2024-12-27T212434.801_2024-12-28_00-26-40_png_2024-12-28_00-26-40.webp.webp?fit=1200%2C675&ssl=1&resize=1050%2C600 3x"},"classes":[]},{"id":80072,"url":"https:\/\/noticiasribeiraopreto.com.br\/index.php\/2025\/11\/14\/operacao-do-gaeco-mira-pcc-na-regiao-de-ribeirao-preto-e-minas-gerais\/","url_meta":{"origin":71680,"position":4},"title":"Opera\u00e7\u00e3o do Gaeco mira PCC na regi\u00e3o de Ribeir\u00e3o Preto e Minas Gerais","author":"noticiasribeiraopreto.com.br","date":"14 de November de 2025","format":false,"excerpt":"O Gaeco (Grupo de Atua\u00e7\u00e3o Especial de Combate ao Crime Organizado) deflagrou nesta sexta-feira (14) a opera\u00e7\u00e3o Prisma contra suspeitos de integrar o PCC (Primeiro Comando da Capital) na regi\u00e3o de Ribeir\u00e3o Preto e cidades de Minas Gerais. A a\u00e7\u00e3o, coordenada pelo n\u00facleo de Franca do Gaeco, cumpre 33 mandados\u2026","rel":"","context":"In &quot;Not\u00edcias de Ribeir\u00e3o Preto-SP e Regi\u00e3o&quot;","block_context":{"text":"Not\u00edcias de Ribeir\u00e3o Preto-SP e Regi\u00e3o","link":"https:\/\/noticiasribeiraopreto.com.br\/index.php\/category\/noticias-de-ribeirao-preto-sp-e-regiao-ismael-colosi\/"},"img":{"alt_text":"","src":"https:\/\/i0.wp.com\/noticiasribeiraopreto.com.br\/wp-content\/uploads\/2025\/11\/baep_2025-11-14_10-57-54.webp.webp?fit=1200%2C734&ssl=1&resize=350%2C200","width":350,"height":200,"srcset":"https:\/\/i0.wp.com\/noticiasribeiraopreto.com.br\/wp-content\/uploads\/2025\/11\/baep_2025-11-14_10-57-54.webp.webp?fit=1200%2C734&ssl=1&resize=350%2C200 1x, https:\/\/i0.wp.com\/noticiasribeiraopreto.com.br\/wp-content\/uploads\/2025\/11\/baep_2025-11-14_10-57-54.webp.webp?fit=1200%2C734&ssl=1&resize=525%2C300 1.5x, https:\/\/i0.wp.com\/noticiasribeiraopreto.com.br\/wp-content\/uploads\/2025\/11\/baep_2025-11-14_10-57-54.webp.webp?fit=1200%2C734&ssl=1&resize=700%2C400 2x, https:\/\/i0.wp.com\/noticiasribeiraopreto.com.br\/wp-content\/uploads\/2025\/11\/baep_2025-11-14_10-57-54.webp.webp?fit=1200%2C734&ssl=1&resize=1050%2C600 3x"},"classes":[]},{"id":60701,"url":"https:\/\/noticiasribeiraopreto.com.br\/index.php\/2024\/11\/22\/policia-civil-de-ribeirao-prende-suspeito-de-integrar-pcc-e-matar-pm-em-minas\/","url_meta":{"origin":71680,"position":5},"title":"Pol\u00edcia Civil de Ribeir\u00e3o prende suspeito de integrar PCC e matar PM em Minas","author":"noticiasribeiraopreto.com.br","date":"22 de November de 2024","format":false,"excerpt":"A Pol\u00edcia Civil de Ribeir\u00e3o Preto prendeu, no in\u00edcio da manh\u00e3 desta sexta-feira (22), um homem, de 43 anos, suspeito de integrar a fac\u00e7\u00e3o PCC (Primeiro Comando da Capital) e cometer crimes no estado de Minas Gerais. Segundo a Deic (Divis\u00e3o Especializada de Investiga\u00e7\u00f5es Criminais), o homem tem passagens por\u2026","rel":"","context":"In &quot;Not\u00edcias de Ribeir\u00e3o Preto-SP e Regi\u00e3o&quot;","block_context":{"text":"Not\u00edcias de Ribeir\u00e3o Preto-SP e Regi\u00e3o","link":"https:\/\/noticiasribeiraopreto.com.br\/index.php\/category\/noticias-de-ribeirao-preto-sp-e-regiao-ismael-colosi\/"},"img":{"alt_text":"","src":"https:\/\/i0.wp.com\/noticiasribeiraopreto.com.br\/wp-content\/uploads\/2024\/11\/PRISAO_2024-11-22_17-07-43_jpg_2024-11-22_17-07-43.webp.webp?fit=1200%2C978&ssl=1&resize=350%2C200","width":350,"height":200,"srcset":"https:\/\/i0.wp.com\/noticiasribeiraopreto.com.br\/wp-content\/uploads\/2024\/11\/PRISAO_2024-11-22_17-07-43_jpg_2024-11-22_17-07-43.webp.webp?fit=1200%2C978&ssl=1&resize=350%2C200 1x, https:\/\/i0.wp.com\/noticiasribeiraopreto.com.br\/wp-content\/uploads\/2024\/11\/PRISAO_2024-11-22_17-07-43_jpg_2024-11-22_17-07-43.webp.webp?fit=1200%2C978&ssl=1&resize=525%2C300 1.5x, https:\/\/i0.wp.com\/noticiasribeiraopreto.com.br\/wp-content\/uploads\/2024\/11\/PRISAO_2024-11-22_17-07-43_jpg_2024-11-22_17-07-43.webp.webp?fit=1200%2C978&ssl=1&resize=700%2C400 2x, https:\/\/i0.wp.com\/noticiasribeiraopreto.com.br\/wp-content\/uploads\/2024\/11\/PRISAO_2024-11-22_17-07-43_jpg_2024-11-22_17-07-43.webp.webp?fit=1200%2C978&ssl=1&resize=1050%2C600 3x"},"classes":[]}],"jetpack_sharing_enabled":true,"jetpack_shortlink":"https:\/\/wp.me\/peQAOb-iE8","_links":{"self":[{"href":"https:\/\/noticiasribeiraopreto.com.br\/index.php\/wp-json\/wp\/v2\/posts\/71680","targetHints":{"allow":["GET"]}}],"collection":[{"href":"https:\/\/noticiasribeiraopreto.com.br\/index.php\/wp-json\/wp\/v2\/posts"}],"about":[{"href":"https:\/\/noticiasribeiraopreto.com.br\/index.php\/wp-json\/wp\/v2\/types\/post"}],"author":[{"embeddable":true,"href":"https:\/\/noticiasribeiraopreto.com.br\/index.php\/wp-json\/wp\/v2\/users\/1"}],"replies":[{"embeddable":true,"href":"https:\/\/noticiasribeiraopreto.com.br\/index.php\/wp-json\/wp\/v2\/comments?post=71680"}],"version-history":[{"count":0,"href":"https:\/\/noticiasribeiraopreto.com.br\/index.php\/wp-json\/wp\/v2\/posts\/71680\/revisions"}],"wp:featuredmedia":[{"embeddable":true,"href":"https:\/\/noticiasribeiraopreto.com.br\/index.php\/wp-json\/wp\/v2\/media\/71681"}],"wp:attachment":[{"href":"https:\/\/noticiasribeiraopreto.com.br\/index.php\/wp-json\/wp\/v2\/media?parent=71680"}],"wp:term":[{"taxonomy":"category","embeddable":true,"href":"https:\/\/noticiasribeiraopreto.com.br\/index.php\/wp-json\/wp\/v2\/categories?post=71680"},{"taxonomy":"post_tag","embeddable":true,"href":"https:\/\/noticiasribeiraopreto.com.br\/index.php\/wp-json\/wp\/v2\/tags?post=71680"}],"curies":[{"name":"wp","href":"https:\/\/api.w.org\/{rel}","templated":true}]}}