{"id":71684,"date":"2025-06-09T08:09:34","date_gmt":"2025-06-09T11:09:34","guid":{"rendered":"https:\/\/noticiasribeiraopreto.com.br\/index.php\/2025\/06\/09\/jornal-da-franca-fim-da-carrocinha-projeto-quer-ampliar-direitos-de-animais-comunitarios-em-franca\/"},"modified":"2025-06-09T08:09:34","modified_gmt":"2025-06-09T11:09:34","slug":"jornal-da-franca-fim-da-carrocinha-projeto-quer-ampliar-direitos-de-animais-comunitarios-em-franca","status":"publish","type":"post","link":"https:\/\/noticiasribeiraopreto.com.br\/index.php\/2025\/06\/09\/jornal-da-franca-fim-da-carrocinha-projeto-quer-ampliar-direitos-de-animais-comunitarios-em-franca\/","title":{"rendered":"Jornal da Franca &#8211; Fim da &#8220;carrocinha&#8221;: projeto quer ampliar direitos de animais comunit\u00e1rios em Franca"},"content":{"rendered":"<p> <br \/>\n<\/p>\n<div>\n\t                            <a class=\"mb-1\" href=\"https:\/\/api.whatsapp.com\/send?text=Olha essa Not\u00edcia no Jornal da Franca.%0D%0D*Fim da \u201ccarrocinha\u201d: projeto quer ampliar direitos de animais comunit\u00e1rios em Franca*%0D%0Dclique na url abaixo%0Dhttps:\/\/www.jornaldafranca.com.br\/fim-da-carrocinha-projeto-quer-ampliar-direitos-de-animais-comunitarios-em-franca\/\" target=\"_blank\"><span class=\"text-12 badge badge-pill badge-success\"><i class=\"fa fa-whatsapp\"\/> compartilhar no whatsapp<\/span><\/a><\/p>\n<p>\t                            <a class=\"mb-1\" href=\"https:\/\/telegram.me\/share\/url?url=https:\/\/www.jornaldafranca.com.br\/fim-da-carrocinha-projeto-quer-ampliar-direitos-de-animais-comunitarios-em-franca\/&amp;text=Olha essa Not\u00edcia no Jornal da Franca.\" target=\"_blank\"><span class=\"text-12 badge badge-pill badge-info\"><i class=\"fa fa-telegram\"\/> compartilhar no telegram<\/span><\/a><\/p>\n<p>\t                            <a class=\"mb-1\" href=\"https:\/\/www.facebook.com\/sharer\/sharer.php?u=https:\/\/www.jornaldafranca.com.br\/fim-da-carrocinha-projeto-quer-ampliar-direitos-de-animais-comunitarios-em-franca\/\" target=\"_blank\"><span class=\"text-12 badge badge-pill badge-primary\"><i class=\"fa fa-facebook\"\/> compartilhar no facebook<\/span><\/a><\/p>\n<p>\t                            <a class=\"mb-1\" href=\"https:\/\/www.linkedin.com\/shareArticle?mini=true&amp;url=https:\/\/www.jornaldafranca.com.br\/fim-da-carrocinha-projeto-quer-ampliar-direitos-de-animais-comunitarios-em-franca\/&amp;title=Fim da \u201ccarrocinha\u201d: projeto quer ampliar direitos de animais comunit\u00e1rios em Franca&amp;source=JORNAL DA FRANCA\" target=\"_blank\"><span class=\"text-12 badge badge-pill badge-secondary\"><i class=\"fa fa-linkedin\"\/> compartilhar no linkedin<\/span><\/a><\/p>\n<div class=\"lead text-20\">\n<p>Exce\u00e7\u00f5es \u00e0 retirada do animal est\u00e3o previstas em casos de doen\u00e7a, atropelamento ou quando o animal apresentar comportamento agressivo<\/p>\n<\/p><\/div>\n<p><img data-recalc-dims=\"1\" decoding=\"async\" src=\"https:\/\/i0.wp.com\/www.jornaldafranca.com.br\/wp-content\/uploads\/2025\/06\/3ab215da-1f1d-4d1d-ab0d-63e9091a96d5.jpg?ssl=1\" alt=\"\"\/><\/p>\n<p>Recebeu parecer favor\u00e1vel das Comiss\u00f5es de M\u00e9rito da C\u00e2mara Municipal de Franca o <a href=\"https:\/\/sapl.franca.sp.leg.br\/materia\/13803\"><strong>Projeto de Lei Complementar n\u00ba 08\/2025<\/strong><\/a>, de autoria da vereadora Lindsay Cardoso (PP).<\/p>\n<p>A proposta altera o Cap\u00edtulo VI da Lei Complementar n\u00ba 229, de 25 de novembro de 2013, que institui o C\u00f3digo de Defesa dos Animais do Munic\u00edpio de Franca, para incluir a Se\u00e7\u00e3o \u00danica com os artigos 32-A, 32-B e 32-C, estabelecendo prote\u00e7\u00f5es espec\u00edficas aos chamados animais comunit\u00e1rios.<\/p>\n<p>Segundo a vereadora, o objetivo do projeto \u00e9 \u201cgarantir direitos b\u00e1sicos dos animais comunit\u00e1rios, como alimenta\u00e7\u00e3o, sa\u00fade e higiene, assim como impedir que eles sejam retirados de suas comunidades sem ordem judicial\u201d.<\/p>\n<p>Ela destaca ainda que a proposta busca adequar o comportamento da popula\u00e7\u00e3o francana para promover maior bem-estar tanto para os animais quanto para os cidad\u00e3os.<\/p>\n<p><strong>Palavra da vereadora autora do projeto<\/strong><\/p>\n<p>\u201cCom tal acr\u00e9scimo ao C\u00f3digo, pretende-se ajustar as condutas dos francanos de forma a proporcionar mais bem-estar n\u00e3o s\u00f3 aos animais comunit\u00e1rios, mas tamb\u00e9m \u00e0 popula\u00e7\u00e3o da nossa cidade.\u201d<\/p>\n<p>De acordo com o texto apresentado, fica assegurado o direito a abrigo e cuidados aos animais comunit\u00e1rios em \u00e1reas p\u00fablicas e em condom\u00ednios residenciais fechados.<\/p>\n<p>O projeto define como animal comunit\u00e1rio aquele que n\u00e3o possui um \u00fanico propriet\u00e1rio, mas que mant\u00e9m v\u00ednculo afetivo e de depend\u00eancia com os moradores da regi\u00e3o onde vive.<\/p>\n<p>O projeto tamb\u00e9m pro\u00edbe a retirada desses animais de seus abrigos sem ordem judicial, al\u00e9m de vedar a obstru\u00e7\u00e3o do fornecimento de alimentos, \u00e1gua e cuidados essenciais.<\/p>\n<p><strong>Exce\u00e7\u00e3o \u00e0 regra<\/strong><\/p>\n<p>Exce\u00e7\u00f5es \u00e0 retirada do animal est\u00e3o previstas em casos de doen\u00e7a, atropelamento ou quando o animal apresentar comportamento agressivo, mediante apresenta\u00e7\u00e3o de boletim de ocorr\u00eancia e laudo m\u00e9dico.<\/p>\n<p>A proposta determina ainda que os moradores da comunidade s\u00e3o respons\u00e1veis pelos cuidados com os animais, incluindo alimenta\u00e7\u00e3o, higiene e a limpeza do local onde vivem.<\/p>\n<p>Os abrigos, comedouros e bebedouros devem ser posicionados de forma que n\u00e3o atrapalhem o tr\u00e2nsito de ve\u00edculos e pedestres.<\/p>\n<p>A nova Lei Complementar poder\u00e1 ser regulamentada, no que couber, por meio de Decreto do Chefe do Poder Executivo.<\/p>\n<p><!-- CONTENT END 1 --><\/p>\n<hr\/><\/div>\n<p><br \/>\n<br \/><a href=\"https:\/\/www.jornaldafranca.com.br\/fim-da-carrocinha-projeto-quer-ampliar-direitos-de-animais-comunitarios-em-franca\/\">Source link <\/a><\/p>\n","protected":false},"excerpt":{"rendered":"<p>compartilhar no whatsapp compartilhar no telegram compartilhar no facebook compartilhar no linkedin Exce\u00e7\u00f5es \u00e0 retirada do animal est\u00e3o previstas em casos de doen\u00e7a, atropelamento ou&#8230;<\/p>\n","protected":false},"author":1,"featured_media":71685,"comment_status":"open","ping_status":"open","sticky":false,"template":"","format":"standard","meta":{"advanced_seo_description":"","jetpack_seo_html_title":"","jetpack_seo_noindex":false,"jetpack_post_was_ever_published":false,"_jetpack_newsletter_access":"","_jetpack_dont_email_post_to_subs":false,"_jetpack_newsletter_tier_id":0,"_jetpack_memberships_contains_paywalled_content":false,"_jetpack_memberships_contains_paid_content":false,"footnotes":"","jetpack_publicize_message":"","jetpack_publicize_feature_enabled":true,"jetpack_social_post_already_shared":true,"jetpack_social_options":{"image_generator_settings":{"template":"highway","default_image_id":0,"font":"","enabled":false},"version":2}},"categories":[3597],"tags":[],"class_list":["post-71684","post","type-post","status-publish","format-standard","has-post-thumbnail","hentry","category-noticias-franca-sp"],"jetpack_publicize_connections":[],"jetpack_featured_media_url":"https:\/\/i0.wp.com\/noticiasribeiraopreto.com.br\/wp-content\/uploads\/2025\/06\/3ab215da-1f1d-4d1d-ab0d-63e9091a96d5.jpg?fit=1600%2C1200&ssl=1","jetpack-related-posts":[{"id":69340,"url":"https:\/\/noticiasribeiraopreto.com.br\/index.php\/2025\/05\/05\/jornal-da-franca-implantacao-de-escola-civico-militar-em-franca-e-tema-de-debates-na-camara-municipal\/","url_meta":{"origin":71684,"position":0},"title":"Jornal da Franca &#8211; Implanta\u00e7\u00e3o de escola c\u00edvico-militar em Franca \u00e9 tema de debates na C\u00e2mara Municipal","author":"noticiasribeiraopreto.com.br","date":"5 de May de 2025","format":false,"excerpt":"compartilhar no whatsapp compartilhar no telegram compartilhar no facebook compartilhar no linkedin Mun\u00edcipe agradece apoio de vereadores e parlamentares para que Franca fosse contemplada com o modelo educacional A implanta\u00e7\u00e3o do Programa das Escolas C\u00edvico-Militares em Franca, pauta defendida pela direita, foi tema abordado durante a sess\u00e3o ordin\u00e1ria da C\u00e2mara\u2026","rel":"","context":"In &quot;Not\u00edcias de Franca-SP&quot;","block_context":{"text":"Not\u00edcias de Franca-SP","link":"https:\/\/noticiasribeiraopreto.com.br\/index.php\/category\/noticias-de-ribeirao-preto-sp-e-regiao-ismael-colosi\/noticias-franca-sp\/"},"img":{"alt_text":"","src":"https:\/\/i0.wp.com\/noticiasribeiraopreto.com.br\/wp-content\/uploads\/2025\/05\/1746449336_plenariodiagonal_0.jpg?fit=930%2C558&ssl=1&resize=350%2C200","width":350,"height":200,"srcset":"https:\/\/i0.wp.com\/noticiasribeiraopreto.com.br\/wp-content\/uploads\/2025\/05\/1746449336_plenariodiagonal_0.jpg?fit=930%2C558&ssl=1&resize=350%2C200 1x, https:\/\/i0.wp.com\/noticiasribeiraopreto.com.br\/wp-content\/uploads\/2025\/05\/1746449336_plenariodiagonal_0.jpg?fit=930%2C558&ssl=1&resize=525%2C300 1.5x, https:\/\/i0.wp.com\/noticiasribeiraopreto.com.br\/wp-content\/uploads\/2025\/05\/1746449336_plenariodiagonal_0.jpg?fit=930%2C558&ssl=1&resize=700%2C400 2x"},"classes":[]},{"id":72002,"url":"https:\/\/noticiasribeiraopreto.com.br\/index.php\/2025\/06\/12\/jornal-da-franca-cinco-partidas-movimentam-a-rodada-da-copa-franca-de-basquete-neste-domingo-15\/","url_meta":{"origin":71684,"position":1},"title":"Jornal da Franca &#8211; Cinco partidas movimentam a rodada da Copa Franca de Basquete neste domingo, 15","author":"noticiasribeiraopreto.com.br","date":"12 de June de 2025","format":false,"excerpt":"compartilhar no whatsapp compartilhar no telegram compartilhar no facebook compartilhar no linkedin Secretaria de Esporte e Cultura de Franca promove competi\u00e7\u00e3o com 28 equipes participantes Jogos acontecem no Gin\u00e1sio Pedroc\u00e3o a partir das 8h30, reunindo equipes da regi\u00e3o \u00a0 A tradicional Copa Franca de Basquete ter\u00e1 mais uma rodada neste\u2026","rel":"","context":"In &quot;Not\u00edcias de Franca-SP&quot;","block_context":{"text":"Not\u00edcias de Franca-SP","link":"https:\/\/noticiasribeiraopreto.com.br\/index.php\/category\/noticias-de-ribeirao-preto-sp-e-regiao-ismael-colosi\/noticias-franca-sp\/"},"img":{"alt_text":"","src":"https:\/\/i0.wp.com\/noticiasribeiraopreto.com.br\/wp-content\/uploads\/2025\/06\/Copa-Basquete.jpeg?fit=1200%2C802&ssl=1&resize=350%2C200","width":350,"height":200,"srcset":"https:\/\/i0.wp.com\/noticiasribeiraopreto.com.br\/wp-content\/uploads\/2025\/06\/Copa-Basquete.jpeg?fit=1200%2C802&ssl=1&resize=350%2C200 1x, https:\/\/i0.wp.com\/noticiasribeiraopreto.com.br\/wp-content\/uploads\/2025\/06\/Copa-Basquete.jpeg?fit=1200%2C802&ssl=1&resize=525%2C300 1.5x, https:\/\/i0.wp.com\/noticiasribeiraopreto.com.br\/wp-content\/uploads\/2025\/06\/Copa-Basquete.jpeg?fit=1200%2C802&ssl=1&resize=700%2C400 2x, https:\/\/i0.wp.com\/noticiasribeiraopreto.com.br\/wp-content\/uploads\/2025\/06\/Copa-Basquete.jpeg?fit=1200%2C802&ssl=1&resize=1050%2C600 3x"},"classes":[]},{"id":64747,"url":"https:\/\/noticiasribeiraopreto.com.br\/index.php\/2025\/03\/12\/jornal-da-franca-autoridades-e-produtores-rurais-de-franca-fazem-abertura-da-16-edicao-do-simcafe\/","url_meta":{"origin":71684,"position":2},"title":"Jornal da Franca &#8211; Autoridades e produtores rurais de Franca fazem abertura da 16\u00b0 edi\u00e7\u00e3o do SimCaf\u00e9","author":"noticiasribeiraopreto.com.br","date":"12 de March de 2025","format":false,"excerpt":"compartilhar no whatsapp compartilhar no telegram compartilhar no facebook compartilhar no linkedin Evento re\u00fane cafeicultores e empresas do setor de agro de Franca e regi\u00e3o O Simcaf\u00e9 \u2013 Simp\u00f3sio do Agroneg\u00f3cio Caf\u00e9 da Alta Mogiana \u2013 teve sua 16\u00b0 edi\u00e7\u00e3o aberta nesta ter\u00e7a-feira com a presen\u00e7a de diversas autoridades pol\u00edticas.\u2026","rel":"","context":"In &quot;Not\u00edcias de Franca-SP&quot;","block_context":{"text":"Not\u00edcias de Franca-SP","link":"https:\/\/noticiasribeiraopreto.com.br\/index.php\/category\/noticias-de-ribeirao-preto-sp-e-regiao-ismael-colosi\/noticias-franca-sp\/"},"img":{"alt_text":"","src":"https:\/\/i0.wp.com\/noticiasribeiraopreto.com.br\/wp-content\/uploads\/2025\/03\/IMG_20250311_180004.jpg?fit=804%2C730&ssl=1&resize=350%2C200","width":350,"height":200,"srcset":"https:\/\/i0.wp.com\/noticiasribeiraopreto.com.br\/wp-content\/uploads\/2025\/03\/IMG_20250311_180004.jpg?fit=804%2C730&ssl=1&resize=350%2C200 1x, https:\/\/i0.wp.com\/noticiasribeiraopreto.com.br\/wp-content\/uploads\/2025\/03\/IMG_20250311_180004.jpg?fit=804%2C730&ssl=1&resize=525%2C300 1.5x, https:\/\/i0.wp.com\/noticiasribeiraopreto.com.br\/wp-content\/uploads\/2025\/03\/IMG_20250311_180004.jpg?fit=804%2C730&ssl=1&resize=700%2C400 2x"},"classes":[]},{"id":69220,"url":"https:\/\/noticiasribeiraopreto.com.br\/index.php\/2025\/05\/03\/jornal-da-franca-socorristas-que-salvaram-crianca-em-franca-recebem-mocao-de-aplausos-da-camara\/","url_meta":{"origin":71684,"position":3},"title":"Jornal da Franca &#8211; Socorristas que salvaram crian\u00e7a em Franca\u00a0recebem Mo\u00e7\u00e3o de Aplausos da C\u00e2mara","author":"noticiasribeiraopreto.com.br","date":"3 de May de 2025","format":false,"excerpt":"compartilhar no whatsapp compartilhar no telegram compartilhar no facebook compartilhar no linkedin Mo\u00e7\u00e3o reconhece trabalho de equipe de sa\u00fade que atuou no salvamento de beb\u00ea A C\u00e2mara aprovou a Mo\u00e7\u00e3o de Aplausos n\u00ba 41 de 2025, de autoria do vereador Walker Bombeiro da Libras, para a equipe de sa\u00fade da\u2026","rel":"","context":"In &quot;Not\u00edcias de Franca-SP&quot;","block_context":{"text":"Not\u00edcias de Franca-SP","link":"https:\/\/noticiasribeiraopreto.com.br\/index.php\/category\/noticias-de-ribeirao-preto-sp-e-regiao-ismael-colosi\/noticias-franca-sp\/"},"img":{"alt_text":"","src":"https:\/\/i0.wp.com\/noticiasribeiraopreto.com.br\/wp-content\/uploads\/2025\/05\/mocaoravi17sessao.jpg?fit=1000%2C562&ssl=1&resize=350%2C200","width":350,"height":200,"srcset":"https:\/\/i0.wp.com\/noticiasribeiraopreto.com.br\/wp-content\/uploads\/2025\/05\/mocaoravi17sessao.jpg?fit=1000%2C562&ssl=1&resize=350%2C200 1x, https:\/\/i0.wp.com\/noticiasribeiraopreto.com.br\/wp-content\/uploads\/2025\/05\/mocaoravi17sessao.jpg?fit=1000%2C562&ssl=1&resize=525%2C300 1.5x, https:\/\/i0.wp.com\/noticiasribeiraopreto.com.br\/wp-content\/uploads\/2025\/05\/mocaoravi17sessao.jpg?fit=1000%2C562&ssl=1&resize=700%2C400 2x"},"classes":[]},{"id":69837,"url":"https:\/\/noticiasribeiraopreto.com.br\/index.php\/2025\/05\/09\/jornal-da-franca-comissao-da-camara-de-franca-cobra-informacoes-das-secretarias-de-saude-e-educacao\/","url_meta":{"origin":71684,"position":4},"title":"Jornal da Franca &#8211; Comiss\u00e3o da C\u00e2mara de Franca cobra informa\u00e7\u00f5es das secretarias de Sa\u00fade e Educa\u00e7\u00e3o","author":"noticiasribeiraopreto.com.br","date":"9 de May de 2025","format":false,"excerpt":"compartilhar no whatsapp compartilhar no telegram compartilhar no facebook compartilhar no linkedin Grupo de vereadores fiscaliza condi\u00e7\u00f5es de trabalho de servidores municipais Os vereadores Mar\u00edlia Martins (PSOL), Gilson Pelizaro (PT), Marcelo Tidy (MDB) e Zezinho Cabeleireiro (PSD), integrantes da Comiss\u00e3o Especial de Assuntos Relevantes (CEAR) da C\u00e2mara Municipal de Franca,\u2026","rel":"","context":"In &quot;Not\u00edcias de Franca-SP&quot;","block_context":{"text":"Not\u00edcias de Franca-SP","link":"https:\/\/noticiasribeiraopreto.com.br\/index.php\/category\/noticias-de-ribeirao-preto-sp-e-regiao-ismael-colosi\/noticias-franca-sp\/"},"img":{"alt_text":"","src":"https:\/\/i0.wp.com\/noticiasribeiraopreto.com.br\/wp-content\/uploads\/2025\/05\/pLENARIO-10.jpg?fit=930%2C558&ssl=1&resize=350%2C200","width":350,"height":200,"srcset":"https:\/\/i0.wp.com\/noticiasribeiraopreto.com.br\/wp-content\/uploads\/2025\/05\/pLENARIO-10.jpg?fit=930%2C558&ssl=1&resize=350%2C200 1x, https:\/\/i0.wp.com\/noticiasribeiraopreto.com.br\/wp-content\/uploads\/2025\/05\/pLENARIO-10.jpg?fit=930%2C558&ssl=1&resize=525%2C300 1.5x, https:\/\/i0.wp.com\/noticiasribeiraopreto.com.br\/wp-content\/uploads\/2025\/05\/pLENARIO-10.jpg?fit=930%2C558&ssl=1&resize=700%2C400 2x"},"classes":[]},{"id":66296,"url":"https:\/\/noticiasribeiraopreto.com.br\/index.php\/2025\/03\/30\/jornal-da-franca-camara-vota-regularizacao-de-utilidade-publica-da-associacao-dos-surdos-de-franca\/","url_meta":{"origin":71684,"position":5},"title":"Jornal da Franca &#8211; C\u00e2mara vota regulariza\u00e7\u00e3o de utilidade p\u00fablica da Associa\u00e7\u00e3o dos Surdos de Franca\u00a0","author":"noticiasribeiraopreto.com.br","date":"30 de March de 2025","format":false,"excerpt":"compartilhar no whatsapp compartilhar no telegram compartilhar no facebook compartilhar no linkedin Objetivo \u00e9 fazer a adequa\u00e7\u00e3o no nome da entidade, que tem utilidade p\u00fablica reconhecida \u00a0 De autoria do vereador Donizete da Farm\u00e1cia (MDB) ser\u00e1 votado na sess\u00e3o da pr\u00f3xima ter\u00e7a-feira o Projeto de Lei Ordin\u00e1ria n\u00ba 31\/2025, que\u2026","rel":"","context":"In &quot;Not\u00edcias de Franca-SP&quot;","block_context":{"text":"Not\u00edcias de Franca-SP","link":"https:\/\/noticiasribeiraopreto.com.br\/index.php\/category\/noticias-de-ribeirao-preto-sp-e-regiao-ismael-colosi\/noticias-franca-sp\/"},"img":{"alt_text":"","src":"https:\/\/i0.wp.com\/noticiasribeiraopreto.com.br\/wp-content\/uploads\/2025\/03\/1743353625_pLENARIO-21.jpg?fit=930%2C558&ssl=1&resize=350%2C200","width":350,"height":200,"srcset":"https:\/\/i0.wp.com\/noticiasribeiraopreto.com.br\/wp-content\/uploads\/2025\/03\/1743353625_pLENARIO-21.jpg?fit=930%2C558&ssl=1&resize=350%2C200 1x, https:\/\/i0.wp.com\/noticiasribeiraopreto.com.br\/wp-content\/uploads\/2025\/03\/1743353625_pLENARIO-21.jpg?fit=930%2C558&ssl=1&resize=525%2C300 1.5x, https:\/\/i0.wp.com\/noticiasribeiraopreto.com.br\/wp-content\/uploads\/2025\/03\/1743353625_pLENARIO-21.jpg?fit=930%2C558&ssl=1&resize=700%2C400 2x"},"classes":[]}],"jetpack_sharing_enabled":true,"jetpack_shortlink":"https:\/\/wp.me\/peQAOb-iEc","_links":{"self":[{"href":"https:\/\/noticiasribeiraopreto.com.br\/index.php\/wp-json\/wp\/v2\/posts\/71684","targetHints":{"allow":["GET"]}}],"collection":[{"href":"https:\/\/noticiasribeiraopreto.com.br\/index.php\/wp-json\/wp\/v2\/posts"}],"about":[{"href":"https:\/\/noticiasribeiraopreto.com.br\/index.php\/wp-json\/wp\/v2\/types\/post"}],"author":[{"embeddable":true,"href":"https:\/\/noticiasribeiraopreto.com.br\/index.php\/wp-json\/wp\/v2\/users\/1"}],"replies":[{"embeddable":true,"href":"https:\/\/noticiasribeiraopreto.com.br\/index.php\/wp-json\/wp\/v2\/comments?post=71684"}],"version-history":[{"count":0,"href":"https:\/\/noticiasribeiraopreto.com.br\/index.php\/wp-json\/wp\/v2\/posts\/71684\/revisions"}],"wp:featuredmedia":[{"embeddable":true,"href":"https:\/\/noticiasribeiraopreto.com.br\/index.php\/wp-json\/wp\/v2\/media\/71685"}],"wp:attachment":[{"href":"https:\/\/noticiasribeiraopreto.com.br\/index.php\/wp-json\/wp\/v2\/media?parent=71684"}],"wp:term":[{"taxonomy":"category","embeddable":true,"href":"https:\/\/noticiasribeiraopreto.com.br\/index.php\/wp-json\/wp\/v2\/categories?post=71684"},{"taxonomy":"post_tag","embeddable":true,"href":"https:\/\/noticiasribeiraopreto.com.br\/index.php\/wp-json\/wp\/v2\/tags?post=71684"}],"curies":[{"name":"wp","href":"https:\/\/api.w.org\/{rel}","templated":true}]}}