{"id":71686,"date":"2025-06-09T08:31:49","date_gmt":"2025-06-09T11:31:49","guid":{"rendered":"https:\/\/noticiasribeiraopreto.com.br\/index.php\/2025\/06\/09\/cantor-fica-ferido-apos-ter-rosto-atingido-por-fogo-em-show-esta-tudo-bem-diz-leo\/"},"modified":"2025-06-09T08:31:49","modified_gmt":"2025-06-09T11:31:49","slug":"cantor-fica-ferido-apos-ter-rosto-atingido-por-fogo-em-show-esta-tudo-bem-diz-leo","status":"publish","type":"post","link":"https:\/\/noticiasribeiraopreto.com.br\/index.php\/2025\/06\/09\/cantor-fica-ferido-apos-ter-rosto-atingido-por-fogo-em-show-esta-tudo-bem-diz-leo\/","title":{"rendered":"Cantor fica ferido ap\u00f3s ter rosto atingido por fogo em show; \u2018Est\u00e1 tudo bem\u2019, diz L\u00e9o"},"content":{"rendered":"<p> <br \/>\n<\/p>\n<div data-td-block-uid=\"tdi_95\">\n<div class=\"tdb-block-inner td-fix-index\">\n<p><strong>O cantor sertanejo L\u00e9o, que faz dupla com Raphael, ficou ferido ao ser atingido por um jato de fogo lan\u00e7ado por um equipamento de efeitos especiais durante um show na madrugada deste domingo (8), em\u00a0Pontal, a 40 quil\u00f4metros de Ribeir\u00e3o Preto<\/strong>. <strong>Assista <\/strong>ao <strong>v\u00eddeo <\/strong>abaixo.<\/p>\n<p>O <strong>cantor disse <\/strong>no perfil da dupla no <strong>Instagram <\/strong>que <strong>passa bem<\/strong>. Ele contou que os equipamentos que lan\u00e7am o fogo n\u00e3o estavam funcionando no show anterior e foram trocados.<\/p>\n<figure class=\"wp-block-pullquote\">\n<blockquote>\n<p>A\u00ed, funcionou na hora que eu menos esperava. Depois de uns cinco segundos pegando fogo na cara, apagou e tocamos o show. Est\u00e1 tudo certo, est\u00e1 tudo bem,<\/p>\n<p><cite><strong>disse o cantor.<\/strong><\/cite><\/p><\/blockquote>\n<\/figure>\n<p>O cantor sofreu queimaduras no nariz e na orelha e foi atendido por equipe de bombeiros do Pontal Rodeo Music.<\/p>\n<h2 class=\"wp-block-heading\"><strong>Outro lado<\/strong><\/h2>\n<p>A Marini Eventos, organizadora do Pontal Rodeo Music, afirmou, por meio de nota de imprensa, que as queimaduras foram leves e que o cantor est\u00e1 bem.<\/p>\n<figure class=\"wp-block-pullquote\">\n<blockquote>\n<p>Durante a apresenta\u00e7\u00e3o, a equipe t\u00e9cnica do artista realizou um novo teste nas m\u00e1quinas de efeitos especiais (com jatos de fogo), devido a uma falha identificada no equipamento. No momento do teste, o cantor encontrava-se pr\u00f3ximo ao dispositivo, que acabou sendo acionado de forma inesperada, atingindo-o no rosto. Felizmente, as queimaduras foram leves e o cantor est\u00e1 bem, em recupera\u00e7\u00e3o, <\/p>\n<p><cite>disse a empresa.<\/cite><\/p><\/blockquote>\n<\/figure>\n<p>A organiza\u00e7\u00e3o refor\u00e7ou o compromisso com a seguran\u00e7a de artistas, equipes t\u00e9cnicas e do p\u00fablico nos eventos.<\/p>\n<figure class=\"wp-block-video\"><video controls=\"\" src=\"https:\/\/www.acidadeon.com\/ribeiraopreto\/wp-content\/uploads\/sites\/3\/2025\/06\/WhatsApp-Video-2025-06-09-at-07.13.32.mp4\"\/><\/figure>\n<p>SAIBA MAIS<\/p>\n<p>Trecho de rua em Ribeir\u00e3o Preto passa a ter sentido \u00fanico de dire\u00e7\u00e3o<\/p>\n<h3 class=\"wp-block-heading\"><strong>FIQUE ON<\/strong><\/h3>\n<p>Fique ligado em tudo que acontece em Ribeir\u00e3o Preto e regi\u00e3o. Siga os perfis do\u00a0<strong>acidade on<\/strong>\u00a0no<a href=\"https:\/\/www.instagram.com\/acidadeonribeirao\">\u00a0Instagram<\/a>\u00a0e no\u00a0<a href=\"https:\/\/www.facebook.com\/acidadeonribeirao\/\">Facebook<\/a>.<\/p>\n<p>Receba not\u00edcias do\u00a0<strong>acidade on\u00a0<\/strong>no WhatsApp.\u00a0<a href=\"https:\/\/chat.whatsapp.com\/BjKQZ9oJwlz8VVT50NuePq\">Para entrar no grupo, basta clicar aqui.<\/a><\/p>\n<p>Fa\u00e7a uma den\u00fancia ou sugira uma reportagem sobre Ribeir\u00e3o Preto e regi\u00e3o pelo WhatsApp: 16 99117 7802.<\/p>\n<p>VEJA TAMB\u00c9M<\/p>\n<p>Quais foram as tr\u00eas marcas de azeite proibidas pela Anvisa?<\/p>\n<p><!-- CONTENT END 1 -->\n<\/div>\n<\/div>\n<p><script async src=\"\/\/www.instagram.com\/embed.js\"><\/script><br \/>\n<br \/><br \/>\n<br \/><a href=\"https:\/\/www.acidadeon.com\/ribeiraopreto\/lazer-e-cultura\/cantor-fica-ferido-apos-ter-rosto-atingido-por-fogo-em-show-esta-tudo-bem-diz-leo\/\">Source link <\/a><\/p>\n","protected":false},"excerpt":{"rendered":"<p>O cantor sertanejo L\u00e9o, que faz dupla com Raphael, ficou ferido ao ser atingido por um jato de fogo lan\u00e7ado por um equipamento de efeitos&#8230;<\/p>\n","protected":false},"author":1,"featured_media":71687,"comment_status":"open","ping_status":"open","sticky":false,"template":"","format":"standard","meta":{"advanced_seo_description":"","jetpack_seo_html_title":"","jetpack_seo_noindex":false,"jetpack_post_was_ever_published":false,"_jetpack_newsletter_access":"","_jetpack_dont_email_post_to_subs":false,"_jetpack_newsletter_tier_id":0,"_jetpack_memberships_contains_paywalled_content":false,"_jetpack_memberships_contains_paid_content":false,"footnotes":"","jetpack_publicize_message":"","jetpack_publicize_feature_enabled":true,"jetpack_social_post_already_shared":true,"jetpack_social_options":{"image_generator_settings":{"template":"highway","default_image_id":0,"font":"","enabled":false},"version":2}},"categories":[11],"tags":[],"class_list":["post-71686","post","type-post","status-publish","format-standard","has-post-thumbnail","hentry","category-noticias-de-ribeirao-preto-sp-e-regiao-ismael-colosi"],"jetpack_publicize_connections":[],"jetpack_featured_media_url":"https:\/\/i0.wp.com\/noticiasribeiraopreto.com.br\/wp-content\/uploads\/2025\/06\/CANTOR_2025-06-09_09-54-30.webp.webp?fit=1200%2C795&ssl=1","jetpack-related-posts":[{"id":71707,"url":"https:\/\/noticiasribeiraopreto.com.br\/index.php\/2025\/06\/09\/pontal-cantor-sertanejo-leo-e-atingido-por-chamas\/","url_meta":{"origin":71686,"position":0},"title":"Pontal: Cantor sertanejo L\u00e9o \u00e9 atingido por chamas","author":"noticiasribeiraopreto.com.br","date":"9 de June de 2025","format":false,"excerpt":"Acidente ocorreu durante um show realizado na cidade 9 de junho de 2025 10:433 Compartilhar1 O cantor L\u00e9o, da dupla sertaneja com Raphael, foi atingido por chamas durante um show no domingo, 8 de junho. O acidente foi causado por um aparelho de pirotecnia, durante apresenta\u00e7\u00e3o na cidade de Pontal,\u2026","rel":"","context":"In &quot;Not\u00edcias de Ribeir\u00e3o Preto-SP e Regi\u00e3o&quot;","block_context":{"text":"Not\u00edcias de Ribeir\u00e3o Preto-SP e Regi\u00e3o","link":"https:\/\/noticiasribeiraopreto.com.br\/index.php\/category\/noticias-de-ribeirao-preto-sp-e-regiao-ismael-colosi\/"},"img":{"alt_text":"","src":"https:\/\/i0.wp.com\/noticiasribeiraopreto.com.br\/wp-content\/uploads\/2025\/06\/09-jun-2025-acidentesertanejo.jpg?fit=591%2C500&ssl=1&resize=350%2C200","width":350,"height":200,"srcset":"https:\/\/i0.wp.com\/noticiasribeiraopreto.com.br\/wp-content\/uploads\/2025\/06\/09-jun-2025-acidentesertanejo.jpg?fit=591%2C500&ssl=1&resize=350%2C200 1x, https:\/\/i0.wp.com\/noticiasribeiraopreto.com.br\/wp-content\/uploads\/2025\/06\/09-jun-2025-acidentesertanejo.jpg?fit=591%2C500&ssl=1&resize=525%2C300 1.5x"},"classes":[]},{"id":71705,"url":"https:\/\/noticiasribeiraopreto.com.br\/index.php\/2025\/06\/09\/pm-detem-cinco-suspeitos-de-manter-homem-em-carcere-em-motel-de-ribeirao-preto\/","url_meta":{"origin":71686,"position":1},"title":"PM det\u00e9m cinco suspeitos de manter homem em c\u00e1rcere em motel de Ribeir\u00e3o Preto","author":"noticiasribeiraopreto.com.br","date":"9 de June de 2025","format":false,"excerpt":"A PM (Pol\u00edcia Militar) deteve nesta segunda-feira (9) cinco suspeitos de manter um homem de 47 anos em c\u00e1rcere privado no interior de um motel, na zona Norte de Ribeir\u00e3o Preto. Segundo a pol\u00edcia, a v\u00edtima \u00e9 da cidade de Brodowski e foi mantida em um estabelecimento na regi\u00e3o da\u2026","rel":"","context":"In &quot;Not\u00edcias de Ribeir\u00e3o Preto-SP e Regi\u00e3o&quot;","block_context":{"text":"Not\u00edcias de Ribeir\u00e3o Preto-SP e Regi\u00e3o","link":"https:\/\/noticiasribeiraopreto.com.br\/index.php\/category\/noticias-de-ribeirao-preto-sp-e-regiao-ismael-colosi\/"},"img":{"alt_text":"","src":"https:\/\/i0.wp.com\/noticiasribeiraopreto.com.br\/wp-content\/uploads\/2025\/06\/MOTEL_2025-06-09_11-12-00.webp.webp?fit=1200%2C692&ssl=1&resize=350%2C200","width":350,"height":200,"srcset":"https:\/\/i0.wp.com\/noticiasribeiraopreto.com.br\/wp-content\/uploads\/2025\/06\/MOTEL_2025-06-09_11-12-00.webp.webp?fit=1200%2C692&ssl=1&resize=350%2C200 1x, https:\/\/i0.wp.com\/noticiasribeiraopreto.com.br\/wp-content\/uploads\/2025\/06\/MOTEL_2025-06-09_11-12-00.webp.webp?fit=1200%2C692&ssl=1&resize=525%2C300 1.5x, https:\/\/i0.wp.com\/noticiasribeiraopreto.com.br\/wp-content\/uploads\/2025\/06\/MOTEL_2025-06-09_11-12-00.webp.webp?fit=1200%2C692&ssl=1&resize=700%2C400 2x, https:\/\/i0.wp.com\/noticiasribeiraopreto.com.br\/wp-content\/uploads\/2025\/06\/MOTEL_2025-06-09_11-12-00.webp.webp?fit=1200%2C692&ssl=1&resize=1050%2C600 3x"},"classes":[]},{"id":24312,"url":"https:\/\/noticiasribeiraopreto.com.br\/index.php\/2024\/01\/04\/morre-aos-41-anos-o-cantor-sertanejo-joao-carreiro\/","url_meta":{"origin":71686,"position":2},"title":"Morre, aos 41 anos, o cantor sertanejo Jo\u00e3o Carreiro","author":"noticiasribeiraopreto.com.br","date":"4 de January de 2024","format":false,"excerpt":"O cantor sertanejo Jo\u00e3o Carreiro morreu, aos 41 anos, na noite desta quarta-feira (3). Ele n\u00e3o resistiu a uma cirurgia feita para colocar uma v\u00e1lvula no cora\u00e7\u00e3o.\u00a0 A informa\u00e7\u00e3o foi confirmada\u00a0pelo empres\u00e1rio do artista. Jo\u00e3o Carreiro se apresentou em Franca, na regi\u00e3o de Ribeir\u00e3o Preto, em dezembro de 2023.\u00a0 O\u2026","rel":"","context":"In &quot;Not\u00edcias de Ribeir\u00e3o Preto-SP e Regi\u00e3o&quot;","block_context":{"text":"Not\u00edcias de Ribeir\u00e3o Preto-SP e Regi\u00e3o","link":"https:\/\/noticiasribeiraopreto.com.br\/index.php\/category\/noticias-de-ribeirao-preto-sp-e-regiao-ismael-colosi\/"},"img":{"alt_text":"","src":"https:\/\/i0.wp.com\/noticiasribeiraopreto.com.br\/wp-content\/uploads\/2024\/01\/photo-output-1024x683.png?fit=1024%2C683&ssl=1&resize=350%2C200","width":350,"height":200,"srcset":"https:\/\/i0.wp.com\/noticiasribeiraopreto.com.br\/wp-content\/uploads\/2024\/01\/photo-output-1024x683.png?fit=1024%2C683&ssl=1&resize=350%2C200 1x, https:\/\/i0.wp.com\/noticiasribeiraopreto.com.br\/wp-content\/uploads\/2024\/01\/photo-output-1024x683.png?fit=1024%2C683&ssl=1&resize=525%2C300 1.5x, https:\/\/i0.wp.com\/noticiasribeiraopreto.com.br\/wp-content\/uploads\/2024\/01\/photo-output-1024x683.png?fit=1024%2C683&ssl=1&resize=700%2C400 2x"},"classes":[]},{"id":71719,"url":"https:\/\/noticiasribeiraopreto.com.br\/index.php\/2025\/06\/09\/tenores-apresentam-espetaculo-romantico-no-dia-dos-namorados-em-ribeirao-preto\/","url_meta":{"origin":71686,"position":3},"title":"Tenores apresentam espet\u00e1culo rom\u00e2ntico no Dia dos Namorados em Ribeir\u00e3o Preto","author":"noticiasribeiraopreto.com.br","date":"9 de June de 2025","format":false,"excerpt":"O Amazing Tenors, considerado o maior trio de tenores do Brasil, apresenta um show especial feito para o Dia dos Namorados no Theatro Pedro II, em Ribeir\u00e3o Preto, na pr\u00f3xima quinta-feira (12), \u00e0s 20h. O espet\u00e1culo leva ao p\u00fablico cl\u00e1ssicos rom\u00e2nticos para celebrar a data dos apaixonados. A dire\u00e7\u00e3o geral\u2026","rel":"","context":"In &quot;Not\u00edcias de Ribeir\u00e3o Preto-SP e Regi\u00e3o&quot;","block_context":{"text":"Not\u00edcias de Ribeir\u00e3o Preto-SP e Regi\u00e3o","link":"https:\/\/noticiasribeiraopreto.com.br\/index.php\/category\/noticias-de-ribeirao-preto-sp-e-regiao-ismael-colosi\/"},"img":{"alt_text":"","src":"https:\/\/i0.wp.com\/noticiasribeiraopreto.com.br\/wp-content\/uploads\/2025\/06\/amazing-tenors_2025-06-09_12-07-09.webp.webp?fit=1200%2C800&ssl=1&resize=350%2C200","width":350,"height":200,"srcset":"https:\/\/i0.wp.com\/noticiasribeiraopreto.com.br\/wp-content\/uploads\/2025\/06\/amazing-tenors_2025-06-09_12-07-09.webp.webp?fit=1200%2C800&ssl=1&resize=350%2C200 1x, https:\/\/i0.wp.com\/noticiasribeiraopreto.com.br\/wp-content\/uploads\/2025\/06\/amazing-tenors_2025-06-09_12-07-09.webp.webp?fit=1200%2C800&ssl=1&resize=525%2C300 1.5x, https:\/\/i0.wp.com\/noticiasribeiraopreto.com.br\/wp-content\/uploads\/2025\/06\/amazing-tenors_2025-06-09_12-07-09.webp.webp?fit=1200%2C800&ssl=1&resize=700%2C400 2x, https:\/\/i0.wp.com\/noticiasribeiraopreto.com.br\/wp-content\/uploads\/2025\/06\/amazing-tenors_2025-06-09_12-07-09.webp.webp?fit=1200%2C800&ssl=1&resize=1050%2C600 3x"},"classes":[]},{"id":12397,"url":"https:\/\/noticiasribeiraopreto.com.br\/index.php\/2023\/12\/07\/mulher-do-cantor-ze-neto-diz-algo-que-poucos-esperavam-envolvendo-grave-acidente-de-carro-do-sertanejo-eu\/","url_meta":{"origin":71686,"position":4},"title":"Mulher do cantor Z\u00e9 Neto diz algo que poucos esperavam envolvendo grave acidente de carro do sertanejo: &#8216;Eu&#8230;&#8217;","author":"noticiasribeiraopreto.com.br","date":"7 de December de 2023","format":false,"excerpt":"De forma recente, a mulher do cantor Z\u00e9 Neto, Nat\u00e1lia Toscano, acabou fazendo uma revela\u00e7\u00e3o sobre o acidente que seu marido sofreu, contando que auxiliou nos primeiros socorros.Z\u00e9 Neto sofreu um grave acidente de carro nesta \u00faltima ter\u00e7a-feira, dia 5 de dezembro, na BR-153, em Fronteira, Minas Gerais. O acidente\u2026","rel":"","context":"In &quot;Blog&quot;","block_context":{"text":"Blog","link":"https:\/\/noticiasribeiraopreto.com.br\/index.php\/category\/blog\/"},"img":{"alt_text":"","src":"https:\/\/i0.wp.com\/noticiasribeiraopreto.com.br\/wp-content\/uploads\/2023\/12\/postimg-657271b09ff498492.jpg?fit=1200%2C628&ssl=1&resize=350%2C200","width":350,"height":200,"srcset":"https:\/\/i0.wp.com\/noticiasribeiraopreto.com.br\/wp-content\/uploads\/2023\/12\/postimg-657271b09ff498492.jpg?fit=1200%2C628&ssl=1&resize=350%2C200 1x, https:\/\/i0.wp.com\/noticiasribeiraopreto.com.br\/wp-content\/uploads\/2023\/12\/postimg-657271b09ff498492.jpg?fit=1200%2C628&ssl=1&resize=525%2C300 1.5x, https:\/\/i0.wp.com\/noticiasribeiraopreto.com.br\/wp-content\/uploads\/2023\/12\/postimg-657271b09ff498492.jpg?fit=1200%2C628&ssl=1&resize=700%2C400 2x, https:\/\/i0.wp.com\/noticiasribeiraopreto.com.br\/wp-content\/uploads\/2023\/12\/postimg-657271b09ff498492.jpg?fit=1200%2C628&ssl=1&resize=1050%2C600 3x"},"classes":[]},{"id":3896,"url":"https:\/\/noticiasribeiraopreto.com.br\/index.php\/2023\/11\/20\/cantor-e-atacado-a-tiros-por-causa-de-uma-briga-transito\/","url_meta":{"origin":71686,"position":5},"title":"Cantor \u00e9 atacado a tiros por causa de uma briga tr\u00e2nsito","author":"noticiasribeiraopreto.com.br","date":"20 de November de 2023","format":false,"excerpt":"Uma discuss\u00e3o de tr\u00e2nsito terminou em um ataque a tiros e por muito pouco n\u00e3o terminou em uma grande trag\u00e9dia.O cantor Eduardo Falc\u00e3o foi alvejado por disparos de arma de fogo ap\u00f3s um incidente de tr\u00e2nsito na cidade de Teresina, capital do estado do Piau\u00ed.Atrav\u00e9s de sua conta no Instagram,\u2026","rel":"","context":"In &quot;Blog&quot;","block_context":{"text":"Blog","link":"https:\/\/noticiasribeiraopreto.com.br\/index.php\/category\/blog\/"},"img":{"alt_text":"","src":"https:\/\/i0.wp.com\/noticiasribeiraopreto.com.br\/wp-content\/uploads\/2023\/11\/postimg-655a931dd57198170.jpg?fit=942%2C628&ssl=1&resize=350%2C200","width":350,"height":200,"srcset":"https:\/\/i0.wp.com\/noticiasribeiraopreto.com.br\/wp-content\/uploads\/2023\/11\/postimg-655a931dd57198170.jpg?fit=942%2C628&ssl=1&resize=350%2C200 1x, https:\/\/i0.wp.com\/noticiasribeiraopreto.com.br\/wp-content\/uploads\/2023\/11\/postimg-655a931dd57198170.jpg?fit=942%2C628&ssl=1&resize=525%2C300 1.5x, https:\/\/i0.wp.com\/noticiasribeiraopreto.com.br\/wp-content\/uploads\/2023\/11\/postimg-655a931dd57198170.jpg?fit=942%2C628&ssl=1&resize=700%2C400 2x"},"classes":[]}],"jetpack_sharing_enabled":true,"jetpack_shortlink":"https:\/\/wp.me\/peQAOb-iEe","_links":{"self":[{"href":"https:\/\/noticiasribeiraopreto.com.br\/index.php\/wp-json\/wp\/v2\/posts\/71686","targetHints":{"allow":["GET"]}}],"collection":[{"href":"https:\/\/noticiasribeiraopreto.com.br\/index.php\/wp-json\/wp\/v2\/posts"}],"about":[{"href":"https:\/\/noticiasribeiraopreto.com.br\/index.php\/wp-json\/wp\/v2\/types\/post"}],"author":[{"embeddable":true,"href":"https:\/\/noticiasribeiraopreto.com.br\/index.php\/wp-json\/wp\/v2\/users\/1"}],"replies":[{"embeddable":true,"href":"https:\/\/noticiasribeiraopreto.com.br\/index.php\/wp-json\/wp\/v2\/comments?post=71686"}],"version-history":[{"count":0,"href":"https:\/\/noticiasribeiraopreto.com.br\/index.php\/wp-json\/wp\/v2\/posts\/71686\/revisions"}],"wp:featuredmedia":[{"embeddable":true,"href":"https:\/\/noticiasribeiraopreto.com.br\/index.php\/wp-json\/wp\/v2\/media\/71687"}],"wp:attachment":[{"href":"https:\/\/noticiasribeiraopreto.com.br\/index.php\/wp-json\/wp\/v2\/media?parent=71686"}],"wp:term":[{"taxonomy":"category","embeddable":true,"href":"https:\/\/noticiasribeiraopreto.com.br\/index.php\/wp-json\/wp\/v2\/categories?post=71686"},{"taxonomy":"post_tag","embeddable":true,"href":"https:\/\/noticiasribeiraopreto.com.br\/index.php\/wp-json\/wp\/v2\/tags?post=71686"}],"curies":[{"name":"wp","href":"https:\/\/api.w.org\/{rel}","templated":true}]}}