{"id":71688,"date":"2025-06-09T08:38:55","date_gmt":"2025-06-09T11:38:55","guid":{"rendered":"https:\/\/noticiasribeiraopreto.com.br\/index.php\/2025\/06\/09\/comercial-lanca-novos-uniformes-de-olho-na-estreia-da-copa-paulista\/"},"modified":"2025-06-09T08:38:55","modified_gmt":"2025-06-09T11:38:55","slug":"comercial-lanca-novos-uniformes-de-olho-na-estreia-da-copa-paulista","status":"publish","type":"post","link":"https:\/\/noticiasribeiraopreto.com.br\/index.php\/2025\/06\/09\/comercial-lanca-novos-uniformes-de-olho-na-estreia-da-copa-paulista\/","title":{"rendered":"Comercial lan\u00e7a novos uniformes de olho na estreia da Copa Paulista"},"content":{"rendered":"<p> <br \/>\n<\/p>\n<div data-td-block-uid=\"tdi_95\">\n<div class=\"tdb-block-inner td-fix-index\">\n<p>Se preparando para disputa da<strong> Copa Paulista 2025<\/strong>, o <strong>Comercial<\/strong> lan\u00e7ou no \u00faltimo s\u00e1bado (7) os novos uniformes para sequ\u00eancia da temporada. A equipe de<strong> Ribeir\u00e3o Preto<\/strong> estreia na disputa no pr\u00f3ximo s\u00e1bado (14), \u00e0s 15h, contra a <strong>Francana<\/strong>.<\/p>\n<p>A nova camisa do Comercial j\u00e1 est\u00e1 \u00e0 venda na loja oficial do clube. O uniforme ser\u00e1 usado na Copa Paulista deste ano e tem duas linhas dispon\u00edveis para o torcedor, com <mark style=\"background-color:#fcb900\" class=\"has-inline-color has-black-color\">pre\u00e7os que variam entre R$ 105 e R$ 165<\/mark>.<\/p>\n<p>Foram lan\u00e7ados os modelos I (listrada), II (branca) e a camisa de goleiro (azul).<\/p>\n<h2 class=\"wp-block-heading\"><strong>Jogo-treino<\/strong><\/h2>\n<p>Antes do lan\u00e7amento dos uniformes, o Comercial enfrentou o Linense em jogo-treino realizado no est\u00e1dio Palma Travassos. O confronto terminou empatado em 0 a 0. Foram tr\u00eas tempos. Dois com 30 minutos e um de 20 minutos.<\/p>\n<p>O t\u00e9cnico <strong>Roberval Davino<\/strong> come\u00e7ou o jogo-treino com:<\/p>\n<ul class=\"wp-block-list\">\n<li>Jo\u00e3o Lucas; Petuba, Sergipe, Cristopher e Yuri; Mian, Matheus Prado, DVD e Baj\u00e9; Felipe Rodrigues e Marcelo.<\/li>\n<\/ul>\n<p>Esse foi o \u00faltimo desafio do Le\u00e3o do Norte antes da estreia na Copa Paulista, no pr\u00f3ximo s\u00e1bado, em casa, contra a Francana.<\/p>\n<p>\u201cO time se portou muito bem e teve um desempenho defensivo excepcional. Vamos trabalhar essa semana para estarmos 100% no pr\u00f3ximo s\u00e1bado\u201d, disse o treinador.<\/p>\n<p>SAIBA MAIS<br \/>O futuro dos condom\u00ednios no Brasil: Projetos de lei prometem mudan\u00e7as impactantes<\/p>\n<h2 class=\"wp-block-heading\"><strong>FIQUE ON<\/strong><\/h2>\n<p>Fique ligado em tudo que acontece em Ribeir\u00e3o Preto e regi\u00e3o. Siga os perfis do\u00a0<strong>acidade on<\/strong>\u00a0no<a href=\"https:\/\/www.instagram.com\/acidadeonribeirao\">\u00a0Instagram<\/a>\u00a0e no\u00a0<a href=\"https:\/\/www.facebook.com\/acidadeonribeirao\/\">Facebook<\/a>.<\/p>\n<p>Receba not\u00edcias do\u00a0<strong>acidade on\u00a0<\/strong>no WhatsApp.\u00a0<a href=\"https:\/\/chat.whatsapp.com\/BjKQZ9oJwlz8VVT50NuePq\">Para entrar no grupo, basta clicar aqui.<\/a><\/p>\n<p>Fa\u00e7a uma den\u00fancia ou sugira uma reportagem sobre Ribeir\u00e3o Preto e regi\u00e3o pelo WhatsApp: 16 99117 7802.<\/p>\n<p>VEJA TAMB\u00c9M<br \/>Quais foram as tr\u00eas marcas de azeite proibidas pela Anvisa?<\/p>\n<p><!-- CONTENT END 1 -->\n<\/div>\n<\/div>\n<p><script async src=\"\/\/www.instagram.com\/embed.js\"><\/script><br \/>\n<br \/><br \/>\n<br \/><a href=\"https:\/\/www.acidadeon.com\/ribeiraopreto\/esportes\/comercial-lanca-novos-uniformes-de-olho-na-estreia-da-copa-paulista\/\">Source link <\/a><\/p>\n","protected":false},"excerpt":{"rendered":"<p>Se preparando para disputa da Copa Paulista 2025, o Comercial lan\u00e7ou no \u00faltimo s\u00e1bado (7) os novos uniformes para sequ\u00eancia da temporada. A equipe de&#8230;<\/p>\n","protected":false},"author":1,"featured_media":71689,"comment_status":"open","ping_status":"open","sticky":false,"template":"","format":"standard","meta":{"advanced_seo_description":"","jetpack_seo_html_title":"","jetpack_seo_noindex":false,"jetpack_post_was_ever_published":false,"_jetpack_newsletter_access":"","_jetpack_dont_email_post_to_subs":false,"_jetpack_newsletter_tier_id":0,"_jetpack_memberships_contains_paywalled_content":false,"_jetpack_memberships_contains_paid_content":false,"footnotes":"","jetpack_publicize_message":"","jetpack_publicize_feature_enabled":true,"jetpack_social_post_already_shared":true,"jetpack_social_options":{"image_generator_settings":{"template":"highway","default_image_id":0,"font":"","enabled":false},"version":2}},"categories":[11],"tags":[],"class_list":["post-71688","post","type-post","status-publish","format-standard","has-post-thumbnail","hentry","category-noticias-de-ribeirao-preto-sp-e-regiao-ismael-colosi"],"jetpack_publicize_connections":[],"jetpack_featured_media_url":"https:\/\/i0.wp.com\/noticiasribeiraopreto.com.br\/wp-content\/uploads\/2025\/06\/comercial-uniforme_2025-06-08_20-09-32.webp.webp?fit=1200%2C674&ssl=1","jetpack-related-posts":[{"id":18993,"url":"https:\/\/noticiasribeiraopreto.com.br\/index.php\/2023\/12\/21\/comercial-de-ribeirao-preto-apresenta-os-uniformes-para-a-temporada-2024\/","url_meta":{"origin":71688,"position":0},"title":"Comercial de Ribeir\u00e3o Preto apresenta os uniformes para a temporada 2024","author":"noticiasribeiraopreto.com.br","date":"21 de December de 2023","format":false,"excerpt":"O Comercial Futebol Clube apresentou os uniformes para a temporada 2024. O evento ocorreu nesta quarta-feira (20), na \u00e1rea da VoePass, localizada no espa\u00e7o Dabi Business Park, na zona Leste de Ribeir\u00e3o Preto. Foram apresentados tr\u00eas uniformes de jogo e uma camiseta estilo \u2018regata\u2019. O material esportivo \u00e9 fornecido pela\u2026","rel":"","context":"In &quot;Not\u00edcias de Ribeir\u00e3o Preto-SP e Regi\u00e3o&quot;","block_context":{"text":"Not\u00edcias de Ribeir\u00e3o Preto-SP e Regi\u00e3o","link":"https:\/\/noticiasribeiraopreto.com.br\/index.php\/category\/noticias-de-ribeirao-preto-sp-e-regiao-ismael-colosi\/"},"img":{"alt_text":"","src":"https:\/\/i0.wp.com\/noticiasribeiraopreto.com.br\/wp-content\/uploads\/2023\/12\/WhatsApp-Image-2023-12-21-at-09.48.32-3-scaled.jpeg?fit=1200%2C800&ssl=1&resize=350%2C200","width":350,"height":200,"srcset":"https:\/\/i0.wp.com\/noticiasribeiraopreto.com.br\/wp-content\/uploads\/2023\/12\/WhatsApp-Image-2023-12-21-at-09.48.32-3-scaled.jpeg?fit=1200%2C800&ssl=1&resize=350%2C200 1x, https:\/\/i0.wp.com\/noticiasribeiraopreto.com.br\/wp-content\/uploads\/2023\/12\/WhatsApp-Image-2023-12-21-at-09.48.32-3-scaled.jpeg?fit=1200%2C800&ssl=1&resize=525%2C300 1.5x, https:\/\/i0.wp.com\/noticiasribeiraopreto.com.br\/wp-content\/uploads\/2023\/12\/WhatsApp-Image-2023-12-21-at-09.48.32-3-scaled.jpeg?fit=1200%2C800&ssl=1&resize=700%2C400 2x, https:\/\/i0.wp.com\/noticiasribeiraopreto.com.br\/wp-content\/uploads\/2023\/12\/WhatsApp-Image-2023-12-21-at-09.48.32-3-scaled.jpeg?fit=1200%2C800&ssl=1&resize=1050%2C600 3x"},"classes":[]},{"id":71923,"url":"https:\/\/noticiasribeiraopreto.com.br\/index.php\/2025\/06\/11\/jornal-da-franca-francana-trabalha-forte-para-a-estreia-na-copa-paulista-treino-em-dois-periodos\/","url_meta":{"origin":71688,"position":1},"title":"Jornal da Franca &#8211; Francana trabalha forte para a estreia na Copa Paulista; treino em dois per\u00edodos","author":"noticiasribeiraopreto.com.br","date":"11 de June de 2025","format":false,"excerpt":"compartilhar no whatsapp compartilhar no telegram compartilhar no facebook compartilhar no linkedin Comiss\u00e3o t\u00e9cnica quer entrosar jogadores que j\u00e1 estavam no elenco e os que est\u00e3o chegando A Associa\u00e7\u00e3o Atl\u00e9tica Francana segue em ritmo acelerado de prepara\u00e7\u00e3o para a estreia na Copa Paulista, marcada para este s\u00e1bado (15), contra o\u2026","rel":"","context":"In &quot;Not\u00edcias de Franca-SP&quot;","block_context":{"text":"Not\u00edcias de Franca-SP","link":"https:\/\/noticiasribeiraopreto.com.br\/index.php\/category\/noticias-de-ribeirao-preto-sp-e-regiao-ismael-colosi\/noticias-franca-sp\/"},"img":{"alt_text":"","src":"https:\/\/i0.wp.com\/noticiasribeiraopreto.com.br\/wp-content\/uploads\/2025\/06\/34f1b1e4-08b0-4c27-bf31-59756aada72e.jpg?fit=1200%2C900&ssl=1&resize=350%2C200","width":350,"height":200,"srcset":"https:\/\/i0.wp.com\/noticiasribeiraopreto.com.br\/wp-content\/uploads\/2025\/06\/34f1b1e4-08b0-4c27-bf31-59756aada72e.jpg?fit=1200%2C900&ssl=1&resize=350%2C200 1x, https:\/\/i0.wp.com\/noticiasribeiraopreto.com.br\/wp-content\/uploads\/2025\/06\/34f1b1e4-08b0-4c27-bf31-59756aada72e.jpg?fit=1200%2C900&ssl=1&resize=525%2C300 1.5x, https:\/\/i0.wp.com\/noticiasribeiraopreto.com.br\/wp-content\/uploads\/2025\/06\/34f1b1e4-08b0-4c27-bf31-59756aada72e.jpg?fit=1200%2C900&ssl=1&resize=700%2C400 2x, https:\/\/i0.wp.com\/noticiasribeiraopreto.com.br\/wp-content\/uploads\/2025\/06\/34f1b1e4-08b0-4c27-bf31-59756aada72e.jpg?fit=1200%2C900&ssl=1&resize=1050%2C600 3x"},"classes":[]},{"id":71274,"url":"https:\/\/noticiasribeiraopreto.com.br\/index.php\/2025\/06\/04\/comercial-contrata-mais-dois-jogadores\/","url_meta":{"origin":71688,"position":2},"title":"Comercial contrata mais dois jogadores","author":"noticiasribeiraopreto.com.br","date":"4 de June de 2025","format":false,"excerpt":"Carlos Baj\u00e9 e Wesley chegam para completar elenco da Copa Paulista 4 de junho de 2025 13:474 de junho de 2025 13:472 Compartilhar1 Por Hugo Luque O Comercial oficializou, nesta quarta-feira (4), mais duas contrata\u00e7\u00f5es para a Copa Paulista. Foram apresentados o meio-campista Carlos Baj\u00e9 e o atacante Wesley, que\u2026","rel":"","context":"In &quot;Not\u00edcias de Ribeir\u00e3o Preto-SP e Regi\u00e3o&quot;","block_context":{"text":"Not\u00edcias de Ribeir\u00e3o Preto-SP e Regi\u00e3o","link":"https:\/\/noticiasribeiraopreto.com.br\/index.php\/category\/noticias-de-ribeirao-preto-sp-e-regiao-ismael-colosi\/"},"img":{"alt_text":"","src":"https:\/\/i0.wp.com\/noticiasribeiraopreto.com.br\/wp-content\/uploads\/2025\/06\/ATA-Wesley-e-MC-Carlos-Baje-Barbara-Pires_Comercial-FC-scaled.jpeg?fit=750%2C500&ssl=1&resize=350%2C200","width":350,"height":200,"srcset":"https:\/\/i0.wp.com\/noticiasribeiraopreto.com.br\/wp-content\/uploads\/2025\/06\/ATA-Wesley-e-MC-Carlos-Baje-Barbara-Pires_Comercial-FC-scaled.jpeg?fit=750%2C500&ssl=1&resize=350%2C200 1x, https:\/\/i0.wp.com\/noticiasribeiraopreto.com.br\/wp-content\/uploads\/2025\/06\/ATA-Wesley-e-MC-Carlos-Baje-Barbara-Pires_Comercial-FC-scaled.jpeg?fit=750%2C500&ssl=1&resize=525%2C300 1.5x, https:\/\/i0.wp.com\/noticiasribeiraopreto.com.br\/wp-content\/uploads\/2025\/06\/ATA-Wesley-e-MC-Carlos-Baje-Barbara-Pires_Comercial-FC-scaled.jpeg?fit=750%2C500&ssl=1&resize=700%2C400 2x"},"classes":[]},{"id":29821,"url":"https:\/\/noticiasribeiraopreto.com.br\/index.php\/2024\/01\/19\/de-olho-no-jogo-contra-o-santos-botafogo-lanca-novo-uniforme-veja-as-fotos\/","url_meta":{"origin":71688,"position":3},"title":"De olho no jogo contra o Santos, Botafogo lan\u00e7a novo uniforme; Veja as fotos","author":"noticiasribeiraopreto.com.br","date":"19 de January de 2024","format":false,"excerpt":"Antes da partida contra o Santos, na estreia do Campeonato Paulista, o Botafogo lan\u00e7ou o novo uniforme para temporada 2024. A camisa da equipe de Ribeir\u00e3o Preto foi apresentada em evento no Hard Rock Caf\u00e9, na noite da \u00faltima quinta-feira (18). A camisa \u00e9 assinada pela Volt Sport, fornecedora de\u2026","rel":"","context":"In &quot;Not\u00edcias de Ribeir\u00e3o Preto-SP e Regi\u00e3o&quot;","block_context":{"text":"Not\u00edcias de Ribeir\u00e3o Preto-SP e Regi\u00e3o","link":"https:\/\/noticiasribeiraopreto.com.br\/index.php\/category\/noticias-de-ribeirao-preto-sp-e-regiao-ismael-colosi\/"},"img":{"alt_text":"","src":"https:\/\/i0.wp.com\/noticiasribeiraopreto.com.br\/wp-content\/uploads\/2024\/01\/novo-uniforme-botafogo-3-2.jpg?fit=1200%2C800&ssl=1&resize=350%2C200","width":350,"height":200,"srcset":"https:\/\/i0.wp.com\/noticiasribeiraopreto.com.br\/wp-content\/uploads\/2024\/01\/novo-uniforme-botafogo-3-2.jpg?fit=1200%2C800&ssl=1&resize=350%2C200 1x, https:\/\/i0.wp.com\/noticiasribeiraopreto.com.br\/wp-content\/uploads\/2024\/01\/novo-uniforme-botafogo-3-2.jpg?fit=1200%2C800&ssl=1&resize=525%2C300 1.5x, https:\/\/i0.wp.com\/noticiasribeiraopreto.com.br\/wp-content\/uploads\/2024\/01\/novo-uniforme-botafogo-3-2.jpg?fit=1200%2C800&ssl=1&resize=700%2C400 2x, https:\/\/i0.wp.com\/noticiasribeiraopreto.com.br\/wp-content\/uploads\/2024\/01\/novo-uniforme-botafogo-3-2.jpg?fit=1200%2C800&ssl=1&resize=1050%2C600 3x"},"classes":[]},{"id":71396,"url":"https:\/\/noticiasribeiraopreto.com.br\/index.php\/2025\/06\/05\/jornal-da-franca-francana-intensifica-preparacao-para-estreia-na-copa-paulista-diante-do-comercial\/","url_meta":{"origin":71688,"position":4},"title":"Jornal da Franca &#8211; Francana intensifica prepara\u00e7\u00e3o para estreia na Copa Paulista diante do Comercial","author":"noticiasribeiraopreto.com.br","date":"5 de June de 2025","format":false,"excerpt":"compartilhar no whatsapp compartilhar no telegram compartilhar no facebook compartilhar no linkedin Equipe treinou em dois per\u00edodos nesta quarta-feira; primeiro desafio ser\u00e1 contra o Comercial, dia 14, no Lanch\u00e3o A Associa\u00e7\u00e3o Atl\u00e9tica Francana segue em ritmo acelerado de prepara\u00e7\u00e3o para a disputa da Copa Paulista. Nesta quarta-feira (5), o elenco\u2026","rel":"","context":"In &quot;Not\u00edcias de Franca-SP&quot;","block_context":{"text":"Not\u00edcias de Franca-SP","link":"https:\/\/noticiasribeiraopreto.com.br\/index.php\/category\/noticias-de-ribeirao-preto-sp-e-regiao-ismael-colosi\/noticias-franca-sp\/"},"img":{"alt_text":"","src":"https:\/\/i0.wp.com\/noticiasribeiraopreto.com.br\/wp-content\/uploads\/2025\/06\/IMG_20250528_173600.jpg?fit=987%2C852&ssl=1&resize=350%2C200","width":350,"height":200,"srcset":"https:\/\/i0.wp.com\/noticiasribeiraopreto.com.br\/wp-content\/uploads\/2025\/06\/IMG_20250528_173600.jpg?fit=987%2C852&ssl=1&resize=350%2C200 1x, https:\/\/i0.wp.com\/noticiasribeiraopreto.com.br\/wp-content\/uploads\/2025\/06\/IMG_20250528_173600.jpg?fit=987%2C852&ssl=1&resize=525%2C300 1.5x, https:\/\/i0.wp.com\/noticiasribeiraopreto.com.br\/wp-content\/uploads\/2025\/06\/IMG_20250528_173600.jpg?fit=987%2C852&ssl=1&resize=700%2C400 2x"},"classes":[]},{"id":71647,"url":"https:\/\/noticiasribeiraopreto.com.br\/index.php\/2025\/06\/08\/jornal-da-franca-copa-paulista-a-uma-semana-da-estreia-veterana-treina-duro-com-wantuil\/","url_meta":{"origin":71688,"position":5},"title":"Jornal da Franca &#8211; Copa Paulista: a uma semana da estreia, Veterana treina duro com Wantuil","author":"noticiasribeiraopreto.com.br","date":"8 de June de 2025","format":false,"excerpt":"compartilhar no whatsapp compartilhar no telegram compartilhar no facebook compartilhar no linkedin Equipe faz treinos f\u00edsicos, t\u00e9cnicos e t\u00e1ticos; estreia ser\u00e1 contra Comercial A Associa\u00e7\u00e3o Atl\u00e9tica Francana segue em ritmo acelerado de prepara\u00e7\u00e3o para a disputa da Copa Paulista. Neste s\u00e1bado, o elenco comandado pelo t\u00e9cnico Wantuil Rodrigues realizou treinamento\u2026","rel":"","context":"In &quot;Not\u00edcias de Franca-SP&quot;","block_context":{"text":"Not\u00edcias de Franca-SP","link":"https:\/\/noticiasribeiraopreto.com.br\/index.php\/category\/noticias-de-ribeirao-preto-sp-e-regiao-ismael-colosi\/noticias-franca-sp\/"},"img":{"alt_text":"","src":"https:\/\/i0.wp.com\/noticiasribeiraopreto.com.br\/wp-content\/uploads\/2025\/06\/IMG_20250607_002948.jpg?fit=1080%2C774&ssl=1&resize=350%2C200","width":350,"height":200,"srcset":"https:\/\/i0.wp.com\/noticiasribeiraopreto.com.br\/wp-content\/uploads\/2025\/06\/IMG_20250607_002948.jpg?fit=1080%2C774&ssl=1&resize=350%2C200 1x, https:\/\/i0.wp.com\/noticiasribeiraopreto.com.br\/wp-content\/uploads\/2025\/06\/IMG_20250607_002948.jpg?fit=1080%2C774&ssl=1&resize=525%2C300 1.5x, https:\/\/i0.wp.com\/noticiasribeiraopreto.com.br\/wp-content\/uploads\/2025\/06\/IMG_20250607_002948.jpg?fit=1080%2C774&ssl=1&resize=700%2C400 2x, https:\/\/i0.wp.com\/noticiasribeiraopreto.com.br\/wp-content\/uploads\/2025\/06\/IMG_20250607_002948.jpg?fit=1080%2C774&ssl=1&resize=1050%2C600 3x"},"classes":[]}],"jetpack_sharing_enabled":true,"jetpack_shortlink":"https:\/\/wp.me\/peQAOb-iEg","_links":{"self":[{"href":"https:\/\/noticiasribeiraopreto.com.br\/index.php\/wp-json\/wp\/v2\/posts\/71688","targetHints":{"allow":["GET"]}}],"collection":[{"href":"https:\/\/noticiasribeiraopreto.com.br\/index.php\/wp-json\/wp\/v2\/posts"}],"about":[{"href":"https:\/\/noticiasribeiraopreto.com.br\/index.php\/wp-json\/wp\/v2\/types\/post"}],"author":[{"embeddable":true,"href":"https:\/\/noticiasribeiraopreto.com.br\/index.php\/wp-json\/wp\/v2\/users\/1"}],"replies":[{"embeddable":true,"href":"https:\/\/noticiasribeiraopreto.com.br\/index.php\/wp-json\/wp\/v2\/comments?post=71688"}],"version-history":[{"count":0,"href":"https:\/\/noticiasribeiraopreto.com.br\/index.php\/wp-json\/wp\/v2\/posts\/71688\/revisions"}],"wp:featuredmedia":[{"embeddable":true,"href":"https:\/\/noticiasribeiraopreto.com.br\/index.php\/wp-json\/wp\/v2\/media\/71689"}],"wp:attachment":[{"href":"https:\/\/noticiasribeiraopreto.com.br\/index.php\/wp-json\/wp\/v2\/media?parent=71688"}],"wp:term":[{"taxonomy":"category","embeddable":true,"href":"https:\/\/noticiasribeiraopreto.com.br\/index.php\/wp-json\/wp\/v2\/categories?post=71688"},{"taxonomy":"post_tag","embeddable":true,"href":"https:\/\/noticiasribeiraopreto.com.br\/index.php\/wp-json\/wp\/v2\/tags?post=71688"}],"curies":[{"name":"wp","href":"https:\/\/api.w.org\/{rel}","templated":true}]}}