{"id":71690,"date":"2025-06-09T09:00:31","date_gmt":"2025-06-09T12:00:31","guid":{"rendered":"https:\/\/noticiasribeiraopreto.com.br\/index.php\/2025\/06\/09\/obitos-no-transito-sobem-em-2025-2\/"},"modified":"2025-06-09T09:00:31","modified_gmt":"2025-06-09T12:00:31","slug":"obitos-no-transito-sobem-em-2025-2","status":"publish","type":"post","link":"https:\/\/noticiasribeiraopreto.com.br\/index.php\/2025\/06\/09\/obitos-no-transito-sobem-em-2025-2\/","title":{"rendered":"\u00d3bitos no tr\u00e2nsito sobem em 2025"},"content":{"rendered":"<div class='code-block code-block-1' style='margin: 8px 0 8px auto; text-align: right; display: block; clear: both;'>\n<p><a href=\"https:\/\/wa.link\/vpicfd\"><img data-recalc-dims=\"1\" class=\"wp-image-4922\" style=\"aspect-ratio: 2.0253164556962027; width: 561px; height: auto;\" src=\"https:\/\/i0.wp.com\/ismaelcolosi.com.br\/wp-content\/uploads\/2023\/11\/grupo-de-empregos-whatsapp-e-facebook-ismael-colosi-vagas.jpg?ssl=1\" alt=\"\" \/><\/a><\/p>\n<!-- \/wp:image -->\n<\/div>\n<p> <br \/>\n<\/p>\n<div>\n<p>Balan\u00e7o divulgado pelo novo painel do Movimento Paulista de Seguran\u00e7a no Tr\u00e2nsito (Infosiga-SP) indica que o tr\u00e2nsito de Ribeir\u00e3o Preto come\u00e7ou 2025 com 33 mortes, seis a mais que as 27 do primeiro trimestre do ano passado, alta de 22,22%. Foram cinco em abril, metade das dez registradas em mar\u00e7o, baixa de 50%. Em janeiro, sete pessoas morreram, contra onze em fevereiro.<\/p>\n<p>Est\u00e1 28,57% abaixo das sete mortes de abril de 2024, duas a menos. Encerrou o ano passado com uma morte a cada 80 horas. Foram 109 em doze meses, 26 a mais que os 83 \u00f3bitos de 2023, aumento de 31,33%. A cidade tamb\u00e9m bateu o recorde hist\u00f3rico de 2022, quando 101 pessoas morreram nas vias do munic\u00edpio. S\u00e3o oito a mais, aumento de 7,92%<\/p>\n<p>Ap\u00f3s registrar seis \u00f3bitos em janeiro, oito em fevereiro, seis em mar\u00e7o, sete em abril, onze em maio, 13 em junho \u2013 o mais mortal do ano \u2013, onze em julho, dez em agosto, nove em setembro, dez em outubro e oito em novembro, a cidade contabilizou mais dez v\u00edtimas fatais em dezembro de 2024, duas a mais e alta de 25% em rela\u00e7\u00e3o ao m\u00eas anterior.<\/p>\n<p>No quarto m\u00eas deste ano, manteve o quarto lugar no ranking estadual dos \u00faltimos doze meses, com 115 \u00f3bitos (eram 117 mortes at\u00e9 mar\u00e7o) e taxa de 16,31 \u00f3bitos por 100 mil habitantes. Era de 16,60 no m\u00eas anterior. Jundia\u00ed lidera (taxa de 18,30), seguida por Sorocaba (18,14) e Piracicaba (17,09).<\/p>\n<p>O Movimento Paulista de Seguran\u00e7a no Tr\u00e2nsito considera uma popula\u00e7\u00e3o de 704.874 pessoas em Ribeir\u00e3o Preto. O balan\u00e7o anual mostra queda no total de \u00f3bitos registrados em 2023, em compara\u00e7\u00e3o com 2022. Foram 83 mortes nas ruas, avenidas, alamedas, viadutos e rodovias que cortam o munic\u00edpio em 2023, ante 101 do mesmo per\u00edodo do ano anterior \u2013 pela primeira vez um placar centen\u00e1rio \u2013, 18 a menos e queda de 17,82%.<\/p>\n<p><strong>Perfil \u2013 <\/strong>No primeiro quadrimestre de 2025, quinze v\u00edtimas estavam de motocicleta (45% do total), sete de bicicleta (21%), seis eram pedestres (18%) e cinco estavam de carro (16%). S\u00e3o 24 homens (73%) e nove mulheres (27%). No ano passado, 61 v\u00edtimas estavam de motocicleta (56% do total), 74,29% acima dos 35 de 2023 (33,75% das mortes), 26 a mais.<\/p>\n<p>Em 2024, outras 25 eram pedestres (23%), tr\u00eas n\u00e3o t\u00eam identifica\u00e7\u00e3o (3%), doze estavam de carro (11%), seis de bicicleta (6%), uma em caminh\u00e3o e uma em \u00f4nibus (1%). S\u00e3o 89 homens (82%) e 20 mulheres (18%), segundo o painel do Infosiga-SP<\/p>\n<p>Neste ano, onze mortes ocorreram em rodovias dentro do per\u00edmetro urbano (33,3%), vinte em vias municipais (60,6%) e duas n\u00e3o tiveram o local identificado (6,1%). Trinta e duas mortes ocorreram em rodovias dentro do per\u00edmetro urbano (29,47%) em 2024. Outras 62 foram registradas em vias municipais (56,94%) e 15 ainda n\u00e3o t\u00eam identifica\u00e7\u00e3o de local (13,8%), segundo o Movimento Paulista de Seguran\u00e7a no Tr\u00e2nsito<br \/><strong><br \/><\/strong>Em 2023, al\u00e9m das 35 v\u00edtimas de motocicleta, outras 18 estavam de carro (21,69%), quatro de caminh\u00e3o (4,82%), 17 eram pedestres (20,48%), quatro eram ciclistas (4,82%) e cinco n\u00e3o foram identificadas (6,02%), de acordo com o painel.<\/p>\n<p>Sessenta e nove v\u00edtimas eram homens (83%) e 14 eram mulheres (17%). Vinte e tr\u00eas mortes ocorreram em acidentes nas rodovias dentro do per\u00edmetro urbano (27,71%). Outras 52 foram registradas em vias municipais (62,65%) e oito ainda n\u00e3o t\u00eam identifica\u00e7\u00e3o de local (9,64%).<br \/><strong><br \/>Mortes em 2022 \u2013<\/strong> O n\u00famero de mortes em decorr\u00eancia de acidentes de tr\u00e2nsito no ano passado, em Ribeir\u00e3o Preto, \u00e9 21,68% superior ao total de 2021. A cidade registrou 101 \u00f3bitos, contra 83 de 2021. S\u00e3o 18 casos a mais. O munic\u00edpio superou a barreira de 100 v\u00edtimas fatais em 365 dias pela primeira vez.<\/p>\n<p>Isso nunca havia acontecido desde o lan\u00e7amento da plataforma, entre 2015 e 2016. Ate ent\u00e3o, o pico havia sido registrado em 2017, com 88 mortes, e o menor \u00edndice em 2019, de 71 \u00f3bitos. A malha vi\u00e1ria \u00e9 composta por mais de 1,5 mil quil\u00f4metros de vias municipais e tamb\u00e9m de rodovias concedidas pelo Estado.<\/p>\n<\/div>\n<p><br \/>\n<br \/><a href=\"https:\/\/www.tribunaribeirao.com.br\/obitos-no-transito-sobem-em-2025-3\/\">Source link <\/a><\/p>\n<!-- CONTENT END 1 -->\n","protected":false},"excerpt":{"rendered":"<p>Balan\u00e7o divulgado pelo novo painel do Movimento Paulista de Seguran\u00e7a no Tr\u00e2nsito (Infosiga-SP) indica que o tr\u00e2nsito de Ribeir\u00e3o Preto come\u00e7ou 2025 com 33 mortes,&#8230;<\/p>\n","protected":false},"author":1,"featured_media":71691,"comment_status":"open","ping_status":"open","sticky":false,"template":"","format":"standard","meta":{"advanced_seo_description":"","jetpack_seo_html_title":"","jetpack_seo_noindex":false,"jetpack_post_was_ever_published":false,"_jetpack_newsletter_access":"","_jetpack_dont_email_post_to_subs":false,"_jetpack_newsletter_tier_id":0,"_jetpack_memberships_contains_paywalled_content":false,"_jetpack_memberships_contains_paid_content":false,"footnotes":"","jetpack_publicize_message":"","jetpack_publicize_feature_enabled":true,"jetpack_social_post_already_shared":true,"jetpack_social_options":{"image_generator_settings":{"template":"highway","default_image_id":0,"font":"","enabled":false},"version":2}},"categories":[11],"tags":[],"class_list":["post-71690","post","type-post","status-publish","format-standard","has-post-thumbnail","hentry","category-noticias-de-ribeirao-preto-sp-e-regiao-ismael-colosi"],"jetpack_publicize_connections":[],"jetpack_featured_media_url":"https:\/\/i0.wp.com\/noticiasribeiraopreto.com.br\/wp-content\/uploads\/2025\/06\/TransitoRP-Max-Gallao-Mesquita-scaled.jpg?fit=800%2C426&ssl=1","jetpack-related-posts":[{"id":68699,"url":"https:\/\/noticiasribeiraopreto.com.br\/index.php\/2025\/04\/28\/obitos-no-transito-sobem-em-2025\/","url_meta":{"origin":71690,"position":0},"title":"\u00d3bitos no tr\u00e2nsito sobem em 2025 \u00a0","author":"noticiasribeiraopreto.com.br","date":"28 de April de 2025","format":false,"excerpt":"Balan\u00e7o divulgado pelo novo painel do Movimento Paulista de Seguran\u00e7a no Tr\u00e2nsito (Infosiga-SP) indica que o tr\u00e2nsito de Ribeir\u00e3o Preto come\u00e7ou 2025 com 28 mortes, oito a mais que as 204 do primeiro trimestre do ano passado, alta de 40. Foram dez em mar\u00e7o, um a menos que os onze\u2026","rel":"","context":"In &quot;Not\u00edcias de Ribeir\u00e3o Preto-SP e Regi\u00e3o&quot;","block_context":{"text":"Not\u00edcias de Ribeir\u00e3o Preto-SP e Regi\u00e3o","link":"https:\/\/noticiasribeiraopreto.com.br\/index.php\/category\/noticias-de-ribeirao-preto-sp-e-regiao-ismael-colosi\/"},"img":{"alt_text":"","src":"https:\/\/i0.wp.com\/noticiasribeiraopreto.com.br\/wp-content\/uploads\/2025\/04\/TransitoRP-Max-Gallao-Mesquita-Arquivo-2-scaled.jpg?fit=769%2C500&ssl=1&resize=350%2C200","width":350,"height":200,"srcset":"https:\/\/i0.wp.com\/noticiasribeiraopreto.com.br\/wp-content\/uploads\/2025\/04\/TransitoRP-Max-Gallao-Mesquita-Arquivo-2-scaled.jpg?fit=769%2C500&ssl=1&resize=350%2C200 1x, https:\/\/i0.wp.com\/noticiasribeiraopreto.com.br\/wp-content\/uploads\/2025\/04\/TransitoRP-Max-Gallao-Mesquita-Arquivo-2-scaled.jpg?fit=769%2C500&ssl=1&resize=525%2C300 1.5x, https:\/\/i0.wp.com\/noticiasribeiraopreto.com.br\/wp-content\/uploads\/2025\/04\/TransitoRP-Max-Gallao-Mesquita-Arquivo-2-scaled.jpg?fit=769%2C500&ssl=1&resize=700%2C400 2x"},"classes":[]},{"id":74342,"url":"https:\/\/noticiasribeiraopreto.com.br\/index.php\/2025\/07\/21\/obitos-no-transito-caem-em-junho\/","url_meta":{"origin":71690,"position":1},"title":"\u00d3bitos no tr\u00e2nsito caem em junho","author":"noticiasribeiraopreto.com.br","date":"21 de July de 2025","format":false,"excerpt":"Balan\u00e7o divulgado pelo novo painel do Movimento Paulista de Seguran\u00e7a no Tr\u00e2nsito (Infosiga-SP) indica que o tr\u00e2nsito de Ribeir\u00e3o Preto come\u00e7ou 2025 com 51 mortes, mesma quantidade do primeiro semestre do ano passado. Foram sete em junho, cinco a menos que as doze maio, queda de 41,67% al\u00e9m de\u00a0 quatro\u2026","rel":"","context":"In &quot;Not\u00edcias de Ribeir\u00e3o Preto-SP e Regi\u00e3o&quot;","block_context":{"text":"Not\u00edcias de Ribeir\u00e3o Preto-SP e Regi\u00e3o","link":"https:\/\/noticiasribeiraopreto.com.br\/index.php\/category\/noticias-de-ribeirao-preto-sp-e-regiao-ismael-colosi\/"},"img":{"alt_text":"","src":"https:\/\/i0.wp.com\/noticiasribeiraopreto.com.br\/wp-content\/uploads\/2025\/07\/TransitoRP-Max-Gallao-Mesquita-05-scaled.jpg?fit=1157%2C780&ssl=1&resize=350%2C200","width":350,"height":200,"srcset":"https:\/\/i0.wp.com\/noticiasribeiraopreto.com.br\/wp-content\/uploads\/2025\/07\/TransitoRP-Max-Gallao-Mesquita-05-scaled.jpg?fit=1157%2C780&ssl=1&resize=350%2C200 1x, https:\/\/i0.wp.com\/noticiasribeiraopreto.com.br\/wp-content\/uploads\/2025\/07\/TransitoRP-Max-Gallao-Mesquita-05-scaled.jpg?fit=1157%2C780&ssl=1&resize=525%2C300 1.5x, https:\/\/i0.wp.com\/noticiasribeiraopreto.com.br\/wp-content\/uploads\/2025\/07\/TransitoRP-Max-Gallao-Mesquita-05-scaled.jpg?fit=1157%2C780&ssl=1&resize=700%2C400 2x, https:\/\/i0.wp.com\/noticiasribeiraopreto.com.br\/wp-content\/uploads\/2025\/07\/TransitoRP-Max-Gallao-Mesquita-05-scaled.jpg?fit=1157%2C780&ssl=1&resize=1050%2C600 3x"},"classes":[]},{"id":77518,"url":"https:\/\/noticiasribeiraopreto.com.br\/index.php\/2025\/09\/20\/transito-provoca-62-obitos-em-oito-meses\/","url_meta":{"origin":71690,"position":2},"title":"Tr\u00e2nsito provoca 62 \u00f3bitos em oito meses","author":"noticiasribeiraopreto.com.br","date":"20 de September de 2025","format":false,"excerpt":"Balan\u00e7o divulgado pelo novo painel do Movimento Paulista de Seguran\u00e7a no Tr\u00e2nsito (Infosiga-SP) indica que o tr\u00e2nsito de Ribeir\u00e3o Preto j\u00e1 registrou 62 mortes em 2025, dez a menos que as 72 dos primeiros sete meses do ano passado, queda de 13,89%. Por\u00e9m, subiu caiu 166,67% na passagem de julho\u2026","rel":"","context":"In &quot;Not\u00edcias de Ribeir\u00e3o Preto-SP e Regi\u00e3o&quot;","block_context":{"text":"Not\u00edcias de Ribeir\u00e3o Preto-SP e Regi\u00e3o","link":"https:\/\/noticiasribeiraopreto.com.br\/index.php\/category\/noticias-de-ribeirao-preto-sp-e-regiao-ismael-colosi\/"},"img":{"alt_text":"","src":"https:\/\/i0.wp.com\/noticiasribeiraopreto.com.br\/wp-content\/uploads\/2025\/09\/TransitoRP-Alfredo-Risk-Arquivo-scaled.jpg?fit=1200%2C637&ssl=1&resize=350%2C200","width":350,"height":200,"srcset":"https:\/\/i0.wp.com\/noticiasribeiraopreto.com.br\/wp-content\/uploads\/2025\/09\/TransitoRP-Alfredo-Risk-Arquivo-scaled.jpg?fit=1200%2C637&ssl=1&resize=350%2C200 1x, https:\/\/i0.wp.com\/noticiasribeiraopreto.com.br\/wp-content\/uploads\/2025\/09\/TransitoRP-Alfredo-Risk-Arquivo-scaled.jpg?fit=1200%2C637&ssl=1&resize=525%2C300 1.5x, https:\/\/i0.wp.com\/noticiasribeiraopreto.com.br\/wp-content\/uploads\/2025\/09\/TransitoRP-Alfredo-Risk-Arquivo-scaled.jpg?fit=1200%2C637&ssl=1&resize=700%2C400 2x, https:\/\/i0.wp.com\/noticiasribeiraopreto.com.br\/wp-content\/uploads\/2025\/09\/TransitoRP-Alfredo-Risk-Arquivo-scaled.jpg?fit=1200%2C637&ssl=1&resize=1050%2C600 3x"},"classes":[]},{"id":76382,"url":"https:\/\/noticiasribeiraopreto.com.br\/index.php\/2025\/08\/28\/transito-ja-provocou-54-mortes-em-ribeirao\/","url_meta":{"origin":71690,"position":3},"title":"Tr\u00e2nsito j\u00e1 provocou 54 mortes em Ribeir\u00e3o","author":"noticiasribeiraopreto.com.br","date":"28 de August de 2025","format":false,"excerpt":"Balan\u00e7o divulgado pelo novo painel do Movimento Paulista de Seguran\u00e7a no Tr\u00e2nsito (Infosiga-SP) indica que o tr\u00e2nsito de Ribeir\u00e3o Preto j\u00e1 registrou 54 mortes em 2025, oito a menos que as 62 dos primeiros sete meses do ano passado, queda de 12,.90%. Tamb\u00e9m caiu 57,14% na passagem de junho para\u2026","rel":"","context":"In &quot;Not\u00edcias de Ribeir\u00e3o Preto-SP e Regi\u00e3o&quot;","block_context":{"text":"Not\u00edcias de Ribeir\u00e3o Preto-SP e Regi\u00e3o","link":"https:\/\/noticiasribeiraopreto.com.br\/index.php\/category\/noticias-de-ribeirao-preto-sp-e-regiao-ismael-colosi\/"},"img":{"alt_text":"","src":"https:\/\/i0.wp.com\/noticiasribeiraopreto.com.br\/wp-content\/uploads\/2025\/08\/TransitoRP-Alfredo-Risk-Arquivo-scaled.jpg?fit=1200%2C900&ssl=1&resize=350%2C200","width":350,"height":200,"srcset":"https:\/\/i0.wp.com\/noticiasribeiraopreto.com.br\/wp-content\/uploads\/2025\/08\/TransitoRP-Alfredo-Risk-Arquivo-scaled.jpg?fit=1200%2C900&ssl=1&resize=350%2C200 1x, https:\/\/i0.wp.com\/noticiasribeiraopreto.com.br\/wp-content\/uploads\/2025\/08\/TransitoRP-Alfredo-Risk-Arquivo-scaled.jpg?fit=1200%2C900&ssl=1&resize=525%2C300 1.5x, https:\/\/i0.wp.com\/noticiasribeiraopreto.com.br\/wp-content\/uploads\/2025\/08\/TransitoRP-Alfredo-Risk-Arquivo-scaled.jpg?fit=1200%2C900&ssl=1&resize=700%2C400 2x, https:\/\/i0.wp.com\/noticiasribeiraopreto.com.br\/wp-content\/uploads\/2025\/08\/TransitoRP-Alfredo-Risk-Arquivo-scaled.jpg?fit=1200%2C900&ssl=1&resize=1050%2C600 3x"},"classes":[]},{"id":78785,"url":"https:\/\/noticiasribeiraopreto.com.br\/index.php\/2025\/10\/18\/ribeirao-preto-transito-causa-68-mortes-em-2025\/","url_meta":{"origin":71690,"position":4},"title":"Ribeir\u00e3o Preto: Tr\u00e2nsito causa 68 mortes em 2025","author":"noticiasribeiraopreto.com.br","date":"18 de October de 2025","format":false,"excerpt":"18 de outubro de 2025 12:0018 de outubro de 2025 10:4613 Compartilhar0 Balan\u00e7o divulgado pelo novo painel do Movimento Paulista de Seguran\u00e7a no Tr\u00e2nsito (Infosiga-SP) indica que o tr\u00e2nsito de Ribeir\u00e3o Preto j\u00e1 registrou 68 mortes em 2025, doze a menos que as 80 dos primeiros nove meses do ano\u2026","rel":"","context":"In &quot;Not\u00edcias de Ribeir\u00e3o Preto-SP e Regi\u00e3o&quot;","block_context":{"text":"Not\u00edcias de Ribeir\u00e3o Preto-SP e Regi\u00e3o","link":"https:\/\/noticiasribeiraopreto.com.br\/index.php\/category\/noticias-de-ribeirao-preto-sp-e-regiao-ismael-colosi\/"},"img":{"alt_text":"","src":"https:\/\/i0.wp.com\/noticiasribeiraopreto.com.br\/wp-content\/uploads\/2025\/10\/TransitoRP-Alfredo-Risk-Arquivosite.jpg?fit=800%2C533&ssl=1&resize=350%2C200","width":350,"height":200,"srcset":"https:\/\/i0.wp.com\/noticiasribeiraopreto.com.br\/wp-content\/uploads\/2025\/10\/TransitoRP-Alfredo-Risk-Arquivosite.jpg?fit=800%2C533&ssl=1&resize=350%2C200 1x, https:\/\/i0.wp.com\/noticiasribeiraopreto.com.br\/wp-content\/uploads\/2025\/10\/TransitoRP-Alfredo-Risk-Arquivosite.jpg?fit=800%2C533&ssl=1&resize=525%2C300 1.5x, https:\/\/i0.wp.com\/noticiasribeiraopreto.com.br\/wp-content\/uploads\/2025\/10\/TransitoRP-Alfredo-Risk-Arquivosite.jpg?fit=800%2C533&ssl=1&resize=700%2C400 2x"},"classes":[]},{"id":13293,"url":"https:\/\/noticiasribeiraopreto.com.br\/index.php\/2023\/12\/09\/transito-faz-mais-14-vitimas-em-rp\/","url_meta":{"origin":71690,"position":5},"title":"Tr\u00e2nsito faz mais 14 v\u00edtimas em RP","author":"noticiasribeiraopreto.com.br","date":"9 de December de 2023","format":false,"excerpt":"Balan\u00e7o divulgado pelo Movimento Paulista de Seguran\u00e7a no Tr\u00e2nsito (Infosiga-SP), mostra queda no total de mortes registradas em Ribeir\u00e3o Preto em dez meses deste ano, em compara\u00e7\u00e3o com o mesmo per\u00edodo de 2022. Em outubro, por\u00e9m, as ocorr\u00eancias com v\u00edtimas fatais dispararam em rela\u00e7\u00e3o ao mesmo per\u00edodo do ano passado\u2026","rel":"","context":"In &quot;Not\u00edcias de Ribeir\u00e3o Preto-SP e Regi\u00e3o&quot;","block_context":{"text":"Not\u00edcias de Ribeir\u00e3o Preto-SP e Regi\u00e3o","link":"https:\/\/noticiasribeiraopreto.com.br\/index.php\/category\/noticias-de-ribeirao-preto-sp-e-regiao-ismael-colosi\/"},"img":{"alt_text":"","src":"https:\/\/i0.wp.com\/noticiasribeiraopreto.com.br\/wp-content\/uploads\/2023\/12\/transito-scaled.jpg?fit=967%2C645&ssl=1&resize=350%2C200","width":350,"height":200,"srcset":"https:\/\/i0.wp.com\/noticiasribeiraopreto.com.br\/wp-content\/uploads\/2023\/12\/transito-scaled.jpg?fit=967%2C645&ssl=1&resize=350%2C200 1x, https:\/\/i0.wp.com\/noticiasribeiraopreto.com.br\/wp-content\/uploads\/2023\/12\/transito-scaled.jpg?fit=967%2C645&ssl=1&resize=525%2C300 1.5x, https:\/\/i0.wp.com\/noticiasribeiraopreto.com.br\/wp-content\/uploads\/2023\/12\/transito-scaled.jpg?fit=967%2C645&ssl=1&resize=700%2C400 2x"},"classes":[]}],"jetpack_sharing_enabled":true,"jetpack_shortlink":"https:\/\/wp.me\/peQAOb-iEi","_links":{"self":[{"href":"https:\/\/noticiasribeiraopreto.com.br\/index.php\/wp-json\/wp\/v2\/posts\/71690","targetHints":{"allow":["GET"]}}],"collection":[{"href":"https:\/\/noticiasribeiraopreto.com.br\/index.php\/wp-json\/wp\/v2\/posts"}],"about":[{"href":"https:\/\/noticiasribeiraopreto.com.br\/index.php\/wp-json\/wp\/v2\/types\/post"}],"author":[{"embeddable":true,"href":"https:\/\/noticiasribeiraopreto.com.br\/index.php\/wp-json\/wp\/v2\/users\/1"}],"replies":[{"embeddable":true,"href":"https:\/\/noticiasribeiraopreto.com.br\/index.php\/wp-json\/wp\/v2\/comments?post=71690"}],"version-history":[{"count":0,"href":"https:\/\/noticiasribeiraopreto.com.br\/index.php\/wp-json\/wp\/v2\/posts\/71690\/revisions"}],"wp:featuredmedia":[{"embeddable":true,"href":"https:\/\/noticiasribeiraopreto.com.br\/index.php\/wp-json\/wp\/v2\/media\/71691"}],"wp:attachment":[{"href":"https:\/\/noticiasribeiraopreto.com.br\/index.php\/wp-json\/wp\/v2\/media?parent=71690"}],"wp:term":[{"taxonomy":"category","embeddable":true,"href":"https:\/\/noticiasribeiraopreto.com.br\/index.php\/wp-json\/wp\/v2\/categories?post=71690"},{"taxonomy":"post_tag","embeddable":true,"href":"https:\/\/noticiasribeiraopreto.com.br\/index.php\/wp-json\/wp\/v2\/tags?post=71690"}],"curies":[{"name":"wp","href":"https:\/\/api.w.org\/{rel}","templated":true}]}}