{"id":71694,"date":"2025-06-09T09:15:56","date_gmt":"2025-06-09T12:15:56","guid":{"rendered":"https:\/\/noticiasribeiraopreto.com.br\/index.php\/2025\/06\/09\/casos-de-dengue-chegam-a-19-409\/"},"modified":"2025-06-09T09:15:56","modified_gmt":"2025-06-09T12:15:56","slug":"casos-de-dengue-chegam-a-19-409","status":"publish","type":"post","link":"https:\/\/noticiasribeiraopreto.com.br\/index.php\/2025\/06\/09\/casos-de-dengue-chegam-a-19-409\/","title":{"rendered":"Casos de dengue chegam a 19.409"},"content":{"rendered":"<div class='code-block code-block-1' style='margin: 8px 0 8px auto; text-align: right; display: block; clear: both;'>\n<p><a href=\"https:\/\/wa.link\/vpicfd\"><img data-recalc-dims=\"1\" class=\"wp-image-4922\" style=\"aspect-ratio: 2.0253164556962027; width: 561px; height: auto;\" src=\"https:\/\/i0.wp.com\/ismaelcolosi.com.br\/wp-content\/uploads\/2023\/11\/grupo-de-empregos-whatsapp-e-facebook-ismael-colosi-vagas.jpg?ssl=1\" alt=\"\" \/><\/a><\/p>\n<!-- \/wp:image -->\n<\/div>\n<p> <br \/>\n<\/p>\n<div>\n<p>No ano passado, Ribeir\u00e3o Preto registrou a maior epidemia de dengue da hist\u00f3ria considerando o n\u00famero de casos registrados. A cidade fechou 2024 com 44.633 v\u00edtimas do mosquito Aedes aegypti \u2013 transmissor da doen\u00e7a, das febres chikungunya e amarela na \u00e1rea urbana e de zika \u2013, maior volume da hist\u00f3ria da cidade.<\/p>\n<p>Supera em 27,37% o recorde de 35.043 registrado em 2016. S\u00e3o 9.590 a mais. Tamb\u00e9m soma 32.331 a mais que as 12.302 de 2023, aumento de 262,81%, segundo o Painel de Arboviroses da Secretaria Municipal da Sa\u00fade. A prefeitura de Ribeir\u00e3o Preto j\u00e1 intensificou as a\u00e7\u00f5es de combate ao mosquito Aedes aegypti<\/p>\n<p>Em 2025, at\u00e9 quarta-feira, 4 de junho, j\u00e1 s\u00e3o 19.409 casos confirmados \u2013 al\u00e9m de 31.482 sob investiga\u00e7\u00e3o \u2013, contra 37.129 do mesmo per\u00edodo do ano passado, 17.720 a menos e queda de 47,73%. Em uma semana, mais 517 pacientes procuraram atendimento na cidade, contra 831 de 28 de maio, 1.162, 1.027, 1.008 e 1.050 de intervalos anteriores.<\/p>\n<p>Seis pessoas morreram em abril do ano passado, quando a cidade registrou 8.473 ocorr\u00eancias n\u00e3o fatais, contra 550 do quinto m\u00eas de 2025, sem \u00f3bito. S\u00e3o 7.923 a menos, queda de 93,51%. Tamb\u00e9m caiu 83,61% em rela\u00e7\u00e3o aos 3.355 casos de abril, 2.805 a menos. Em janeiro, 3.563 pessoas pegaram dengue em Ribeir\u00e3o Preto. S\u00e3o 5.557 casos em fevereiro e 6.382 de mar\u00e7o. S\u00e3o quatro em junho.<\/p>\n<p>J\u00e1 s\u00e3o seis mortes em 2025, quatro em janeiro, outra em fevereiro e uma em mar\u00e7o, a mais recente de um menino de seis anos. As demais v\u00edtimas s\u00e3o tr\u00eas idosos acima de 60 anos \u2013 duas senhoras e um senhor \u2013 e duas mulheres adultas na faixa de 20 a 39 anos.<\/p>\n<p>Segundo o Painel de Arboviroses, ainda h\u00e1 seis \u00f3bitos em investiga\u00e7\u00e3o, de duas mulheres e tr\u00eas homens acima de 60 anos e de um adulto do sexo masculino com idade entre 20 e 39 anos, quatro de mar\u00e7o e um de abril. Ribeir\u00e3o Preto registrou 26 mortes em decorr\u00eancia de dengue no ano passado \u2013 14 mulheres e doze homens.<\/p>\n<p>N\u00e3o h\u00e1 mais nenhum \u00f3bito em investiga\u00e7\u00e3o referente a 2024, quando a cidade superou em 189% o n\u00famero de mortes do per\u00edodo anterior. S\u00e3o 17 a mais que os nove de 2023. Desde 2013 j\u00e1 s\u00e3o 75 \u00f3bitos por dengue no munic\u00edpio. S\u00e3o seis de 2013 e cinco de 2015. Em 2014 n\u00e3o houve mortes na cidade.<\/p>\n<p>O n\u00famero de 26 mortos pelo mosquito Aedes aegypti \u2013 vetor da doen\u00e7a, do zika v\u00edrus e das febres amarela e chikungunya \u2013 do ano passado j\u00e1 \u00e9 o maior em pelo menos oito anos (desde 2016), superando os dez de 2020 em 160%. S\u00e3o 16 a mais. Antes de 2019, a cidade n\u00e3o registrava \u00f3bito em decorr\u00eancia da infec\u00e7\u00e3o desde 2016, quando nove pacientes n\u00e3o resistiram aos v\u00edrus.<\/p>\n<p><strong>Regi\u00f5es \u2013 <\/strong>Em 2025, dos 19.409 casos de dengue confirmados em Ribeir\u00e3o Preto, 7.344 t\u00eam entre 20 e 39 aos, 5.213 pacientes t\u00eam entre 40 e 59 anos, 2.591 t\u00eam mais de 60 anos, 2.544 s\u00e3o do grupo de 10 a 19 anos, 1.050 s\u00e3o crian\u00e7as de 5 a 9 anos, 544 t\u00eam entre 1 e 4 anos e 123 v\u00edtimas tem menos de 1 anos. S\u00e3o 5.772 na Zona Leste, 4.737 na Oeste, 3.973 na Sul, 2.534 na Central e 2.368 na Norte, al\u00e9m de 25 sem identifica\u00e7\u00e3o.<strong\/><\/p>\n<p>Ribeir\u00e3o Preto fechou 2023 com 12.302 casos de, 4.820 a mais que os 7.482 do per\u00edodo anterior, crescimento de 64,42%. Em pouco mais de 16 anos, a cidade j\u00e1 registrou 224.90766 casos de dengue. Foram contabilizadas 316 ocorr\u00eancias de febre chikungunya em 2024, treze importadas. Uma pessoa morreu. No ano anterior, foram 121, sendo 107 aut\u00f3ctones. S\u00e3o 180 em 2025, quatro importados.<\/p>\n<\/div>\n<p><br \/>\n<br \/><a href=\"https:\/\/www.tribunaribeirao.com.br\/casos-de-dengue-chegam-a-19-409\/\">Source link <\/a><\/p>\n<!-- CONTENT END 1 -->\n","protected":false},"excerpt":{"rendered":"<p>No ano passado, Ribeir\u00e3o Preto registrou a maior epidemia de dengue da hist\u00f3ria considerando o n\u00famero de casos registrados. A cidade fechou 2024 com 44.633&#8230;<\/p>\n","protected":false},"author":1,"featured_media":71695,"comment_status":"open","ping_status":"open","sticky":false,"template":"","format":"standard","meta":{"advanced_seo_description":"","jetpack_seo_html_title":"","jetpack_seo_noindex":false,"jetpack_post_was_ever_published":false,"_jetpack_newsletter_access":"","_jetpack_dont_email_post_to_subs":false,"_jetpack_newsletter_tier_id":0,"_jetpack_memberships_contains_paywalled_content":false,"_jetpack_memberships_contains_paid_content":false,"footnotes":"","jetpack_publicize_message":"","jetpack_publicize_feature_enabled":true,"jetpack_social_post_already_shared":true,"jetpack_social_options":{"image_generator_settings":{"template":"highway","default_image_id":0,"font":"","enabled":false},"version":2}},"categories":[11],"tags":[],"class_list":["post-71694","post","type-post","status-publish","format-standard","has-post-thumbnail","hentry","category-noticias-de-ribeirao-preto-sp-e-regiao-ismael-colosi"],"jetpack_publicize_connections":[],"jetpack_featured_media_url":"https:\/\/i0.wp.com\/noticiasribeiraopreto.com.br\/wp-content\/uploads\/2025\/06\/Dengue-Pixabay-1-scaled.jpg?fit=800%2C474&ssl=1","jetpack-related-posts":[{"id":78343,"url":"https:\/\/noticiasribeiraopreto.com.br\/index.php\/2025\/10\/09\/dengue-chega-a-21-451-em-ribeirao\/","url_meta":{"origin":71694,"position":0},"title":"\u2028Dengue chega\u2028 a 21.451 em Ribeir\u00e3o","author":"noticiasribeiraopreto.com.br","date":"9 de October de 2025","format":false,"excerpt":"No ano passado, Ribeir\u00e3o Preto registrou a maior epidemia de dengue da hist\u00f3ria considerando o n\u00famero de casos registrados. A cidade fechou 2024 com 44.630 v\u00edtimas (dado revisado) do mosquito Aedes aegypti \u2013 transmissor da doen\u00e7a, das febres chikungunya e amarela na \u00e1rea urbana e de zika \u2013, maior volume\u2026","rel":"","context":"In &quot;Not\u00edcias de Ribeir\u00e3o Preto-SP e Regi\u00e3o&quot;","block_context":{"text":"Not\u00edcias de Ribeir\u00e3o Preto-SP e Regi\u00e3o","link":"https:\/\/noticiasribeiraopreto.com.br\/index.php\/category\/noticias-de-ribeirao-preto-sp-e-regiao-ismael-colosi\/"},"img":{"alt_text":"","src":"https:\/\/i0.wp.com\/noticiasribeiraopreto.com.br\/wp-content\/uploads\/2025\/10\/DengueRP-Pixabay-scaled.jpg?fit=1200%2C685&ssl=1&resize=350%2C200","width":350,"height":200,"srcset":"https:\/\/i0.wp.com\/noticiasribeiraopreto.com.br\/wp-content\/uploads\/2025\/10\/DengueRP-Pixabay-scaled.jpg?fit=1200%2C685&ssl=1&resize=350%2C200 1x, https:\/\/i0.wp.com\/noticiasribeiraopreto.com.br\/wp-content\/uploads\/2025\/10\/DengueRP-Pixabay-scaled.jpg?fit=1200%2C685&ssl=1&resize=525%2C300 1.5x, https:\/\/i0.wp.com\/noticiasribeiraopreto.com.br\/wp-content\/uploads\/2025\/10\/DengueRP-Pixabay-scaled.jpg?fit=1200%2C685&ssl=1&resize=700%2C400 2x, https:\/\/i0.wp.com\/noticiasribeiraopreto.com.br\/wp-content\/uploads\/2025\/10\/DengueRP-Pixabay-scaled.jpg?fit=1200%2C685&ssl=1&resize=1050%2C600 3x"},"classes":[]},{"id":74188,"url":"https:\/\/noticiasribeiraopreto.com.br\/index.php\/2025\/07\/17\/dengue-em-rp-ja-beira-21-mil-casos\/","url_meta":{"origin":71694,"position":1},"title":"Dengue em RP j\u00e1 beira 21 mil casos","author":"noticiasribeiraopreto.com.br","date":"17 de July de 2025","format":false,"excerpt":"No ano passado, Ribeir\u00e3o Preto registrou a maior epidemia de dengue da hist\u00f3ria considerando o n\u00famero de casos registrados. A cidade fechou 2024 com 44.637 v\u00edtimas (dado revisado) do mosquito Aedes aegypti \u2013 transmissor da doen\u00e7a, das febres chikungunya e amarela na \u00e1rea urbana e de zika \u2013, maior volume\u2026","rel":"","context":"In &quot;Not\u00edcias de Ribeir\u00e3o Preto-SP e Regi\u00e3o&quot;","block_context":{"text":"Not\u00edcias de Ribeir\u00e3o Preto-SP e Regi\u00e3o","link":"https:\/\/noticiasribeiraopreto.com.br\/index.php\/category\/noticias-de-ribeirao-preto-sp-e-regiao-ismael-colosi\/"},"img":{"alt_text":"","src":"https:\/\/i0.wp.com\/noticiasribeiraopreto.com.br\/wp-content\/uploads\/2025\/07\/DengueRP-Getty-Images.jpg?fit=1200%2C655&ssl=1&resize=350%2C200","width":350,"height":200,"srcset":"https:\/\/i0.wp.com\/noticiasribeiraopreto.com.br\/wp-content\/uploads\/2025\/07\/DengueRP-Getty-Images.jpg?fit=1200%2C655&ssl=1&resize=350%2C200 1x, https:\/\/i0.wp.com\/noticiasribeiraopreto.com.br\/wp-content\/uploads\/2025\/07\/DengueRP-Getty-Images.jpg?fit=1200%2C655&ssl=1&resize=525%2C300 1.5x, https:\/\/i0.wp.com\/noticiasribeiraopreto.com.br\/wp-content\/uploads\/2025\/07\/DengueRP-Getty-Images.jpg?fit=1200%2C655&ssl=1&resize=700%2C400 2x, https:\/\/i0.wp.com\/noticiasribeiraopreto.com.br\/wp-content\/uploads\/2025\/07\/DengueRP-Getty-Images.jpg?fit=1200%2C655&ssl=1&resize=1050%2C600 3x"},"classes":[]},{"id":74957,"url":"https:\/\/noticiasribeiraopreto.com.br\/index.php\/2025\/07\/31\/dengue-ja-passa-de-21-mil-em-rp\/","url_meta":{"origin":71694,"position":2},"title":"Dengue j\u00e1 passa de 21 mil em RP","author":"noticiasribeiraopreto.com.br","date":"31 de July de 2025","format":false,"excerpt":"No ano passado, Ribeir\u00e3o Preto registrou a maior epidemia de dengue da hist\u00f3ria considerando o n\u00famero de casos registrados. A cidade fechou 2024 com 44.641 v\u00edtimas (dado revisado) do mosquito Aedes aegypti \u2013 transmissor da doen\u00e7a, das febres chikungunya e amarela na \u00e1rea urbana e de zika \u2013, maior volume\u2026","rel":"","context":"In &quot;Not\u00edcias de Ribeir\u00e3o Preto-SP e Regi\u00e3o&quot;","block_context":{"text":"Not\u00edcias de Ribeir\u00e3o Preto-SP e Regi\u00e3o","link":"https:\/\/noticiasribeiraopreto.com.br\/index.php\/category\/noticias-de-ribeirao-preto-sp-e-regiao-ismael-colosi\/"},"img":{"alt_text":"","src":"https:\/\/i0.wp.com\/noticiasribeiraopreto.com.br\/wp-content\/uploads\/2025\/07\/1753992253_DengueRP-Getty-Images.jpg?fit=1200%2C655&ssl=1&resize=350%2C200","width":350,"height":200,"srcset":"https:\/\/i0.wp.com\/noticiasribeiraopreto.com.br\/wp-content\/uploads\/2025\/07\/1753992253_DengueRP-Getty-Images.jpg?fit=1200%2C655&ssl=1&resize=350%2C200 1x, https:\/\/i0.wp.com\/noticiasribeiraopreto.com.br\/wp-content\/uploads\/2025\/07\/1753992253_DengueRP-Getty-Images.jpg?fit=1200%2C655&ssl=1&resize=525%2C300 1.5x, https:\/\/i0.wp.com\/noticiasribeiraopreto.com.br\/wp-content\/uploads\/2025\/07\/1753992253_DengueRP-Getty-Images.jpg?fit=1200%2C655&ssl=1&resize=700%2C400 2x, https:\/\/i0.wp.com\/noticiasribeiraopreto.com.br\/wp-content\/uploads\/2025\/07\/1753992253_DengueRP-Getty-Images.jpg?fit=1200%2C655&ssl=1&resize=1050%2C600 3x"},"classes":[]},{"id":70088,"url":"https:\/\/noticiasribeiraopreto.com.br\/index.php\/2025\/05\/22\/casos-de-dengue-chegam-a-18-061\/","url_meta":{"origin":71694,"position":3},"title":"Casos de dengue\u00a0chegam a 18.061\u00a0","author":"noticiasribeiraopreto.com.br","date":"22 de May de 2025","format":false,"excerpt":"No ano passado, Ribeir\u00e3o Preto registrou a maior epidemia de dengue da hist\u00f3ria considerando o n\u00famero de casos registrados. A cidade fechou 2024 com 44.634 v\u00edtimas do mosquito Aedes aegypti \u2013 transmissor da doen\u00e7a, das febres chikungunya e amarela na \u00e1rea urbana e de zika \u2013, maior volume da hist\u00f3ria\u2026","rel":"","context":"In &quot;Not\u00edcias de Ribeir\u00e3o Preto-SP e Regi\u00e3o&quot;","block_context":{"text":"Not\u00edcias de Ribeir\u00e3o Preto-SP e Regi\u00e3o","link":"https:\/\/noticiasribeiraopreto.com.br\/index.php\/category\/noticias-de-ribeirao-preto-sp-e-regiao-ismael-colosi\/"},"img":{"alt_text":"","src":"https:\/\/i0.wp.com\/noticiasribeiraopreto.com.br\/wp-content\/uploads\/2025\/05\/DengueRP-Divulgacao-4.jpg?fit=1200%2C795&ssl=1&resize=350%2C200","width":350,"height":200,"srcset":"https:\/\/i0.wp.com\/noticiasribeiraopreto.com.br\/wp-content\/uploads\/2025\/05\/DengueRP-Divulgacao-4.jpg?fit=1200%2C795&ssl=1&resize=350%2C200 1x, https:\/\/i0.wp.com\/noticiasribeiraopreto.com.br\/wp-content\/uploads\/2025\/05\/DengueRP-Divulgacao-4.jpg?fit=1200%2C795&ssl=1&resize=525%2C300 1.5x, https:\/\/i0.wp.com\/noticiasribeiraopreto.com.br\/wp-content\/uploads\/2025\/05\/DengueRP-Divulgacao-4.jpg?fit=1200%2C795&ssl=1&resize=700%2C400 2x, https:\/\/i0.wp.com\/noticiasribeiraopreto.com.br\/wp-content\/uploads\/2025\/05\/DengueRP-Divulgacao-4.jpg?fit=1200%2C795&ssl=1&resize=1050%2C600 3x"},"classes":[]},{"id":75701,"url":"https:\/\/noticiasribeiraopreto.com.br\/index.php\/2025\/08\/14\/dengue-chega-a-21-280-casos-em-ribeirao\/","url_meta":{"origin":71694,"position":4},"title":"Dengue chega a 21.280 casos em Ribeir\u00e3o","author":"noticiasribeiraopreto.com.br","date":"14 de August de 2025","format":false,"excerpt":"14 de agosto de 2025 07:290 Compartilhar0 J\u00e1 s\u00e3o onze mortes em 2025, quatro em janeiro, uma em fevereiro, quatro em mar\u00e7o e duas em abril; cidade soma mais de 21,2 mil casos\u00a0\u00a0No ano passado, Ribeir\u00e3o Preto registrou a maior epidemia de dengue da hist\u00f3ria considerando o n\u00famero de casos\u2026","rel":"","context":"In &quot;Not\u00edcias de Ribeir\u00e3o Preto-SP e Regi\u00e3o&quot;","block_context":{"text":"Not\u00edcias de Ribeir\u00e3o Preto-SP e Regi\u00e3o","link":"https:\/\/noticiasribeiraopreto.com.br\/index.php\/category\/noticias-de-ribeirao-preto-sp-e-regiao-ismael-colosi\/"},"img":{"alt_text":"","src":"https:\/\/i0.wp.com\/noticiasribeiraopreto.com.br\/wp-content\/uploads\/2025\/08\/DengueRP-Paulo-Whitaker-Reuters-1-scaled.jpg?fit=800%2C479&ssl=1&resize=350%2C200","width":350,"height":200,"srcset":"https:\/\/i0.wp.com\/noticiasribeiraopreto.com.br\/wp-content\/uploads\/2025\/08\/DengueRP-Paulo-Whitaker-Reuters-1-scaled.jpg?fit=800%2C479&ssl=1&resize=350%2C200 1x, https:\/\/i0.wp.com\/noticiasribeiraopreto.com.br\/wp-content\/uploads\/2025\/08\/DengueRP-Paulo-Whitaker-Reuters-1-scaled.jpg?fit=800%2C479&ssl=1&resize=525%2C300 1.5x, https:\/\/i0.wp.com\/noticiasribeiraopreto.com.br\/wp-content\/uploads\/2025\/08\/DengueRP-Paulo-Whitaker-Reuters-1-scaled.jpg?fit=800%2C479&ssl=1&resize=700%2C400 2x"},"classes":[]},{"id":69338,"url":"https:\/\/noticiasribeiraopreto.com.br\/index.php\/2025\/05\/05\/casos-de-dengue-superam-115-mi\/","url_meta":{"origin":71694,"position":5},"title":"Casos de dengue superam 1,15 mi \u00a0","author":"noticiasribeiraopreto.com.br","date":"5 de May de 2025","format":false,"excerpt":"5 de maio de 2025 09:303 de maio de 2025 19:168 Compartilhar0 O Brasil fechou o ano passado com mais de 6,6 milh\u00f5es de casos de dengue e superou a marca de 6.200 mortes em decorr\u00eancia da doen\u00e7a. Segundo dados do painel do Minist\u00e9rio da Sa\u00fade, s\u00e3o 6.601.253 cont\u00e1gios e\u2026","rel":"","context":"In &quot;Not\u00edcias de Ribeir\u00e3o Preto-SP e Regi\u00e3o&quot;","block_context":{"text":"Not\u00edcias de Ribeir\u00e3o Preto-SP e Regi\u00e3o","link":"https:\/\/noticiasribeiraopreto.com.br\/index.php\/category\/noticias-de-ribeirao-preto-sp-e-regiao-ismael-colosi\/"},"img":{"alt_text":"","src":"https:\/\/i0.wp.com\/noticiasribeiraopreto.com.br\/wp-content\/uploads\/2025\/05\/DengueRP-Divulgacao-3.jpg?fit=1200%2C807&ssl=1&resize=350%2C200","width":350,"height":200,"srcset":"https:\/\/i0.wp.com\/noticiasribeiraopreto.com.br\/wp-content\/uploads\/2025\/05\/DengueRP-Divulgacao-3.jpg?fit=1200%2C807&ssl=1&resize=350%2C200 1x, https:\/\/i0.wp.com\/noticiasribeiraopreto.com.br\/wp-content\/uploads\/2025\/05\/DengueRP-Divulgacao-3.jpg?fit=1200%2C807&ssl=1&resize=525%2C300 1.5x, https:\/\/i0.wp.com\/noticiasribeiraopreto.com.br\/wp-content\/uploads\/2025\/05\/DengueRP-Divulgacao-3.jpg?fit=1200%2C807&ssl=1&resize=700%2C400 2x, https:\/\/i0.wp.com\/noticiasribeiraopreto.com.br\/wp-content\/uploads\/2025\/05\/DengueRP-Divulgacao-3.jpg?fit=1200%2C807&ssl=1&resize=1050%2C600 3x"},"classes":[]}],"jetpack_sharing_enabled":true,"jetpack_shortlink":"https:\/\/wp.me\/peQAOb-iEm","_links":{"self":[{"href":"https:\/\/noticiasribeiraopreto.com.br\/index.php\/wp-json\/wp\/v2\/posts\/71694","targetHints":{"allow":["GET"]}}],"collection":[{"href":"https:\/\/noticiasribeiraopreto.com.br\/index.php\/wp-json\/wp\/v2\/posts"}],"about":[{"href":"https:\/\/noticiasribeiraopreto.com.br\/index.php\/wp-json\/wp\/v2\/types\/post"}],"author":[{"embeddable":true,"href":"https:\/\/noticiasribeiraopreto.com.br\/index.php\/wp-json\/wp\/v2\/users\/1"}],"replies":[{"embeddable":true,"href":"https:\/\/noticiasribeiraopreto.com.br\/index.php\/wp-json\/wp\/v2\/comments?post=71694"}],"version-history":[{"count":0,"href":"https:\/\/noticiasribeiraopreto.com.br\/index.php\/wp-json\/wp\/v2\/posts\/71694\/revisions"}],"wp:featuredmedia":[{"embeddable":true,"href":"https:\/\/noticiasribeiraopreto.com.br\/index.php\/wp-json\/wp\/v2\/media\/71695"}],"wp:attachment":[{"href":"https:\/\/noticiasribeiraopreto.com.br\/index.php\/wp-json\/wp\/v2\/media?parent=71694"}],"wp:term":[{"taxonomy":"category","embeddable":true,"href":"https:\/\/noticiasribeiraopreto.com.br\/index.php\/wp-json\/wp\/v2\/categories?post=71694"},{"taxonomy":"post_tag","embeddable":true,"href":"https:\/\/noticiasribeiraopreto.com.br\/index.php\/wp-json\/wp\/v2\/tags?post=71694"}],"curies":[{"name":"wp","href":"https:\/\/api.w.org\/{rel}","templated":true}]}}