{"id":71700,"date":"2025-06-09T10:22:58","date_gmt":"2025-06-09T13:22:58","guid":{"rendered":"https:\/\/noticiasribeiraopreto.com.br\/index.php\/2025\/06\/09\/inmet-emite-alerta-para-chuva-de-50-mm-e-ventos-fortes-no-interior-de-sp\/"},"modified":"2025-06-09T10:22:58","modified_gmt":"2025-06-09T13:22:58","slug":"inmet-emite-alerta-para-chuva-de-50-mm-e-ventos-fortes-no-interior-de-sp","status":"publish","type":"post","link":"https:\/\/noticiasribeiraopreto.com.br\/index.php\/2025\/06\/09\/inmet-emite-alerta-para-chuva-de-50-mm-e-ventos-fortes-no-interior-de-sp\/","title":{"rendered":"Inmet emite alerta para chuva de 50 mm e ventos fortes no interior de SP"},"content":{"rendered":"<p> <br \/>\n<\/p>\n<div data-td-block-uid=\"tdi_95\">\n<div class=\"tdb-block-inner td-fix-index\">\n<p><strong>O <\/strong><a href=\"https:\/\/portal.inmet.gov.br\/\" target=\"_blank\" rel=\"noreferrer noopener\"><strong>Inmet (Instituto Nacional de Meteorologia)<\/strong><\/a><strong> emitiu alerta de \u201cperigo potencial\u201d para o risco de chuvas intensas no interior de S\u00e3o Paulo.<\/strong><\/p>\n<p><mark style=\"background-color:#fcb900\" class=\"has-inline-color has-black-color\">Ribeir\u00e3o Preto e cidades da regi\u00e3o est\u00e3o inclu\u00eddas na faixa amarela, a primeira em uma escala at\u00e9 tr\u00eas n\u00edveis de severidade, que abrange parte do estado paulista, entre as regi\u00f5es Norte e Leste.<\/mark><\/p>\n<p>O aviso teve in\u00edcio \u00e0s 9h20 e vai at\u00e9 as 23h59 desta segunda-feira (9). <a href=\"https:\/\/alertas2.inmet.gov.br\/50734\">Clique aqui<\/a> e veja todas as cidades.<\/p>\n<h2 class=\"wp-block-heading\"><strong>O que diz o alerta?<\/strong><\/h2>\n<ul class=\"wp-block-list\">\n<li>Chuva prevista entre 20 mm\/h e 30 mm\/h ou at\u00e9 50 mm\/dia<\/li>\n<li>Ventos intensos entre 40 km\/h e 60 km\/h<\/li>\n<li>Baixo risco de corte de energia el\u00e9trica, queda de galhos de \u00e1rvores, alagamentos e descargas el\u00e9tricas<\/li>\n<\/ul>\n<p><strong>Orienta\u00e7\u00f5es:<\/strong><\/p>\n<ul class=\"wp-block-list\">\n<li>Em caso de rajadas de vento, n\u00e3o se abrigue debaixo de \u00e1rvores, pois, h\u00e1 leve risco de queda e descargas el\u00e9tricas, e n\u00e3o estacione ve\u00edculos pr\u00f3ximos a torres de transmiss\u00e3o e placas de propaganda<\/li>\n<li>Evite usar aparelhos eletr\u00f4nicos ligados \u00e0 tomada<\/li>\n<\/ul>\n<p><strong>Fonte: Inmet<\/strong><\/p>\n<p>SAIBA MAIS<\/p>\n<p>PM det\u00e9m cinco suspeitos de manter homem em c\u00e1rcere em motel de Ribeir\u00e3o Preto<\/p>\n<h2 class=\"wp-block-heading\"><strong>FIQUE ON<\/strong><\/h2>\n<p>Fique ligado em tudo que acontece em Ribeir\u00e3o Preto e regi\u00e3o. Siga os perfis do\u00a0<strong>acidade on<\/strong>\u00a0no<a href=\"https:\/\/www.instagram.com\/acidadeonribeirao\">\u00a0Instagram<\/a>\u00a0e no\u00a0<a href=\"https:\/\/www.facebook.com\/acidadeonribeirao\/\">Facebook<\/a>.<\/p>\n<p>Receba not\u00edcias do\u00a0<strong>acidade on\u00a0<\/strong>no WhatsApp.\u00a0<a href=\"https:\/\/chat.whatsapp.com\/BjKQZ9oJwlz8VVT50NuePq\">Para entrar no grupo, basta clicar aqui.<\/a><\/p>\n<p>Fa\u00e7a uma den\u00fancia ou sugira uma reportagem sobre Ribeir\u00e3o Preto e regi\u00e3o pelo WhatsApp: 16 99117 7802.<\/p>\n<p>VEJA TAMB\u00c9M<\/p>\n<p>Stellar Blade chega ao PC com melhorias t\u00e9cnicas e desempenho superior<\/p>\n<p><!-- CONTENT END 1 -->\n<\/div>\n<\/div>\n<p><script async src=\"\/\/www.instagram.com\/embed.js\"><\/script><br \/>\n<br \/><br \/>\n<br \/><a href=\"https:\/\/www.acidadeon.com\/ribeiraopreto\/cotidiano\/inmet-emite-alerta-para-chuva-de-50-mm-e-ventos-fortes-no-interior-de-sp\/\">Source link <\/a><\/p>\n","protected":false},"excerpt":{"rendered":"<p>O Inmet (Instituto Nacional de Meteorologia) emitiu alerta de \u201cperigo potencial\u201d para o risco de chuvas intensas no interior de S\u00e3o Paulo. Ribeir\u00e3o Preto e&#8230;<\/p>\n","protected":false},"author":1,"featured_media":60925,"comment_status":"open","ping_status":"open","sticky":false,"template":"","format":"standard","meta":{"advanced_seo_description":"","jetpack_seo_html_title":"","jetpack_seo_noindex":false,"jetpack_post_was_ever_published":false,"_jetpack_newsletter_access":"","_jetpack_dont_email_post_to_subs":false,"_jetpack_newsletter_tier_id":0,"_jetpack_memberships_contains_paywalled_content":false,"_jetpack_memberships_contains_paid_content":false,"footnotes":"","jetpack_publicize_message":"","jetpack_publicize_feature_enabled":true,"jetpack_social_post_already_shared":true,"jetpack_social_options":{"image_generator_settings":{"template":"highway","default_image_id":0,"font":"","enabled":false},"version":2}},"categories":[11],"tags":[],"class_list":["post-71700","post","type-post","status-publish","format-standard","has-post-thumbnail","hentry","category-noticias-de-ribeirao-preto-sp-e-regiao-ismael-colosi"],"jetpack_publicize_connections":[],"jetpack_featured_media_url":"https:\/\/i0.wp.com\/noticiasribeiraopreto.com.br\/wp-content\/uploads\/2024\/11\/WhatsApp-Image-2024-11-29-at-06.13.27_2024-11-29_09-28-46_jpeg_2024-11-29_09-28-46.webp.webp?fit=1600%2C737&ssl=1","jetpack-related-posts":[{"id":67542,"url":"https:\/\/noticiasribeiraopreto.com.br\/index.php\/2025\/04\/15\/inmet-publica-alerta-para-chuva-de-50-mm-e-ventos-fortes-no-interior-de-sp-veja-cidades\/","url_meta":{"origin":71700,"position":0},"title":"Inmet publica alerta para chuva de 50 mm e ventos fortes no interior de SP; Veja cidades","author":"noticiasribeiraopreto.com.br","date":"15 de April de 2025","format":false,"excerpt":"O Inmet (Instituto Nacional de Meteorologia) emitiu alerta de \u201cperigo potencial\u201d para o risco de chuvas intensas no interior de S\u00e3o Paulo. Ribeir\u00e3o Preto e cidades da regi\u00e3o est\u00e3o inclu\u00eddas na faixa amarela, a primeira em uma escala at\u00e9 tr\u00eas n\u00edveis de severidade, que abrange parte do estado paulista, entre\u2026","rel":"","context":"In &quot;Not\u00edcias de Ribeir\u00e3o Preto-SP e Regi\u00e3o&quot;","block_context":{"text":"Not\u00edcias de Ribeir\u00e3o Preto-SP e Regi\u00e3o","link":"https:\/\/noticiasribeiraopreto.com.br\/index.php\/category\/noticias-de-ribeirao-preto-sp-e-regiao-ismael-colosi\/"},"img":{"alt_text":"","src":"https:\/\/i0.wp.com\/noticiasribeiraopreto.com.br\/wp-content\/uploads\/2025\/01\/nuvens_2025-01-01_18-54-37_jpeg_2025-01-01_18-54-38.webp.webp?fit=1200%2C900&ssl=1&resize=350%2C200","width":350,"height":200,"srcset":"https:\/\/i0.wp.com\/noticiasribeiraopreto.com.br\/wp-content\/uploads\/2025\/01\/nuvens_2025-01-01_18-54-37_jpeg_2025-01-01_18-54-38.webp.webp?fit=1200%2C900&ssl=1&resize=350%2C200 1x, https:\/\/i0.wp.com\/noticiasribeiraopreto.com.br\/wp-content\/uploads\/2025\/01\/nuvens_2025-01-01_18-54-37_jpeg_2025-01-01_18-54-38.webp.webp?fit=1200%2C900&ssl=1&resize=525%2C300 1.5x, https:\/\/i0.wp.com\/noticiasribeiraopreto.com.br\/wp-content\/uploads\/2025\/01\/nuvens_2025-01-01_18-54-37_jpeg_2025-01-01_18-54-38.webp.webp?fit=1200%2C900&ssl=1&resize=700%2C400 2x, https:\/\/i0.wp.com\/noticiasribeiraopreto.com.br\/wp-content\/uploads\/2025\/01\/nuvens_2025-01-01_18-54-37_jpeg_2025-01-01_18-54-38.webp.webp?fit=1200%2C900&ssl=1&resize=1050%2C600 3x"},"classes":[]},{"id":62393,"url":"https:\/\/noticiasribeiraopreto.com.br\/index.php\/2025\/01\/13\/inmet-alerta-para-chuvas-de-ate-50-milimetros-e-ventos-fortes-no-interior-de-sp-veja-cidades\/","url_meta":{"origin":71700,"position":1},"title":"Inmet alerta para chuvas de at\u00e9 50 mil\u00edmetros e ventos fortes no interior de SP; Veja cidades","author":"noticiasribeiraopreto.com.br","date":"13 de January de 2025","format":false,"excerpt":"O Inmet (Instituto Nacional de Meteorologia) emitiu um novo alerta de \u201cperigo potencial\u201d para o risco de chuvas intensas no interior de S\u00e3o Paulo. Cidades da regi\u00e3o de Ribeir\u00e3o Preto est\u00e3o inclu\u00eddas na faixa amarela, a primeira em uma escala at\u00e9 tr\u00eas n\u00edveis de severidade, que abrange \u00e1reas ao Norte\u2026","rel":"","context":"In &quot;Not\u00edcias de Ribeir\u00e3o Preto-SP e Regi\u00e3o&quot;","block_context":{"text":"Not\u00edcias de Ribeir\u00e3o Preto-SP e Regi\u00e3o","link":"https:\/\/noticiasribeiraopreto.com.br\/index.php\/category\/noticias-de-ribeirao-preto-sp-e-regiao-ismael-colosi\/"},"img":{"alt_text":"","src":"https:\/\/i0.wp.com\/noticiasribeiraopreto.com.br\/wp-content\/uploads\/2024\/11\/WhatsApp-Image-2024-11-29-at-06.13.27_2024-11-29_09-28-46_jpeg_2024-11-29_09-28-46.webp.webp?fit=1200%2C553&ssl=1&resize=350%2C200","width":350,"height":200,"srcset":"https:\/\/i0.wp.com\/noticiasribeiraopreto.com.br\/wp-content\/uploads\/2024\/11\/WhatsApp-Image-2024-11-29-at-06.13.27_2024-11-29_09-28-46_jpeg_2024-11-29_09-28-46.webp.webp?fit=1200%2C553&ssl=1&resize=350%2C200 1x, https:\/\/i0.wp.com\/noticiasribeiraopreto.com.br\/wp-content\/uploads\/2024\/11\/WhatsApp-Image-2024-11-29-at-06.13.27_2024-11-29_09-28-46_jpeg_2024-11-29_09-28-46.webp.webp?fit=1200%2C553&ssl=1&resize=525%2C300 1.5x, https:\/\/i0.wp.com\/noticiasribeiraopreto.com.br\/wp-content\/uploads\/2024\/11\/WhatsApp-Image-2024-11-29-at-06.13.27_2024-11-29_09-28-46_jpeg_2024-11-29_09-28-46.webp.webp?fit=1200%2C553&ssl=1&resize=700%2C400 2x, https:\/\/i0.wp.com\/noticiasribeiraopreto.com.br\/wp-content\/uploads\/2024\/11\/WhatsApp-Image-2024-11-29-at-06.13.27_2024-11-29_09-28-46_jpeg_2024-11-29_09-28-46.webp.webp?fit=1200%2C553&ssl=1&resize=1050%2C600 3x"},"classes":[]},{"id":68709,"url":"https:\/\/noticiasribeiraopreto.com.br\/index.php\/2025\/04\/28\/inmet-publica-alerta-para-chuva-de-50-mm-e-ventos-fortes-no-estado-de-sp-veja-cidades\/","url_meta":{"origin":71700,"position":2},"title":"Inmet publica alerta para chuva de 50 mm e ventos fortes no estado de SP; Veja cidades","author":"noticiasribeiraopreto.com.br","date":"28 de April de 2025","format":false,"excerpt":"O Inmet (Instituto Nacional de Meteorologia) emitiu alerta de \u201cperigo potencial\u201d para o risco de chuvas intensas no interior de S\u00e3o Paulo. Ribeir\u00e3o Preto e cidades da regi\u00e3o est\u00e3o inclu\u00eddas na faixa amarela, a primeira em uma escala at\u00e9 tr\u00eas n\u00edveis de severidade, que abrange parte do estado paulista, entre\u2026","rel":"","context":"In &quot;Not\u00edcias de Ribeir\u00e3o Preto-SP e Regi\u00e3o&quot;","block_context":{"text":"Not\u00edcias de Ribeir\u00e3o Preto-SP e Regi\u00e3o","link":"https:\/\/noticiasribeiraopreto.com.br\/index.php\/category\/noticias-de-ribeirao-preto-sp-e-regiao-ismael-colosi\/"},"img":{"alt_text":"","src":"https:\/\/i0.wp.com\/noticiasribeiraopreto.com.br\/wp-content\/uploads\/2024\/12\/WhatsApp-Image-2024-12-03-at-09.16.43_2024-12-03_12-22-10_jpeg_2024-12-03_12-22-10.webp.webp?fit=1200%2C540&ssl=1&resize=350%2C200","width":350,"height":200,"srcset":"https:\/\/i0.wp.com\/noticiasribeiraopreto.com.br\/wp-content\/uploads\/2024\/12\/WhatsApp-Image-2024-12-03-at-09.16.43_2024-12-03_12-22-10_jpeg_2024-12-03_12-22-10.webp.webp?fit=1200%2C540&ssl=1&resize=350%2C200 1x, https:\/\/i0.wp.com\/noticiasribeiraopreto.com.br\/wp-content\/uploads\/2024\/12\/WhatsApp-Image-2024-12-03-at-09.16.43_2024-12-03_12-22-10_jpeg_2024-12-03_12-22-10.webp.webp?fit=1200%2C540&ssl=1&resize=525%2C300 1.5x, https:\/\/i0.wp.com\/noticiasribeiraopreto.com.br\/wp-content\/uploads\/2024\/12\/WhatsApp-Image-2024-12-03-at-09.16.43_2024-12-03_12-22-10_jpeg_2024-12-03_12-22-10.webp.webp?fit=1200%2C540&ssl=1&resize=700%2C400 2x, https:\/\/i0.wp.com\/noticiasribeiraopreto.com.br\/wp-content\/uploads\/2024\/12\/WhatsApp-Image-2024-12-03-at-09.16.43_2024-12-03_12-22-10_jpeg_2024-12-03_12-22-10.webp.webp?fit=1200%2C540&ssl=1&resize=1050%2C600 3x"},"classes":[]},{"id":64677,"url":"https:\/\/noticiasribeiraopreto.com.br\/index.php\/2025\/03\/11\/inmet-publica-alerta-para-chuva-de-50-mm-e-ventos-fortes-no-estado-de-sp\/","url_meta":{"origin":71700,"position":3},"title":"Inmet publica alerta para chuva de 50 mm e ventos fortes no estado de SP","author":"noticiasribeiraopreto.com.br","date":"11 de March de 2025","format":false,"excerpt":"O Inmet (Instituto Nacional de Meteorologia) emitiu um alerta de \u201cperigo potencial\u201d para o risco de chuvas intensas no estado de S\u00e3o Paulo. Ribeir\u00e3o Preto e cidades da regi\u00e3o est\u00e3o inclu\u00eddas na faixa amarela, a primeira em uma escala at\u00e9 tr\u00eas n\u00edveis de severidade, que abrange todo o estado paulista.\u2026","rel":"","context":"In &quot;Not\u00edcias de Ribeir\u00e3o Preto-SP e Regi\u00e3o&quot;","block_context":{"text":"Not\u00edcias de Ribeir\u00e3o Preto-SP e Regi\u00e3o","link":"https:\/\/noticiasribeiraopreto.com.br\/index.php\/category\/noticias-de-ribeirao-preto-sp-e-regiao-ismael-colosi\/"},"img":{"alt_text":"","src":"https:\/\/i0.wp.com\/noticiasribeiraopreto.com.br\/wp-content\/uploads\/2024\/11\/WhatsApp-Image-2024-11-29-at-06.13.27_2024-11-29_09-28-46_jpeg_2024-11-29_09-28-46.webp.webp?fit=1200%2C553&ssl=1&resize=350%2C200","width":350,"height":200,"srcset":"https:\/\/i0.wp.com\/noticiasribeiraopreto.com.br\/wp-content\/uploads\/2024\/11\/WhatsApp-Image-2024-11-29-at-06.13.27_2024-11-29_09-28-46_jpeg_2024-11-29_09-28-46.webp.webp?fit=1200%2C553&ssl=1&resize=350%2C200 1x, https:\/\/i0.wp.com\/noticiasribeiraopreto.com.br\/wp-content\/uploads\/2024\/11\/WhatsApp-Image-2024-11-29-at-06.13.27_2024-11-29_09-28-46_jpeg_2024-11-29_09-28-46.webp.webp?fit=1200%2C553&ssl=1&resize=525%2C300 1.5x, https:\/\/i0.wp.com\/noticiasribeiraopreto.com.br\/wp-content\/uploads\/2024\/11\/WhatsApp-Image-2024-11-29-at-06.13.27_2024-11-29_09-28-46_jpeg_2024-11-29_09-28-46.webp.webp?fit=1200%2C553&ssl=1&resize=700%2C400 2x, https:\/\/i0.wp.com\/noticiasribeiraopreto.com.br\/wp-content\/uploads\/2024\/11\/WhatsApp-Image-2024-11-29-at-06.13.27_2024-11-29_09-28-46_jpeg_2024-11-29_09-28-46.webp.webp?fit=1200%2C553&ssl=1&resize=1050%2C600 3x"},"classes":[]},{"id":59684,"url":"https:\/\/noticiasribeiraopreto.com.br\/index.php\/2024\/10\/28\/inmet-publica-novos-alertas-para-o-interior-de-sp-veja-cidades\/","url_meta":{"origin":71700,"position":4},"title":"Inmet publica novos alertas para o interior de SP; Veja cidades","author":"noticiasribeiraopreto.com.br","date":"28 de October de 2024","format":false,"excerpt":"O Inmet (Instituto Nacional de Meteorologia) emitiu dois novos alertas para chuvas intensas no interior de S\u00e3o Paulo. Os avisos s\u00e3o divididos em graus de severidade. A regi\u00e3o de Ribeir\u00e3o Preto est\u00e1 na faixa amarela definida como \u201cperigo potencial\u201d. A validade \u00e9 entre \u00e0s 9h desta segunda-feira (28)\u00a0e \u00e0s 10h\u2026","rel":"","context":"In &quot;Not\u00edcias de Ribeir\u00e3o Preto-SP e Regi\u00e3o&quot;","block_context":{"text":"Not\u00edcias de Ribeir\u00e3o Preto-SP e Regi\u00e3o","link":"https:\/\/noticiasribeiraopreto.com.br\/index.php\/category\/noticias-de-ribeirao-preto-sp-e-regiao-ismael-colosi\/"},"img":{"alt_text":"","src":"https:\/\/i0.wp.com\/noticiasribeiraopreto.com.br\/wp-content\/uploads\/2024\/10\/WhatsApp-Image-2024-10-11-at-06.55.12_2024-10-11_09-56-34_jpeg_2024-10-11_09-56-35.webp.webp?fit=1200%2C540&ssl=1&resize=350%2C200","width":350,"height":200,"srcset":"https:\/\/i0.wp.com\/noticiasribeiraopreto.com.br\/wp-content\/uploads\/2024\/10\/WhatsApp-Image-2024-10-11-at-06.55.12_2024-10-11_09-56-34_jpeg_2024-10-11_09-56-35.webp.webp?fit=1200%2C540&ssl=1&resize=350%2C200 1x, https:\/\/i0.wp.com\/noticiasribeiraopreto.com.br\/wp-content\/uploads\/2024\/10\/WhatsApp-Image-2024-10-11-at-06.55.12_2024-10-11_09-56-34_jpeg_2024-10-11_09-56-35.webp.webp?fit=1200%2C540&ssl=1&resize=525%2C300 1.5x, https:\/\/i0.wp.com\/noticiasribeiraopreto.com.br\/wp-content\/uploads\/2024\/10\/WhatsApp-Image-2024-10-11-at-06.55.12_2024-10-11_09-56-34_jpeg_2024-10-11_09-56-35.webp.webp?fit=1200%2C540&ssl=1&resize=700%2C400 2x, https:\/\/i0.wp.com\/noticiasribeiraopreto.com.br\/wp-content\/uploads\/2024\/10\/WhatsApp-Image-2024-10-11-at-06.55.12_2024-10-11_09-56-34_jpeg_2024-10-11_09-56-35.webp.webp?fit=1200%2C540&ssl=1&resize=1050%2C600 3x"},"classes":[]},{"id":63742,"url":"https:\/\/noticiasribeiraopreto.com.br\/index.php\/2025\/02\/20\/inmet-alerta-para-chuva-de-50-mm-e-ventos-intensos-no-estado-de-sp-veja-cidades\/","url_meta":{"origin":71700,"position":5},"title":"Inmet alerta para chuva de 50 mm e ventos intensos no estado de SP; Veja cidades","author":"noticiasribeiraopreto.com.br","date":"20 de February de 2025","format":false,"excerpt":"O Inmet (Instituto Nacional de Meteorologia) emitiu um alerta de \u201cperigo potencial\u201d para o risco de chuvas intensas no estado de S\u00e3o Paulo. Cidades da regi\u00e3o de Ribeir\u00e3o Preto est\u00e3o inclu\u00eddas na faixa amarela, a primeira em uma escala at\u00e9 tr\u00eas n\u00edveis de severidade, que abrange praticamente todo o estado.\u2026","rel":"","context":"In &quot;Not\u00edcias de Ribeir\u00e3o Preto-SP e Regi\u00e3o&quot;","block_context":{"text":"Not\u00edcias de Ribeir\u00e3o Preto-SP e Regi\u00e3o","link":"https:\/\/noticiasribeiraopreto.com.br\/index.php\/category\/noticias-de-ribeirao-preto-sp-e-regiao-ismael-colosi\/"},"img":{"alt_text":"","src":"https:\/\/i0.wp.com\/noticiasribeiraopreto.com.br\/wp-content\/uploads\/2024\/11\/WhatsApp-Image-2024-11-29-at-06.13.27_2024-11-29_09-28-46_jpeg_2024-11-29_09-28-46.webp.webp?fit=1200%2C553&ssl=1&resize=350%2C200","width":350,"height":200,"srcset":"https:\/\/i0.wp.com\/noticiasribeiraopreto.com.br\/wp-content\/uploads\/2024\/11\/WhatsApp-Image-2024-11-29-at-06.13.27_2024-11-29_09-28-46_jpeg_2024-11-29_09-28-46.webp.webp?fit=1200%2C553&ssl=1&resize=350%2C200 1x, https:\/\/i0.wp.com\/noticiasribeiraopreto.com.br\/wp-content\/uploads\/2024\/11\/WhatsApp-Image-2024-11-29-at-06.13.27_2024-11-29_09-28-46_jpeg_2024-11-29_09-28-46.webp.webp?fit=1200%2C553&ssl=1&resize=525%2C300 1.5x, https:\/\/i0.wp.com\/noticiasribeiraopreto.com.br\/wp-content\/uploads\/2024\/11\/WhatsApp-Image-2024-11-29-at-06.13.27_2024-11-29_09-28-46_jpeg_2024-11-29_09-28-46.webp.webp?fit=1200%2C553&ssl=1&resize=700%2C400 2x, https:\/\/i0.wp.com\/noticiasribeiraopreto.com.br\/wp-content\/uploads\/2024\/11\/WhatsApp-Image-2024-11-29-at-06.13.27_2024-11-29_09-28-46_jpeg_2024-11-29_09-28-46.webp.webp?fit=1200%2C553&ssl=1&resize=1050%2C600 3x"},"classes":[]}],"jetpack_sharing_enabled":true,"jetpack_shortlink":"https:\/\/wp.me\/peQAOb-iEs","_links":{"self":[{"href":"https:\/\/noticiasribeiraopreto.com.br\/index.php\/wp-json\/wp\/v2\/posts\/71700","targetHints":{"allow":["GET"]}}],"collection":[{"href":"https:\/\/noticiasribeiraopreto.com.br\/index.php\/wp-json\/wp\/v2\/posts"}],"about":[{"href":"https:\/\/noticiasribeiraopreto.com.br\/index.php\/wp-json\/wp\/v2\/types\/post"}],"author":[{"embeddable":true,"href":"https:\/\/noticiasribeiraopreto.com.br\/index.php\/wp-json\/wp\/v2\/users\/1"}],"replies":[{"embeddable":true,"href":"https:\/\/noticiasribeiraopreto.com.br\/index.php\/wp-json\/wp\/v2\/comments?post=71700"}],"version-history":[{"count":0,"href":"https:\/\/noticiasribeiraopreto.com.br\/index.php\/wp-json\/wp\/v2\/posts\/71700\/revisions"}],"wp:featuredmedia":[{"embeddable":true,"href":"https:\/\/noticiasribeiraopreto.com.br\/index.php\/wp-json\/wp\/v2\/media\/60925"}],"wp:attachment":[{"href":"https:\/\/noticiasribeiraopreto.com.br\/index.php\/wp-json\/wp\/v2\/media?parent=71700"}],"wp:term":[{"taxonomy":"category","embeddable":true,"href":"https:\/\/noticiasribeiraopreto.com.br\/index.php\/wp-json\/wp\/v2\/categories?post=71700"},{"taxonomy":"post_tag","embeddable":true,"href":"https:\/\/noticiasribeiraopreto.com.br\/index.php\/wp-json\/wp\/v2\/tags?post=71700"}],"curies":[{"name":"wp","href":"https:\/\/api.w.org\/{rel}","templated":true}]}}