{"id":71701,"date":"2025-06-09T10:29:39","date_gmt":"2025-06-09T13:29:39","guid":{"rendered":"https:\/\/noticiasribeiraopreto.com.br\/index.php\/2025\/06\/09\/homem-e-resgatado-de-cativeiro\/"},"modified":"2025-06-09T10:29:39","modified_gmt":"2025-06-09T13:29:39","slug":"homem-e-resgatado-de-cativeiro","status":"publish","type":"post","link":"https:\/\/noticiasribeiraopreto.com.br\/index.php\/2025\/06\/09\/homem-e-resgatado-de-cativeiro\/","title":{"rendered":"Homem \u00e9 resgatado de cativeiro"},"content":{"rendered":"<div class='code-block code-block-1' style='margin: 8px 0 8px auto; text-align: right; display: block; clear: both;'>\n<p><a href=\"https:\/\/wa.link\/vpicfd\"><img data-recalc-dims=\"1\" class=\"wp-image-4922\" style=\"aspect-ratio: 2.0253164556962027; width: 561px; height: auto;\" src=\"https:\/\/i0.wp.com\/ismaelcolosi.com.br\/wp-content\/uploads\/2023\/11\/grupo-de-empregos-whatsapp-e-facebook-ismael-colosi-vagas.jpg?ssl=1\" alt=\"\" \/><\/a><\/p>\n<!-- \/wp:image -->\n<\/div>\n<p> <br \/>\n<\/p>\n<div id=\"\">\n<h2 class=\"penci-post-subtitle\">V\u00edtima teria sido levada de Brodowski e mantida ref\u00e9m em motel da zona Norte da cidade<\/h2>\n<p>\n\t\t\t\t\t\t\t\t\t<span class=\"entry-meta-item penci-posted-on\"><i class=\"fa fa-clock-o\"\/><time class=\"entry-date published\" datetime=\"2025-06-09T10:26:30-03:00\">9 de junho de 2025 10:26<\/time><time class=\"updated\" datetime=\"2025-06-09T10:26:57-03:00\">9 de junho de 2025 10:26<\/time><\/span><span class=\"entry-meta-item penci-post-countview\"><span class=\"entry-meta-item penci-post-countview penci_post-meta_item\"><i class=\"fa fa-eye\"\/><span class=\"penci-post-countview-number penci-post-countview-p428194\">3<\/span><\/span><\/span>\t\t\t\t\t\t\t\t<\/p>\n<p><!-- .entry-meta --><br \/>\n\t\t\t\t\t\t\t\t<span class=\"penci-social-buttons penci-social-share-footer\"><span class=\"penci-social-share-text\">Compartilhar<\/span><a href=\"#\" class=\"penci-post-like penci_post-meta_item  single-like-button penci-social-item like\" data-post_id=\"428194\" title=\"Like\" data-like=\"Like\" data-unlike=\"Unlike\"><i class=\"fa fa-thumbs-o-up\"\/><span class=\"penci-share-number\">1<\/span><\/a><i class=\"fa fa-facebook\"\/><a class=\"penci-social-item twitter\" target=\"_blank\" rel=\"noopener\" title=\"\" href=\"https:\/\/twitter.com\/intent\/tweet?text=Homem%20\u00e9%20resgatado%20de%20cativeiro%20-%20https:\/\/www.tribunaribeirao.com.br\/homem-e-resgatado-de-cativeiro\/\"><i class=\"fa fa-twitter\"\/><\/a><i class=\"fa fa-linkedin\"\/><i class=\"fa fa-whatsapp\"\/><i class=\"fa fa-telegram\"\/><i class=\"fa fa-envelope\"\/><\/span>\t\t\t\t\t\t\t<\/div>\n<div>\n<p>Por: Alfredo Risk e Adalberto Luque<\/p>\n<p>Um homem foi resgatado, no final da madrugada desta segunda-feira (9), de um quarto de motel, onde era mantido em cativeiro. A v\u00edtima teria sido levada de Brodowski e estava em um motel nas imedia\u00e7\u00f5es da avenida Brasil, Quintino Facci I.<\/p>\n<p>Segundo informa\u00e7\u00f5es do Tenente Zanardi, a esposa e a filha da v\u00edtima teriam ido at\u00e9 a base da PM em Brodowski. A mulher relatou que estariam recebendo mensagens por WhatsApp de uma pessoa que estaria com seu marido exigia R$ 12 mil para liber\u00e1-lo.<\/p>\n<p>Imediatamente policiais militares de Brodowski entraram em contato com a PM em Ribeir\u00e3o Preto, informando que a v\u00edtima estava em c\u00e1rcere privado. Ao analisar as imagens da caminhonete da v\u00edtima, uma VolksWagen Amarok branca, os PMs deduziram que estariam em um motel.<\/p>\n<p>Segundo Zanardi, os PMs realizaram buscas e, rapidamente, localizaram o motel com a caminhonete estacionada. Quando estavam entrando, ouviram um dos sequestradores gritando que, se n\u00e3o recebessem o PIX at\u00e9 07h00, iriam mat\u00e1-lo.<\/p>\n<figure id=\"attachment_428188\" aria-describedby=\"caption-attachment-428188\" style=\"width: 750px\" class=\"wp-caption alignnone\"><img data-recalc-dims=\"1\" loading=\"lazy\" decoding=\"async\" class=\"size-full wp-image-428188 lazyload\" src=\"https:\/\/i0.wp.com\/www.tribunaribeirao.com.br\/wp-content\/uploads\/2025\/06\/09-jun-2025-sequestromotel-scaled.jpg?resize=750%2C500&#038;ssl=1\" alt=\"\" width=\"750\" height=\"500\" srcset=\"https:\/\/www.tribunaribeirao.com.br\/wp-content\/uploads\/2025\/06\/09-jun-2025-sequestromotel-scaled.jpg 750w, https:\/\/www.tribunaribeirao.com.br\/wp-content\/uploads\/2025\/06\/09-jun-2025-sequestromotel-300x200.jpg 300w, https:\/\/www.tribunaribeirao.com.br\/wp-content\/uploads\/2025\/06\/09-jun-2025-sequestromotel-1024x683.jpg 1024w, https:\/\/www.tribunaribeirao.com.br\/wp-content\/uploads\/2025\/06\/09-jun-2025-sequestromotel-768x512.jpg 768w, https:\/\/www.tribunaribeirao.com.br\/wp-content\/uploads\/2025\/06\/09-jun-2025-sequestromotel-1536x1024.jpg 1536w, https:\/\/www.tribunaribeirao.com.br\/wp-content\/uploads\/2025\/06\/09-jun-2025-sequestromotel-480x320.jpg 480w, https:\/\/www.tribunaribeirao.com.br\/wp-content\/uploads\/2025\/06\/09-jun-2025-sequestromotel-280x186.jpg 280w, https:\/\/www.tribunaribeirao.com.br\/wp-content\/uploads\/2025\/06\/09-jun-2025-sequestromotel-960x640.jpg 960w, https:\/\/www.tribunaribeirao.com.br\/wp-content\/uploads\/2025\/06\/09-jun-2025-sequestromotel-600x400.jpg 600w, https:\/\/www.tribunaribeirao.com.br\/wp-content\/uploads\/2025\/06\/09-jun-2025-sequestromotel-585x390.jpg 585w\" data-sizes=\"(max-width: 750px) 100vw, 750px\" style=\"--smush-placeholder-width: 750px; --smush-placeholder-aspect-ratio: 750\/500;\"\/><figcaption id=\"caption-attachment-428188\" class=\"wp-caption-text\">Segundo tenente Zanardi, foi poss\u00edvel ouvir suspeito gritando que mataria a v\u00edtima se n\u00e3o recebesse R$ 12 mil at\u00e9 07h00 (Foto: Alfredo Risk)<\/figcaption><\/figure>\n<p>Os PMs entraram no local e renderam dois homens, um maior de idade e um adolescente. Al\u00e9m deles, havia tr\u00eas garotas de programa. A v\u00edtima estava no local, com diversos hematomas pelo corpo.<\/p>\n<p>De acordo com Zanardi, ele teve uma costela fraturada. A v\u00edtima relatou que foi amea\u00e7ada de morte diversas vezes e que foi agredida enquanto estava no cativeiro. Ele chegou a fazer algumas transfer\u00eancias via PIX, mas depois digitou a senha errado e a conta foi bloqueada.<\/p>\n<p>Os homens presos passaram, ent\u00e3o, a tentar extorquir a fam\u00edlia por aplicativo de mensagem. A v\u00edtima foi encaminhada para atendimento m\u00e9dico. Todos seguiram para a Central de Pol\u00edcia Judici\u00e1ria (CPJ), no Centro de Ribeir\u00e3o Preto.<\/p>\n<p>Zanardi explicou que a v\u00edtima conheceu os dois homens em Brodowski e teriam passado a beber juntos. Depois convenceram ele a vir para Ribeir\u00e3o Preto e ele teria sido dominado no trajeto.<\/p>\n<p>O grupo foi preso em flagrante. Os dois homens que renderam a v\u00edtima devem responder por c\u00e1rcere privado, extors\u00e3o, les\u00e3o corporal e amea\u00e7a. Encaminhados para unidades prisionais, os cinco permanecem \u00e0 disposi\u00e7\u00e3o da Justi\u00e7a.<\/p>\n<p>\u00a0<\/p>\n<p>_____<\/p>\n<p>\u00a0<\/p>\n<p>Jornal Tribuna Ribeir\u00e3o<br \/>Um Jornal com a cara de Ribeir\u00e3o!<\/p>\n<p>Impresso | WEB | Redes sociais<br \/>Tribuna Ribeir\u00e3o \u2013 Fone: (16) 3632-2200 \u2013 Whatsapp: (16) 98161-8743<br \/>Av. Bar\u00e3o do Bananal, 880 \u2013 Jardim Anhanguera, Ribeir\u00e3o Preto<\/p>\n<p>@tribunaribeirao<br \/>@meiaderibeirao<br \/>@dinoderibeirao<br \/>#TribunaRibeir\u00e3o<br \/>#News<br \/>#Not\u00edcia<br \/>#Ribeir\u00e3oPreto #Not\u00edciasDeRibeir\u00e3oPreto<br \/>#ClassificadosTribunaRibeir\u00e3o<br \/>#Jornalismo<br \/>#ClassificadosRibeir\u00e3o<\/p>\n<\/div>\n<p><script async src=\"\/\/platform.twitter.com\/widgets.js\" charset=\"utf-8\"><\/script><br \/>\n<br \/><br \/>\n<br \/><a href=\"https:\/\/www.tribunaribeirao.com.br\/homem-e-resgatado-de-cativeiro\/\">Source link <\/a><\/p>\n<!-- CONTENT END 1 -->\n","protected":false},"excerpt":{"rendered":"<p>V\u00edtima teria sido levada de Brodowski e mantida ref\u00e9m em motel da zona Norte da cidade 9 de junho de 2025 10:269 de junho de&#8230;<\/p>\n","protected":false},"author":1,"featured_media":71702,"comment_status":"open","ping_status":"open","sticky":false,"template":"","format":"standard","meta":{"advanced_seo_description":"","jetpack_seo_html_title":"","jetpack_seo_noindex":false,"jetpack_post_was_ever_published":false,"_jetpack_newsletter_access":"","_jetpack_dont_email_post_to_subs":false,"_jetpack_newsletter_tier_id":0,"_jetpack_memberships_contains_paywalled_content":false,"_jetpack_memberships_contains_paid_content":false,"footnotes":"","jetpack_publicize_message":"","jetpack_publicize_feature_enabled":true,"jetpack_social_post_already_shared":true,"jetpack_social_options":{"image_generator_settings":{"template":"highway","default_image_id":0,"font":"","enabled":false},"version":2}},"categories":[11],"tags":[],"class_list":["post-71701","post","type-post","status-publish","format-standard","has-post-thumbnail","hentry","category-noticias-de-ribeirao-preto-sp-e-regiao-ismael-colosi"],"jetpack_publicize_connections":[],"jetpack_featured_media_url":"https:\/\/i0.wp.com\/noticiasribeiraopreto.com.br\/wp-content\/uploads\/2025\/06\/CPJ-Centro-Foto-Alfredo-Risk-scaled-1.jpg?fit=700%2C466&ssl=1","jetpack-related-posts":[{"id":51496,"url":"https:\/\/noticiasribeiraopreto.com.br\/index.php\/2024\/05\/27\/beneficiarios-do-bolsa-familia-comemoram-governo-confirma-3-adicionais-para-o-mes-de-junho-confira\/","url_meta":{"origin":71701,"position":0},"title":"Benefici\u00e1rios do Bolsa Fam\u00edlia comemoram: Governo confirma 3 adicionais para o m\u00eas de Junho; Confira!","author":"noticiasribeiraopreto.com.br","date":"27 de May de 2024","format":false,"excerpt":"O Governo Federal confirmou que os benefici\u00e1rios do Bolsa Fam\u00edlia receber\u00e3o tr\u00eas importantes benef\u00edcios adicionais desde junho, refor\u00e7ando o compromisso de apoiar fam\u00edlias em situa\u00e7\u00e3o de vulnerabilidade social. Anunciada pelo presidente Luiz In\u00e1cio Lula da Silva (PT) em meados do ano passado, essa ajuda continuar\u00e1 sendo desembolsada em 2024 com\u2026","rel":"","context":"In &quot;Dinheiro e Investimento&quot;","block_context":{"text":"Dinheiro e Investimento","link":"https:\/\/noticiasribeiraopreto.com.br\/index.php\/category\/dinheiro-e-investimento-como-fazer-como-ganhar\/"},"img":{"alt_text":"","src":"https:\/\/i0.wp.com\/noticiasribeiraopreto.com.br\/wp-content\/uploads\/2024\/05\/Design-sem-nome-5-1.webp.webp?fit=1200%2C630&ssl=1&resize=350%2C200","width":350,"height":200,"srcset":"https:\/\/i0.wp.com\/noticiasribeiraopreto.com.br\/wp-content\/uploads\/2024\/05\/Design-sem-nome-5-1.webp.webp?fit=1200%2C630&ssl=1&resize=350%2C200 1x, https:\/\/i0.wp.com\/noticiasribeiraopreto.com.br\/wp-content\/uploads\/2024\/05\/Design-sem-nome-5-1.webp.webp?fit=1200%2C630&ssl=1&resize=525%2C300 1.5x, https:\/\/i0.wp.com\/noticiasribeiraopreto.com.br\/wp-content\/uploads\/2024\/05\/Design-sem-nome-5-1.webp.webp?fit=1200%2C630&ssl=1&resize=700%2C400 2x, https:\/\/i0.wp.com\/noticiasribeiraopreto.com.br\/wp-content\/uploads\/2024\/05\/Design-sem-nome-5-1.webp.webp?fit=1200%2C630&ssl=1&resize=1050%2C600 3x"},"classes":[]},{"id":52116,"url":"https:\/\/noticiasribeiraopreto.com.br\/index.php\/2024\/06\/04\/aniversario-de-ribeirao-preto-e-feriado-data-e-comemorada-no-dia-19-de-junho\/","url_meta":{"origin":71701,"position":1},"title":"Anivers\u00e1rio de Ribeir\u00e3o Preto \u00e9 feriado? Data \u00e9 comemorada no dia 19 de junho","author":"noticiasribeiraopreto.com.br","date":"4 de June de 2024","format":false,"excerpt":"O anivers\u00e1rio de 168 anos de Ribeir\u00e3o Preto \u00e9 comemorado no pr\u00f3ximo dia 19 de junho e j\u00e1 foi divulgada uma programa\u00e7\u00e3o especial para a celebra\u00e7\u00e3o. Mas, afinal, o dia do anivers\u00e1rio de Ribeir\u00e3o \u00e9 considerado feriado? Sim, a data \u00e9 feriado municipal, que foi institu\u00eddo por meio de legisla\u00e7\u00e3o\u2026","rel":"","context":"In &quot;Not\u00edcias de Ribeir\u00e3o Preto-SP e Regi\u00e3o&quot;","block_context":{"text":"Not\u00edcias de Ribeir\u00e3o Preto-SP e Regi\u00e3o","link":"https:\/\/noticiasribeiraopreto.com.br\/index.php\/category\/noticias-de-ribeirao-preto-sp-e-regiao-ismael-colosi\/"},"img":{"alt_text":"","src":"https:\/\/i0.wp.com\/noticiasribeiraopreto.com.br\/wp-content\/uploads\/2024\/06\/totem_eu_amo_ribeirao_-_foto_fernando_gonzaga_2_2024-06-04_11-49-25_jpeg_2024-06-04_11-49-25.webp.webp?fit=1200%2C800&ssl=1&resize=350%2C200","width":350,"height":200,"srcset":"https:\/\/i0.wp.com\/noticiasribeiraopreto.com.br\/wp-content\/uploads\/2024\/06\/totem_eu_amo_ribeirao_-_foto_fernando_gonzaga_2_2024-06-04_11-49-25_jpeg_2024-06-04_11-49-25.webp.webp?fit=1200%2C800&ssl=1&resize=350%2C200 1x, https:\/\/i0.wp.com\/noticiasribeiraopreto.com.br\/wp-content\/uploads\/2024\/06\/totem_eu_amo_ribeirao_-_foto_fernando_gonzaga_2_2024-06-04_11-49-25_jpeg_2024-06-04_11-49-25.webp.webp?fit=1200%2C800&ssl=1&resize=525%2C300 1.5x, https:\/\/i0.wp.com\/noticiasribeiraopreto.com.br\/wp-content\/uploads\/2024\/06\/totem_eu_amo_ribeirao_-_foto_fernando_gonzaga_2_2024-06-04_11-49-25_jpeg_2024-06-04_11-49-25.webp.webp?fit=1200%2C800&ssl=1&resize=700%2C400 2x, https:\/\/i0.wp.com\/noticiasribeiraopreto.com.br\/wp-content\/uploads\/2024\/06\/totem_eu_amo_ribeirao_-_foto_fernando_gonzaga_2_2024-06-04_11-49-25_jpeg_2024-06-04_11-49-25.webp.webp?fit=1200%2C800&ssl=1&resize=1050%2C600 3x"},"classes":[]},{"id":71496,"url":"https:\/\/noticiasribeiraopreto.com.br\/index.php\/2025\/06\/06\/rota-do-arraia-saiba-quais-sao-as-quermesses-de-ribeirao-preto-neste-fim-de-semana\/","url_meta":{"origin":71701,"position":2},"title":"Rota do Arrai\u00e1: Saiba quais s\u00e3o as quermesses de Ribeir\u00e3o Preto neste fim de semana","author":"noticiasribeiraopreto.com.br","date":"6 de June de 2025","format":false,"excerpt":"A Rota do Arrai\u00e1 (clique aqui)\u00a0re\u00fane as quermesses que acontecem em diferentes locais de Ribeir\u00e3o Preto e regi\u00e3o. Neste fim de semana, acontece nove festas t\u00edpicas na cidade, com musica ao vivo, bingo e brincadeiras. Veja a programa\u00e7\u00e3o: 2\u00ba Arrai\u00e1 Solid\u00e1rio APAE A Associa\u00e7\u00e3o de Pais e Amigos dos Expecionais\u2026","rel":"","context":"In &quot;Not\u00edcias de Ribeir\u00e3o Preto-SP e Regi\u00e3o&quot;","block_context":{"text":"Not\u00edcias de Ribeir\u00e3o Preto-SP e Regi\u00e3o","link":"https:\/\/noticiasribeiraopreto.com.br\/index.php\/category\/noticias-de-ribeirao-preto-sp-e-regiao-ismael-colosi\/"},"img":{"alt_text":"","src":"https:\/\/i0.wp.com\/noticiasribeiraopreto.com.br\/wp-content\/uploads\/2024\/05\/quermesse_2024-05-07_13-34-01_jpg_2024-05-07_13-34-01.webp.webp?fit=582%2C393&ssl=1&resize=350%2C200","width":350,"height":200,"srcset":"https:\/\/i0.wp.com\/noticiasribeiraopreto.com.br\/wp-content\/uploads\/2024\/05\/quermesse_2024-05-07_13-34-01_jpg_2024-05-07_13-34-01.webp.webp?fit=582%2C393&ssl=1&resize=350%2C200 1x, https:\/\/i0.wp.com\/noticiasribeiraopreto.com.br\/wp-content\/uploads\/2024\/05\/quermesse_2024-05-07_13-34-01_jpg_2024-05-07_13-34-01.webp.webp?fit=582%2C393&ssl=1&resize=525%2C300 1.5x"},"classes":[]},{"id":52229,"url":"https:\/\/noticiasribeiraopreto.com.br\/index.php\/2024\/06\/05\/bolsa-familia-de-junho-com-bonus-extra-para-maes-solteiras-veja-como-funciona\/","url_meta":{"origin":71701,"position":3},"title":"Bolsa Fam\u00edlia de Junho com b\u00f4nus extra para m\u00e3es solteiras; Veja como funciona","author":"noticiasribeiraopreto.com.br","date":"5 de June de 2024","format":false,"excerpt":"O Bolsa Fam\u00edlia de junho oferece apoio adicional \u00e0s m\u00e3es solteiras por meio do Benef\u00edcio Primeira Inf\u00e2ncia (BPI) e do Benef\u00edcio Vari\u00e1vel Fam\u00edlia (BVF). Ambos os valores adicionais podem ser ganhos no calend\u00e1rio deste m\u00eas. O BPI de 150 reais \u00e9 para fam\u00edlias com crian\u00e7as de at\u00e9 6 anos, enquanto\u2026","rel":"","context":"In &quot;Dinheiro e Investimento&quot;","block_context":{"text":"Dinheiro e Investimento","link":"https:\/\/noticiasribeiraopreto.com.br\/index.php\/category\/dinheiro-e-investimento-como-fazer-como-ganhar\/"},"img":{"alt_text":"","src":"https:\/\/i0.wp.com\/noticiasribeiraopreto.com.br\/wp-content\/uploads\/2024\/06\/Design-sem-nome-7.webp.webp?fit=1200%2C630&ssl=1&resize=350%2C200","width":350,"height":200,"srcset":"https:\/\/i0.wp.com\/noticiasribeiraopreto.com.br\/wp-content\/uploads\/2024\/06\/Design-sem-nome-7.webp.webp?fit=1200%2C630&ssl=1&resize=350%2C200 1x, https:\/\/i0.wp.com\/noticiasribeiraopreto.com.br\/wp-content\/uploads\/2024\/06\/Design-sem-nome-7.webp.webp?fit=1200%2C630&ssl=1&resize=525%2C300 1.5x, https:\/\/i0.wp.com\/noticiasribeiraopreto.com.br\/wp-content\/uploads\/2024\/06\/Design-sem-nome-7.webp.webp?fit=1200%2C630&ssl=1&resize=700%2C400 2x, https:\/\/i0.wp.com\/noticiasribeiraopreto.com.br\/wp-content\/uploads\/2024\/06\/Design-sem-nome-7.webp.webp?fit=1200%2C630&ssl=1&resize=1050%2C600 3x"},"classes":[]},{"id":72125,"url":"https:\/\/noticiasribeiraopreto.com.br\/index.php\/2025\/06\/13\/forro-e-sertanejo-agitam-o-fim-de-semana-no-arraia-mio-di-bao-ribeirao\/","url_meta":{"origin":71701,"position":4},"title":"Forr\u00f3 e sertanejo agitam o fim de semana no Arrai\u00e1 Mi\u00f3 di B\u00e3o Ribeir\u00e3o","author":"noticiasribeiraopreto.com.br","date":"13 de June de 2025","format":false,"excerpt":"13 de junho de 2025 13:0513 de junho de 2025 13:070 Compartilhar0 O fim de semana est\u00e1 chegando e o Arrai\u00e1 Mi\u00f3 Di B\u00e3o Ribeir\u00e3o traz uma programa\u00e7\u00e3o especial para animar os visitantes da maior festa junina da regi\u00e3o. O grupo Forr\u00f3 100 D\u00f3 se apresentar\u00e1 na sexta-feira, dia 13\u2026","rel":"","context":"In &quot;Not\u00edcias de Ribeir\u00e3o Preto-SP e Regi\u00e3o&quot;","block_context":{"text":"Not\u00edcias de Ribeir\u00e3o Preto-SP e Regi\u00e3o","link":"https:\/\/noticiasribeiraopreto.com.br\/index.php\/category\/noticias-de-ribeirao-preto-sp-e-regiao-ismael-colosi\/"},"img":{"alt_text":"","src":"https:\/\/i0.wp.com\/noticiasribeiraopreto.com.br\/wp-content\/uploads\/2025\/06\/arraia-scaled.jpeg?fit=750%2C500&ssl=1&resize=350%2C200","width":350,"height":200,"srcset":"https:\/\/i0.wp.com\/noticiasribeiraopreto.com.br\/wp-content\/uploads\/2025\/06\/arraia-scaled.jpeg?fit=750%2C500&ssl=1&resize=350%2C200 1x, https:\/\/i0.wp.com\/noticiasribeiraopreto.com.br\/wp-content\/uploads\/2025\/06\/arraia-scaled.jpeg?fit=750%2C500&ssl=1&resize=525%2C300 1.5x, https:\/\/i0.wp.com\/noticiasribeiraopreto.com.br\/wp-content\/uploads\/2025\/06\/arraia-scaled.jpeg?fit=750%2C500&ssl=1&resize=700%2C400 2x"},"classes":[]},{"id":52021,"url":"https:\/\/noticiasribeiraopreto.com.br\/index.php\/2024\/06\/03\/noticia-importante-bolsa-familia-de-junho-emite-comunicado-para-nis-1-a-0-confira-as-novidades\/","url_meta":{"origin":71701,"position":5},"title":"Not\u00edcia Importante: Bolsa Fam\u00edlia de JUNHO emite comunicado para NIS 1 a 0; Confira as novidades!","author":"noticiasribeiraopreto.com.br","date":"3 de June de 2024","format":false,"excerpt":"O Bolsa Fam\u00edlia, um dos mais importantes programas sociais do Brasil, passou por uma grande transforma\u00e7\u00e3o. Em homenagem a este novo ano, as mudan\u00e7as nas regras e no montante de repasses aos benefici\u00e1rios visam ampliar o alcance e a efetividade do programa na redu\u00e7\u00e3o da pobreza e no apoio a\u2026","rel":"","context":"In &quot;Dinheiro e Investimento&quot;","block_context":{"text":"Dinheiro e Investimento","link":"https:\/\/noticiasribeiraopreto.com.br\/index.php\/category\/dinheiro-e-investimento-como-fazer-como-ganhar\/"},"img":{"alt_text":"","src":"https:\/\/i0.wp.com\/noticiasribeiraopreto.com.br\/wp-content\/uploads\/2024\/06\/Noticia-Importante-Bolsa-Familia-de-JUNHO-emite-comunicado-1-1.webp.webp?fit=1200%2C630&ssl=1&resize=350%2C200","width":350,"height":200,"srcset":"https:\/\/i0.wp.com\/noticiasribeiraopreto.com.br\/wp-content\/uploads\/2024\/06\/Noticia-Importante-Bolsa-Familia-de-JUNHO-emite-comunicado-1-1.webp.webp?fit=1200%2C630&ssl=1&resize=350%2C200 1x, https:\/\/i0.wp.com\/noticiasribeiraopreto.com.br\/wp-content\/uploads\/2024\/06\/Noticia-Importante-Bolsa-Familia-de-JUNHO-emite-comunicado-1-1.webp.webp?fit=1200%2C630&ssl=1&resize=525%2C300 1.5x, https:\/\/i0.wp.com\/noticiasribeiraopreto.com.br\/wp-content\/uploads\/2024\/06\/Noticia-Importante-Bolsa-Familia-de-JUNHO-emite-comunicado-1-1.webp.webp?fit=1200%2C630&ssl=1&resize=700%2C400 2x, https:\/\/i0.wp.com\/noticiasribeiraopreto.com.br\/wp-content\/uploads\/2024\/06\/Noticia-Importante-Bolsa-Familia-de-JUNHO-emite-comunicado-1-1.webp.webp?fit=1200%2C630&ssl=1&resize=1050%2C600 3x"},"classes":[]}],"jetpack_sharing_enabled":true,"jetpack_shortlink":"https:\/\/wp.me\/peQAOb-iEt","_links":{"self":[{"href":"https:\/\/noticiasribeiraopreto.com.br\/index.php\/wp-json\/wp\/v2\/posts\/71701","targetHints":{"allow":["GET"]}}],"collection":[{"href":"https:\/\/noticiasribeiraopreto.com.br\/index.php\/wp-json\/wp\/v2\/posts"}],"about":[{"href":"https:\/\/noticiasribeiraopreto.com.br\/index.php\/wp-json\/wp\/v2\/types\/post"}],"author":[{"embeddable":true,"href":"https:\/\/noticiasribeiraopreto.com.br\/index.php\/wp-json\/wp\/v2\/users\/1"}],"replies":[{"embeddable":true,"href":"https:\/\/noticiasribeiraopreto.com.br\/index.php\/wp-json\/wp\/v2\/comments?post=71701"}],"version-history":[{"count":0,"href":"https:\/\/noticiasribeiraopreto.com.br\/index.php\/wp-json\/wp\/v2\/posts\/71701\/revisions"}],"wp:featuredmedia":[{"embeddable":true,"href":"https:\/\/noticiasribeiraopreto.com.br\/index.php\/wp-json\/wp\/v2\/media\/71702"}],"wp:attachment":[{"href":"https:\/\/noticiasribeiraopreto.com.br\/index.php\/wp-json\/wp\/v2\/media?parent=71701"}],"wp:term":[{"taxonomy":"category","embeddable":true,"href":"https:\/\/noticiasribeiraopreto.com.br\/index.php\/wp-json\/wp\/v2\/categories?post=71701"},{"taxonomy":"post_tag","embeddable":true,"href":"https:\/\/noticiasribeiraopreto.com.br\/index.php\/wp-json\/wp\/v2\/tags?post=71701"}],"curies":[{"name":"wp","href":"https:\/\/api.w.org\/{rel}","templated":true}]}}