{"id":71705,"date":"2025-06-09T10:39:25","date_gmt":"2025-06-09T13:39:25","guid":{"rendered":"https:\/\/noticiasribeiraopreto.com.br\/index.php\/2025\/06\/09\/pm-detem-cinco-suspeitos-de-manter-homem-em-carcere-em-motel-de-ribeirao-preto\/"},"modified":"2025-06-09T10:39:25","modified_gmt":"2025-06-09T13:39:25","slug":"pm-detem-cinco-suspeitos-de-manter-homem-em-carcere-em-motel-de-ribeirao-preto","status":"publish","type":"post","link":"https:\/\/noticiasribeiraopreto.com.br\/index.php\/2025\/06\/09\/pm-detem-cinco-suspeitos-de-manter-homem-em-carcere-em-motel-de-ribeirao-preto\/","title":{"rendered":"PM det\u00e9m cinco suspeitos de manter homem em c\u00e1rcere em motel de Ribeir\u00e3o Preto"},"content":{"rendered":"<p> <br \/>\n<\/p>\n<div data-td-block-uid=\"tdi_95\">\n<div class=\"tdb-block-inner td-fix-index\">\n<p><strong>A PM (Pol\u00edcia Militar) deteve nesta segunda-feira (9) cinco suspeitos de manter um homem de 47 anos em c\u00e1rcere privado no interior de um motel, na zona Norte de Ribeir\u00e3o Preto.<\/strong><\/p>\n<p>Segundo a <strong>pol\u00edcia<\/strong>,<mark style=\"background-color:#fcb900\" class=\"has-inline-color has-black-color\"> a v\u00edtima \u00e9 da cidade de Brodowski e foi mantida em um estabelecimento na regi\u00e3o da avenida Brasil durante toda a madrugada.<\/mark> O <strong>homem <\/strong>est\u00e1 com uma <strong>costela fraturada<\/strong>, conforme as informa\u00e7\u00f5es.<\/p>\n<p>A PM disse que familiares do homem receberam mensagens via WhatsApp em que foram solicitadas transfer\u00eancias por de meio de Pix para a sua liberta\u00e7\u00e3o.<\/p>\n<p>O caso foi encaminhado para a CPJ (Central de Pol\u00edcia Judici\u00e1ria) Permanente de Ribeir\u00e3o Preto.<\/p>\n<p>SAIBA MAIS<\/p>\n<p>Cantor fica ferido ap\u00f3s ter rosto atingido por fogo em show; \u2018Est\u00e1 tudo bem\u2019, diz L\u00e9o<\/p>\n<h2 class=\"wp-block-heading\"><strong>FIQUE ON<\/strong><\/h2>\n<p>Fique ligado em tudo que acontece em Ribeir\u00e3o Preto e regi\u00e3o. Siga os perfis do\u00a0<strong>acidade on<\/strong>\u00a0no<a href=\"https:\/\/www.instagram.com\/acidadeonribeirao\">\u00a0Instagram<\/a>\u00a0e no\u00a0<a href=\"https:\/\/www.facebook.com\/acidadeonribeirao\/\">Facebook<\/a>.<\/p>\n<p>Receba not\u00edcias do\u00a0<strong>acidade on\u00a0<\/strong>no WhatsApp.\u00a0<a href=\"https:\/\/chat.whatsapp.com\/BjKQZ9oJwlz8VVT50NuePq\">Para entrar no grupo, basta clicar aqui.<\/a><\/p>\n<p>Fa\u00e7a uma den\u00fancia ou sugira uma reportagem sobre Ribeir\u00e3o Preto e regi\u00e3o pelo WhatsApp: 16 99117 7802.<\/p>\n<p>VEJA TAMB\u00c9M<\/p>\n<p>Quais foram as tr\u00eas marcas de azeite proibidas pela Anvisa?<\/p>\n<p><!-- CONTENT END 1 -->\n<\/div>\n<\/div>\n<p><script async src=\"\/\/www.instagram.com\/embed.js\"><\/script><br \/>\n<br \/><br \/>\n<br \/><a href=\"https:\/\/www.acidadeon.com\/ribeiraopreto\/cotidiano\/pm-detem-cinco-suspeitos-de-manter-homem-em-carcere-em-motel-de-ribeirao-preto\/\">Source link <\/a><\/p>\n","protected":false},"excerpt":{"rendered":"<p>A PM (Pol\u00edcia Militar) deteve nesta segunda-feira (9) cinco suspeitos de manter um homem de 47 anos em c\u00e1rcere privado no interior de um motel,&#8230;<\/p>\n","protected":false},"author":1,"featured_media":71706,"comment_status":"open","ping_status":"open","sticky":false,"template":"","format":"standard","meta":{"advanced_seo_description":"","jetpack_seo_html_title":"","jetpack_seo_noindex":false,"jetpack_post_was_ever_published":false,"_jetpack_newsletter_access":"","_jetpack_dont_email_post_to_subs":false,"_jetpack_newsletter_tier_id":0,"_jetpack_memberships_contains_paywalled_content":false,"_jetpack_memberships_contains_paid_content":false,"footnotes":"","jetpack_publicize_message":"","jetpack_publicize_feature_enabled":true,"jetpack_social_post_already_shared":true,"jetpack_social_options":{"image_generator_settings":{"template":"highway","default_image_id":0,"font":"","enabled":false},"version":2}},"categories":[11],"tags":[],"class_list":["post-71705","post","type-post","status-publish","format-standard","has-post-thumbnail","hentry","category-noticias-de-ribeirao-preto-sp-e-regiao-ismael-colosi"],"jetpack_publicize_connections":[],"jetpack_featured_media_url":"https:\/\/i0.wp.com\/noticiasribeiraopreto.com.br\/wp-content\/uploads\/2025\/06\/MOTEL_2025-06-09_11-12-00.webp.webp?fit=1200%2C692&ssl=1","jetpack-related-posts":[{"id":71715,"url":"https:\/\/noticiasribeiraopreto.com.br\/index.php\/2025\/06\/09\/empresario-e-agredido-ao-ser-mantido-em-carcere-em-motel-de-ribeirao-preto\/","url_meta":{"origin":71705,"position":0},"title":"Empres\u00e1rio \u00e9 agredido ao ser mantido em c\u00e1rcere em motel de Ribeir\u00e3o Preto","author":"noticiasribeiraopreto.com.br","date":"9 de June de 2025","format":false,"excerpt":"Um empres\u00e1rio de 47 anos foi agredido enquanto era mantido em c\u00e1rcere privado na madrugada desta nesta segunda-feira (9), no interior de um motel, na zona Norte de Ribeir\u00e3o Preto. Sete suspeitos \u2013 entre os quais cinco mulheres \u2013 foram detidos. Segundo a PM (Pol\u00edcia Militar), a v\u00edtima, que \u00e9\u2026","rel":"","context":"In &quot;Not\u00edcias de Ribeir\u00e3o Preto-SP e Regi\u00e3o&quot;","block_context":{"text":"Not\u00edcias de Ribeir\u00e3o Preto-SP e Regi\u00e3o","link":"https:\/\/noticiasribeiraopreto.com.br\/index.php\/category\/noticias-de-ribeirao-preto-sp-e-regiao-ismael-colosi\/"},"img":{"alt_text":"","src":"https:\/\/i0.wp.com\/noticiasribeiraopreto.com.br\/wp-content\/uploads\/2025\/06\/MOTEL_2025-06-09_15-46-15.webp.webp?fit=1200%2C701&ssl=1&resize=350%2C200","width":350,"height":200,"srcset":"https:\/\/i0.wp.com\/noticiasribeiraopreto.com.br\/wp-content\/uploads\/2025\/06\/MOTEL_2025-06-09_15-46-15.webp.webp?fit=1200%2C701&ssl=1&resize=350%2C200 1x, https:\/\/i0.wp.com\/noticiasribeiraopreto.com.br\/wp-content\/uploads\/2025\/06\/MOTEL_2025-06-09_15-46-15.webp.webp?fit=1200%2C701&ssl=1&resize=525%2C300 1.5x, https:\/\/i0.wp.com\/noticiasribeiraopreto.com.br\/wp-content\/uploads\/2025\/06\/MOTEL_2025-06-09_15-46-15.webp.webp?fit=1200%2C701&ssl=1&resize=700%2C400 2x, https:\/\/i0.wp.com\/noticiasribeiraopreto.com.br\/wp-content\/uploads\/2025\/06\/MOTEL_2025-06-09_15-46-15.webp.webp?fit=1200%2C701&ssl=1&resize=1050%2C600 3x"},"classes":[]},{"id":60474,"url":"https:\/\/noticiasribeiraopreto.com.br\/index.php\/2024\/11\/14\/homem-e-preso-por-torturar-e-manter-esposa-e-filha-em-carcere-privado-em-ribeirao\/","url_meta":{"origin":71705,"position":1},"title":"Homem \u00e9 preso por torturar e manter esposa e filha em c\u00e1rcere privado em Ribeir\u00e3o","author":"noticiasribeiraopreto.com.br","date":"14 de November de 2024","format":false,"excerpt":"Na tarde de quarta-feira (13), um homem foi preso suspeito de torturar a mulher, gr\u00e1vida de 8 meses, e a filha de 7 anos. Elas viviam em c\u00e1rcere privado h\u00e1 tr\u00eas dias, na casa que morava com o suspeito, no bairro Ipiranga, zona Norte de Ribeir\u00e3o Preto. O boletim de\u2026","rel":"","context":"In &quot;Not\u00edcias de Ribeir\u00e3o Preto-SP e Regi\u00e3o&quot;","block_context":{"text":"Not\u00edcias de Ribeir\u00e3o Preto-SP e Regi\u00e3o","link":"https:\/\/noticiasribeiraopreto.com.br\/index.php\/category\/noticias-de-ribeirao-preto-sp-e-regiao-ismael-colosi\/"},"img":{"alt_text":"","src":"https:\/\/i0.wp.com\/noticiasribeiraopreto.com.br\/wp-content\/uploads\/2024\/11\/Copia-de-Copia-de-Copia-de-TAMANHO-EXATO-PARA-FOTOS-NO-SISTEMA-NOVO-96_2024-11-14_20-08-10_png_2024-11-14_20-08-10.webp.webp?fit=1200%2C675&ssl=1&resize=350%2C200","width":350,"height":200,"srcset":"https:\/\/i0.wp.com\/noticiasribeiraopreto.com.br\/wp-content\/uploads\/2024\/11\/Copia-de-Copia-de-Copia-de-TAMANHO-EXATO-PARA-FOTOS-NO-SISTEMA-NOVO-96_2024-11-14_20-08-10_png_2024-11-14_20-08-10.webp.webp?fit=1200%2C675&ssl=1&resize=350%2C200 1x, https:\/\/i0.wp.com\/noticiasribeiraopreto.com.br\/wp-content\/uploads\/2024\/11\/Copia-de-Copia-de-Copia-de-TAMANHO-EXATO-PARA-FOTOS-NO-SISTEMA-NOVO-96_2024-11-14_20-08-10_png_2024-11-14_20-08-10.webp.webp?fit=1200%2C675&ssl=1&resize=525%2C300 1.5x, https:\/\/i0.wp.com\/noticiasribeiraopreto.com.br\/wp-content\/uploads\/2024\/11\/Copia-de-Copia-de-Copia-de-TAMANHO-EXATO-PARA-FOTOS-NO-SISTEMA-NOVO-96_2024-11-14_20-08-10_png_2024-11-14_20-08-10.webp.webp?fit=1200%2C675&ssl=1&resize=700%2C400 2x, https:\/\/i0.wp.com\/noticiasribeiraopreto.com.br\/wp-content\/uploads\/2024\/11\/Copia-de-Copia-de-Copia-de-TAMANHO-EXATO-PARA-FOTOS-NO-SISTEMA-NOVO-96_2024-11-14_20-08-10_png_2024-11-14_20-08-10.webp.webp?fit=1200%2C675&ssl=1&resize=1050%2C600 3x"},"classes":[]},{"id":71701,"url":"https:\/\/noticiasribeiraopreto.com.br\/index.php\/2025\/06\/09\/homem-e-resgatado-de-cativeiro\/","url_meta":{"origin":71705,"position":2},"title":"Homem \u00e9 resgatado de cativeiro","author":"noticiasribeiraopreto.com.br","date":"9 de June de 2025","format":false,"excerpt":"V\u00edtima teria sido levada de Brodowski e mantida ref\u00e9m em motel da zona Norte da cidade 9 de junho de 2025 10:269 de junho de 2025 10:263 Compartilhar1 Por: Alfredo Risk e Adalberto Luque Um homem foi resgatado, no final da madrugada desta segunda-feira (9), de um quarto de motel,\u2026","rel":"","context":"In &quot;Not\u00edcias de Ribeir\u00e3o Preto-SP e Regi\u00e3o&quot;","block_context":{"text":"Not\u00edcias de Ribeir\u00e3o Preto-SP e Regi\u00e3o","link":"https:\/\/noticiasribeiraopreto.com.br\/index.php\/category\/noticias-de-ribeirao-preto-sp-e-regiao-ismael-colosi\/"},"img":{"alt_text":"","src":"https:\/\/i0.wp.com\/noticiasribeiraopreto.com.br\/wp-content\/uploads\/2025\/06\/CPJ-Centro-Foto-Alfredo-Risk-scaled-1.jpg?fit=700%2C466&ssl=1&resize=350%2C200","width":350,"height":200,"srcset":"https:\/\/i0.wp.com\/noticiasribeiraopreto.com.br\/wp-content\/uploads\/2025\/06\/CPJ-Centro-Foto-Alfredo-Risk-scaled-1.jpg?fit=700%2C466&ssl=1&resize=350%2C200 1x, https:\/\/i0.wp.com\/noticiasribeiraopreto.com.br\/wp-content\/uploads\/2025\/06\/CPJ-Centro-Foto-Alfredo-Risk-scaled-1.jpg?fit=700%2C466&ssl=1&resize=525%2C300 1.5x, https:\/\/i0.wp.com\/noticiasribeiraopreto.com.br\/wp-content\/uploads\/2025\/06\/CPJ-Centro-Foto-Alfredo-Risk-scaled-1.jpg?fit=700%2C466&ssl=1&resize=700%2C400 2x"},"classes":[]},{"id":58223,"url":"https:\/\/noticiasribeiraopreto.com.br\/index.php\/2024\/09\/21\/homem-e-suspeito-de-colocar-fogo-em-canavial-para-fugir-da-policia-na-regiao-de-ribeirao\/","url_meta":{"origin":71705,"position":3},"title":"Homem \u00e9 suspeito de colocar fogo em canavial para fugir da pol\u00edcia na regi\u00e3o de Ribeir\u00e3o","author":"noticiasribeiraopreto.com.br","date":"21 de September de 2024","format":false,"excerpt":"Um homem \u00e9 suspeito de colocar fogo em um canavial \u00e0s margens da rodovia Anhanguera (SP-330) enquanto tentava fugir da pol\u00edcia na noite desta sexta-feira (20), em S\u00e3o Sim\u00e3o, cidade na regi\u00e3o de Ribeir\u00e3o Preto \u2013 veja v\u00eddeo abaixo. Conforme a Pol\u00edcia Militar (PM), dois homens foram abordados em um\u2026","rel":"","context":"In &quot;Not\u00edcias de Ribeir\u00e3o Preto-SP e Regi\u00e3o&quot;","block_context":{"text":"Not\u00edcias de Ribeir\u00e3o Preto-SP e Regi\u00e3o","link":"https:\/\/noticiasribeiraopreto.com.br\/index.php\/category\/noticias-de-ribeirao-preto-sp-e-regiao-ismael-colosi\/"},"img":{"alt_text":"","src":"https:\/\/i0.wp.com\/noticiasribeiraopreto.com.br\/wp-content\/uploads\/2024\/09\/Copia-de-Copia-de-Copia-de-TAMANHO-EXATO-PARA-FOTOS-NO-SISTEMA-NOVO-66_2024-09-21_17-32-46_png_2024-09-21_17-32-46.webp.webp?fit=1200%2C675&ssl=1&resize=350%2C200","width":350,"height":200,"srcset":"https:\/\/i0.wp.com\/noticiasribeiraopreto.com.br\/wp-content\/uploads\/2024\/09\/Copia-de-Copia-de-Copia-de-TAMANHO-EXATO-PARA-FOTOS-NO-SISTEMA-NOVO-66_2024-09-21_17-32-46_png_2024-09-21_17-32-46.webp.webp?fit=1200%2C675&ssl=1&resize=350%2C200 1x, https:\/\/i0.wp.com\/noticiasribeiraopreto.com.br\/wp-content\/uploads\/2024\/09\/Copia-de-Copia-de-Copia-de-TAMANHO-EXATO-PARA-FOTOS-NO-SISTEMA-NOVO-66_2024-09-21_17-32-46_png_2024-09-21_17-32-46.webp.webp?fit=1200%2C675&ssl=1&resize=525%2C300 1.5x, https:\/\/i0.wp.com\/noticiasribeiraopreto.com.br\/wp-content\/uploads\/2024\/09\/Copia-de-Copia-de-Copia-de-TAMANHO-EXATO-PARA-FOTOS-NO-SISTEMA-NOVO-66_2024-09-21_17-32-46_png_2024-09-21_17-32-46.webp.webp?fit=1200%2C675&ssl=1&resize=700%2C400 2x, https:\/\/i0.wp.com\/noticiasribeiraopreto.com.br\/wp-content\/uploads\/2024\/09\/Copia-de-Copia-de-Copia-de-TAMANHO-EXATO-PARA-FOTOS-NO-SISTEMA-NOVO-66_2024-09-21_17-32-46_png_2024-09-21_17-32-46.webp.webp?fit=1200%2C675&ssl=1&resize=1050%2C600 3x"},"classes":[]},{"id":37911,"url":"https:\/\/noticiasribeiraopreto.com.br\/index.php\/2024\/02\/19\/homem-e-preso-em-ribeirao-preto-acusado-de-sequestrar-mulher-dentro-de-onibus\/","url_meta":{"origin":71705,"position":4},"title":"Homem \u00e9 preso em Ribeir\u00e3o Preto acusado de sequestrar mulher dentro de \u00f4nibus","author":"noticiasribeiraopreto.com.br","date":"19 de February de 2024","format":false,"excerpt":"A Pol\u00edcia Militar prendeu em Ribeir\u00e3o Preto um homem de 27 anos acusado de sequestro, estupro e extors\u00e3o por uma mulher de 31 anos. A v\u00edtima e o suspeito estavam dentro de um \u00f4nibus que partiu do Rio de Janeiro, no \u00faltimo domingo (18), e que tinha como destino Goi\u00e2nia.\u2026","rel":"","context":"In &quot;Not\u00edcias de Ribeir\u00e3o Preto-SP e Regi\u00e3o&quot;","block_context":{"text":"Not\u00edcias de Ribeir\u00e3o Preto-SP e Regi\u00e3o","link":"https:\/\/noticiasribeiraopreto.com.br\/index.php\/category\/noticias-de-ribeirao-preto-sp-e-regiao-ismael-colosi\/"},"img":{"alt_text":"","src":"https:\/\/i0.wp.com\/noticiasribeiraopreto.com.br\/wp-content\/uploads\/2024\/02\/cpj_1024x576_04082020121137.jpg?fit=1024%2C575&ssl=1&resize=350%2C200","width":350,"height":200,"srcset":"https:\/\/i0.wp.com\/noticiasribeiraopreto.com.br\/wp-content\/uploads\/2024\/02\/cpj_1024x576_04082020121137.jpg?fit=1024%2C575&ssl=1&resize=350%2C200 1x, https:\/\/i0.wp.com\/noticiasribeiraopreto.com.br\/wp-content\/uploads\/2024\/02\/cpj_1024x576_04082020121137.jpg?fit=1024%2C575&ssl=1&resize=525%2C300 1.5x, https:\/\/i0.wp.com\/noticiasribeiraopreto.com.br\/wp-content\/uploads\/2024\/02\/cpj_1024x576_04082020121137.jpg?fit=1024%2C575&ssl=1&resize=700%2C400 2x"},"classes":[]},{"id":75185,"url":"https:\/\/noticiasribeiraopreto.com.br\/index.php\/2025\/08\/05\/homem-acusado-de-roubo-de-celular-e-morto-em-acao-da-pm-em-ribeirao-preto\/","url_meta":{"origin":71705,"position":5},"title":"Homem acusado de roubo de celular \u00e9 morto em a\u00e7\u00e3o da PM em Ribeir\u00e3o Preto","author":"noticiasribeiraopreto.com.br","date":"5 de August de 2025","format":false,"excerpt":"Um homem suspeito de roubo de celular foi morto em uma a\u00e7\u00e3o da PM (Pol\u00edcia Militar) na madrugada desta segunda-feira (4), em Ribeir\u00e3o Preto. Segundo a pol\u00edcia, o homem, que n\u00e3o teve o nome divulgado, \u00e9 apontado por uma tentativa de roubo a transeunte na rua Am\u00e9rico Brasiliense, no Centro,\u2026","rel":"","context":"In &quot;Not\u00edcias de Ribeir\u00e3o Preto-SP e Regi\u00e3o&quot;","block_context":{"text":"Not\u00edcias de Ribeir\u00e3o Preto-SP e Regi\u00e3o","link":"https:\/\/noticiasribeiraopreto.com.br\/index.php\/category\/noticias-de-ribeirao-preto-sp-e-regiao-ismael-colosi\/"},"img":{"alt_text":"","src":"https:\/\/i0.wp.com\/noticiasribeiraopreto.com.br\/wp-content\/uploads\/2025\/08\/20220620_114539075_policia_qru_1024x576_25052021184749_jpg_715985292.jpg?fit=1200%2C606&ssl=1&resize=350%2C200","width":350,"height":200,"srcset":"https:\/\/i0.wp.com\/noticiasribeiraopreto.com.br\/wp-content\/uploads\/2025\/08\/20220620_114539075_policia_qru_1024x576_25052021184749_jpg_715985292.jpg?fit=1200%2C606&ssl=1&resize=350%2C200 1x, https:\/\/i0.wp.com\/noticiasribeiraopreto.com.br\/wp-content\/uploads\/2025\/08\/20220620_114539075_policia_qru_1024x576_25052021184749_jpg_715985292.jpg?fit=1200%2C606&ssl=1&resize=525%2C300 1.5x, https:\/\/i0.wp.com\/noticiasribeiraopreto.com.br\/wp-content\/uploads\/2025\/08\/20220620_114539075_policia_qru_1024x576_25052021184749_jpg_715985292.jpg?fit=1200%2C606&ssl=1&resize=700%2C400 2x, https:\/\/i0.wp.com\/noticiasribeiraopreto.com.br\/wp-content\/uploads\/2025\/08\/20220620_114539075_policia_qru_1024x576_25052021184749_jpg_715985292.jpg?fit=1200%2C606&ssl=1&resize=1050%2C600 3x"},"classes":[]}],"jetpack_sharing_enabled":true,"jetpack_shortlink":"https:\/\/wp.me\/peQAOb-iEx","_links":{"self":[{"href":"https:\/\/noticiasribeiraopreto.com.br\/index.php\/wp-json\/wp\/v2\/posts\/71705","targetHints":{"allow":["GET"]}}],"collection":[{"href":"https:\/\/noticiasribeiraopreto.com.br\/index.php\/wp-json\/wp\/v2\/posts"}],"about":[{"href":"https:\/\/noticiasribeiraopreto.com.br\/index.php\/wp-json\/wp\/v2\/types\/post"}],"author":[{"embeddable":true,"href":"https:\/\/noticiasribeiraopreto.com.br\/index.php\/wp-json\/wp\/v2\/users\/1"}],"replies":[{"embeddable":true,"href":"https:\/\/noticiasribeiraopreto.com.br\/index.php\/wp-json\/wp\/v2\/comments?post=71705"}],"version-history":[{"count":0,"href":"https:\/\/noticiasribeiraopreto.com.br\/index.php\/wp-json\/wp\/v2\/posts\/71705\/revisions"}],"wp:featuredmedia":[{"embeddable":true,"href":"https:\/\/noticiasribeiraopreto.com.br\/index.php\/wp-json\/wp\/v2\/media\/71706"}],"wp:attachment":[{"href":"https:\/\/noticiasribeiraopreto.com.br\/index.php\/wp-json\/wp\/v2\/media?parent=71705"}],"wp:term":[{"taxonomy":"category","embeddable":true,"href":"https:\/\/noticiasribeiraopreto.com.br\/index.php\/wp-json\/wp\/v2\/categories?post=71705"},{"taxonomy":"post_tag","embeddable":true,"href":"https:\/\/noticiasribeiraopreto.com.br\/index.php\/wp-json\/wp\/v2\/tags?post=71705"}],"curies":[{"name":"wp","href":"https:\/\/api.w.org\/{rel}","templated":true}]}}