{"id":71711,"date":"2025-06-09T12:17:39","date_gmt":"2025-06-09T15:17:39","guid":{"rendered":"https:\/\/noticiasribeiraopreto.com.br\/index.php\/2025\/06\/09\/jornal-da-franca-imposto-de-renda-como-saber-se-caiu-na-malha-fina-e-como-sair-dela\/"},"modified":"2025-06-09T12:17:39","modified_gmt":"2025-06-09T15:17:39","slug":"jornal-da-franca-imposto-de-renda-como-saber-se-caiu-na-malha-fina-e-como-sair-dela","status":"publish","type":"post","link":"https:\/\/noticiasribeiraopreto.com.br\/index.php\/2025\/06\/09\/jornal-da-franca-imposto-de-renda-como-saber-se-caiu-na-malha-fina-e-como-sair-dela\/","title":{"rendered":"Jornal da Franca &#8211; Imposto de Renda: como saber se caiu na malha fina e como sair dela"},"content":{"rendered":"<p> <br \/>\n<\/p>\n<div>\n\t                            <a class=\"mb-1\" href=\"https:\/\/api.whatsapp.com\/send?text=Olha essa Not\u00edcia no Jornal da Franca.%0D%0D*Imposto de Renda: como saber se caiu na malha fina e como sair dela*%0D%0Dclique na url abaixo%0Dhttps:\/\/www.jornaldafranca.com.br\/imposto-de-renda-como-saber-se-caiu-na-malha-fina-e-como-sair-dela\/\" target=\"_blank\"><span class=\"text-12 badge badge-pill badge-success\"><i class=\"fa fa-whatsapp\"\/> compartilhar no whatsapp<\/span><\/a><\/p>\n<p>\t                            <a class=\"mb-1\" href=\"https:\/\/telegram.me\/share\/url?url=https:\/\/www.jornaldafranca.com.br\/imposto-de-renda-como-saber-se-caiu-na-malha-fina-e-como-sair-dela\/&amp;text=Olha essa Not\u00edcia no Jornal da Franca.\" target=\"_blank\"><span class=\"text-12 badge badge-pill badge-info\"><i class=\"fa fa-telegram\"\/> compartilhar no telegram<\/span><\/a><\/p>\n<p>\t                            <a class=\"mb-1\" href=\"https:\/\/www.facebook.com\/sharer\/sharer.php?u=https:\/\/www.jornaldafranca.com.br\/imposto-de-renda-como-saber-se-caiu-na-malha-fina-e-como-sair-dela\/\" target=\"_blank\"><span class=\"text-12 badge badge-pill badge-primary\"><i class=\"fa fa-facebook\"\/> compartilhar no facebook<\/span><\/a><\/p>\n<p>\t                            <a class=\"mb-1\" href=\"https:\/\/www.linkedin.com\/shareArticle?mini=true&amp;url=https:\/\/www.jornaldafranca.com.br\/imposto-de-renda-como-saber-se-caiu-na-malha-fina-e-como-sair-dela\/&amp;title=Imposto de Renda: como saber se caiu na malha fina e como sair dela&amp;source=JORNAL DA FRANCA\" target=\"_blank\"><span class=\"text-12 badge badge-pill badge-secondary\"><i class=\"fa fa-linkedin\"\/> compartilhar no linkedin<\/span><\/a><\/p>\n<div class=\"lead text-20\">\n<p>Contribuinte n\u00e3o vai receber a restitui\u00e7\u00e3o enquanto a declara\u00e7\u00e3o estiver em an\u00e1lise na malha fiscal, ou \u201cmalha fina\u201d<\/p>\n<\/p><\/div>\n<p><img data-recalc-dims=\"1\" decoding=\"async\" src=\"https:\/\/i0.wp.com\/www.jornaldafranca.com.br\/wp-content\/uploads\/2024\/03\/selo-imposto-de-renda-erros-na-declaracao-1425938633717_1280x960.jpg?ssl=1\" alt=\"\"\/><\/p>\n<h6>Cair na \u201cmalha fina\u201d n\u00e3o significa que sua declara\u00e7\u00e3o esteja errada, mas talvez voc\u00ea tenha que comprovar algumas informa\u00e7\u00f5es \u2013 foto Arquivo<\/h6>\n<p>\u00a0<\/p>\n<p>Terminado o prazo legal para entrega das declara\u00e7\u00f5es do Imposto sobre a Renda da Pessoa F\u00edsica (IRPF) de 2025, referente ao ano-calend\u00e1rio 2024, alguns contribuintes podem ter ca\u00eddo na chamada \u201cmalha fina\u201d.<\/p>\n<p>A Receita Federal vai analisar as informa\u00e7\u00f5es declaradas pelos mais de 40 milh\u00f5es de contribuintes e comparar com informa\u00e7\u00f5es fornecidas por outras entidades que tamb\u00e9m entregam declara\u00e7\u00f5es ao Fisco, como empresas, institui\u00e7\u00f5es financeiras, planos de sa\u00fade e outros.<\/p>\n<p>Se for encontrada alguma diferen\u00e7a entre as informa\u00e7\u00f5es declaradas por voc\u00ea e as informa\u00e7\u00f5es apresentadas pelas outras entidades, sua declara\u00e7\u00e3o ser\u00e1 separada para uma an\u00e1lise mais profunda.<\/p>\n<p>\u00c9 o que se chama de malha fiscal, ou \u201cmalha fina\u201d, como \u00e9 popularmente conhecida.<\/p>\n<p>Cair na \u201cmalha fina\u201d n\u00e3o significa que sua declara\u00e7\u00e3o esteja errada, mas talvez voc\u00ea tenha que comprovar algumas informa\u00e7\u00f5es declaradas.<\/p>\n<p>Este ano, para ser obrigado a declarar, o trabalhador precisava ter recebido rendimentos tribut\u00e1veis acima de R$ 33.888 em 2024. No caso de trabalhador rural, o limite da receita bruta de obrigatoriedade era de R$ 169.440.<\/p>\n<p>Estavam isentas da declara\u00e7\u00e3o as pessoas que receberam at\u00e9 dois sal\u00e1rios m\u00ednimos mensais durante 2024, salvo se forem enquadradas em outro crit\u00e9rio de obrigatoriedade.<\/p>\n<p><strong>Como consultar<\/strong><\/p>\n<p>Para descobrir se voc\u00ea caiu na malha fina, o primeiro passo \u00e9 entrar no e-Cac, o site de atendimento virtual da Receita Federal, e fazer o login com uma conta Gov.br de n\u00edvel prata ou ouro.<\/p>\n<p>Depois de logado, o contribuinte deve clicar na op\u00e7\u00e3o \u201cMeu Imposto de Renda\u201d e clicar em IRPF 2025.<\/p>\n<p>Se tiver entregue a declara\u00e7\u00e3o, podem aparecer as seguintes mensagens:<\/p>\n<p><strong>\u2013 Processado<\/strong>, quando a declara\u00e7\u00e3o foi computada;<br \/><strong>\u2013 Em an\u00e1lise<\/strong>, quando os dados entregues ainda est\u00e3o em an\u00e1lise;<br \/><strong>\u2013 Em fila de restitui\u00e7\u00e3o<\/strong>, quando o contribuinte est\u00e1 aguardando os impostos a restituir (a receber);<br \/><strong>\u2013 Com pend\u00eancias<\/strong>, quando foram identificadas inconsist\u00eancias, ou seja, o contribuinte caiu na malha fina;<br \/><strong>\u2013 Retificada<\/strong>, quando a declara\u00e7\u00e3o anterior foi corrigida por uma nova;<br \/><strong>\u2013 Cancelada<\/strong>, quando a declara\u00e7\u00e3o foi anulada pelo contribuinte ou pela Receita.<\/p>\n<p>Para retificar o IR, o contribuinte deve reunir os mesmos documentos exigidos no prazo regular. S\u00e3o eles:<\/p>\n<p>\u2013 Informes de rendimento de todas as fontes pagadoras;<br \/>\u2013 Informes banc\u00e1rios e de investimentos;<br \/>\u2013 Recibos de despesas m\u00e9dicas e educacionais;<br \/>\u2013 CPF dos dependentes e comprovantes de resid\u00eancia;<br \/>\u2013 Informa\u00e7\u00f5es sobre bens, im\u00f3veis, ve\u00edculos, entre outros.<\/p>\n<p>Durante todo esse processo, \u00e9 necess\u00e1rio ter cuidado ao informar os dados. A pr\u00f3pria Receita vai identificar os campos que apresentam diverg\u00eancias e o contribuinte precisar\u00e1 checar um por um.<\/p>\n<p>Se tiver direito a restitui\u00e7\u00e3o, o contribuinte n\u00e3o receber\u00e1 enquanto a sua declara\u00e7\u00e3o estiver em an\u00e1lise na malha.<\/p>\n<p>Fonte: <em><strong>Metr\u00f3poles<\/strong><\/em><\/p>\n<p><!-- CONTENT END 1 --><\/p>\n<hr\/><\/div>\n<p><br \/>\n<br \/><a href=\"https:\/\/www.jornaldafranca.com.br\/imposto-de-renda-como-saber-se-caiu-na-malha-fina-e-como-sair-dela\/\">Source link <\/a><\/p>\n","protected":false},"excerpt":{"rendered":"<p>compartilhar no whatsapp compartilhar no telegram compartilhar no facebook compartilhar no linkedin Contribuinte n\u00e3o vai receber a restitui\u00e7\u00e3o enquanto a declara\u00e7\u00e3o estiver em an\u00e1lise na&#8230;<\/p>\n","protected":false},"author":1,"featured_media":71712,"comment_status":"open","ping_status":"open","sticky":false,"template":"","format":"standard","meta":{"advanced_seo_description":"","jetpack_seo_html_title":"","jetpack_seo_noindex":false,"jetpack_post_was_ever_published":false,"_jetpack_newsletter_access":"","_jetpack_dont_email_post_to_subs":false,"_jetpack_newsletter_tier_id":0,"_jetpack_memberships_contains_paywalled_content":false,"_jetpack_memberships_contains_paid_content":false,"footnotes":"","jetpack_publicize_message":"","jetpack_publicize_feature_enabled":true,"jetpack_social_post_already_shared":true,"jetpack_social_options":{"image_generator_settings":{"template":"highway","default_image_id":0,"font":"","enabled":false},"version":2}},"categories":[3597],"tags":[],"class_list":["post-71711","post","type-post","status-publish","format-standard","has-post-thumbnail","hentry","category-noticias-franca-sp"],"jetpack_publicize_connections":[],"jetpack_featured_media_url":"https:\/\/i0.wp.com\/noticiasribeiraopreto.com.br\/wp-content\/uploads\/2025\/06\/selo-imposto-de-renda-erros-na-declaracao-1425938633717_1280x960.jpg?fit=1280%2C960&ssl=1","jetpack-related-posts":[{"id":64664,"url":"https:\/\/noticiasribeiraopreto.com.br\/index.php\/2025\/03\/11\/jornal-da-franca-franca-retoma-resgate-emergencial-de-animais-veja-como-acionar-o-servico\/","url_meta":{"origin":71711,"position":0},"title":"Jornal da Franca &#8211; Franca retoma resgate emergencial de animais; veja como acionar o servi\u00e7o","author":"noticiasribeiraopreto.com.br","date":"11 de March de 2025","format":false,"excerpt":"compartilhar no whatsapp compartilhar no telegram compartilhar no facebook compartilhar no linkedin Atendimento 24h ajuda c\u00e3es e gatos atropelados ou v\u00edtimas de maus-tratos Servi\u00e7o emergencial de resgate passa a funcionar 24h \u00a0 C\u00e3es e gatos comunit\u00e1rios que sofrerem atropelamentos ou maus-tratos agora contam com um servi\u00e7o emergencial 24 horas para\u2026","rel":"","context":"In &quot;Not\u00edcias de Franca-SP&quot;","block_context":{"text":"Not\u00edcias de Franca-SP","link":"https:\/\/noticiasribeiraopreto.com.br\/index.php\/category\/noticias-de-ribeirao-preto-sp-e-regiao-ismael-colosi\/noticias-franca-sp\/"},"img":{"alt_text":"","src":"https:\/\/i0.wp.com\/noticiasribeiraopreto.com.br\/wp-content\/uploads\/2025\/03\/servico-do-Canil.jpeg?fit=1200%2C758&ssl=1&resize=350%2C200","width":350,"height":200,"srcset":"https:\/\/i0.wp.com\/noticiasribeiraopreto.com.br\/wp-content\/uploads\/2025\/03\/servico-do-Canil.jpeg?fit=1200%2C758&ssl=1&resize=350%2C200 1x, https:\/\/i0.wp.com\/noticiasribeiraopreto.com.br\/wp-content\/uploads\/2025\/03\/servico-do-Canil.jpeg?fit=1200%2C758&ssl=1&resize=525%2C300 1.5x, https:\/\/i0.wp.com\/noticiasribeiraopreto.com.br\/wp-content\/uploads\/2025\/03\/servico-do-Canil.jpeg?fit=1200%2C758&ssl=1&resize=700%2C400 2x, https:\/\/i0.wp.com\/noticiasribeiraopreto.com.br\/wp-content\/uploads\/2025\/03\/servico-do-Canil.jpeg?fit=1200%2C758&ssl=1&resize=1050%2C600 3x"},"classes":[]},{"id":67756,"url":"https:\/\/noticiasribeiraopreto.com.br\/index.php\/2025\/04\/18\/jornal-da-franca-vereadores-aprovam-reconhecimento-a-profissionais-e-entidades-que-atuam-em-franca\/","url_meta":{"origin":71711,"position":1},"title":"Jornal da Franca &#8211; Vereadores aprovam reconhecimento a profissionais e entidades que atuam em Franca\u00a0","author":"noticiasribeiraopreto.com.br","date":"18 de April de 2025","format":false,"excerpt":"compartilhar no whatsapp compartilhar no telegram compartilhar no facebook compartilhar no linkedin Mo\u00e7\u00f5es de aplausos e congratula\u00e7\u00f5es s\u00e3o apresentadas em reconhecimento a servi\u00e7os prestados A C\u00e2mara Municipal de Franca aprovou na sess\u00e3o desta ter\u00e7a-feira mo\u00e7\u00f5es de aplausos e congratula\u00e7\u00f5es em reconhecimento a profissionais, entidades e sindicatos que se destacaram em\u2026","rel":"","context":"In &quot;Not\u00edcias de Franca-SP&quot;","block_context":{"text":"Not\u00edcias de Franca-SP","link":"https:\/\/noticiasribeiraopreto.com.br\/index.php\/category\/noticias-de-ribeirao-preto-sp-e-regiao-ismael-colosi\/noticias-franca-sp\/"},"img":{"alt_text":"","src":"https:\/\/i0.wp.com\/noticiasribeiraopreto.com.br\/wp-content\/uploads\/2025\/04\/reuniaodecomissoes-2.jpg?fit=930%2C558&ssl=1&resize=350%2C200","width":350,"height":200,"srcset":"https:\/\/i0.wp.com\/noticiasribeiraopreto.com.br\/wp-content\/uploads\/2025\/04\/reuniaodecomissoes-2.jpg?fit=930%2C558&ssl=1&resize=350%2C200 1x, https:\/\/i0.wp.com\/noticiasribeiraopreto.com.br\/wp-content\/uploads\/2025\/04\/reuniaodecomissoes-2.jpg?fit=930%2C558&ssl=1&resize=525%2C300 1.5x, https:\/\/i0.wp.com\/noticiasribeiraopreto.com.br\/wp-content\/uploads\/2025\/04\/reuniaodecomissoes-2.jpg?fit=930%2C558&ssl=1&resize=700%2C400 2x"},"classes":[]},{"id":66296,"url":"https:\/\/noticiasribeiraopreto.com.br\/index.php\/2025\/03\/30\/jornal-da-franca-camara-vota-regularizacao-de-utilidade-publica-da-associacao-dos-surdos-de-franca\/","url_meta":{"origin":71711,"position":2},"title":"Jornal da Franca &#8211; C\u00e2mara vota regulariza\u00e7\u00e3o de utilidade p\u00fablica da Associa\u00e7\u00e3o dos Surdos de Franca\u00a0","author":"noticiasribeiraopreto.com.br","date":"30 de March de 2025","format":false,"excerpt":"compartilhar no whatsapp compartilhar no telegram compartilhar no facebook compartilhar no linkedin Objetivo \u00e9 fazer a adequa\u00e7\u00e3o no nome da entidade, que tem utilidade p\u00fablica reconhecida \u00a0 De autoria do vereador Donizete da Farm\u00e1cia (MDB) ser\u00e1 votado na sess\u00e3o da pr\u00f3xima ter\u00e7a-feira o Projeto de Lei Ordin\u00e1ria n\u00ba 31\/2025, que\u2026","rel":"","context":"In &quot;Not\u00edcias de Franca-SP&quot;","block_context":{"text":"Not\u00edcias de Franca-SP","link":"https:\/\/noticiasribeiraopreto.com.br\/index.php\/category\/noticias-de-ribeirao-preto-sp-e-regiao-ismael-colosi\/noticias-franca-sp\/"},"img":{"alt_text":"","src":"https:\/\/i0.wp.com\/noticiasribeiraopreto.com.br\/wp-content\/uploads\/2025\/03\/1743353625_pLENARIO-21.jpg?fit=930%2C558&ssl=1&resize=350%2C200","width":350,"height":200,"srcset":"https:\/\/i0.wp.com\/noticiasribeiraopreto.com.br\/wp-content\/uploads\/2025\/03\/1743353625_pLENARIO-21.jpg?fit=930%2C558&ssl=1&resize=350%2C200 1x, https:\/\/i0.wp.com\/noticiasribeiraopreto.com.br\/wp-content\/uploads\/2025\/03\/1743353625_pLENARIO-21.jpg?fit=930%2C558&ssl=1&resize=525%2C300 1.5x, https:\/\/i0.wp.com\/noticiasribeiraopreto.com.br\/wp-content\/uploads\/2025\/03\/1743353625_pLENARIO-21.jpg?fit=930%2C558&ssl=1&resize=700%2C400 2x"},"classes":[]},{"id":72734,"url":"https:\/\/noticiasribeiraopreto.com.br\/index.php\/2025\/06\/20\/jornal-da-franca-vereadores-debatem-temas-como-seguranca-saude-e-obras-durante-sessao-da-camara\/","url_meta":{"origin":71711,"position":3},"title":"Jornal da Franca &#8211; Vereadores debatem temas como seguran\u00e7a, sa\u00fade e obras durante sess\u00e3o da C\u00e2mara","author":"noticiasribeiraopreto.com.br","date":"20 de June de 2025","format":false,"excerpt":"compartilhar no whatsapp compartilhar no telegram compartilhar no facebook compartilhar no linkedin Temas que surgem na C\u00e2mara refletem muitas vezes as reclama\u00e7\u00f5es da popula\u00e7\u00e3o Na \u00faltima ter\u00e7a-feira, os vereadores de Franca apresentaram v\u00e1rios requerimentos solicitando informa\u00e7\u00f5es \u00e0 Prefeitura sobre diferentes \u00e1reas da gest\u00e3o p\u00fablica. Esses requerimentos abordam temas importantes como\u2026","rel":"","context":"In &quot;Not\u00edcias de Franca-SP&quot;","block_context":{"text":"Not\u00edcias de Franca-SP","link":"https:\/\/noticiasribeiraopreto.com.br\/index.php\/category\/noticias-de-ribeirao-preto-sp-e-regiao-ismael-colosi\/noticias-franca-sp\/"},"img":{"alt_text":"","src":"https:\/\/i0.wp.com\/noticiasribeiraopreto.com.br\/wp-content\/uploads\/2025\/06\/pLENARIO-4.jpg?fit=930%2C558&ssl=1&resize=350%2C200","width":350,"height":200,"srcset":"https:\/\/i0.wp.com\/noticiasribeiraopreto.com.br\/wp-content\/uploads\/2025\/06\/pLENARIO-4.jpg?fit=930%2C558&ssl=1&resize=350%2C200 1x, https:\/\/i0.wp.com\/noticiasribeiraopreto.com.br\/wp-content\/uploads\/2025\/06\/pLENARIO-4.jpg?fit=930%2C558&ssl=1&resize=525%2C300 1.5x, https:\/\/i0.wp.com\/noticiasribeiraopreto.com.br\/wp-content\/uploads\/2025\/06\/pLENARIO-4.jpg?fit=930%2C558&ssl=1&resize=700%2C400 2x"},"classes":[]},{"id":70581,"url":"https:\/\/noticiasribeiraopreto.com.br\/index.php\/2025\/05\/28\/jornal-da-franca-54a-expoagro-de-franca-termina-batendo-recorde-de-exposicao-de-animais\/","url_meta":{"origin":71711,"position":4},"title":"Jornal da Franca &#8211; 54\u00aa Expoagro de Franca termina batendo recorde de exposi\u00e7\u00e3o de animais","author":"noticiasribeiraopreto.com.br","date":"28 de May de 2025","format":false,"excerpt":"compartilhar no whatsapp compartilhar no telegram compartilhar no facebook compartilhar no linkedin Feira se consolida como uma das maiores do Brasil para as ra\u00e7as Mangalarga Paulista e Mangalarga Marchador 54\u00aa Expoagro se consolidou como uma das maiores feiras do setor \u00a0 A 54\u00aa Expoagro (Exposi\u00e7\u00e3o Agropecu\u00e1ria de Franca) chegou ao\u2026","rel":"","context":"In &quot;Not\u00edcias de Franca-SP&quot;","block_context":{"text":"Not\u00edcias de Franca-SP","link":"https:\/\/noticiasribeiraopreto.com.br\/index.php\/category\/noticias-de-ribeirao-preto-sp-e-regiao-ismael-colosi\/noticias-franca-sp\/"},"img":{"alt_text":"","src":"https:\/\/i0.wp.com\/noticiasribeiraopreto.com.br\/wp-content\/uploads\/2025\/05\/exposicao-Mangalarga-Marchador-1.jpeg?fit=1200%2C794&ssl=1&resize=350%2C200","width":350,"height":200,"srcset":"https:\/\/i0.wp.com\/noticiasribeiraopreto.com.br\/wp-content\/uploads\/2025\/05\/exposicao-Mangalarga-Marchador-1.jpeg?fit=1200%2C794&ssl=1&resize=350%2C200 1x, https:\/\/i0.wp.com\/noticiasribeiraopreto.com.br\/wp-content\/uploads\/2025\/05\/exposicao-Mangalarga-Marchador-1.jpeg?fit=1200%2C794&ssl=1&resize=525%2C300 1.5x, https:\/\/i0.wp.com\/noticiasribeiraopreto.com.br\/wp-content\/uploads\/2025\/05\/exposicao-Mangalarga-Marchador-1.jpeg?fit=1200%2C794&ssl=1&resize=700%2C400 2x, https:\/\/i0.wp.com\/noticiasribeiraopreto.com.br\/wp-content\/uploads\/2025\/05\/exposicao-Mangalarga-Marchador-1.jpeg?fit=1200%2C794&ssl=1&resize=1050%2C600 3x"},"classes":[]},{"id":68397,"url":"https:\/\/noticiasribeiraopreto.com.br\/index.php\/2025\/04\/25\/jornal-da-franca-camara-de-franca-homenageia-conselheiro-do-tce-dimas-ramalho-com-mocao-de-aplausos\/","url_meta":{"origin":71711,"position":5},"title":"Jornal da Franca &#8211; C\u00e2mara de Franca homenageia Conselheiro do TCE, Dimas Ramalho, com Mo\u00e7\u00e3o de Aplausos","author":"noticiasribeiraopreto.com.br","date":"25 de April de 2025","format":false,"excerpt":"compartilhar no whatsapp compartilhar no telegram compartilhar no facebook compartilhar no linkedin Dimas \u00e9 reconhecido por sua trajet\u00f3ria de vida p\u00fablica marcada pela \u00e9tica e transpar\u00eancia A C\u00e2mara de Franca aprovou uma Mo\u00e7\u00e3o de Aplausos em homenagem ao Conselheiro do Tribunal de Contas do Estado de S\u00e3o Paulo, Dimas Ramalho.\u2026","rel":"","context":"In &quot;Not\u00edcias de Franca-SP&quot;","block_context":{"text":"Not\u00edcias de Franca-SP","link":"https:\/\/noticiasribeiraopreto.com.br\/index.php\/category\/noticias-de-ribeirao-preto-sp-e-regiao-ismael-colosi\/noticias-franca-sp\/"},"img":{"alt_text":"","src":"https:\/\/i0.wp.com\/noticiasribeiraopreto.com.br\/wp-content\/uploads\/2025\/04\/IMG-20250424-WA0038.jpg?fit=1200%2C675&ssl=1&resize=350%2C200","width":350,"height":200,"srcset":"https:\/\/i0.wp.com\/noticiasribeiraopreto.com.br\/wp-content\/uploads\/2025\/04\/IMG-20250424-WA0038.jpg?fit=1200%2C675&ssl=1&resize=350%2C200 1x, https:\/\/i0.wp.com\/noticiasribeiraopreto.com.br\/wp-content\/uploads\/2025\/04\/IMG-20250424-WA0038.jpg?fit=1200%2C675&ssl=1&resize=525%2C300 1.5x, https:\/\/i0.wp.com\/noticiasribeiraopreto.com.br\/wp-content\/uploads\/2025\/04\/IMG-20250424-WA0038.jpg?fit=1200%2C675&ssl=1&resize=700%2C400 2x, https:\/\/i0.wp.com\/noticiasribeiraopreto.com.br\/wp-content\/uploads\/2025\/04\/IMG-20250424-WA0038.jpg?fit=1200%2C675&ssl=1&resize=1050%2C600 3x"},"classes":[]}],"jetpack_sharing_enabled":true,"jetpack_shortlink":"https:\/\/wp.me\/peQAOb-iED","_links":{"self":[{"href":"https:\/\/noticiasribeiraopreto.com.br\/index.php\/wp-json\/wp\/v2\/posts\/71711","targetHints":{"allow":["GET"]}}],"collection":[{"href":"https:\/\/noticiasribeiraopreto.com.br\/index.php\/wp-json\/wp\/v2\/posts"}],"about":[{"href":"https:\/\/noticiasribeiraopreto.com.br\/index.php\/wp-json\/wp\/v2\/types\/post"}],"author":[{"embeddable":true,"href":"https:\/\/noticiasribeiraopreto.com.br\/index.php\/wp-json\/wp\/v2\/users\/1"}],"replies":[{"embeddable":true,"href":"https:\/\/noticiasribeiraopreto.com.br\/index.php\/wp-json\/wp\/v2\/comments?post=71711"}],"version-history":[{"count":0,"href":"https:\/\/noticiasribeiraopreto.com.br\/index.php\/wp-json\/wp\/v2\/posts\/71711\/revisions"}],"wp:featuredmedia":[{"embeddable":true,"href":"https:\/\/noticiasribeiraopreto.com.br\/index.php\/wp-json\/wp\/v2\/media\/71712"}],"wp:attachment":[{"href":"https:\/\/noticiasribeiraopreto.com.br\/index.php\/wp-json\/wp\/v2\/media?parent=71711"}],"wp:term":[{"taxonomy":"category","embeddable":true,"href":"https:\/\/noticiasribeiraopreto.com.br\/index.php\/wp-json\/wp\/v2\/categories?post=71711"},{"taxonomy":"post_tag","embeddable":true,"href":"https:\/\/noticiasribeiraopreto.com.br\/index.php\/wp-json\/wp\/v2\/tags?post=71711"}],"curies":[{"name":"wp","href":"https:\/\/api.w.org\/{rel}","templated":true}]}}