{"id":71717,"date":"2025-06-09T13:36:03","date_gmt":"2025-06-09T16:36:03","guid":{"rendered":"https:\/\/noticiasribeiraopreto.com.br\/index.php\/2025\/06\/09\/ribeirao-recebe-feira-de-empregabilidade-com-mais-de-mil-vagas-saiba-como-participar\/"},"modified":"2025-06-09T13:36:03","modified_gmt":"2025-06-09T16:36:03","slug":"ribeirao-recebe-feira-de-empregabilidade-com-mais-de-mil-vagas-saiba-como-participar","status":"publish","type":"post","link":"https:\/\/noticiasribeiraopreto.com.br\/index.php\/2025\/06\/09\/ribeirao-recebe-feira-de-empregabilidade-com-mais-de-mil-vagas-saiba-como-participar\/","title":{"rendered":"Ribeir\u00e3o recebe &#8216;Feira de Empregabilidade&#8217; com mais de mil vagas; Saiba como participar"},"content":{"rendered":"<p> <br \/>\n<\/p>\n<div>\n<p><strong>Ribeir\u00e3o Preto<\/strong> recebe nesta ter\u00e7a-feira (10), uma \u201c<strong>Feira de Empregabilidade<\/strong>\u201d com mais de <strong>mil oportunidades <\/strong>de trabalho. O evento acontece das 9h \u00e0s 12h, na Faculdade Anhanguera, localizada na avenida Eduardo Andrea Matarazzo, 891, no Ipiranga, zona Norte do munic\u00edpio.<\/p>\n<p>A feira <strong>gratuita <\/strong>e <strong>aberta ao p\u00fablico<\/strong>, \u00e9 promovida em parceria com empresas e ag\u00eancias de recrutamento da regi\u00e3o. <strong><mark style=\"background-color:#fcb900\" class=\"has-inline-color\">H\u00e1 oportunidades para est\u00e1gio, contrata\u00e7\u00e3o CLT, jovem aprendiz e para pessoas com defici\u00eancia (PCD)<\/mark><\/strong>.<\/p>\n<h2 class=\"wp-block-heading\"><strong>Como participar?<\/strong><\/h2>\n<p>Os interessados devem comparecer <strong>presencialmente <\/strong>\u00e0 institui\u00e7\u00e3o com <strong>c\u00f3pias do curr\u00edculo<\/strong> e <strong>documento com foto<\/strong> para participar dos processos seletivos diretamente no local.<\/p>\n<p>Al\u00e9m da sele\u00e7\u00e3o de vagas, a programa\u00e7\u00e3o contar\u00e1 com uma palestra sobre como se destacar em processos seletivos.<\/p>\n<h3 class=\"wp-block-heading\"><strong>Empresas<\/strong><\/h3>\n<p>De acordo com as informa\u00e7\u00f5es, o <strong>Posto de Atendimento ao Trabalhador (PAT) <\/strong>da <strong>Prefeitura de Ribeir\u00e3o Preto<\/strong>, estar\u00e1 no local oferecendo vagas no evento.<\/p>\n<p>Al\u00e9m disso, entre as <strong>mais de 40 empresas confirmadas<\/strong> est\u00e3o nomes como, Pasqualotto, Hospital S\u00e3o Lucas e Ribeirania, Tati Minas, CIEE, Pasquali, Brasil Center, Nissei Farm\u00e1cias, Savegnago e mais.<\/p>\n<h4 class=\"wp-block-heading\"><strong>Servi\u00e7o<\/strong>\u00a0<\/h4>\n<p><em>Feira de Empregabilidade da Anhanguera Ribeir\u00e3o Preto\u00a0<\/em><\/p>\n<p>Quando:\u00a010 de junho\u00a0\u00a0<\/p>\n<p>Hor\u00e1rio:\u00a09h \u00e0s 12h\u00a0<\/p>\n<p>Local:\u00a0Anhanguera Ribeir\u00e3o Preto \u2013 Av. Eduardo Andrea Matarazzo, 891 \u2013 Ipiranga\u00a0<\/p>\n<hr class=\"wp-block-separator has-alpha-channel-opacity\"\/>\n<p>SAIBA MAIS<\/p>\n<p>Inmet emite alerta para chuva de 50 mm e ventos fortes no interior de SP<\/p>\n<h4 class=\"wp-block-heading\"><strong>FIQUE ON<\/strong><\/h4>\n<p>Quer ficar por dentro de tudo que acontece em Ribeir\u00e3o Preto e regi\u00e3o? Ent\u00e3o siga os perfis do\u202facidade on\u202fno\u202f<a href=\"https:\/\/www.instagram.com\/acidadeonribeirao\" target=\"_blank\" rel=\"noreferrer noopener\">Instagram<\/a>\u202fe no\u202f<a href=\"https:\/\/www.facebook.com\/acidadeonribeirao\/\" target=\"_blank\" rel=\"noreferrer noopener\">Facebook<\/a>.<\/p>\n<p>Al\u00e9m disso, voc\u00ea pode receber as principais not\u00edcias diretamente no WhatsApp. Para isso, basta\u00a0<a href=\"https:\/\/chat.whatsapp.com\/BjKQZ9oJwlz8VVT50NuePq\" target=\"_blank\" rel=\"noreferrer noopener\">entrar no grupo clicando aqui<\/a>.<\/p>\n<p>Por fim, se quiser fazer uma den\u00fancia ou sugerir uma reportagem sobre Ribeir\u00e3o Preto e regi\u00e3o, envie uma mensagem pelo WhatsApp: (16) 99117-7802.<\/p>\n<p>VEJA TAMB\u00c9M<\/p>\n<p>Por que Jon Vlogs foi preso?<\/p>\n<p><!-- CONTENT END 1 -->\n<\/div>\n<p><script async src=\"\/\/www.instagram.com\/embed.js\"><\/script><br \/>\n<br \/><br \/>\n<br \/><a href=\"https:\/\/www.acidadeon.com\/ribeiraopreto\/economia\/ribeirao-recebe-feira-de-empregabilidade-com-mais-de-mil-vagas-saiba-como-participar\/\">Source link <\/a><\/p>\n","protected":false},"excerpt":{"rendered":"<p>Ribeir\u00e3o Preto recebe nesta ter\u00e7a-feira (10), uma \u201cFeira de Empregabilidade\u201d com mais de mil oportunidades de trabalho. O evento acontece das 9h \u00e0s 12h, na&#8230;<\/p>\n","protected":false},"author":1,"featured_media":71718,"comment_status":"open","ping_status":"open","sticky":false,"template":"","format":"standard","meta":{"advanced_seo_description":"","jetpack_seo_html_title":"","jetpack_seo_noindex":false,"jetpack_post_was_ever_published":false,"_jetpack_newsletter_access":"","_jetpack_dont_email_post_to_subs":false,"_jetpack_newsletter_tier_id":0,"_jetpack_memberships_contains_paywalled_content":false,"_jetpack_memberships_contains_paid_content":false,"footnotes":"","jetpack_publicize_message":"","jetpack_publicize_feature_enabled":true,"jetpack_social_post_already_shared":true,"jetpack_social_options":{"image_generator_settings":{"template":"highway","default_image_id":0,"font":"","enabled":false},"version":2}},"categories":[11],"tags":[],"class_list":["post-71717","post","type-post","status-publish","format-standard","has-post-thumbnail","hentry","category-noticias-de-ribeirao-preto-sp-e-regiao-ismael-colosi"],"jetpack_publicize_connections":[],"jetpack_featured_media_url":"https:\/\/i0.wp.com\/noticiasribeiraopreto.com.br\/wp-content\/uploads\/2025\/06\/1vagas_pat_-_foto_guilherme_sircili_4.jpg?fit=1623%2C1080&ssl=1","jetpack-related-posts":[{"id":73875,"url":"https:\/\/noticiasribeiraopreto.com.br\/index.php\/2025\/07\/11\/ribeirao-preto-tem-vagas-para-curso-de-empregabilidade-veja-como-participar\/","url_meta":{"origin":71717,"position":0},"title":"Ribeir\u00e3o Preto tem vagas para curso de empregabilidade; Veja como participar","author":"noticiasribeiraopreto.com.br","date":"11 de July de 2025","format":false,"excerpt":"Est\u00e3o abertas as inscri\u00e7\u00f5es para mais uma edi\u00e7\u00e3o do Programa Emprego e Futuro, que oferece um curso gratuito de empregabilidade para jovens de 16 a 24 anos em Ribeir\u00e3o Preto. O programa disponibiliza 30 vagas e \u00e9 direcionado para jovens que estejam cursando ou tenham conclu\u00eddo o ensino m\u00e9dio. O\u2026","rel":"","context":"In &quot;Not\u00edcias de Ribeir\u00e3o Preto-SP e Regi\u00e3o&quot;","block_context":{"text":"Not\u00edcias de Ribeir\u00e3o Preto-SP e Regi\u00e3o","link":"https:\/\/noticiasribeiraopreto.com.br\/index.php\/category\/noticias-de-ribeirao-preto-sp-e-regiao-ismael-colosi\/"},"img":{"alt_text":"","src":"https:\/\/i0.wp.com\/noticiasribeiraopreto.com.br\/wp-content\/uploads\/2025\/07\/emprego_2025-07-11_15-35-50.webp.webp?fit=1200%2C753&ssl=1&resize=350%2C200","width":350,"height":200,"srcset":"https:\/\/i0.wp.com\/noticiasribeiraopreto.com.br\/wp-content\/uploads\/2025\/07\/emprego_2025-07-11_15-35-50.webp.webp?fit=1200%2C753&ssl=1&resize=350%2C200 1x, https:\/\/i0.wp.com\/noticiasribeiraopreto.com.br\/wp-content\/uploads\/2025\/07\/emprego_2025-07-11_15-35-50.webp.webp?fit=1200%2C753&ssl=1&resize=525%2C300 1.5x, https:\/\/i0.wp.com\/noticiasribeiraopreto.com.br\/wp-content\/uploads\/2025\/07\/emprego_2025-07-11_15-35-50.webp.webp?fit=1200%2C753&ssl=1&resize=700%2C400 2x, https:\/\/i0.wp.com\/noticiasribeiraopreto.com.br\/wp-content\/uploads\/2025\/07\/emprego_2025-07-11_15-35-50.webp.webp?fit=1200%2C753&ssl=1&resize=1050%2C600 3x"},"classes":[]},{"id":78176,"url":"https:\/\/noticiasribeiraopreto.com.br\/index.php\/2025\/10\/03\/construtora-oferece-75-vagas-de-emprego-em-obras-de-ribeirao-preto\/","url_meta":{"origin":71717,"position":1},"title":"Construtora oferece 75 vagas de emprego em obras de Ribeir\u00e3o Preto","author":"noticiasribeiraopreto.com.br","date":"3 de October de 2025","format":false,"excerpt":"A construtora MRV oferece 75 vagas para trabalho em obras de Ribeir\u00e3o Preto. As oportunidades s\u00e3o para fun\u00e7\u00f5es como servente, pintor, pedreiro, gesseiro, entre outras. \u00a0 Todas as vagas estar\u00e3o dispon\u00edveis em uma Feira de Empregabilidade em Serrana, na regi\u00e3o de Ribeir\u00e3o, que acontecer\u00e1 na pr\u00f3xima segunda-feira (6), das 9h\u2026","rel":"","context":"In &quot;Not\u00edcias de Ribeir\u00e3o Preto-SP e Regi\u00e3o&quot;","block_context":{"text":"Not\u00edcias de Ribeir\u00e3o Preto-SP e Regi\u00e3o","link":"https:\/\/noticiasribeiraopreto.com.br\/index.php\/category\/noticias-de-ribeirao-preto-sp-e-regiao-ismael-colosi\/"},"img":{"alt_text":"","src":"https:\/\/i0.wp.com\/noticiasribeiraopreto.com.br\/wp-content\/uploads\/2025\/10\/970_2025-04-01_15-07-46_jpg_2025-04-01_15-07-46.webp.webp?fit=1200%2C800&ssl=1&resize=350%2C200","width":350,"height":200,"srcset":"https:\/\/i0.wp.com\/noticiasribeiraopreto.com.br\/wp-content\/uploads\/2025\/10\/970_2025-04-01_15-07-46_jpg_2025-04-01_15-07-46.webp.webp?fit=1200%2C800&ssl=1&resize=350%2C200 1x, https:\/\/i0.wp.com\/noticiasribeiraopreto.com.br\/wp-content\/uploads\/2025\/10\/970_2025-04-01_15-07-46_jpg_2025-04-01_15-07-46.webp.webp?fit=1200%2C800&ssl=1&resize=525%2C300 1.5x, https:\/\/i0.wp.com\/noticiasribeiraopreto.com.br\/wp-content\/uploads\/2025\/10\/970_2025-04-01_15-07-46_jpg_2025-04-01_15-07-46.webp.webp?fit=1200%2C800&ssl=1&resize=700%2C400 2x, https:\/\/i0.wp.com\/noticiasribeiraopreto.com.br\/wp-content\/uploads\/2025\/10\/970_2025-04-01_15-07-46_jpg_2025-04-01_15-07-46.webp.webp?fit=1200%2C800&ssl=1&resize=1050%2C600 3x"},"classes":[]},{"id":77332,"url":"https:\/\/noticiasribeiraopreto.com.br\/index.php\/2025\/09\/16\/ribeirao-preto-tem-mutirao-de-emprego-com-mil-vagas-veja-como-participar\/","url_meta":{"origin":71717,"position":2},"title":"Ribeir\u00e3o Preto tem mutir\u00e3o de emprego com mil vagas; Veja como participar","author":"noticiasribeiraopreto.com.br","date":"16 de September de 2025","format":false,"excerpt":"Ribeir\u00e3o Preto recebe um mutir\u00e3o de emprego com aproximadamente mil vagas dispon\u00edveis no pr\u00f3ximo s\u00e1bado (20), das 9h \u00e0s 14h, na rua Tamandar\u00e9, 163, no bairro Campos El\u00edseos, zona Norte.\u00a0 As\u00a0oportunidades\u00a0s\u00e3o especialmente no\u00a0com\u00e9rcio varejista, com destaque para\u00a0supermercados, e no\u00a0setor\u00a0de\u00a0servi\u00e7os. Como participar? Os candidatos interessados nas vagas dispon\u00edveis dever\u00e3o levar o\u2026","rel":"","context":"In &quot;Not\u00edcias de Ribeir\u00e3o Preto-SP e Regi\u00e3o&quot;","block_context":{"text":"Not\u00edcias de Ribeir\u00e3o Preto-SP e Regi\u00e3o","link":"https:\/\/noticiasribeiraopreto.com.br\/index.php\/category\/noticias-de-ribeirao-preto-sp-e-regiao-ismael-colosi\/"},"img":{"alt_text":"","src":"https:\/\/i0.wp.com\/noticiasribeiraopreto.com.br\/wp-content\/uploads\/2025\/09\/emprego.webp.webp?fit=1170%2C700&ssl=1&resize=350%2C200","width":350,"height":200,"srcset":"https:\/\/i0.wp.com\/noticiasribeiraopreto.com.br\/wp-content\/uploads\/2025\/09\/emprego.webp.webp?fit=1170%2C700&ssl=1&resize=350%2C200 1x, https:\/\/i0.wp.com\/noticiasribeiraopreto.com.br\/wp-content\/uploads\/2025\/09\/emprego.webp.webp?fit=1170%2C700&ssl=1&resize=525%2C300 1.5x, https:\/\/i0.wp.com\/noticiasribeiraopreto.com.br\/wp-content\/uploads\/2025\/09\/emprego.webp.webp?fit=1170%2C700&ssl=1&resize=700%2C400 2x, https:\/\/i0.wp.com\/noticiasribeiraopreto.com.br\/wp-content\/uploads\/2025\/09\/emprego.webp.webp?fit=1170%2C700&ssl=1&resize=1050%2C600 3x"},"classes":[]},{"id":77358,"url":"https:\/\/noticiasribeiraopreto.com.br\/index.php\/2025\/09\/16\/ribeirao-preto-tem-mutirao-de-emprego-com-mil-vagas-veja-como-participar-2\/","url_meta":{"origin":71717,"position":3},"title":"Ribeir\u00e3o Preto tem mutir\u00e3o de emprego com mil vagas; Veja como participar","author":"noticiasribeiraopreto.com.br","date":"16 de September de 2025","format":false,"excerpt":"Ribeir\u00e3o Preto recebe um mutir\u00e3o de emprego com aproximadamente mil vagas dispon\u00edveis no pr\u00f3ximo s\u00e1bado (20), das 9h \u00e0s 14h, na rua Tamandar\u00e9, 163, no bairro Campos El\u00edseos, zona Norte.\u00a0 As\u00a0oportunidades\u00a0s\u00e3o especialmente no\u00a0com\u00e9rcio varejista, com destaque para\u00a0supermercados, e no\u00a0setor\u00a0de\u00a0servi\u00e7os. Como participar? Os candidatos interessados nas vagas dispon\u00edveis dever\u00e3o levar o\u2026","rel":"","context":"In &quot;Not\u00edcias de Ribeir\u00e3o Preto-SP e Regi\u00e3o&quot;","block_context":{"text":"Not\u00edcias de Ribeir\u00e3o Preto-SP e Regi\u00e3o","link":"https:\/\/noticiasribeiraopreto.com.br\/index.php\/category\/noticias-de-ribeirao-preto-sp-e-regiao-ismael-colosi\/"},"img":{"alt_text":"","src":"https:\/\/i0.wp.com\/noticiasribeiraopreto.com.br\/wp-content\/uploads\/2025\/09\/emprego.webp.webp?fit=1170%2C700&ssl=1&resize=350%2C200","width":350,"height":200,"srcset":"https:\/\/i0.wp.com\/noticiasribeiraopreto.com.br\/wp-content\/uploads\/2025\/09\/emprego.webp.webp?fit=1170%2C700&ssl=1&resize=350%2C200 1x, https:\/\/i0.wp.com\/noticiasribeiraopreto.com.br\/wp-content\/uploads\/2025\/09\/emprego.webp.webp?fit=1170%2C700&ssl=1&resize=525%2C300 1.5x, https:\/\/i0.wp.com\/noticiasribeiraopreto.com.br\/wp-content\/uploads\/2025\/09\/emprego.webp.webp?fit=1170%2C700&ssl=1&resize=700%2C400 2x, https:\/\/i0.wp.com\/noticiasribeiraopreto.com.br\/wp-content\/uploads\/2025\/09\/emprego.webp.webp?fit=1170%2C700&ssl=1&resize=1050%2C600 3x"},"classes":[]},{"id":43509,"url":"https:\/\/noticiasribeiraopreto.com.br\/index.php\/2024\/03\/21\/feira-de-empregos-em-ribeirao-preto-oferece-mais-de-mil-vagas-veja-como-participar\/","url_meta":{"origin":71717,"position":4},"title":"Feira de empregos em Ribeir\u00e3o Preto oferece mais de mil vagas; Veja como participar","author":"noticiasribeiraopreto.com.br","date":"21 de March de 2024","format":false,"excerpt":"Mais de mil oportunidades de emprego ser\u00e3o oferecidas em uma feira de empregos realizada pela faculdade Anhanguera de Ribeir\u00e3o Preto, em parceria com empresas e ag\u00eancias de recursos humanos da regi\u00e3o. O evento acontece no dia 27 de mar\u00e7o, das 9h \u00e0s 12h. As vagas s\u00e3o para est\u00e1gios, contrata\u00e7\u00f5es por\u2026","rel":"","context":"In &quot;Not\u00edcias de Ribeir\u00e3o Preto-SP e Regi\u00e3o&quot;","block_context":{"text":"Not\u00edcias de Ribeir\u00e3o Preto-SP e Regi\u00e3o","link":"https:\/\/noticiasribeiraopreto.com.br\/index.php\/category\/noticias-de-ribeirao-preto-sp-e-regiao-ismael-colosi\/"},"img":{"alt_text":"","src":"https:\/\/i0.wp.com\/noticiasribeiraopreto.com.br\/wp-content\/uploads\/2024\/03\/Copia-de-Copia-de-TAMANHO-EXATO-PARA-FOTOS-NO-SISTEMA-NOVO-76.jpg?fit=1200%2C675&ssl=1&resize=350%2C200","width":350,"height":200,"srcset":"https:\/\/i0.wp.com\/noticiasribeiraopreto.com.br\/wp-content\/uploads\/2024\/03\/Copia-de-Copia-de-TAMANHO-EXATO-PARA-FOTOS-NO-SISTEMA-NOVO-76.jpg?fit=1200%2C675&ssl=1&resize=350%2C200 1x, https:\/\/i0.wp.com\/noticiasribeiraopreto.com.br\/wp-content\/uploads\/2024\/03\/Copia-de-Copia-de-TAMANHO-EXATO-PARA-FOTOS-NO-SISTEMA-NOVO-76.jpg?fit=1200%2C675&ssl=1&resize=525%2C300 1.5x, https:\/\/i0.wp.com\/noticiasribeiraopreto.com.br\/wp-content\/uploads\/2024\/03\/Copia-de-Copia-de-TAMANHO-EXATO-PARA-FOTOS-NO-SISTEMA-NOVO-76.jpg?fit=1200%2C675&ssl=1&resize=700%2C400 2x, https:\/\/i0.wp.com\/noticiasribeiraopreto.com.br\/wp-content\/uploads\/2024\/03\/Copia-de-Copia-de-TAMANHO-EXATO-PARA-FOTOS-NO-SISTEMA-NOVO-76.jpg?fit=1200%2C675&ssl=1&resize=1050%2C600 3x"},"classes":[]},{"id":84436,"url":"https:\/\/noticiasribeiraopreto.com.br\/index.php\/2026\/04\/09\/procurando-emprego-sertaozinho-recebe-maratona-com-centenas-de-vagas\/","url_meta":{"origin":71717,"position":5},"title":"Procurando emprego? Sert\u00e3ozinho recebe maratona com centenas de vagas","author":"noticiasribeiraopreto.com.br","date":"9 de April de 2026","format":false,"excerpt":"Ler o resumo da not\u00edcia Sert\u00e3ozinho realiza nesta quarta-feira (15) a 2\u00aa Maratona pelo Emprego e Empregabilidade, das 9h \u00e0s 16h. O evento ocorre na Faculty Anhanguera, na avenida Ant\u00f4nio Paschoal, 1954, no Jardim Sumar\u00e9. Participam empresas, PAT, Programa Meu Primeiro Trabalho e Programa de Empregabilidade Inclusiva. Candidatos devem levar\u2026","rel":"","context":"In &quot;Not\u00edcias de Ribeir\u00e3o Preto-SP e Regi\u00e3o&quot;","block_context":{"text":"Not\u00edcias de Ribeir\u00e3o Preto-SP e Regi\u00e3o","link":"https:\/\/noticiasribeiraopreto.com.br\/index.php\/category\/noticias-de-ribeirao-preto-sp-e-regiao-ismael-colosi\/"},"img":{"alt_text":"","src":"https:\/\/i0.wp.com\/noticiasribeiraopreto.com.br\/wp-content\/uploads\/2026\/03\/pec-fim-escala-6-x-1_2026-02-09_18-34-28.webp.webp?fit=1200%2C717&ssl=1&resize=350%2C200","width":350,"height":200,"srcset":"https:\/\/i0.wp.com\/noticiasribeiraopreto.com.br\/wp-content\/uploads\/2026\/03\/pec-fim-escala-6-x-1_2026-02-09_18-34-28.webp.webp?fit=1200%2C717&ssl=1&resize=350%2C200 1x, https:\/\/i0.wp.com\/noticiasribeiraopreto.com.br\/wp-content\/uploads\/2026\/03\/pec-fim-escala-6-x-1_2026-02-09_18-34-28.webp.webp?fit=1200%2C717&ssl=1&resize=525%2C300 1.5x, https:\/\/i0.wp.com\/noticiasribeiraopreto.com.br\/wp-content\/uploads\/2026\/03\/pec-fim-escala-6-x-1_2026-02-09_18-34-28.webp.webp?fit=1200%2C717&ssl=1&resize=700%2C400 2x, https:\/\/i0.wp.com\/noticiasribeiraopreto.com.br\/wp-content\/uploads\/2026\/03\/pec-fim-escala-6-x-1_2026-02-09_18-34-28.webp.webp?fit=1200%2C717&ssl=1&resize=1050%2C600 3x"},"classes":[]}],"jetpack_sharing_enabled":true,"jetpack_shortlink":"https:\/\/wp.me\/peQAOb-iEJ","_links":{"self":[{"href":"https:\/\/noticiasribeiraopreto.com.br\/index.php\/wp-json\/wp\/v2\/posts\/71717","targetHints":{"allow":["GET"]}}],"collection":[{"href":"https:\/\/noticiasribeiraopreto.com.br\/index.php\/wp-json\/wp\/v2\/posts"}],"about":[{"href":"https:\/\/noticiasribeiraopreto.com.br\/index.php\/wp-json\/wp\/v2\/types\/post"}],"author":[{"embeddable":true,"href":"https:\/\/noticiasribeiraopreto.com.br\/index.php\/wp-json\/wp\/v2\/users\/1"}],"replies":[{"embeddable":true,"href":"https:\/\/noticiasribeiraopreto.com.br\/index.php\/wp-json\/wp\/v2\/comments?post=71717"}],"version-history":[{"count":0,"href":"https:\/\/noticiasribeiraopreto.com.br\/index.php\/wp-json\/wp\/v2\/posts\/71717\/revisions"}],"wp:featuredmedia":[{"embeddable":true,"href":"https:\/\/noticiasribeiraopreto.com.br\/index.php\/wp-json\/wp\/v2\/media\/71718"}],"wp:attachment":[{"href":"https:\/\/noticiasribeiraopreto.com.br\/index.php\/wp-json\/wp\/v2\/media?parent=71717"}],"wp:term":[{"taxonomy":"category","embeddable":true,"href":"https:\/\/noticiasribeiraopreto.com.br\/index.php\/wp-json\/wp\/v2\/categories?post=71717"},{"taxonomy":"post_tag","embeddable":true,"href":"https:\/\/noticiasribeiraopreto.com.br\/index.php\/wp-json\/wp\/v2\/tags?post=71717"}],"curies":[{"name":"wp","href":"https:\/\/api.w.org\/{rel}","templated":true}]}}