{"id":71719,"date":"2025-06-09T13:42:15","date_gmt":"2025-06-09T16:42:15","guid":{"rendered":"https:\/\/noticiasribeiraopreto.com.br\/index.php\/2025\/06\/09\/tenores-apresentam-espetaculo-romantico-no-dia-dos-namorados-em-ribeirao-preto\/"},"modified":"2025-06-09T13:42:15","modified_gmt":"2025-06-09T16:42:15","slug":"tenores-apresentam-espetaculo-romantico-no-dia-dos-namorados-em-ribeirao-preto","status":"publish","type":"post","link":"https:\/\/noticiasribeiraopreto.com.br\/index.php\/2025\/06\/09\/tenores-apresentam-espetaculo-romantico-no-dia-dos-namorados-em-ribeirao-preto\/","title":{"rendered":"Tenores apresentam espet\u00e1culo rom\u00e2ntico no Dia dos Namorados em Ribeir\u00e3o Preto"},"content":{"rendered":"<p> <br \/>\n<\/p>\n<div data-td-block-uid=\"tdi_95\">\n<div class=\"tdb-block-inner td-fix-index\">\n<p>O <strong>Amazing Tenors<\/strong>, considerado o maior trio de tenores do <strong>Brasil, <\/strong>apresenta um show especial feito para o Dia dos Namorados no <strong>Theatro Pedro II<\/strong>, em <strong>Ribeir\u00e3o Preto<\/strong>, na pr\u00f3xima <strong>quinta-feira (12)<\/strong>, \u00e0s <strong>20h<\/strong>.<\/p>\n<p>O espet\u00e1culo leva ao p\u00fablico <strong>cl\u00e1ssicos rom\u00e2nticos<\/strong> para celebrar a data dos apaixonados. <\/p>\n<p>A dire\u00e7\u00e3o geral do concerto \u00e9 assinada pelo diretor <strong>Bruno Rizzo<\/strong>, que tamb\u00e9m j\u00e1 dirigiu espet\u00e1culos como \u201c<strong>ABBA Experience In Concert<\/strong>\u201d, \u201c<strong>QUEEN Experience Tribute in Concert<\/strong>\u201d, \u201c<strong>Acoustix<\/strong>\u201d e outros.<\/p>\n<p><strong>Daniela Schiarreta<\/strong> e <strong>Ewerton Novaes <\/strong>tamb\u00e9m participam da dire\u00e7\u00e3o executiva e residente do espet\u00e1culo.<\/p>\n<h2 class=\"wp-block-heading\"><strong>Ingressos<\/strong><\/h2>\n<p>Os ingressos podem ser adquiridos <strong>on-line <a href=\"https:\/\/ingressodigital.com\/\/evento\/15180\/Amazing_Tenors__Especial_Dia_dos_Namorados\">(clique aqui)<\/a><\/strong> ou na bilheteria oficial do <strong>Theatro Pedro II<\/strong> \u2013 <a href=\"https:\/\/www.theatropedro2.com.br\/comprar-ingresso.php\">consulte aqui<\/a> o hor\u00e1rio de funcionamento. Os valores dos bilhetes variam entre <strong>R$ 70<\/strong> e <strong>R$ 200<\/strong>. <mark style=\"background-color:#fcb900\" class=\"has-inline-color\">A classifica\u00e7\u00e3o indicativa \u00e9 livre.<\/mark><\/p>\n<h3 class=\"wp-block-heading\"><strong>Servi\u00e7o<\/strong><\/h3>\n<p><strong><em>Amazing Tenors \u2013 Especial de Dia dos Namorados<\/em><\/strong><\/p>\n<p><strong>Quando: <\/strong>12 de junho, quinta-feira <br \/><strong>Hor\u00e1rio:<\/strong> 20h<br \/><strong>Local:<\/strong> Theatro Pedro II | rua \u00c1lvares Cabral, 370, Centro \u2013 Ribeir\u00e3o Preto<br \/><strong>Ingressos:<\/strong> A partir de R$ 70<\/p>\n<p>SAIBA MAIS<\/p>\n<p>Cantor fica ferido ap\u00f3s ter rosto atingido por fogo em show; \u2018Est\u00e1 tudo bem\u2019, diz L\u00e9o<\/p>\n<h4 class=\"wp-block-heading\"><strong>FIQUE ON<\/strong><\/h4>\n<p>Fique ligado em tudo que acontece em Ribeir\u00e3o Preto e regi\u00e3o. Siga os perfis do <strong>acidade on <\/strong>no <a href=\"https:\/\/www.instagram.com\/acidadeonribeirao\" target=\"_blank\" rel=\"noreferrer noopener\">Instagram<\/a> e no <a href=\"https:\/\/www.facebook.com\/acidadeonribeirao\" target=\"_blank\" rel=\"noreferrer noopener\">Facebook<\/a>.<\/p>\n<p>Receba not\u00edcias do acidade on no WhatsApp. Para entrar no grupo, basta <a href=\"https:\/\/chat.whatsapp.com\/BjKQZ9oJwlz8VVT50NuePq\" target=\"_blank\" rel=\"noreferrer noopener\">clicar aqui<\/a>.<\/p>\n<p>Fa\u00e7a uma den\u00fancia ou sugira uma reportagem sobre Ribeir\u00e3o Preto e regi\u00e3o pelo WhatsApp: 16 99117 7802.<\/p>\n<p>VEJA TAMB\u00c9M<\/p>\n<p>O que os canarinhos comem?<\/p>\n<p><!-- CONTENT END 1 -->\n<\/div>\n<\/div>\n<p><script async src=\"\/\/www.instagram.com\/embed.js\"><\/script><br \/>\n<br \/><br \/>\n<br \/><a href=\"https:\/\/www.acidadeon.com\/ribeiraopreto\/lazer-e-cultura\/tenores-apresentam-espetaculo-romantico-no-dia-dos-namorados-em-ribeirao-preto\/\">Source link <\/a><\/p>\n","protected":false},"excerpt":{"rendered":"<p>O Amazing Tenors, considerado o maior trio de tenores do Brasil, apresenta um show especial feito para o Dia dos Namorados no Theatro Pedro II,&#8230;<\/p>\n","protected":false},"author":1,"featured_media":71720,"comment_status":"open","ping_status":"open","sticky":false,"template":"","format":"standard","meta":{"advanced_seo_description":"","jetpack_seo_html_title":"","jetpack_seo_noindex":false,"jetpack_post_was_ever_published":false,"_jetpack_newsletter_access":"","_jetpack_dont_email_post_to_subs":false,"_jetpack_newsletter_tier_id":0,"_jetpack_memberships_contains_paywalled_content":false,"_jetpack_memberships_contains_paid_content":false,"footnotes":"","jetpack_publicize_message":"","jetpack_publicize_feature_enabled":true,"jetpack_social_post_already_shared":true,"jetpack_social_options":{"image_generator_settings":{"template":"highway","default_image_id":0,"font":"","enabled":false},"version":2}},"categories":[11],"tags":[],"class_list":["post-71719","post","type-post","status-publish","format-standard","has-post-thumbnail","hentry","category-noticias-de-ribeirao-preto-sp-e-regiao-ismael-colosi"],"jetpack_publicize_connections":[],"jetpack_featured_media_url":"https:\/\/i0.wp.com\/noticiasribeiraopreto.com.br\/wp-content\/uploads\/2025\/06\/amazing-tenors_2025-06-09_12-07-09.webp.webp?fit=1200%2C800&ssl=1","jetpack-related-posts":[{"id":71944,"url":"https:\/\/noticiasribeiraopreto.com.br\/index.php\/2025\/06\/11\/dia-dos-namorados-tera-tenores-em-rp\/","url_meta":{"origin":71719,"position":0},"title":"Dia dos Namorados ter\u00e1 tenores em RP","author":"noticiasribeiraopreto.com.br","date":"11 de June de 2025","format":false,"excerpt":"11 de junho de 2025 17:3011 de junho de 2025 09:456 Compartilhar0 O espet\u00e1culo \u201cAmazing Tenors \u2013 Especial Dia dos Namorados\u201d estar\u00e1 em cartaz no Theatro Pedro II, em Ribeir\u00e3o Preto, nesta quinta-feira, 12 de junho, \u00e0s 20 horas. Em uma noite m\u00e1gica de celebra\u00e7\u00e3o, o trio formado por Henrique\u2026","rel":"","context":"In &quot;Not\u00edcias de Ribeir\u00e3o Preto-SP e Regi\u00e3o&quot;","block_context":{"text":"Not\u00edcias de Ribeir\u00e3o Preto-SP e Regi\u00e3o","link":"https:\/\/noticiasribeiraopreto.com.br\/index.php\/category\/noticias-de-ribeirao-preto-sp-e-regiao-ismael-colosi\/"},"img":{"alt_text":"","src":"https:\/\/i0.wp.com\/noticiasribeiraopreto.com.br\/wp-content\/uploads\/2025\/06\/Tenores-Tri-Moa-Cunha-Divulgacao-scaled.jpg?fit=750%2C500&ssl=1&resize=350%2C200","width":350,"height":200,"srcset":"https:\/\/i0.wp.com\/noticiasribeiraopreto.com.br\/wp-content\/uploads\/2025\/06\/Tenores-Tri-Moa-Cunha-Divulgacao-scaled.jpg?fit=750%2C500&ssl=1&resize=350%2C200 1x, https:\/\/i0.wp.com\/noticiasribeiraopreto.com.br\/wp-content\/uploads\/2025\/06\/Tenores-Tri-Moa-Cunha-Divulgacao-scaled.jpg?fit=750%2C500&ssl=1&resize=525%2C300 1.5x, https:\/\/i0.wp.com\/noticiasribeiraopreto.com.br\/wp-content\/uploads\/2025\/06\/Tenores-Tri-Moa-Cunha-Divulgacao-scaled.jpg?fit=750%2C500&ssl=1&resize=700%2C400 2x"},"classes":[]},{"id":78332,"url":"https:\/\/noticiasribeiraopreto.com.br\/index.php\/2025\/10\/08\/trio-a-bela-e-os-tenores-apresenta-novo-espetaculo-no-theatro-pedro-ii\/","url_meta":{"origin":71719,"position":1},"title":"Trio &#8216;A Bela e os Tenores&#8217; apresenta novo espet\u00e1culo no Theatro Pedro II","author":"noticiasribeiraopreto.com.br","date":"8 de October de 2025","format":false,"excerpt":"Neste s\u00e1bado (11), o Theatro Pedro II, em Ribeir\u00e3o Preto, recebe novamente o trio \u201cA Bela e os Tenores\u201c, formado pela soprano Giovanna Maira e pelos tenores Jorge Durian e Armando Valsani, em seu novo espet\u00e1culo \u201cBrasiliano\u201d. A apresenta\u00e7\u00e3o acontece a partir das 20h e ainda h\u00e1 ingressos dispon\u00edveis. Criado\u2026","rel":"","context":"In &quot;Not\u00edcias de Ribeir\u00e3o Preto-SP e Regi\u00e3o&quot;","block_context":{"text":"Not\u00edcias de Ribeir\u00e3o Preto-SP e Regi\u00e3o","link":"https:\/\/noticiasribeiraopreto.com.br\/index.php\/category\/noticias-de-ribeirao-preto-sp-e-regiao-ismael-colosi\/"},"img":{"alt_text":"","src":"https:\/\/i0.wp.com\/noticiasribeiraopreto.com.br\/wp-content\/uploads\/2025\/10\/12_2025-10-08_15-15-48.webp.webp?fit=1200%2C953&ssl=1&resize=350%2C200","width":350,"height":200,"srcset":"https:\/\/i0.wp.com\/noticiasribeiraopreto.com.br\/wp-content\/uploads\/2025\/10\/12_2025-10-08_15-15-48.webp.webp?fit=1200%2C953&ssl=1&resize=350%2C200 1x, https:\/\/i0.wp.com\/noticiasribeiraopreto.com.br\/wp-content\/uploads\/2025\/10\/12_2025-10-08_15-15-48.webp.webp?fit=1200%2C953&ssl=1&resize=525%2C300 1.5x, https:\/\/i0.wp.com\/noticiasribeiraopreto.com.br\/wp-content\/uploads\/2025\/10\/12_2025-10-08_15-15-48.webp.webp?fit=1200%2C953&ssl=1&resize=700%2C400 2x, https:\/\/i0.wp.com\/noticiasribeiraopreto.com.br\/wp-content\/uploads\/2025\/10\/12_2025-10-08_15-15-48.webp.webp?fit=1200%2C953&ssl=1&resize=1050%2C600 3x"},"classes":[]},{"id":71735,"url":"https:\/\/noticiasribeiraopreto.com.br\/index.php\/2025\/06\/09\/muito-samba-ribeirao-preto-recebe-quatro-shows-a-ceu-aberto-com-entrada-gratuita\/","url_meta":{"origin":71719,"position":2},"title":"Muito samba: Ribeir\u00e3o Preto recebe quatro shows a c\u00e9u aberto com entrada gratuita","author":"noticiasribeiraopreto.com.br","date":"9 de June de 2025","format":false,"excerpt":"O samba vai tomar conta do Teatro de Arena de Ribeir\u00e3o Preto no pr\u00f3ximo domingo (15), com uma programa\u00e7\u00e3o gratuita a partir das 15h. O espet\u00e1culo \u201cShows no Teatro de Arena\u201d conta com quatro atra\u00e7\u00f5es. O evento integra a programa\u00e7\u00e3o de anivers\u00e1rio da cidade. A m\u00fasica fica por conta de\u2026","rel":"","context":"In &quot;Not\u00edcias de Ribeir\u00e3o Preto-SP e Regi\u00e3o&quot;","block_context":{"text":"Not\u00edcias de Ribeir\u00e3o Preto-SP e Regi\u00e3o","link":"https:\/\/noticiasribeiraopreto.com.br\/index.php\/category\/noticias-de-ribeirao-preto-sp-e-regiao-ismael-colosi\/"},"img":{"alt_text":"","src":"https:\/\/i0.wp.com\/noticiasribeiraopreto.com.br\/wp-content\/uploads\/2024\/06\/TEATRO-DE-ARENA-ENTRADA_2024-06-24_11-51-10_jpeg_2024-06-24_11-51-11.webp.webp?fit=1200%2C800&ssl=1&resize=350%2C200","width":350,"height":200,"srcset":"https:\/\/i0.wp.com\/noticiasribeiraopreto.com.br\/wp-content\/uploads\/2024\/06\/TEATRO-DE-ARENA-ENTRADA_2024-06-24_11-51-10_jpeg_2024-06-24_11-51-11.webp.webp?fit=1200%2C800&ssl=1&resize=350%2C200 1x, https:\/\/i0.wp.com\/noticiasribeiraopreto.com.br\/wp-content\/uploads\/2024\/06\/TEATRO-DE-ARENA-ENTRADA_2024-06-24_11-51-10_jpeg_2024-06-24_11-51-11.webp.webp?fit=1200%2C800&ssl=1&resize=525%2C300 1.5x, https:\/\/i0.wp.com\/noticiasribeiraopreto.com.br\/wp-content\/uploads\/2024\/06\/TEATRO-DE-ARENA-ENTRADA_2024-06-24_11-51-10_jpeg_2024-06-24_11-51-11.webp.webp?fit=1200%2C800&ssl=1&resize=700%2C400 2x, https:\/\/i0.wp.com\/noticiasribeiraopreto.com.br\/wp-content\/uploads\/2024\/06\/TEATRO-DE-ARENA-ENTRADA_2024-06-24_11-51-10_jpeg_2024-06-24_11-51-11.webp.webp?fit=1200%2C800&ssl=1&resize=1050%2C600 3x"},"classes":[]},{"id":5926,"url":"https:\/\/noticiasribeiraopreto.com.br\/index.php\/2023\/11\/24\/daniel-sandy-e-amazing-tenors-veja-o-que-curtir-no-fim-de-semana-em-ribeirao\/","url_meta":{"origin":71719,"position":3},"title":"Daniel, Sandy e Amazing Tenors:\u00a0Veja o que curtir no fim de semana em Ribeir\u00e3o","author":"noticiasribeiraopreto.com.br","date":"24 de November de 2023","format":false,"excerpt":"O fim de semana em Ribeir\u00e3o Preto est\u00e1 repleto de op\u00e7\u00f5es musicais para todos os gostos e todas as idades.\u00a0 Tem show sertanejo, espet\u00e1culo de Natal, festivais de m\u00fasica, orquestra em igreja, apresenta\u00e7\u00f5es em teatros e, al\u00e9m disso, feira gratuita com troca de livro. \u00a0 Confira a programa\u00e7\u00e3o FESTIVAL SUPERNOVA\u00a0\u2026","rel":"","context":"In &quot;Not\u00edcias de Ribeir\u00e3o Preto-SP e Regi\u00e3o&quot;","block_context":{"text":"Not\u00edcias de Ribeir\u00e3o Preto-SP e Regi\u00e3o","link":"https:\/\/noticiasribeiraopreto.com.br\/index.php\/category\/noticias-de-ribeirao-preto-sp-e-regiao-ismael-colosi\/"},"img":{"alt_text":"","src":"https:\/\/i0.wp.com\/noticiasribeiraopreto.com.br\/wp-content\/uploads\/2023\/11\/393998239_18392266828052536_6057001647339248478_n.jpg?fit=1080%2C722&ssl=1&resize=350%2C200","width":350,"height":200,"srcset":"https:\/\/i0.wp.com\/noticiasribeiraopreto.com.br\/wp-content\/uploads\/2023\/11\/393998239_18392266828052536_6057001647339248478_n.jpg?fit=1080%2C722&ssl=1&resize=350%2C200 1x, https:\/\/i0.wp.com\/noticiasribeiraopreto.com.br\/wp-content\/uploads\/2023\/11\/393998239_18392266828052536_6057001647339248478_n.jpg?fit=1080%2C722&ssl=1&resize=525%2C300 1.5x, https:\/\/i0.wp.com\/noticiasribeiraopreto.com.br\/wp-content\/uploads\/2023\/11\/393998239_18392266828052536_6057001647339248478_n.jpg?fit=1080%2C722&ssl=1&resize=700%2C400 2x, https:\/\/i0.wp.com\/noticiasribeiraopreto.com.br\/wp-content\/uploads\/2023\/11\/393998239_18392266828052536_6057001647339248478_n.jpg?fit=1080%2C722&ssl=1&resize=1050%2C600 3x"},"classes":[]},{"id":31313,"url":"https:\/\/noticiasribeiraopreto.com.br\/index.php\/2024\/01\/21\/theatro-pedro-ii-recebe-o-musical-rei-leao-in-concert-veja-como-comprar-ingressos\/","url_meta":{"origin":71719,"position":4},"title":"Theatro Pedro II recebe o musical \u2018Rei Le\u00e3o In Concert\u2019; Veja como comprar ingressos","author":"noticiasribeiraopreto.com.br","date":"21 de January de 2024","format":false,"excerpt":"O Theatro Pedro II, em Ribeir\u00e3o Preto, recebe o musical \u201cRei Le\u00e3o In Concert\u201d, no pr\u00f3ximo dia 10 de mar\u00e7o. Os ingressos para o espet\u00e1culo podem ser comprados pela internet e custam entre R$ 55 e R$ 150. O musical conta com o recurso de proje\u00e7\u00e3o mapeada 3D e os\u2026","rel":"","context":"In &quot;Not\u00edcias de Ribeir\u00e3o Preto-SP e Regi\u00e3o&quot;","block_context":{"text":"Not\u00edcias de Ribeir\u00e3o Preto-SP e Regi\u00e3o","link":"https:\/\/noticiasribeiraopreto.com.br\/index.php\/category\/noticias-de-ribeirao-preto-sp-e-regiao-ismael-colosi\/"},"img":{"alt_text":"","src":"https:\/\/i0.wp.com\/noticiasribeiraopreto.com.br\/wp-content\/uploads\/2024\/01\/reileao.jpg?fit=978%2C613&ssl=1&resize=350%2C200","width":350,"height":200,"srcset":"https:\/\/i0.wp.com\/noticiasribeiraopreto.com.br\/wp-content\/uploads\/2024\/01\/reileao.jpg?fit=978%2C613&ssl=1&resize=350%2C200 1x, https:\/\/i0.wp.com\/noticiasribeiraopreto.com.br\/wp-content\/uploads\/2024\/01\/reileao.jpg?fit=978%2C613&ssl=1&resize=525%2C300 1.5x, https:\/\/i0.wp.com\/noticiasribeiraopreto.com.br\/wp-content\/uploads\/2024\/01\/reileao.jpg?fit=978%2C613&ssl=1&resize=700%2C400 2x"},"classes":[]},{"id":71733,"url":"https:\/\/noticiasribeiraopreto.com.br\/index.php\/2025\/06\/09\/caminhada-cultural-resgata-historia-e-memoria-de-bairro-tradicional-de-ribeirao-preto\/","url_meta":{"origin":71719,"position":5},"title":"Caminhada cultural resgata hist\u00f3ria e mem\u00f3ria de bairro tradicional de Ribeir\u00e3o Preto","author":"noticiasribeiraopreto.com.br","date":"9 de June de 2025","format":false,"excerpt":"No dia 22 de junho, Ribeir\u00e3o Preto recebe a caminhada cultural \u201cAs Mem\u00f3rias da Vila Tib\u00e9rio\u201d, com a participa\u00e7\u00e3o do professor Felipe Souza e da produtora cultural Juliana Petrucelli. A atividade tem como objetivo destacar a import\u00e2ncia hist\u00f3rica e urbana do bairro Vila Tib\u00e9rio, um dos mais antigos do munic\u00edpio.\u2026","rel":"","context":"In &quot;Not\u00edcias de Ribeir\u00e3o Preto-SP e Regi\u00e3o&quot;","block_context":{"text":"Not\u00edcias de Ribeir\u00e3o Preto-SP e Regi\u00e3o","link":"https:\/\/noticiasribeiraopreto.com.br\/index.php\/category\/noticias-de-ribeirao-preto-sp-e-regiao-ismael-colosi\/"},"img":{"alt_text":"","src":"https:\/\/i0.wp.com\/noticiasribeiraopreto.com.br\/wp-content\/uploads\/2025\/06\/Copia-de-Copia-de-Copia-de-TAMANHO-EXATO-PARA-FOTOS-NO-SISTEMA-NOVO-2025-06-09T145425.280_2025-06-09_17-54-54.webp.webp?fit=1200%2C675&ssl=1&resize=350%2C200","width":350,"height":200,"srcset":"https:\/\/i0.wp.com\/noticiasribeiraopreto.com.br\/wp-content\/uploads\/2025\/06\/Copia-de-Copia-de-Copia-de-TAMANHO-EXATO-PARA-FOTOS-NO-SISTEMA-NOVO-2025-06-09T145425.280_2025-06-09_17-54-54.webp.webp?fit=1200%2C675&ssl=1&resize=350%2C200 1x, https:\/\/i0.wp.com\/noticiasribeiraopreto.com.br\/wp-content\/uploads\/2025\/06\/Copia-de-Copia-de-Copia-de-TAMANHO-EXATO-PARA-FOTOS-NO-SISTEMA-NOVO-2025-06-09T145425.280_2025-06-09_17-54-54.webp.webp?fit=1200%2C675&ssl=1&resize=525%2C300 1.5x, https:\/\/i0.wp.com\/noticiasribeiraopreto.com.br\/wp-content\/uploads\/2025\/06\/Copia-de-Copia-de-Copia-de-TAMANHO-EXATO-PARA-FOTOS-NO-SISTEMA-NOVO-2025-06-09T145425.280_2025-06-09_17-54-54.webp.webp?fit=1200%2C675&ssl=1&resize=700%2C400 2x, https:\/\/i0.wp.com\/noticiasribeiraopreto.com.br\/wp-content\/uploads\/2025\/06\/Copia-de-Copia-de-Copia-de-TAMANHO-EXATO-PARA-FOTOS-NO-SISTEMA-NOVO-2025-06-09T145425.280_2025-06-09_17-54-54.webp.webp?fit=1200%2C675&ssl=1&resize=1050%2C600 3x"},"classes":[]}],"jetpack_sharing_enabled":true,"jetpack_shortlink":"https:\/\/wp.me\/peQAOb-iEL","_links":{"self":[{"href":"https:\/\/noticiasribeiraopreto.com.br\/index.php\/wp-json\/wp\/v2\/posts\/71719","targetHints":{"allow":["GET"]}}],"collection":[{"href":"https:\/\/noticiasribeiraopreto.com.br\/index.php\/wp-json\/wp\/v2\/posts"}],"about":[{"href":"https:\/\/noticiasribeiraopreto.com.br\/index.php\/wp-json\/wp\/v2\/types\/post"}],"author":[{"embeddable":true,"href":"https:\/\/noticiasribeiraopreto.com.br\/index.php\/wp-json\/wp\/v2\/users\/1"}],"replies":[{"embeddable":true,"href":"https:\/\/noticiasribeiraopreto.com.br\/index.php\/wp-json\/wp\/v2\/comments?post=71719"}],"version-history":[{"count":0,"href":"https:\/\/noticiasribeiraopreto.com.br\/index.php\/wp-json\/wp\/v2\/posts\/71719\/revisions"}],"wp:featuredmedia":[{"embeddable":true,"href":"https:\/\/noticiasribeiraopreto.com.br\/index.php\/wp-json\/wp\/v2\/media\/71720"}],"wp:attachment":[{"href":"https:\/\/noticiasribeiraopreto.com.br\/index.php\/wp-json\/wp\/v2\/media?parent=71719"}],"wp:term":[{"taxonomy":"category","embeddable":true,"href":"https:\/\/noticiasribeiraopreto.com.br\/index.php\/wp-json\/wp\/v2\/categories?post=71719"},{"taxonomy":"post_tag","embeddable":true,"href":"https:\/\/noticiasribeiraopreto.com.br\/index.php\/wp-json\/wp\/v2\/tags?post=71719"}],"curies":[{"name":"wp","href":"https:\/\/api.w.org\/{rel}","templated":true}]}}