{"id":71730,"date":"2025-06-09T16:38:36","date_gmt":"2025-06-09T19:38:36","guid":{"rendered":"https:\/\/noticiasribeiraopreto.com.br\/index.php\/2025\/06\/09\/ribeirao-tera-minima-de-9c-com-chegada-de-nova-frente-fria-defesa-civil-emite-alerta\/"},"modified":"2025-06-09T16:38:36","modified_gmt":"2025-06-09T19:38:36","slug":"ribeirao-tera-minima-de-9c-com-chegada-de-nova-frente-fria-defesa-civil-emite-alerta","status":"publish","type":"post","link":"https:\/\/noticiasribeiraopreto.com.br\/index.php\/2025\/06\/09\/ribeirao-tera-minima-de-9c-com-chegada-de-nova-frente-fria-defesa-civil-emite-alerta\/","title":{"rendered":"Ribeir\u00e3o ter\u00e1 m\u00ednima de 9\u00b0C com chegada de nova frente fria; Defesa Civil emite alerta"},"content":{"rendered":"<p> <br \/>\n<\/p>\n<div data-td-block-uid=\"tdi_95\">\n<div class=\"tdb-block-inner td-fix-index\">\n<p>A<strong> Defesa Civil do Estado de S\u00e3o Paulo <\/strong>emitiu um <strong>alerta sobre a previs\u00e3o de intensa queda de temperatura <\/strong>entre os dias 11 e 14 de junho. <strong>Ribeir\u00e3o Preto est\u00e1 entre as cidades que devem registrar baixas significativas<\/strong>, com m\u00ednima estimada de <strong>9\u00b0C<\/strong>, segundo o Centro de Gerenciamento de Emerg\u00eancias (CGE).<\/p>\n<p>A <strong>mudan\u00e7a nas condi\u00e7\u00f5es clim\u00e1ticas \u00e9 causada pela chegada de ventos<\/strong> do quadrante sul, que provocar\u00e3o a queda das temperaturas em v\u00e1rias regi\u00f5es do estado.<\/p>\n<h3 class=\"wp-block-heading\"><strong>Defesa Civil orienta:<\/strong><\/h3>\n<p>Diante da previs\u00e3o, a <mark style=\"background-color:#fcb900\" class=\"has-inline-color\">Defesa Civil orienta a popula\u00e7\u00e3o a intensificar os cuidados com grupos mais vulner\u00e1veis<\/mark>, como <strong>idosos<\/strong>, <strong>crian\u00e7as <\/strong>e <strong>pessoas em situa\u00e7\u00e3o de rua<\/strong>. O \u00f3rg\u00e3o tamb\u00e9m alerta para que ningu\u00e9m utilize fogueiras ou sistemas de aquecimento improvisados em locais fechados, devido ao risco de intoxica\u00e7\u00e3o por mon\u00f3xido de carbono.<\/p>\n<p>A recomenda\u00e7\u00e3o<strong> inclui ainda aten\u00e7\u00e3o aos animais expostos ao frio<\/strong>, com incentivo ao acolhimento tempor\u00e1rio de animais abandonados.<\/p>\n<hr class=\"wp-block-separator has-alpha-channel-opacity\"\/>\n<p>SAIBA MAIS<\/p>\n<p>Ribeir\u00e3o recebe \u2018Feira de Empregabilidade\u2019 com mais de mil vagas; Saiba como participar<\/p>\n<h4 class=\"wp-block-heading\"><strong>FIQUE ON<\/strong><\/h4>\n<p>Quer ficar por dentro de tudo que acontece em Ribeir\u00e3o Preto e regi\u00e3o? Ent\u00e3o siga os perfis do\u202facidade on\u202fno\u202f<a href=\"https:\/\/www.instagram.com\/acidadeonribeirao\" target=\"_blank\" rel=\"noreferrer noopener\">Instagram<\/a>\u202fe no\u202f<a href=\"https:\/\/www.facebook.com\/acidadeonribeirao\/\" target=\"_blank\" rel=\"noreferrer noopener\">Facebook<\/a>.<\/p>\n<p>Al\u00e9m disso, voc\u00ea pode receber as principais not\u00edcias diretamente no WhatsApp. Para isso, basta\u00a0<a href=\"https:\/\/chat.whatsapp.com\/BjKQZ9oJwlz8VVT50NuePq\" target=\"_blank\" rel=\"noreferrer noopener\">entrar no grupo clicando aqui<\/a>.<\/p>\n<p>Por fim, se quiser fazer uma den\u00fancia ou sugerir uma reportagem sobre Ribeir\u00e3o Preto e regi\u00e3o, envie uma mensagem pelo WhatsApp: (16) 99117-7802.<\/p>\n<p>VEJA TAMB\u00c9M<\/p>\n<p>Por que Isadora Pompeo e Thiago Maia terminaram? <mark style=\"background-color:#ffffff\" class=\"has-inline-color has-white-color\">contudo,<\/mark><\/p>\n<p><!-- CONTENT END 1 -->\n<\/div>\n<\/div>\n<p><script async src=\"\/\/www.instagram.com\/embed.js\"><\/script><br \/>\n<br \/><br \/>\n<br \/><a href=\"https:\/\/www.acidadeon.com\/ribeiraopreto\/cotidiano\/ribeirao-tera-minima-de-9c-com-chegada-de-nova-frente-fria-defesa-civil-emite-alerta\/\">Source link <\/a><\/p>\n","protected":false},"excerpt":{"rendered":"<p>A Defesa Civil do Estado de S\u00e3o Paulo emitiu um alerta sobre a previs\u00e3o de intensa queda de temperatura entre os dias 11 e 14&#8230;<\/p>\n","protected":false},"author":1,"featured_media":71731,"comment_status":"open","ping_status":"open","sticky":false,"template":"","format":"standard","meta":{"advanced_seo_description":"","jetpack_seo_html_title":"","jetpack_seo_noindex":false,"jetpack_post_was_ever_published":false,"_jetpack_newsletter_access":"","_jetpack_dont_email_post_to_subs":false,"_jetpack_newsletter_tier_id":0,"_jetpack_memberships_contains_paywalled_content":false,"_jetpack_memberships_contains_paid_content":false,"footnotes":"","jetpack_publicize_message":"","jetpack_publicize_feature_enabled":true,"jetpack_social_post_already_shared":true,"jetpack_social_options":{"image_generator_settings":{"template":"highway","default_image_id":0,"font":"","enabled":false},"version":2}},"categories":[11],"tags":[],"class_list":["post-71730","post","type-post","status-publish","format-standard","has-post-thumbnail","hentry","category-noticias-de-ribeirao-preto-sp-e-regiao-ismael-colosi"],"jetpack_publicize_connections":[],"jetpack_featured_media_url":"https:\/\/i0.wp.com\/noticiasribeiraopreto.com.br\/wp-content\/uploads\/2025\/06\/WhatsApp-Image-2024-02-18-at-09.57.43-1.jpeg?fit=1600%2C1008&ssl=1","jetpack-related-posts":[{"id":73356,"url":"https:\/\/noticiasribeiraopreto.com.br\/index.php\/2025\/06\/30\/frente-fria-defesa-civil-emite-alerta-para-queda-de-temperatura-em-ribeirao-preto\/","url_meta":{"origin":71730,"position":0},"title":"Frente fria: Defesa Civil emite alerta para queda de temperatura em Ribeir\u00e3o Preto","author":"noticiasribeiraopreto.com.br","date":"30 de June de 2025","format":false,"excerpt":"Entre os dias 1\u00ba e 3 de julho, uma frente fria vai avan\u00e7ar sobre o Estado de S\u00e3o Paulo e provocar queda nas temperaturas m\u00ednimas e m\u00e1ximas. Logo ap\u00f3s a frente fria, uma massa de ar frio tamb\u00e9m vai intensificar o resfriamento, segundo a Defesa Civil estadual. Ribeir\u00e3o Preto deve\u2026","rel":"","context":"In &quot;Not\u00edcias de Ribeir\u00e3o Preto-SP e Regi\u00e3o&quot;","block_context":{"text":"Not\u00edcias de Ribeir\u00e3o Preto-SP e Regi\u00e3o","link":"https:\/\/noticiasribeiraopreto.com.br\/index.php\/category\/noticias-de-ribeirao-preto-sp-e-regiao-ismael-colosi\/"},"img":{"alt_text":"","src":"https:\/\/i0.wp.com\/noticiasribeiraopreto.com.br\/wp-content\/uploads\/2025\/06\/1751319353_WhatsApp-Image-2024-02-18-at-09.57.43-1.jpeg?fit=1200%2C756&ssl=1&resize=350%2C200","width":350,"height":200,"srcset":"https:\/\/i0.wp.com\/noticiasribeiraopreto.com.br\/wp-content\/uploads\/2025\/06\/1751319353_WhatsApp-Image-2024-02-18-at-09.57.43-1.jpeg?fit=1200%2C756&ssl=1&resize=350%2C200 1x, https:\/\/i0.wp.com\/noticiasribeiraopreto.com.br\/wp-content\/uploads\/2025\/06\/1751319353_WhatsApp-Image-2024-02-18-at-09.57.43-1.jpeg?fit=1200%2C756&ssl=1&resize=525%2C300 1.5x, https:\/\/i0.wp.com\/noticiasribeiraopreto.com.br\/wp-content\/uploads\/2025\/06\/1751319353_WhatsApp-Image-2024-02-18-at-09.57.43-1.jpeg?fit=1200%2C756&ssl=1&resize=700%2C400 2x, https:\/\/i0.wp.com\/noticiasribeiraopreto.com.br\/wp-content\/uploads\/2025\/06\/1751319353_WhatsApp-Image-2024-02-18-at-09.57.43-1.jpeg?fit=1200%2C756&ssl=1&resize=1050%2C600 3x"},"classes":[]},{"id":70638,"url":"https:\/\/noticiasribeiraopreto.com.br\/index.php\/2025\/05\/28\/defesa-civil-de-sp-emite-alerta-para-onda-de-frio-e-indica-minima-invertida\/","url_meta":{"origin":71730,"position":1},"title":"Defesa Civil de SP emite alerta para onda de frio e indica &#8216;m\u00ednima invertida&#8217;","author":"noticiasribeiraopreto.com.br","date":"28 de May de 2025","format":false,"excerpt":"A primeira onda de frio intenso chega ao Estado de S\u00e3o Paulo nesta quinta-feira (29), e diversas regi\u00f5es enfrentar\u00e3o uma queda acentuada nas temperaturas. H\u00e1, inclusive, previs\u00e3o de \u201cm\u00ednima invertida\u201d \u2013 quando as temperaturas m\u00ednimas s\u00e3o registradas no per\u00edodo da tarde e noite, e n\u00e3o pela manh\u00e3. De acordo com\u2026","rel":"","context":"In &quot;Not\u00edcias de Ribeir\u00e3o Preto-SP e Regi\u00e3o&quot;","block_context":{"text":"Not\u00edcias de Ribeir\u00e3o Preto-SP e Regi\u00e3o","link":"https:\/\/noticiasribeiraopreto.com.br\/index.php\/category\/noticias-de-ribeirao-preto-sp-e-regiao-ismael-colosi\/"},"img":{"alt_text":"","src":"https:\/\/i0.wp.com\/noticiasribeiraopreto.com.br\/wp-content\/uploads\/2025\/05\/WhatsApp-Image-2025-05-28-at-12.43.35-1_2025-05-28_15-55-13.webp.webp?fit=1200%2C540&ssl=1&resize=350%2C200","width":350,"height":200,"srcset":"https:\/\/i0.wp.com\/noticiasribeiraopreto.com.br\/wp-content\/uploads\/2025\/05\/WhatsApp-Image-2025-05-28-at-12.43.35-1_2025-05-28_15-55-13.webp.webp?fit=1200%2C540&ssl=1&resize=350%2C200 1x, https:\/\/i0.wp.com\/noticiasribeiraopreto.com.br\/wp-content\/uploads\/2025\/05\/WhatsApp-Image-2025-05-28-at-12.43.35-1_2025-05-28_15-55-13.webp.webp?fit=1200%2C540&ssl=1&resize=525%2C300 1.5x, https:\/\/i0.wp.com\/noticiasribeiraopreto.com.br\/wp-content\/uploads\/2025\/05\/WhatsApp-Image-2025-05-28-at-12.43.35-1_2025-05-28_15-55-13.webp.webp?fit=1200%2C540&ssl=1&resize=700%2C400 2x, https:\/\/i0.wp.com\/noticiasribeiraopreto.com.br\/wp-content\/uploads\/2025\/05\/WhatsApp-Image-2025-05-28-at-12.43.35-1_2025-05-28_15-55-13.webp.webp?fit=1200%2C540&ssl=1&resize=1050%2C600 3x"},"classes":[]},{"id":71594,"url":"https:\/\/noticiasribeiraopreto.com.br\/index.php\/2025\/06\/07\/defesa-civil-alerta-para-granizo-temporal-e-ventos-fortes-em-ribeirao-preto\/","url_meta":{"origin":71730,"position":2},"title":"Defesa Civil alerta para granizo, temporal e ventos fortes em Ribeir\u00e3o Preto","author":"noticiasribeiraopreto.com.br","date":"7 de June de 2025","format":false,"excerpt":"A Defesa Civil do Estado de S\u00e3o Paulo emitiu um alerta para a regi\u00e3o de Ribeir\u00e3o Preto: um sistema meteorol\u00f3gico deve provocar chuvas fortes entre domingo (8) e segunda-feira (9), com risco de tempestades, raios, ventos intensos e granizo em pontos isolados. De acordo com os modelos meteorol\u00f3gicos mais recentes,\u2026","rel":"","context":"In &quot;Not\u00edcias de Ribeir\u00e3o Preto-SP e Regi\u00e3o&quot;","block_context":{"text":"Not\u00edcias de Ribeir\u00e3o Preto-SP e Regi\u00e3o","link":"https:\/\/noticiasribeiraopreto.com.br\/index.php\/category\/noticias-de-ribeirao-preto-sp-e-regiao-ismael-colosi\/"},"img":{"alt_text":"","src":"https:\/\/i0.wp.com\/noticiasribeiraopreto.com.br\/wp-content\/uploads\/2025\/01\/chuva-ribeirao_2025-01-27_00-12-06_jpeg_2025-01-27_00-12-06.webp.webp?fit=1200%2C675&ssl=1&resize=350%2C200","width":350,"height":200,"srcset":"https:\/\/i0.wp.com\/noticiasribeiraopreto.com.br\/wp-content\/uploads\/2025\/01\/chuva-ribeirao_2025-01-27_00-12-06_jpeg_2025-01-27_00-12-06.webp.webp?fit=1200%2C675&ssl=1&resize=350%2C200 1x, https:\/\/i0.wp.com\/noticiasribeiraopreto.com.br\/wp-content\/uploads\/2025\/01\/chuva-ribeirao_2025-01-27_00-12-06_jpeg_2025-01-27_00-12-06.webp.webp?fit=1200%2C675&ssl=1&resize=525%2C300 1.5x, https:\/\/i0.wp.com\/noticiasribeiraopreto.com.br\/wp-content\/uploads\/2025\/01\/chuva-ribeirao_2025-01-27_00-12-06_jpeg_2025-01-27_00-12-06.webp.webp?fit=1200%2C675&ssl=1&resize=700%2C400 2x, https:\/\/i0.wp.com\/noticiasribeiraopreto.com.br\/wp-content\/uploads\/2025\/01\/chuva-ribeirao_2025-01-27_00-12-06_jpeg_2025-01-27_00-12-06.webp.webp?fit=1200%2C675&ssl=1&resize=1050%2C600 3x"},"classes":[]},{"id":76153,"url":"https:\/\/noticiasribeiraopreto.com.br\/index.php\/2025\/08\/22\/estado-de-sp-entra-em-alerta-para-queda-brusca-de-temperatura\/","url_meta":{"origin":71730,"position":3},"title":"Estado de SP entra em alerta para &#8216;queda brusca de temperatura&#8217;","author":"noticiasribeiraopreto.com.br","date":"22 de August de 2025","format":false,"excerpt":"Uma nova frente fria vinda do Sul do pa\u00eds pode trazer al\u00edvio para os term\u00f4metros em algumas regi\u00f5es do estado de S\u00e3o Paulo, a partir de domingo (24), segundo a Defesa Civil. Al\u00e9m da queda acentuada nas temperaturas, principalmente na faixa leste do estado, existe a possibilidade de pancadas de\u2026","rel":"","context":"In &quot;Not\u00edcias de Ribeir\u00e3o Preto-SP e Regi\u00e3o&quot;","block_context":{"text":"Not\u00edcias de Ribeir\u00e3o Preto-SP e Regi\u00e3o","link":"https:\/\/noticiasribeiraopreto.com.br\/index.php\/category\/noticias-de-ribeirao-preto-sp-e-regiao-ismael-colosi\/"},"img":{"alt_text":"","src":"https:\/\/i0.wp.com\/noticiasribeiraopreto.com.br\/wp-content\/uploads\/2025\/08\/ceu-nublado_2024-08-10_12-38-56_jpeg_2024-08-10_12-38-56.webp.webp?fit=1200%2C903&ssl=1&resize=350%2C200","width":350,"height":200,"srcset":"https:\/\/i0.wp.com\/noticiasribeiraopreto.com.br\/wp-content\/uploads\/2025\/08\/ceu-nublado_2024-08-10_12-38-56_jpeg_2024-08-10_12-38-56.webp.webp?fit=1200%2C903&ssl=1&resize=350%2C200 1x, https:\/\/i0.wp.com\/noticiasribeiraopreto.com.br\/wp-content\/uploads\/2025\/08\/ceu-nublado_2024-08-10_12-38-56_jpeg_2024-08-10_12-38-56.webp.webp?fit=1200%2C903&ssl=1&resize=525%2C300 1.5x, https:\/\/i0.wp.com\/noticiasribeiraopreto.com.br\/wp-content\/uploads\/2025\/08\/ceu-nublado_2024-08-10_12-38-56_jpeg_2024-08-10_12-38-56.webp.webp?fit=1200%2C903&ssl=1&resize=700%2C400 2x, https:\/\/i0.wp.com\/noticiasribeiraopreto.com.br\/wp-content\/uploads\/2025\/08\/ceu-nublado_2024-08-10_12-38-56_jpeg_2024-08-10_12-38-56.webp.webp?fit=1200%2C903&ssl=1&resize=1050%2C600 3x"},"classes":[]},{"id":78767,"url":"https:\/\/noticiasribeiraopreto.com.br\/index.php\/2025\/10\/17\/granizo-ventos-fortes-e-queda-de-temperatura-veja-o-alerta-da-defesa-civil-para-o-interior-de-sp\/","url_meta":{"origin":71730,"position":4},"title":"Granizo, ventos fortes e queda de temperatura: Veja o alerta da Defesa Civil para o interior de SP","author":"noticiasribeiraopreto.com.br","date":"17 de October de 2025","format":false,"excerpt":"A Defesa Civil do Estado de S\u00e3o Paulo emitiu alerta para chuvas de granizo, ventos fortes e queda na temperatura no interior de SP entre a noite desta sexta-feira (17) e o domingo (19). O aviso indica ocorr\u00eancia de raios, rajadas de vento e granizo isolado. No interior paulista, as\u2026","rel":"","context":"In &quot;Not\u00edcias de Ribeir\u00e3o Preto-SP e Regi\u00e3o&quot;","block_context":{"text":"Not\u00edcias de Ribeir\u00e3o Preto-SP e Regi\u00e3o","link":"https:\/\/noticiasribeiraopreto.com.br\/index.php\/category\/noticias-de-ribeirao-preto-sp-e-regiao-ismael-colosi\/"},"img":{"alt_text":"","src":"https:\/\/i0.wp.com\/noticiasribeiraopreto.com.br\/wp-content\/uploads\/2025\/10\/chuva_temporal_1024x576_07012021130023_2024-10-24_18-15-47_jpg_2024-10-24_18-15-47.webp.webp?fit=1024%2C575&ssl=1&resize=350%2C200","width":350,"height":200,"srcset":"https:\/\/i0.wp.com\/noticiasribeiraopreto.com.br\/wp-content\/uploads\/2025\/10\/chuva_temporal_1024x576_07012021130023_2024-10-24_18-15-47_jpg_2024-10-24_18-15-47.webp.webp?fit=1024%2C575&ssl=1&resize=350%2C200 1x, https:\/\/i0.wp.com\/noticiasribeiraopreto.com.br\/wp-content\/uploads\/2025\/10\/chuva_temporal_1024x576_07012021130023_2024-10-24_18-15-47_jpg_2024-10-24_18-15-47.webp.webp?fit=1024%2C575&ssl=1&resize=525%2C300 1.5x, https:\/\/i0.wp.com\/noticiasribeiraopreto.com.br\/wp-content\/uploads\/2025\/10\/chuva_temporal_1024x576_07012021130023_2024-10-24_18-15-47_jpg_2024-10-24_18-15-47.webp.webp?fit=1024%2C575&ssl=1&resize=700%2C400 2x"},"classes":[]},{"id":78837,"url":"https:\/\/noticiasribeiraopreto.com.br\/index.php\/2025\/10\/19\/defesa-civil-emite-alerta-para-frio-intenso-em-ribeirao-preto-com-minima-de-12o\/","url_meta":{"origin":71730,"position":5},"title":"Defesa Civil emite alerta para frio intenso em Ribeir\u00e3o Preto com m\u00ednima de 12\u00ba","author":"noticiasribeiraopreto.com.br","date":"19 de October de 2025","format":false,"excerpt":"A Defesa Civil do Estado de S\u00e3o Paulo emitiu alerta de frio intenso para Ribeir\u00e3o Preto e cidades da regi\u00e3o. Segundo o Centro de Gerenciamento de Emerg\u00eancias (CGE), a m\u00ednima prevista para a cidade nos pr\u00f3ximos dias \u00e9 de 12\u00b0C, valor incomum para esta \u00e9poca da primavera. Outras cidades pr\u00f3ximas,\u2026","rel":"","context":"In &quot;Not\u00edcias de Ribeir\u00e3o Preto-SP e Regi\u00e3o&quot;","block_context":{"text":"Not\u00edcias de Ribeir\u00e3o Preto-SP e Regi\u00e3o","link":"https:\/\/noticiasribeiraopreto.com.br\/index.php\/category\/noticias-de-ribeirao-preto-sp-e-regiao-ismael-colosi\/"},"img":{"alt_text":"","src":"https:\/\/i0.wp.com\/noticiasribeiraopreto.com.br\/wp-content\/uploads\/2025\/10\/WhatsApp-Image-2024-02-18-at-09.57.43-1.jpeg?fit=1200%2C756&ssl=1&resize=350%2C200","width":350,"height":200,"srcset":"https:\/\/i0.wp.com\/noticiasribeiraopreto.com.br\/wp-content\/uploads\/2025\/10\/WhatsApp-Image-2024-02-18-at-09.57.43-1.jpeg?fit=1200%2C756&ssl=1&resize=350%2C200 1x, https:\/\/i0.wp.com\/noticiasribeiraopreto.com.br\/wp-content\/uploads\/2025\/10\/WhatsApp-Image-2024-02-18-at-09.57.43-1.jpeg?fit=1200%2C756&ssl=1&resize=525%2C300 1.5x, https:\/\/i0.wp.com\/noticiasribeiraopreto.com.br\/wp-content\/uploads\/2025\/10\/WhatsApp-Image-2024-02-18-at-09.57.43-1.jpeg?fit=1200%2C756&ssl=1&resize=700%2C400 2x, https:\/\/i0.wp.com\/noticiasribeiraopreto.com.br\/wp-content\/uploads\/2025\/10\/WhatsApp-Image-2024-02-18-at-09.57.43-1.jpeg?fit=1200%2C756&ssl=1&resize=1050%2C600 3x"},"classes":[]}],"jetpack_sharing_enabled":true,"jetpack_shortlink":"https:\/\/wp.me\/peQAOb-iEW","_links":{"self":[{"href":"https:\/\/noticiasribeiraopreto.com.br\/index.php\/wp-json\/wp\/v2\/posts\/71730","targetHints":{"allow":["GET"]}}],"collection":[{"href":"https:\/\/noticiasribeiraopreto.com.br\/index.php\/wp-json\/wp\/v2\/posts"}],"about":[{"href":"https:\/\/noticiasribeiraopreto.com.br\/index.php\/wp-json\/wp\/v2\/types\/post"}],"author":[{"embeddable":true,"href":"https:\/\/noticiasribeiraopreto.com.br\/index.php\/wp-json\/wp\/v2\/users\/1"}],"replies":[{"embeddable":true,"href":"https:\/\/noticiasribeiraopreto.com.br\/index.php\/wp-json\/wp\/v2\/comments?post=71730"}],"version-history":[{"count":0,"href":"https:\/\/noticiasribeiraopreto.com.br\/index.php\/wp-json\/wp\/v2\/posts\/71730\/revisions"}],"wp:featuredmedia":[{"embeddable":true,"href":"https:\/\/noticiasribeiraopreto.com.br\/index.php\/wp-json\/wp\/v2\/media\/71731"}],"wp:attachment":[{"href":"https:\/\/noticiasribeiraopreto.com.br\/index.php\/wp-json\/wp\/v2\/media?parent=71730"}],"wp:term":[{"taxonomy":"category","embeddable":true,"href":"https:\/\/noticiasribeiraopreto.com.br\/index.php\/wp-json\/wp\/v2\/categories?post=71730"},{"taxonomy":"post_tag","embeddable":true,"href":"https:\/\/noticiasribeiraopreto.com.br\/index.php\/wp-json\/wp\/v2\/tags?post=71730"}],"curies":[{"name":"wp","href":"https:\/\/api.w.org\/{rel}","templated":true}]}}