{"id":71732,"date":"2025-06-09T16:46:28","date_gmt":"2025-06-09T19:46:28","guid":{"rendered":"https:\/\/noticiasribeiraopreto.com.br\/index.php\/2025\/06\/09\/caso-larissa-marido-pagou-conta-e-tentou-fazer-transferencia-apos-morte-de-professora-diz-gerente-de-banco\/"},"modified":"2025-06-09T16:46:28","modified_gmt":"2025-06-09T19:46:28","slug":"caso-larissa-marido-pagou-conta-e-tentou-fazer-transferencia-apos-morte-de-professora-diz-gerente-de-banco","status":"publish","type":"post","link":"https:\/\/noticiasribeiraopreto.com.br\/index.php\/2025\/06\/09\/caso-larissa-marido-pagou-conta-e-tentou-fazer-transferencia-apos-morte-de-professora-diz-gerente-de-banco\/","title":{"rendered":"Caso Larissa: marido pagou conta e tentou fazer transfer\u00eancia ap\u00f3s morte de professora, diz gerente de banco"},"content":{"rendered":"<p> <br \/>\n<\/p>\n<div>\n<p>Um <strong>gerente de banco <\/strong>prestou depoimento \u00e0 <strong>pol\u00edcia<\/strong> e revelou que <strong>Luiz Ant\u00f4nio Garnica<\/strong>, marido da <strong>professora Larissa Rodrigues<\/strong>, envenenada em mar\u00e7o deste ano, em <strong>Ribeir\u00e3o Preto<\/strong>, tentou acessar a conta banc\u00e1ria da mulher logo ap\u00f3s a morte dela.<\/p>\n<p><em>FIQUE POR DENTRO: Confira a cobertura completa sobre o caso Larissa Rodrigues<\/em><\/p>\n<p>O gerente da ag\u00eancia de <strong>Pontal<\/strong>, na <strong>regi\u00e3o de Ribeir\u00e3o Preto<\/strong>, foi ouvido na semana passada. No m\u00eas passado, o advogado que representa a fam\u00edlia da professora, informou que a <strong>conta banc\u00e1ria dela havia sido movimentada ap\u00f3s a morte<\/strong>.<\/p>\n<p>De acordo com o documento obtido pela <strong>EPTV<\/strong>, a testemunha disse que o m\u00e9dico procurou a institui\u00e7\u00e3o perguntando se <strong>poderia movimentar os valores que estavam na conta da esposa<\/strong>, tendo em vista que ele foi orientado a abrir um invent\u00e1rio.<\/p>\n<p>Ele tamb\u00e9m disse que <strong>Luiz <\/strong>questionou se <strong>haveria alguma forma de acessar o aplicativo banc\u00e1rio de Larissa para transferir os valores guardados na poupan\u00e7a<\/strong>.<\/p>\n<p>No documento ainda consta que <strong>Luiz <\/strong>utilizou o cart\u00e3o banc\u00e1rio da professora, na fun\u00e7\u00e3o d\u00e9bito, para o pagamento de uma conta no valor de <strong>R$ 2,5 mil em uma farm\u00e1cia<\/strong>, ap\u00f3s a morte da mulher.<\/p>\n<figure class=\"wp-block-gallery has-nested-images columns-default is-cropped wp-block-gallery-1 is-layout-flex wp-block-gallery-is-layout-flex\">\n<figure class=\"wp-block-image size-large\"><img data-recalc-dims=\"1\" fetchpriority=\"high\" decoding=\"async\" width=\"1024\" height=\"576\" data-id=\"119306\" src=\"https:\/\/i0.wp.com\/www.acidadeon.com\/ribeiraopreto\/wp-content\/uploads\/sites\/3\/2025\/06\/Copia-de-Copia-de-Copia-de-TAMANHO-EXATO-PARA-FOTOS-NO-SISTEMA-NOVO-2025-06-09T134116.419_2025-06-09_16-41-28-1024x576.webp?resize=1024%2C576&#038;ssl=1\" alt=\"\" class=\"wp-image-119306\" srcset=\"https:\/\/www.acidadeon.com\/ribeiraopreto\/wp-content\/uploads\/sites\/3\/2025\/06\/Copia-de-Copia-de-Copia-de-TAMANHO-EXATO-PARA-FOTOS-NO-SISTEMA-NOVO-2025-06-09T134116.419_2025-06-09_16-41-28-1024x576.webp 1024w, https:\/\/www.acidadeon.com\/ribeiraopreto\/wp-content\/uploads\/sites\/3\/2025\/06\/Copia-de-Copia-de-Copia-de-TAMANHO-EXATO-PARA-FOTOS-NO-SISTEMA-NOVO-2025-06-09T134116.419_2025-06-09_16-41-28-300x169.webp 300w, https:\/\/www.acidadeon.com\/ribeiraopreto\/wp-content\/uploads\/sites\/3\/2025\/06\/Copia-de-Copia-de-Copia-de-TAMANHO-EXATO-PARA-FOTOS-NO-SISTEMA-NOVO-2025-06-09T134116.419_2025-06-09_16-41-28-768x432.webp 768w, https:\/\/www.acidadeon.com\/ribeiraopreto\/wp-content\/uploads\/sites\/3\/2025\/06\/Copia-de-Copia-de-Copia-de-TAMANHO-EXATO-PARA-FOTOS-NO-SISTEMA-NOVO-2025-06-09T134116.419_2025-06-09_16-41-28-696x392.webp 696w, https:\/\/www.acidadeon.com\/ribeiraopreto\/wp-content\/uploads\/sites\/3\/2025\/06\/Copia-de-Copia-de-Copia-de-TAMANHO-EXATO-PARA-FOTOS-NO-SISTEMA-NOVO-2025-06-09T134116.419_2025-06-09_16-41-28-1068x601.webp 1068w, https:\/\/www.acidadeon.com\/ribeiraopreto\/wp-content\/uploads\/sites\/3\/2025\/06\/Copia-de-Copia-de-Copia-de-TAMANHO-EXATO-PARA-FOTOS-NO-SISTEMA-NOVO-2025-06-09T134116.419_2025-06-09_16-41-28.webp 1200w\" sizes=\"(max-width: 1024px) 100vw, 1024px\"\/><figcaption class=\"wp-element-caption\">Trecho de documento obtido \u2013 Foto: reprodu\u00e7\u00e3o\/ EPTV.<\/figcaption><\/figure>\n<figure class=\"wp-block-image size-large\"><img data-recalc-dims=\"1\" loading=\"lazy\" decoding=\"async\" width=\"1024\" height=\"576\" data-id=\"119307\" src=\"https:\/\/i0.wp.com\/www.acidadeon.com\/ribeiraopreto\/wp-content\/uploads\/sites\/3\/2025\/06\/Copia-de-Copia-de-Copia-de-TAMANHO-EXATO-PARA-FOTOS-NO-SISTEMA-NOVO-2025-06-09T134045.626_2025-06-09_16-41-30-1024x576.webp?resize=1024%2C576&#038;ssl=1\" alt=\"\" class=\"wp-image-119307\" srcset=\"https:\/\/www.acidadeon.com\/ribeiraopreto\/wp-content\/uploads\/sites\/3\/2025\/06\/Copia-de-Copia-de-Copia-de-TAMANHO-EXATO-PARA-FOTOS-NO-SISTEMA-NOVO-2025-06-09T134045.626_2025-06-09_16-41-30-1024x576.webp 1024w, https:\/\/www.acidadeon.com\/ribeiraopreto\/wp-content\/uploads\/sites\/3\/2025\/06\/Copia-de-Copia-de-Copia-de-TAMANHO-EXATO-PARA-FOTOS-NO-SISTEMA-NOVO-2025-06-09T134045.626_2025-06-09_16-41-30-300x169.webp 300w, https:\/\/www.acidadeon.com\/ribeiraopreto\/wp-content\/uploads\/sites\/3\/2025\/06\/Copia-de-Copia-de-Copia-de-TAMANHO-EXATO-PARA-FOTOS-NO-SISTEMA-NOVO-2025-06-09T134045.626_2025-06-09_16-41-30-768x432.webp 768w, https:\/\/www.acidadeon.com\/ribeiraopreto\/wp-content\/uploads\/sites\/3\/2025\/06\/Copia-de-Copia-de-Copia-de-TAMANHO-EXATO-PARA-FOTOS-NO-SISTEMA-NOVO-2025-06-09T134045.626_2025-06-09_16-41-30-696x392.webp 696w, https:\/\/www.acidadeon.com\/ribeiraopreto\/wp-content\/uploads\/sites\/3\/2025\/06\/Copia-de-Copia-de-Copia-de-TAMANHO-EXATO-PARA-FOTOS-NO-SISTEMA-NOVO-2025-06-09T134045.626_2025-06-09_16-41-30-1068x601.webp 1068w, https:\/\/www.acidadeon.com\/ribeiraopreto\/wp-content\/uploads\/sites\/3\/2025\/06\/Copia-de-Copia-de-Copia-de-TAMANHO-EXATO-PARA-FOTOS-NO-SISTEMA-NOVO-2025-06-09T134045.626_2025-06-09_16-41-30.webp 1200w\" sizes=\"auto, (max-width: 1024px) 100vw, 1024px\"\/><figcaption class=\"wp-element-caption\">Trecho de documento obtido \u2013 Foto: reprodu\u00e7\u00e3o\/ EPTV.<\/figcaption><\/figure>\n<\/figure>\n<p>Ainda de acordo com o documento, <strong>Garnica <\/strong><mark style=\"background-color:#fcb900\" class=\"has-inline-color\">ligou diversas vezes para o gerente banc\u00e1rio<\/mark> e <strong>se mostrou ansioso para acessar o dinheiro que estava na conta da professora<\/strong>.<\/p>\n<p>O declarante disse que a conta da professora n\u00e3o era da <strong>ag\u00eancia de Pontal<\/strong> e achou estranho <strong>Luiz <\/strong>n\u00e3o ter procurado a <strong>institui\u00e7\u00e3o em Ribeir\u00e3o<\/strong>.<\/p>\n<h2 class=\"wp-block-heading\"><strong>Crime pode ter motiva\u00e7\u00e3o patrimonial<\/strong><\/h2>\n<p>As informa\u00e7\u00f5es foram integradas ao inqu\u00e9rito e se juntam a outras evid\u00eancias que v\u00eam sendo analisadas pelos investigadores, que trabalham com a <strong>hip\u00f3tese de que o crime possa ter motiva\u00e7\u00e3o patrimonial<\/strong>.<\/p>\n<p>De acordo com o <strong>MP-SP (Minist\u00e9rio P\u00fablico de S\u00e3o Paulo)<\/strong>, Larissa teria enviado ao marido mensagens pedindo o div\u00f3rcio. A mulher apontada como <strong>amante do m\u00e9dico<\/strong> disse aos policiais que <strong>Luiz <\/strong>teria falado que estava preocupado com a partilha dos bens em caso de um div\u00f3rcio com Larissa.<\/p>\n<figure class=\"wp-block-pullquote\">\n<blockquote>\n<p>O que a investiga\u00e7\u00e3o aponta, at\u00e9 o momento, \u00e9 bom deixar claro, \u00e9 que a v\u00edtima tensionava, buscava o div\u00f3rcio do investigado. Ent\u00e3o, me parece que a motiva\u00e7\u00e3o do crime \u00e9 com rela\u00e7\u00e3o ao pedido de div\u00f3rcio<\/p>\n<p><cite>disse o promotor de Justi\u00e7a, Marcus Tulio Nicolino<\/cite><\/p><\/blockquote>\n<\/figure>\n<p>Vale dizer que o pai de Larissa disse \u00e0 pol\u00edcia que <strong>Elizabete Arraba\u00e7a<\/strong>, sogra da v\u00edtima e suspeita do crime, tinha dito que ela e o filho estavam com <strong>problemas financeiros<\/strong>. <mark style=\"background-color:#fcb900\" class=\"has-inline-color\">O pai de Luiz, inclusive, <\/mark><mark style=\"background-color:#fcb900\" class=\"has-inline-color has-vivid-cyan-blue-color\">chegou a realizar um empr\u00e9stimo de R$ 5 mil pouco tempo antes da morte de Larissa<\/mark>.<\/p>\n<h3 class=\"wp-block-heading\"><strong>O outro lado<\/strong><\/h3>\n<p>A defesa de <strong>Luiz<\/strong> disse que ele pagou algumas contas, inclusive as contas da Larissa e que n\u00e3o mexeu na heran\u00e7a que ela recebeu. Al\u00e9m disso, ele afirmou que o m\u00e9dico possui patrim\u00f4nio pr\u00f3prio e n\u00e3o depende do dinheiro da professora.<\/p>\n<p><em>*Com informa\u00e7\u00f5es da EPTV<\/em><\/p>\n<hr class=\"wp-block-separator has-alpha-channel-opacity\"\/>\n<p>SAIBA MAIS<\/p>\n<p>Criminosos agridem empres\u00e1rio e o mant\u00eam em c\u00e1rcere em motel de Ribeir\u00e3o Preto<\/p>\n<h3 class=\"wp-block-heading\"><strong>FIQUE ON<\/strong><\/h3>\n<p>Quer ficar por dentro de tudo que acontece em Ribeir\u00e3o Preto e regi\u00e3o? Ent\u00e3o siga os perfis do\u202facidade on\u202fno\u202f<a href=\"https:\/\/www.instagram.com\/acidadeonribeirao\" target=\"_blank\" rel=\"noreferrer noopener\">Instagram<\/a>\u202fe no\u202f<a href=\"https:\/\/www.facebook.com\/acidadeonribeirao\/\" target=\"_blank\" rel=\"noreferrer noopener\">Facebook<\/a>.<\/p>\n<p>Al\u00e9m disso, voc\u00ea pode receber as principais not\u00edcias diretamente no WhatsApp. Para isso, basta\u00a0<a href=\"https:\/\/chat.whatsapp.com\/BjKQZ9oJwlz8VVT50NuePq\" target=\"_blank\" rel=\"noreferrer noopener\">entrar no grupo clicando aqui<\/a>.<\/p>\n<p>Por fim, se quiser fazer uma den\u00fancia ou sugerir uma reportagem sobre Ribeir\u00e3o Preto e regi\u00e3o, envie uma mensagem pelo WhatsApp: (16) 99117-7802.<\/p>\n<p><strong>VEJA TAMB\u00c9M<\/strong><\/p>\n<p>O que aconteceu com Pedro Vasconcelos?<\/p>\n<p><!-- CONTENT END 1 -->\n<\/div>\n<p><script async src=\"\/\/www.instagram.com\/embed.js\"><\/script><br \/>\n<br \/><br \/>\n<br \/><a href=\"https:\/\/www.acidadeon.com\/ribeiraopreto\/cotidiano\/caso-larissa-marido-pagou-conta-e-tentou-fazer-transferencia-apos-morte-de-professora-diz-gerente-de-banco\/\">Source link <\/a><\/p>\n","protected":false},"excerpt":{"rendered":"<p>Um gerente de banco prestou depoimento \u00e0 pol\u00edcia e revelou que Luiz Ant\u00f4nio Garnica, marido da professora Larissa Rodrigues, envenenada em mar\u00e7o deste ano, em&#8230;<\/p>\n","protected":false},"author":1,"featured_media":70109,"comment_status":"open","ping_status":"open","sticky":false,"template":"","format":"standard","meta":{"advanced_seo_description":"","jetpack_seo_html_title":"","jetpack_seo_noindex":false,"jetpack_post_was_ever_published":false,"_jetpack_newsletter_access":"","_jetpack_dont_email_post_to_subs":false,"_jetpack_newsletter_tier_id":0,"_jetpack_memberships_contains_paywalled_content":false,"_jetpack_memberships_contains_paid_content":false,"footnotes":"","jetpack_publicize_message":"","jetpack_publicize_feature_enabled":true,"jetpack_social_post_already_shared":true,"jetpack_social_options":{"image_generator_settings":{"template":"highway","default_image_id":0,"font":"","enabled":false},"version":2}},"categories":[11],"tags":[],"class_list":["post-71732","post","type-post","status-publish","format-standard","has-post-thumbnail","hentry","category-noticias-de-ribeirao-preto-sp-e-regiao-ismael-colosi"],"jetpack_publicize_connections":[],"jetpack_featured_media_url":"https:\/\/i0.wp.com\/noticiasribeiraopreto.com.br\/wp-content\/uploads\/2025\/05\/Copia-de-Copia-de-Copia-de-TAMANHO-EXATO-PARA-FOTOS-NO-SISTEMA-NOVO-61_2025-05-11_18-41-35.webp.webp?fit=1200%2C675&ssl=1","jetpack-related-posts":[{"id":69803,"url":"https:\/\/noticiasribeiraopreto.com.br\/index.php\/2025\/05\/09\/caso-larissa-advogado-revela-movimentacao-de-conta-de-professora-morta-em-ribeirao-preto\/","url_meta":{"origin":71732,"position":0},"title":"Caso Larissa: Advogado revela movimenta\u00e7\u00e3o de conta de professora morta em Ribeir\u00e3o Preto","author":"noticiasribeiraopreto.com.br","date":"9 de May de 2025","format":false,"excerpt":"O advogado Matheus Fernando da Silva, que representa a fam\u00edlia da professora Larissa Talle Le\u00f4ncio Rodrigues, revela que a conta banc\u00e1ria dela foi movimentada ap\u00f3s a morte. A professora foi encontrada sem vida no dia 22 de mar\u00e7o em um apartamento no Jardim Bot\u00e2nico, na zona Sul de Ribeir\u00e3o Preto.\u2026","rel":"","context":"In &quot;Not\u00edcias de Ribeir\u00e3o Preto-SP e Regi\u00e3o&quot;","block_context":{"text":"Not\u00edcias de Ribeir\u00e3o Preto-SP e Regi\u00e3o","link":"https:\/\/noticiasribeiraopreto.com.br\/index.php\/category\/noticias-de-ribeirao-preto-sp-e-regiao-ismael-colosi\/"},"img":{"alt_text":"","src":"https:\/\/i0.wp.com\/noticiasribeiraopreto.com.br\/wp-content\/uploads\/2025\/05\/larissa_2025-05-09_12-39-48.webp.webp?fit=974%2C585&ssl=1&resize=350%2C200","width":350,"height":200,"srcset":"https:\/\/i0.wp.com\/noticiasribeiraopreto.com.br\/wp-content\/uploads\/2025\/05\/larissa_2025-05-09_12-39-48.webp.webp?fit=974%2C585&ssl=1&resize=350%2C200 1x, https:\/\/i0.wp.com\/noticiasribeiraopreto.com.br\/wp-content\/uploads\/2025\/05\/larissa_2025-05-09_12-39-48.webp.webp?fit=974%2C585&ssl=1&resize=525%2C300 1.5x, https:\/\/i0.wp.com\/noticiasribeiraopreto.com.br\/wp-content\/uploads\/2025\/05\/larissa_2025-05-09_12-39-48.webp.webp?fit=974%2C585&ssl=1&resize=700%2C400 2x"},"classes":[]},{"id":69501,"url":"https:\/\/noticiasribeiraopreto.com.br\/index.php\/2025\/05\/06\/caso-larissa-marido-e-sogra-sao-presos-suspeitos-pela-morte-de-professora-em-ribeirao\/","url_meta":{"origin":71732,"position":1},"title":"Caso Larissa: Marido e sogra s\u00e3o presos suspeitos pela morte de professora\u00a0em\u00a0Ribeir\u00e3o","author":"noticiasribeiraopreto.com.br","date":"6 de May de 2025","format":false,"excerpt":"Na tarde desta ter\u00e7a-feira (6), a Pol\u00edcia Civil de Ribeir\u00e3o Preto decretou a pris\u00e3o do m\u00e9dico Luiz Antonio Garnica e de sua m\u00e3e, Elizabete. Eles s\u00e3o marido e sogra de Larissa Talle Le\u00f4ncio Rodrigues, professora de pilates encontrada morta no dia 22 de mar\u00e7o em um apartamento no Jardim Bot\u00e2nico.\u2026","rel":"","context":"In &quot;Not\u00edcias de Ribeir\u00e3o Preto-SP e Regi\u00e3o&quot;","block_context":{"text":"Not\u00edcias de Ribeir\u00e3o Preto-SP e Regi\u00e3o","link":"https:\/\/noticiasribeiraopreto.com.br\/index.php\/category\/noticias-de-ribeirao-preto-sp-e-regiao-ismael-colosi\/"},"img":{"alt_text":"","src":"https:\/\/i0.wp.com\/noticiasribeiraopreto.com.br\/wp-content\/uploads\/2025\/05\/Copia-de-Copia-de-Copia-de-TAMANHO-EXATO-PARA-FOTOS-NO-SISTEMA-NOVO-44_2025-05-06_19-58-00.webp.webp?fit=1200%2C675&ssl=1&resize=350%2C200","width":350,"height":200,"srcset":"https:\/\/i0.wp.com\/noticiasribeiraopreto.com.br\/wp-content\/uploads\/2025\/05\/Copia-de-Copia-de-Copia-de-TAMANHO-EXATO-PARA-FOTOS-NO-SISTEMA-NOVO-44_2025-05-06_19-58-00.webp.webp?fit=1200%2C675&ssl=1&resize=350%2C200 1x, https:\/\/i0.wp.com\/noticiasribeiraopreto.com.br\/wp-content\/uploads\/2025\/05\/Copia-de-Copia-de-Copia-de-TAMANHO-EXATO-PARA-FOTOS-NO-SISTEMA-NOVO-44_2025-05-06_19-58-00.webp.webp?fit=1200%2C675&ssl=1&resize=525%2C300 1.5x, https:\/\/i0.wp.com\/noticiasribeiraopreto.com.br\/wp-content\/uploads\/2025\/05\/Copia-de-Copia-de-Copia-de-TAMANHO-EXATO-PARA-FOTOS-NO-SISTEMA-NOVO-44_2025-05-06_19-58-00.webp.webp?fit=1200%2C675&ssl=1&resize=700%2C400 2x, https:\/\/i0.wp.com\/noticiasribeiraopreto.com.br\/wp-content\/uploads\/2025\/05\/Copia-de-Copia-de-Copia-de-TAMANHO-EXATO-PARA-FOTOS-NO-SISTEMA-NOVO-44_2025-05-06_19-58-00.webp.webp?fit=1200%2C675&ssl=1&resize=1050%2C600 3x"},"classes":[]},{"id":73226,"url":"https:\/\/noticiasribeiraopreto.com.br\/index.php\/2025\/06\/27\/caso-larissa-marido-e-sogra-sao-indiciados-por-morte-de-professora-envenenada-em-ribeirao\/","url_meta":{"origin":71732,"position":2},"title":"Caso Larissa: Marido e sogra s\u00e3o indiciados por morte de professora envenenada em Ribeir\u00e3o","author":"noticiasribeiraopreto.com.br","date":"27 de June de 2025","format":false,"excerpt":"A Pol\u00edcia Civil concluiu, nesta sexta-feira (27), a investiga\u00e7\u00e3o sobre a morte da professora de pilates Larissa Rodrigues, envenenada em mar\u00e7o deste ano em Ribeir\u00e3o Preto. >>>FIQUE POR DENTRO: Confira a cobertura completa sobre o caso Larissa Durante coletiva de imprensa, os delegados Fernando Bravo e Jos\u00e9 Carvalho de Ara\u00fajo\u2026","rel":"","context":"In &quot;Not\u00edcias de Ribeir\u00e3o Preto-SP e Regi\u00e3o&quot;","block_context":{"text":"Not\u00edcias de Ribeir\u00e3o Preto-SP e Regi\u00e3o","link":"https:\/\/noticiasribeiraopreto.com.br\/index.php\/category\/noticias-de-ribeirao-preto-sp-e-regiao-ismael-colosi\/"},"img":{"alt_text":"","src":"https:\/\/i0.wp.com\/noticiasribeiraopreto.com.br\/wp-content\/uploads\/2025\/06\/larissa_2025-05-09_12-39-48.webp.webp?fit=974%2C585&ssl=1&resize=350%2C200","width":350,"height":200,"srcset":"https:\/\/i0.wp.com\/noticiasribeiraopreto.com.br\/wp-content\/uploads\/2025\/06\/larissa_2025-05-09_12-39-48.webp.webp?fit=974%2C585&ssl=1&resize=350%2C200 1x, https:\/\/i0.wp.com\/noticiasribeiraopreto.com.br\/wp-content\/uploads\/2025\/06\/larissa_2025-05-09_12-39-48.webp.webp?fit=974%2C585&ssl=1&resize=525%2C300 1.5x, https:\/\/i0.wp.com\/noticiasribeiraopreto.com.br\/wp-content\/uploads\/2025\/06\/larissa_2025-05-09_12-39-48.webp.webp?fit=974%2C585&ssl=1&resize=700%2C400 2x"},"classes":[]},{"id":76940,"url":"https:\/\/noticiasribeiraopreto.com.br\/index.php\/2025\/09\/09\/caso-larissa-justica-ouve-testemunhas-sobre-morte-de-professora-por-envenenamento\/","url_meta":{"origin":71732,"position":3},"title":"Caso Larissa: Justi\u00e7a ouve testemunhas sobre morte de professora por envenenamento","author":"noticiasribeiraopreto.com.br","date":"9 de September de 2025","format":false,"excerpt":"A Justi\u00e7a de Ribeir\u00e3o Preto come\u00e7a a ouvir, nesta ter\u00e7a-feira (9), as testemunhas de acusa\u00e7\u00e3o no caso da professora Larissa Rodrigues, de 37 anos, morta por envenenamento em mar\u00e7o. Os r\u00e9us s\u00e3o a sogra, Elizabete Arraba\u00e7a, e o marido, o m\u00e9dico Luiz Garnica, que est\u00e3o presos desde maio e negam\u2026","rel":"","context":"In &quot;Not\u00edcias de Ribeir\u00e3o Preto-SP e Regi\u00e3o&quot;","block_context":{"text":"Not\u00edcias de Ribeir\u00e3o Preto-SP e Regi\u00e3o","link":"https:\/\/noticiasribeiraopreto.com.br\/index.php\/category\/noticias-de-ribeirao-preto-sp-e-regiao-ismael-colosi\/"},"img":{"alt_text":"","src":"https:\/\/i0.wp.com\/noticiasribeiraopreto.com.br\/wp-content\/uploads\/2025\/07\/Copia-de-Copia-de-Copia-de-TAMANHO-EXATO-PARA-FOTOS-NO-SISTEMA-NOVO-2025-07-01T135245.697_2025-07-01_16-52-51.webp.webp?fit=1200%2C675&ssl=1&resize=350%2C200","width":350,"height":200,"srcset":"https:\/\/i0.wp.com\/noticiasribeiraopreto.com.br\/wp-content\/uploads\/2025\/07\/Copia-de-Copia-de-Copia-de-TAMANHO-EXATO-PARA-FOTOS-NO-SISTEMA-NOVO-2025-07-01T135245.697_2025-07-01_16-52-51.webp.webp?fit=1200%2C675&ssl=1&resize=350%2C200 1x, https:\/\/i0.wp.com\/noticiasribeiraopreto.com.br\/wp-content\/uploads\/2025\/07\/Copia-de-Copia-de-Copia-de-TAMANHO-EXATO-PARA-FOTOS-NO-SISTEMA-NOVO-2025-07-01T135245.697_2025-07-01_16-52-51.webp.webp?fit=1200%2C675&ssl=1&resize=525%2C300 1.5x, https:\/\/i0.wp.com\/noticiasribeiraopreto.com.br\/wp-content\/uploads\/2025\/07\/Copia-de-Copia-de-Copia-de-TAMANHO-EXATO-PARA-FOTOS-NO-SISTEMA-NOVO-2025-07-01T135245.697_2025-07-01_16-52-51.webp.webp?fit=1200%2C675&ssl=1&resize=700%2C400 2x, https:\/\/i0.wp.com\/noticiasribeiraopreto.com.br\/wp-content\/uploads\/2025\/07\/Copia-de-Copia-de-Copia-de-TAMANHO-EXATO-PARA-FOTOS-NO-SISTEMA-NOVO-2025-07-01T135245.697_2025-07-01_16-52-51.webp.webp?fit=1200%2C675&ssl=1&resize=1050%2C600 3x"},"classes":[]},{"id":69596,"url":"https:\/\/noticiasribeiraopreto.com.br\/index.php\/2025\/05\/07\/nao-tenho-culpa-de-nada-diz-sogra-da-professora-larissa-apos-prisao-em-ribeirao\/","url_meta":{"origin":71732,"position":4},"title":"\u2018N\u00e3o tenho culpa de nada\u2019, diz sogra da professora Larissa ap\u00f3s pris\u00e3o em Ribeir\u00e3o","author":"noticiasribeiraopreto.com.br","date":"7 de May de 2025","format":false,"excerpt":"Elizabete Arraba\u00e7a, sogra da professora Larissa Talle Le\u00f4ncio Rodrigues, morta no \u00faltimo m\u00eas de mar\u00e7o, em Ribeir\u00e3o Preto, se manifestou nesta quarta-feira (7) sobre a pris\u00e3o ocorrida ontem. Elizabete afirma que n\u00e3o tem culpa. \u201cN\u00e3o tenho culpa de nada, gente. Para com isso. \u00c9 pecado. Voc\u00eas est\u00e3o fazendo isso. \u00c9\u2026","rel":"","context":"In &quot;Not\u00edcias de Ribeir\u00e3o Preto-SP e Regi\u00e3o&quot;","block_context":{"text":"Not\u00edcias de Ribeir\u00e3o Preto-SP e Regi\u00e3o","link":"https:\/\/noticiasribeiraopreto.com.br\/index.php\/category\/noticias-de-ribeirao-preto-sp-e-regiao-ismael-colosi\/"},"img":{"alt_text":"","src":"https:\/\/i0.wp.com\/noticiasribeiraopreto.com.br\/wp-content\/uploads\/2025\/05\/elizabeth_2025-05-07_16-18-11.webp.webp?fit=1200%2C700&ssl=1&resize=350%2C200","width":350,"height":200,"srcset":"https:\/\/i0.wp.com\/noticiasribeiraopreto.com.br\/wp-content\/uploads\/2025\/05\/elizabeth_2025-05-07_16-18-11.webp.webp?fit=1200%2C700&ssl=1&resize=350%2C200 1x, https:\/\/i0.wp.com\/noticiasribeiraopreto.com.br\/wp-content\/uploads\/2025\/05\/elizabeth_2025-05-07_16-18-11.webp.webp?fit=1200%2C700&ssl=1&resize=525%2C300 1.5x, https:\/\/i0.wp.com\/noticiasribeiraopreto.com.br\/wp-content\/uploads\/2025\/05\/elizabeth_2025-05-07_16-18-11.webp.webp?fit=1200%2C700&ssl=1&resize=700%2C400 2x, https:\/\/i0.wp.com\/noticiasribeiraopreto.com.br\/wp-content\/uploads\/2025\/05\/elizabeth_2025-05-07_16-18-11.webp.webp?fit=1200%2C700&ssl=1&resize=1050%2C600 3x"},"classes":[]},{"id":69484,"url":"https:\/\/noticiasribeiraopreto.com.br\/index.php\/2025\/05\/06\/marido-e-mae-sao-presos-suspeitos-pela-morte-de-larissa\/","url_meta":{"origin":71732,"position":5},"title":"Marido e m\u00e3e s\u00e3o presos suspeitos pela morte de Larissa","author":"noticiasribeiraopreto.com.br","date":"6 de May de 2025","format":false,"excerpt":"6 de maio de 2025 17:335 Compartilhar0 A Pol\u00edcia Civil prendeu nesta ter\u00e7a-feira (6) o m\u00e9dico Luiz Ant\u00f4nio Garnica e sua m\u00e3e, Elizabeth Eug\u00eanio, suspeitos de envolvimento na morte da professora Larissa Talle Le\u00f4ncio Rodrigues, de 37 anos, encontrada morta em seu apartamento em Ribeir\u00e3o Preto no dia 22 de\u2026","rel":"","context":"In &quot;Not\u00edcias de Ribeir\u00e3o Preto-SP e Regi\u00e3o&quot;","block_context":{"text":"Not\u00edcias de Ribeir\u00e3o Preto-SP e Regi\u00e3o","link":"https:\/\/noticiasribeiraopreto.com.br\/index.php\/category\/noticias-de-ribeirao-preto-sp-e-regiao-ismael-colosi\/"},"img":{"alt_text":"","src":"https:\/\/i0.wp.com\/noticiasribeiraopreto.com.br\/wp-content\/uploads\/2025\/05\/1746563812_05-mai-2025-professorabotanico2.jpg?fit=476%2C380&ssl=1&resize=350%2C200","width":350,"height":200},"classes":[]}],"jetpack_sharing_enabled":true,"jetpack_shortlink":"https:\/\/wp.me\/peQAOb-iEY","_links":{"self":[{"href":"https:\/\/noticiasribeiraopreto.com.br\/index.php\/wp-json\/wp\/v2\/posts\/71732","targetHints":{"allow":["GET"]}}],"collection":[{"href":"https:\/\/noticiasribeiraopreto.com.br\/index.php\/wp-json\/wp\/v2\/posts"}],"about":[{"href":"https:\/\/noticiasribeiraopreto.com.br\/index.php\/wp-json\/wp\/v2\/types\/post"}],"author":[{"embeddable":true,"href":"https:\/\/noticiasribeiraopreto.com.br\/index.php\/wp-json\/wp\/v2\/users\/1"}],"replies":[{"embeddable":true,"href":"https:\/\/noticiasribeiraopreto.com.br\/index.php\/wp-json\/wp\/v2\/comments?post=71732"}],"version-history":[{"count":0,"href":"https:\/\/noticiasribeiraopreto.com.br\/index.php\/wp-json\/wp\/v2\/posts\/71732\/revisions"}],"wp:featuredmedia":[{"embeddable":true,"href":"https:\/\/noticiasribeiraopreto.com.br\/index.php\/wp-json\/wp\/v2\/media\/70109"}],"wp:attachment":[{"href":"https:\/\/noticiasribeiraopreto.com.br\/index.php\/wp-json\/wp\/v2\/media?parent=71732"}],"wp:term":[{"taxonomy":"category","embeddable":true,"href":"https:\/\/noticiasribeiraopreto.com.br\/index.php\/wp-json\/wp\/v2\/categories?post=71732"},{"taxonomy":"post_tag","embeddable":true,"href":"https:\/\/noticiasribeiraopreto.com.br\/index.php\/wp-json\/wp\/v2\/tags?post=71732"}],"curies":[{"name":"wp","href":"https:\/\/api.w.org\/{rel}","templated":true}]}}