{"id":71733,"date":"2025-06-09T16:53:16","date_gmt":"2025-06-09T19:53:16","guid":{"rendered":"https:\/\/noticiasribeiraopreto.com.br\/index.php\/2025\/06\/09\/caminhada-cultural-resgata-historia-e-memoria-de-bairro-tradicional-de-ribeirao-preto\/"},"modified":"2025-06-09T16:53:16","modified_gmt":"2025-06-09T19:53:16","slug":"caminhada-cultural-resgata-historia-e-memoria-de-bairro-tradicional-de-ribeirao-preto","status":"publish","type":"post","link":"https:\/\/noticiasribeiraopreto.com.br\/index.php\/2025\/06\/09\/caminhada-cultural-resgata-historia-e-memoria-de-bairro-tradicional-de-ribeirao-preto\/","title":{"rendered":"Caminhada cultural resgata hist\u00f3ria e mem\u00f3ria de bairro tradicional de Ribeir\u00e3o Preto"},"content":{"rendered":"<p> <br \/>\n<\/p>\n<div data-td-block-uid=\"tdi_95\">\n<div class=\"tdb-block-inner td-fix-index\">\n<p><strong>No dia 22 de junho<\/strong>, Ribeir\u00e3o Preto recebe a caminhada cultural <em>\u201cAs Mem\u00f3rias da Vila Tib\u00e9rio\u201d<\/em>, com a participa\u00e7\u00e3o do professor Felipe Souza e da produtora cultural Juliana Petrucelli. <strong>A atividade tem como objetivo destacar a import\u00e2ncia hist\u00f3rica e urbana do bairro Vila Tib\u00e9rio<\/strong>, um dos mais antigos do munic\u00edpio.<\/p>\n<p><strong>A atividade \u00e9 aberta ao p\u00fablico e n\u00e3o exige inscri\u00e7\u00e3o pr\u00e9via.<\/strong><\/p>\n<p>A Vila Tib\u00e9rio foi um dos primeiros loteamentos implantados fora do centro da cidade. O bairro <strong>re\u00fane um conjunto relevante de constru\u00e7\u00f5es<\/strong>, <strong>monumentos <\/strong>e<strong> espa\u00e7os de mem\u00f3ria <\/strong>que ajudam a entender a expans\u00e3o urbana e o desenvolvimento social e cultural de<strong> Ribeir\u00e3o Preto.<\/strong><\/p>\n<p>Durante o percurso, <strong>os participantes poder\u00e3o conhecer pontos de interesse considerados patrim\u00f4nio hist\u00f3rico municipal<\/strong>, como a<strong> Escola Sinh\u00e1 Junqueira<\/strong>, a <strong>Igreja Cora\u00e7\u00e3o de Maria<\/strong>, o <strong>Lar Santana <\/strong>e a antiga <strong>Caixa D\u2019\u00e1gua<\/strong>, al\u00e9m de diversas edifica\u00e7\u00f5es com caracter\u00edsticas arquitet\u00f4nicas do s\u00e9culo XX.<\/p>\n<p>A Caminhada Cultural busca promover o reconhecimento do territ\u00f3rio e o acesso \u00e0 hist\u00f3ria local, incentivando o contato direto com os marcos urbanos e culturais da cidade.<\/p>\n<hr class=\"wp-block-separator has-alpha-channel-opacity\"\/>\n<p>SAIBA MAIS<\/p>\n<p>Tenores apresentam espet\u00e1culo rom\u00e2ntico no Dia dos Namorados em Ribeir\u00e3o Preto<\/p>\n<h3 class=\"wp-block-heading\"><strong>FIQUE ON<\/strong><\/h3>\n<p>Fique ligado em tudo que acontece em Ribeir\u00e3o Preto e regi\u00e3o. Siga os perfis do <strong>acidade on <\/strong>no <a href=\"https:\/\/www.instagram.com\/acidadeonribeirao\" target=\"_blank\" rel=\"noreferrer noopener\">Instagram<\/a> e no <a href=\"https:\/\/www.facebook.com\/acidadeonribeirao\" target=\"_blank\" rel=\"noreferrer noopener\">Facebook<\/a>.<\/p>\n<p>Receba not\u00edcias do acidade on no WhatsApp. Para entrar no grupo, basta <a href=\"https:\/\/chat.whatsapp.com\/BjKQZ9oJwlz8VVT50NuePq\" target=\"_blank\" rel=\"noreferrer noopener\">clicar aqui<\/a>.<\/p>\n<p>Fa\u00e7a uma den\u00fancia ou sugira uma reportagem sobre Ribeir\u00e3o Preto e regi\u00e3o pelo WhatsApp: 16 99117 7802.<\/p>\n<p>VEJA TAMB\u00c9M<\/p>\n<p>Por que Ana Maria Braga estava afastada do \u2018Mais Voc\u00ea\u2019?<\/p>\n<p><!-- CONTENT END 1 -->\n<\/div>\n<\/div>\n<p><script async src=\"\/\/www.instagram.com\/embed.js\"><\/script><br \/>\n<br \/><br \/>\n<br \/><a href=\"https:\/\/www.acidadeon.com\/ribeiraopreto\/lazer-e-cultura\/caminhada-cultural-resgata-historia-e-memoria-de-bairro-tradicional-de-ribeirao-preto\/\">Source link <\/a><\/p>\n","protected":false},"excerpt":{"rendered":"<p>No dia 22 de junho, Ribeir\u00e3o Preto recebe a caminhada cultural \u201cAs Mem\u00f3rias da Vila Tib\u00e9rio\u201d, com a participa\u00e7\u00e3o do professor Felipe Souza e da&#8230;<\/p>\n","protected":false},"author":1,"featured_media":71734,"comment_status":"open","ping_status":"open","sticky":false,"template":"","format":"standard","meta":{"advanced_seo_description":"","jetpack_seo_html_title":"","jetpack_seo_noindex":false,"jetpack_post_was_ever_published":false,"_jetpack_newsletter_access":"","_jetpack_dont_email_post_to_subs":false,"_jetpack_newsletter_tier_id":0,"_jetpack_memberships_contains_paywalled_content":false,"_jetpack_memberships_contains_paid_content":false,"footnotes":"","jetpack_publicize_message":"","jetpack_publicize_feature_enabled":true,"jetpack_social_post_already_shared":true,"jetpack_social_options":{"image_generator_settings":{"template":"highway","default_image_id":0,"font":"","enabled":false},"version":2}},"categories":[11],"tags":[],"class_list":["post-71733","post","type-post","status-publish","format-standard","has-post-thumbnail","hentry","category-noticias-de-ribeirao-preto-sp-e-regiao-ismael-colosi"],"jetpack_publicize_connections":[],"jetpack_featured_media_url":"https:\/\/i0.wp.com\/noticiasribeiraopreto.com.br\/wp-content\/uploads\/2025\/06\/Copia-de-Copia-de-Copia-de-TAMANHO-EXATO-PARA-FOTOS-NO-SISTEMA-NOVO-2025-06-09T145425.280_2025-06-09_17-54-54.webp.webp?fit=1200%2C675&ssl=1","jetpack-related-posts":[{"id":77359,"url":"https:\/\/noticiasribeiraopreto.com.br\/index.php\/2025\/09\/16\/caminhada-cultural-resgata-historia-e-memoria-de-tradicional-bairro-da-zona-oeste-de-ribeirao\/","url_meta":{"origin":71733,"position":0},"title":"Caminhada cultural resgata hist\u00f3ria e mem\u00f3ria de tradicional bairro da zona Oeste de Ribeir\u00e3o","author":"noticiasribeiraopreto.com.br","date":"16 de September de 2025","format":false,"excerpt":"Ribeir\u00e3o Preto ser\u00e1 palco de uma nova atividade que une hist\u00f3ria, cultura e mem\u00f3ria neste domingo (21). Trata-se da caminhada cultural \u201cAs Mem\u00f3rias da Vila Tib\u00e9rio\u201d, tradicional bairro da zona Oeste do munic\u00edpio. A iniciativa busca promover a imers\u00e3o no passado da cidade por meio de um percurso guiado pela\u2026","rel":"","context":"In &quot;Not\u00edcias de Ribeir\u00e3o Preto-SP e Regi\u00e3o&quot;","block_context":{"text":"Not\u00edcias de Ribeir\u00e3o Preto-SP e Regi\u00e3o","link":"https:\/\/noticiasribeiraopreto.com.br\/index.php\/category\/noticias-de-ribeirao-preto-sp-e-regiao-ismael-colosi\/"},"img":{"alt_text":"","src":"https:\/\/i0.wp.com\/noticiasribeiraopreto.com.br\/wp-content\/uploads\/2025\/09\/Copia-de-Copia-de-Copia-de-TAMANHO-EXATO-PARA-FOTOS-NO-SISTEMA-NOVO-2025-06-09T145425.280_2025-06-09_17-54-54.webp.webp?fit=1200%2C675&ssl=1&resize=350%2C200","width":350,"height":200,"srcset":"https:\/\/i0.wp.com\/noticiasribeiraopreto.com.br\/wp-content\/uploads\/2025\/09\/Copia-de-Copia-de-Copia-de-TAMANHO-EXATO-PARA-FOTOS-NO-SISTEMA-NOVO-2025-06-09T145425.280_2025-06-09_17-54-54.webp.webp?fit=1200%2C675&ssl=1&resize=350%2C200 1x, https:\/\/i0.wp.com\/noticiasribeiraopreto.com.br\/wp-content\/uploads\/2025\/09\/Copia-de-Copia-de-Copia-de-TAMANHO-EXATO-PARA-FOTOS-NO-SISTEMA-NOVO-2025-06-09T145425.280_2025-06-09_17-54-54.webp.webp?fit=1200%2C675&ssl=1&resize=525%2C300 1.5x, https:\/\/i0.wp.com\/noticiasribeiraopreto.com.br\/wp-content\/uploads\/2025\/09\/Copia-de-Copia-de-Copia-de-TAMANHO-EXATO-PARA-FOTOS-NO-SISTEMA-NOVO-2025-06-09T145425.280_2025-06-09_17-54-54.webp.webp?fit=1200%2C675&ssl=1&resize=700%2C400 2x, https:\/\/i0.wp.com\/noticiasribeiraopreto.com.br\/wp-content\/uploads\/2025\/09\/Copia-de-Copia-de-Copia-de-TAMANHO-EXATO-PARA-FOTOS-NO-SISTEMA-NOVO-2025-06-09T145425.280_2025-06-09_17-54-54.webp.webp?fit=1200%2C675&ssl=1&resize=1050%2C600 3x"},"classes":[]},{"id":79776,"url":"https:\/\/noticiasribeiraopreto.com.br\/index.php\/2025\/11\/07\/ribeirao-preto-recebe-edicao-especial-de-caminhada-com-resgate-de-memorias-da-vila-tiberio\/","url_meta":{"origin":71733,"position":1},"title":"Ribeir\u00e3o Preto recebe edi\u00e7\u00e3o especial de caminhada com resgate de mem\u00f3rias da Vila Tib\u00e9rio","author":"noticiasribeiraopreto.com.br","date":"7 de November de 2025","format":false,"excerpt":"Ribeir\u00e3o Preto recebe no pr\u00f3ximo domingo (9) uma edi\u00e7\u00e3o especial da caminhada urbana para explorar as ruas da tradicional Vila Tib\u00e9rio, por meio da mem\u00f3ria afetiva e do patrim\u00f4nio cultural. A participa\u00e7\u00e3o \u00e9 gratuita, com inscri\u00e7\u00e3o on-line (clique aqui). Esta edi\u00e7\u00e3o ter\u00e1 a apresenta\u00e7\u00e3o da hist\u00f3ria \u201cLulu, a Casa Abandonada\u2026","rel":"","context":"In &quot;Not\u00edcias de Ribeir\u00e3o Preto-SP e Regi\u00e3o&quot;","block_context":{"text":"Not\u00edcias de Ribeir\u00e3o Preto-SP e Regi\u00e3o","link":"https:\/\/noticiasribeiraopreto.com.br\/index.php\/category\/noticias-de-ribeirao-preto-sp-e-regiao-ismael-colosi\/"},"img":{"alt_text":"","src":"https:\/\/i0.wp.com\/noticiasribeiraopreto.com.br\/wp-content\/uploads\/2025\/07\/caminhada-cultural_2025-07-29_11-40-53.webp.webp?fit=1200%2C823&ssl=1&resize=350%2C200","width":350,"height":200,"srcset":"https:\/\/i0.wp.com\/noticiasribeiraopreto.com.br\/wp-content\/uploads\/2025\/07\/caminhada-cultural_2025-07-29_11-40-53.webp.webp?fit=1200%2C823&ssl=1&resize=350%2C200 1x, https:\/\/i0.wp.com\/noticiasribeiraopreto.com.br\/wp-content\/uploads\/2025\/07\/caminhada-cultural_2025-07-29_11-40-53.webp.webp?fit=1200%2C823&ssl=1&resize=525%2C300 1.5x, https:\/\/i0.wp.com\/noticiasribeiraopreto.com.br\/wp-content\/uploads\/2025\/07\/caminhada-cultural_2025-07-29_11-40-53.webp.webp?fit=1200%2C823&ssl=1&resize=700%2C400 2x, https:\/\/i0.wp.com\/noticiasribeiraopreto.com.br\/wp-content\/uploads\/2025\/07\/caminhada-cultural_2025-07-29_11-40-53.webp.webp?fit=1200%2C823&ssl=1&resize=1050%2C600 3x"},"classes":[]},{"id":74782,"url":"https:\/\/noticiasribeiraopreto.com.br\/index.php\/2025\/07\/29\/vila-tiberio-recebe-caminhada-cultural-gratuita-em-ribeirao-preto-veja-como-participar\/","url_meta":{"origin":71733,"position":2},"title":"Vila Tib\u00e9rio recebe caminhada cultural gratuita em Ribeir\u00e3o Preto; Veja como participar","author":"noticiasribeiraopreto.com.br","date":"29 de July de 2025","format":false,"excerpt":"A Vila Tib\u00e9rio, tradicional bairro na zona Oeste de Ribeir\u00e3o Preto, recebe no pr\u00f3ximo domingo (3), \u00e0s 9h, uma caminhada cultural gratuita aberta ao p\u00fablico em geral. Para participar, por\u00e9m, \u00e9 necess\u00e1rio fazer a inscri\u00e7\u00e3o online (clique aqui). A concentra\u00e7\u00e3o ser\u00e1 na Pra\u00e7a Cora\u00e7\u00e3o de Maria, na rua Martinico Prado,\u2026","rel":"","context":"In &quot;Not\u00edcias de Ribeir\u00e3o Preto-SP e Regi\u00e3o&quot;","block_context":{"text":"Not\u00edcias de Ribeir\u00e3o Preto-SP e Regi\u00e3o","link":"https:\/\/noticiasribeiraopreto.com.br\/index.php\/category\/noticias-de-ribeirao-preto-sp-e-regiao-ismael-colosi\/"},"img":{"alt_text":"","src":"https:\/\/i0.wp.com\/noticiasribeiraopreto.com.br\/wp-content\/uploads\/2025\/07\/caminhada-cultural_2025-07-29_11-40-53.webp.webp?fit=1200%2C823&ssl=1&resize=350%2C200","width":350,"height":200,"srcset":"https:\/\/i0.wp.com\/noticiasribeiraopreto.com.br\/wp-content\/uploads\/2025\/07\/caminhada-cultural_2025-07-29_11-40-53.webp.webp?fit=1200%2C823&ssl=1&resize=350%2C200 1x, https:\/\/i0.wp.com\/noticiasribeiraopreto.com.br\/wp-content\/uploads\/2025\/07\/caminhada-cultural_2025-07-29_11-40-53.webp.webp?fit=1200%2C823&ssl=1&resize=525%2C300 1.5x, https:\/\/i0.wp.com\/noticiasribeiraopreto.com.br\/wp-content\/uploads\/2025\/07\/caminhada-cultural_2025-07-29_11-40-53.webp.webp?fit=1200%2C823&ssl=1&resize=700%2C400 2x, https:\/\/i0.wp.com\/noticiasribeiraopreto.com.br\/wp-content\/uploads\/2025\/07\/caminhada-cultural_2025-07-29_11-40-53.webp.webp?fit=1200%2C823&ssl=1&resize=1050%2C600 3x"},"classes":[]},{"id":81441,"url":"https:\/\/noticiasribeiraopreto.com.br\/index.php\/2026\/01\/06\/visita-guiada-gratuita-apresenta-historia-da-vila-tiberio-aos-moradores-de-ribeirao-preto\/","url_meta":{"origin":71733,"position":3},"title":"Visita guiada gratuita apresenta hist\u00f3ria da Vila Tib\u00e9rio aos moradores de Ribeir\u00e3o Preto","author":"noticiasribeiraopreto.com.br","date":"6 de January de 2026","format":false,"excerpt":"No dia 18 de janeiro, Ribeir\u00e3o Preto recebe o Walking Tour Mem\u00f3rias da Vila Tib\u00e9rio, iniciativa que prop\u00f5e uma imers\u00e3o na hist\u00f3ria de um dos bairros mais tradicionais do munic\u00edpio. A atividade contar\u00e1 com apresenta\u00e7\u00e3o do professor Felipe Souza e coordena\u00e7\u00e3o da produtora cultural Juliana Petrucelli. Vila Tib\u00e9rio Considerada um\u2026","rel":"","context":"In &quot;Not\u00edcias de Ribeir\u00e3o Preto-SP e Regi\u00e3o&quot;","block_context":{"text":"Not\u00edcias de Ribeir\u00e3o Preto-SP e Regi\u00e3o","link":"https:\/\/noticiasribeiraopreto.com.br\/index.php\/category\/noticias-de-ribeirao-preto-sp-e-regiao-ismael-colosi\/"},"img":{"alt_text":"","src":"https:\/\/i0.wp.com\/noticiasribeiraopreto.com.br\/wp-content\/uploads\/2025\/07\/caminhada-cultural_2025-07-29_11-40-53.webp.webp?fit=1200%2C823&ssl=1&resize=350%2C200","width":350,"height":200,"srcset":"https:\/\/i0.wp.com\/noticiasribeiraopreto.com.br\/wp-content\/uploads\/2025\/07\/caminhada-cultural_2025-07-29_11-40-53.webp.webp?fit=1200%2C823&ssl=1&resize=350%2C200 1x, https:\/\/i0.wp.com\/noticiasribeiraopreto.com.br\/wp-content\/uploads\/2025\/07\/caminhada-cultural_2025-07-29_11-40-53.webp.webp?fit=1200%2C823&ssl=1&resize=525%2C300 1.5x, https:\/\/i0.wp.com\/noticiasribeiraopreto.com.br\/wp-content\/uploads\/2025\/07\/caminhada-cultural_2025-07-29_11-40-53.webp.webp?fit=1200%2C823&ssl=1&resize=700%2C400 2x, https:\/\/i0.wp.com\/noticiasribeiraopreto.com.br\/wp-content\/uploads\/2025\/07\/caminhada-cultural_2025-07-29_11-40-53.webp.webp?fit=1200%2C823&ssl=1&resize=1050%2C600 3x"},"classes":[]},{"id":73501,"url":"https:\/\/noticiasribeiraopreto.com.br\/index.php\/2025\/07\/03\/caminhada-cultural-percorre-bairro-historico-de-ribeirao-preto-veja-quando\/","url_meta":{"origin":71733,"position":4},"title":"Caminhada cultural percorre bairro hist\u00f3rico de Ribeir\u00e3o Preto; Veja quando","author":"noticiasribeiraopreto.com.br","date":"3 de July de 2025","format":false,"excerpt":"Ribeir\u00e3o Preto recebe no dia 13 de julho, a partir das 8h30, mais uma edi\u00e7\u00e3o da caminhada cultural \u201cAs Mem\u00f3rias da Avenida Saudade\u201c, promovida pelo projeto Ecos do Passado \u2013 veja como se inscrever abaixo. A atividade convida o p\u00fablico a mergulhar na hist\u00f3ria de Ribeir\u00e3o Preto em um trajeto\u2026","rel":"","context":"In &quot;Not\u00edcias de Ribeir\u00e3o Preto-SP e Regi\u00e3o&quot;","block_context":{"text":"Not\u00edcias de Ribeir\u00e3o Preto-SP e Regi\u00e3o","link":"https:\/\/noticiasribeiraopreto.com.br\/index.php\/category\/noticias-de-ribeirao-preto-sp-e-regiao-ismael-colosi\/"},"img":{"alt_text":"","src":"https:\/\/i0.wp.com\/noticiasribeiraopreto.com.br\/wp-content\/uploads\/2025\/07\/CorredordenibusemRibeiroMultasnaavenidaSaudadecomeamnaprximasemana_Tamanho_2_image.jpg?fit=1200%2C900&ssl=1&resize=350%2C200","width":350,"height":200,"srcset":"https:\/\/i0.wp.com\/noticiasribeiraopreto.com.br\/wp-content\/uploads\/2025\/07\/CorredordenibusemRibeiroMultasnaavenidaSaudadecomeamnaprximasemana_Tamanho_2_image.jpg?fit=1200%2C900&ssl=1&resize=350%2C200 1x, https:\/\/i0.wp.com\/noticiasribeiraopreto.com.br\/wp-content\/uploads\/2025\/07\/CorredordenibusemRibeiroMultasnaavenidaSaudadecomeamnaprximasemana_Tamanho_2_image.jpg?fit=1200%2C900&ssl=1&resize=525%2C300 1.5x, https:\/\/i0.wp.com\/noticiasribeiraopreto.com.br\/wp-content\/uploads\/2025\/07\/CorredordenibusemRibeiroMultasnaavenidaSaudadecomeamnaprximasemana_Tamanho_2_image.jpg?fit=1200%2C900&ssl=1&resize=700%2C400 2x, https:\/\/i0.wp.com\/noticiasribeiraopreto.com.br\/wp-content\/uploads\/2025\/07\/CorredordenibusemRibeiroMultasnaavenidaSaudadecomeamnaprximasemana_Tamanho_2_image.jpg?fit=1200%2C900&ssl=1&resize=1050%2C600 3x"},"classes":[]},{"id":84035,"url":"https:\/\/noticiasribeiraopreto.com.br\/index.php\/2026\/03\/31\/evento-em-ribeirao-preto-reune-atividades-culturais-e-debates-sobre-a-ditadura-militar\/","url_meta":{"origin":71733,"position":5},"title":"Evento em Ribeir\u00e3o Preto re\u00fane atividades culturais e debates sobre a ditadura militar","author":"noticiasribeiraopreto.com.br","date":"31 de March de 2026","format":false,"excerpt":"Ler o resumo da not\u00edcia Evento sobre mem\u00f3ria da ditadura militar ocorre de 30\/9 a 1\u00ba\/10 em Ribeir\u00e3o Preto, no Lar Santana, na Vila Tib\u00e9rio. Programa\u00e7\u00e3o inclui lan\u00e7amento do livro \"Nunca Mais\", exibi\u00e7\u00e3o do document\u00e1rio \"Maurina\" e roda de conversa com ex-presos pol\u00edticos. Atividades culturais, sarau e Caminhada do Sil\u00eancio\u2026","rel":"","context":"In &quot;Not\u00edcias de Ribeir\u00e3o Preto-SP e Regi\u00e3o&quot;","block_context":{"text":"Not\u00edcias de Ribeir\u00e3o Preto-SP e Regi\u00e3o","link":"https:\/\/noticiasribeiraopreto.com.br\/index.php\/category\/noticias-de-ribeirao-preto-sp-e-regiao-ismael-colosi\/"},"img":{"alt_text":"","src":"https:\/\/i0.wp.com\/noticiasribeiraopreto.com.br\/wp-content\/uploads\/2026\/03\/palace-98_2026-03-31_16-53-22.webp.webp?fit=1200%2C675&ssl=1&resize=350%2C200","width":350,"height":200,"srcset":"https:\/\/i0.wp.com\/noticiasribeiraopreto.com.br\/wp-content\/uploads\/2026\/03\/palace-98_2026-03-31_16-53-22.webp.webp?fit=1200%2C675&ssl=1&resize=350%2C200 1x, https:\/\/i0.wp.com\/noticiasribeiraopreto.com.br\/wp-content\/uploads\/2026\/03\/palace-98_2026-03-31_16-53-22.webp.webp?fit=1200%2C675&ssl=1&resize=525%2C300 1.5x, https:\/\/i0.wp.com\/noticiasribeiraopreto.com.br\/wp-content\/uploads\/2026\/03\/palace-98_2026-03-31_16-53-22.webp.webp?fit=1200%2C675&ssl=1&resize=700%2C400 2x, https:\/\/i0.wp.com\/noticiasribeiraopreto.com.br\/wp-content\/uploads\/2026\/03\/palace-98_2026-03-31_16-53-22.webp.webp?fit=1200%2C675&ssl=1&resize=1050%2C600 3x"},"classes":[]}],"jetpack_sharing_enabled":true,"jetpack_shortlink":"https:\/\/wp.me\/peQAOb-iEZ","_links":{"self":[{"href":"https:\/\/noticiasribeiraopreto.com.br\/index.php\/wp-json\/wp\/v2\/posts\/71733","targetHints":{"allow":["GET"]}}],"collection":[{"href":"https:\/\/noticiasribeiraopreto.com.br\/index.php\/wp-json\/wp\/v2\/posts"}],"about":[{"href":"https:\/\/noticiasribeiraopreto.com.br\/index.php\/wp-json\/wp\/v2\/types\/post"}],"author":[{"embeddable":true,"href":"https:\/\/noticiasribeiraopreto.com.br\/index.php\/wp-json\/wp\/v2\/users\/1"}],"replies":[{"embeddable":true,"href":"https:\/\/noticiasribeiraopreto.com.br\/index.php\/wp-json\/wp\/v2\/comments?post=71733"}],"version-history":[{"count":0,"href":"https:\/\/noticiasribeiraopreto.com.br\/index.php\/wp-json\/wp\/v2\/posts\/71733\/revisions"}],"wp:featuredmedia":[{"embeddable":true,"href":"https:\/\/noticiasribeiraopreto.com.br\/index.php\/wp-json\/wp\/v2\/media\/71734"}],"wp:attachment":[{"href":"https:\/\/noticiasribeiraopreto.com.br\/index.php\/wp-json\/wp\/v2\/media?parent=71733"}],"wp:term":[{"taxonomy":"category","embeddable":true,"href":"https:\/\/noticiasribeiraopreto.com.br\/index.php\/wp-json\/wp\/v2\/categories?post=71733"},{"taxonomy":"post_tag","embeddable":true,"href":"https:\/\/noticiasribeiraopreto.com.br\/index.php\/wp-json\/wp\/v2\/tags?post=71733"}],"curies":[{"name":"wp","href":"https:\/\/api.w.org\/{rel}","templated":true}]}}