{"id":71735,"date":"2025-06-09T16:59:54","date_gmt":"2025-06-09T19:59:54","guid":{"rendered":"https:\/\/noticiasribeiraopreto.com.br\/index.php\/2025\/06\/09\/muito-samba-ribeirao-preto-recebe-quatro-shows-a-ceu-aberto-com-entrada-gratuita\/"},"modified":"2025-06-09T16:59:54","modified_gmt":"2025-06-09T19:59:54","slug":"muito-samba-ribeirao-preto-recebe-quatro-shows-a-ceu-aberto-com-entrada-gratuita","status":"publish","type":"post","link":"https:\/\/noticiasribeiraopreto.com.br\/index.php\/2025\/06\/09\/muito-samba-ribeirao-preto-recebe-quatro-shows-a-ceu-aberto-com-entrada-gratuita\/","title":{"rendered":"Muito samba: Ribeir\u00e3o Preto recebe quatro shows a c\u00e9u aberto com entrada gratuita"},"content":{"rendered":"<p> <br \/>\n<\/p>\n<div data-td-block-uid=\"tdi_95\">\n<div class=\"tdb-block-inner td-fix-index\">\n<p>O samba vai tomar conta do <strong>Teatro de Arena de Ribeir\u00e3o Preto<\/strong> no pr\u00f3ximo <strong>domingo (15)<\/strong>, com uma programa\u00e7\u00e3o <strong>gratuita<\/strong> a partir das <strong>15h<\/strong>. O espet\u00e1culo \u201c<strong>Shows no Teatro de Arena<\/strong>\u201d conta com quatro atra\u00e7\u00f5es. O evento integra a programa\u00e7\u00e3o de <strong>anivers\u00e1rio <\/strong>da <strong>cidade<\/strong>.<\/p>\n<p>A m\u00fasica fica por conta de <strong>Magn\u00f3lia Samba<\/strong>, <strong>DJ Spin, Banda Balaco<\/strong> e <strong>Soberanas do Samba<\/strong>. O evento segue at\u00e9 as <strong>22h<\/strong> e tem classifica\u00e7\u00e3o indicativa <strong>livre<\/strong>.<\/p>\n<p>O show da <strong>Banda Balaco<\/strong> ser\u00e1 filmado na \u00edntegra e virar\u00e1 um material audiovisual, que ser\u00e1 lan\u00e7ado ainda este m\u00eas pela banda. <\/p>\n<p>O\u00a0<strong>Teatro de Arena Jaime Zeiger<\/strong>\u00a0est\u00e1 localizado na\u00a0<strong>Via S\u00e3o Bento, s\/n\u00ba, no Morro do S\u00e3o Bento<\/strong>, zona Norte de\u00a0<strong>Ribeir\u00e3o<\/strong>.<\/p>\n<h2 class=\"wp-block-heading\"><strong>Veja a programa\u00e7\u00e3o:<\/strong><\/h2>\n<ul class=\"wp-block-list\">\n<li><strong>15h \u00e0s 16h:<\/strong> Magn\u00f3lia Samba<\/li>\n<li><strong>16h \u00e0s 18h:<\/strong> Discotecagem com DJ Spin<\/li>\n<li><strong>18h \u00e0s 19h30:<\/strong> Banda Balaco<\/li>\n<li><strong>20h \u00e0s 22h:<\/strong> Soberanas do Samba<\/li>\n<\/ul>\n<p>SAIBA MAIS<\/p>\n<p>Tenores apresentam espet\u00e1culo rom\u00e2ntico no Dia dos Namorados em Ribeir\u00e3o Preto<\/p>\n<h3 class=\"wp-block-heading\"><strong>FIQUE ON<\/strong><\/h3>\n<p>Fique ligado em tudo que acontece em Ribeir\u00e3o Preto e regi\u00e3o. Siga os perfis do <strong>acidade on <\/strong>no <a href=\"https:\/\/www.instagram.com\/acidadeonribeirao\" target=\"_blank\" rel=\"noreferrer noopener\">Instagram<\/a> e no <a href=\"https:\/\/www.facebook.com\/acidadeonribeirao\" target=\"_blank\" rel=\"noreferrer noopener\">Facebook<\/a>.<\/p>\n<p>Receba not\u00edcias do acidade on no WhatsApp. Para entrar no grupo, basta <a href=\"https:\/\/chat.whatsapp.com\/BjKQZ9oJwlz8VVT50NuePq\" target=\"_blank\" rel=\"noreferrer noopener\">clicar aqui<\/a>.<\/p>\n<p>Fa\u00e7a uma den\u00fancia ou sugira uma reportagem sobre Ribeir\u00e3o Preto e regi\u00e3o pelo WhatsApp: 16 99117 7802.<\/p>\n<p>VEJA TAMB\u00c9M<\/p>\n<p>Por que Ana Maria Braga estava afastada do \u2018Mais Voc\u00ea\u2019?<\/p>\n<p><!-- CONTENT END 1 -->\n<\/div>\n<\/div>\n<p><script async src=\"\/\/www.instagram.com\/embed.js\"><\/script><br \/>\n<br \/><br \/>\n<br \/><a href=\"https:\/\/www.acidadeon.com\/ribeiraopreto\/lazer-e-cultura\/muito-samba-ribeirao-preto-recebe-quatro-shows-a-ceu-aberto-com-entrada-gratuita\/\">Source link <\/a><\/p>\n","protected":false},"excerpt":{"rendered":"<p>O samba vai tomar conta do Teatro de Arena de Ribeir\u00e3o Preto no pr\u00f3ximo domingo (15), com uma programa\u00e7\u00e3o gratuita a partir das 15h. O&#8230;<\/p>\n","protected":false},"author":1,"featured_media":54111,"comment_status":"open","ping_status":"open","sticky":false,"template":"","format":"standard","meta":{"advanced_seo_description":"","jetpack_seo_html_title":"","jetpack_seo_noindex":false,"jetpack_post_was_ever_published":false,"_jetpack_newsletter_access":"","_jetpack_dont_email_post_to_subs":false,"_jetpack_newsletter_tier_id":0,"_jetpack_memberships_contains_paywalled_content":false,"_jetpack_memberships_contains_paid_content":false,"footnotes":"","jetpack_publicize_message":"","jetpack_publicize_feature_enabled":true,"jetpack_social_post_already_shared":true,"jetpack_social_options":{"image_generator_settings":{"template":"highway","default_image_id":0,"font":"","enabled":false},"version":2}},"categories":[11],"tags":[],"class_list":["post-71735","post","type-post","status-publish","format-standard","has-post-thumbnail","hentry","category-noticias-de-ribeirao-preto-sp-e-regiao-ismael-colosi"],"jetpack_publicize_connections":[],"jetpack_featured_media_url":"https:\/\/i0.wp.com\/noticiasribeiraopreto.com.br\/wp-content\/uploads\/2024\/06\/TEATRO-DE-ARENA-ENTRADA_2024-06-24_11-51-10_jpeg_2024-06-24_11-51-11.webp.webp?fit=1600%2C1066&ssl=1","jetpack-related-posts":[{"id":54110,"url":"https:\/\/noticiasribeiraopreto.com.br\/index.php\/2024\/06\/28\/festival-de-musica-acontece-no-teatro-de-arena-de-ribeirao-preto-veja-as-atracoes\/","url_meta":{"origin":71735,"position":0},"title":"Festival de m\u00fasica acontece no Teatro de Arena de Ribeir\u00e3o Preto; Veja as atra\u00e7\u00f5es","author":"noticiasribeiraopreto.com.br","date":"28 de June de 2024","format":false,"excerpt":"O projeto \u201cM\u00fasica Para Todos\u201d traz sete atra\u00e7\u00f5es musicais de g\u00eaneros variados, dentre elas a banda Balaco e o grupo Choro da Casa para o palco do Teatro de Arena \u201cJaime Zeiger\u201d, no domingo (30), das 13h30 \u00e0s 20h. O evento integra programa\u00e7\u00e3o de anivers\u00e1rio de 168 anos de Ribeir\u00e3o\u2026","rel":"","context":"In &quot;Not\u00edcias de Ribeir\u00e3o Preto-SP e Regi\u00e3o&quot;","block_context":{"text":"Not\u00edcias de Ribeir\u00e3o Preto-SP e Regi\u00e3o","link":"https:\/\/noticiasribeiraopreto.com.br\/index.php\/category\/noticias-de-ribeirao-preto-sp-e-regiao-ismael-colosi\/"},"img":{"alt_text":"","src":"https:\/\/i0.wp.com\/noticiasribeiraopreto.com.br\/wp-content\/uploads\/2024\/06\/TEATRO-DE-ARENA-ENTRADA_2024-06-24_11-51-10_jpeg_2024-06-24_11-51-11.webp.webp?fit=1200%2C800&ssl=1&resize=350%2C200","width":350,"height":200,"srcset":"https:\/\/i0.wp.com\/noticiasribeiraopreto.com.br\/wp-content\/uploads\/2024\/06\/TEATRO-DE-ARENA-ENTRADA_2024-06-24_11-51-10_jpeg_2024-06-24_11-51-11.webp.webp?fit=1200%2C800&ssl=1&resize=350%2C200 1x, https:\/\/i0.wp.com\/noticiasribeiraopreto.com.br\/wp-content\/uploads\/2024\/06\/TEATRO-DE-ARENA-ENTRADA_2024-06-24_11-51-10_jpeg_2024-06-24_11-51-11.webp.webp?fit=1200%2C800&ssl=1&resize=525%2C300 1.5x, https:\/\/i0.wp.com\/noticiasribeiraopreto.com.br\/wp-content\/uploads\/2024\/06\/TEATRO-DE-ARENA-ENTRADA_2024-06-24_11-51-10_jpeg_2024-06-24_11-51-11.webp.webp?fit=1200%2C800&ssl=1&resize=700%2C400 2x, https:\/\/i0.wp.com\/noticiasribeiraopreto.com.br\/wp-content\/uploads\/2024\/06\/TEATRO-DE-ARENA-ENTRADA_2024-06-24_11-51-10_jpeg_2024-06-24_11-51-11.webp.webp?fit=1200%2C800&ssl=1&resize=1050%2C600 3x"},"classes":[]},{"id":57616,"url":"https:\/\/noticiasribeiraopreto.com.br\/index.php\/2024\/09\/05\/teatro-de-arena-recebe-evento-de-samba-com-cerveja-artesanal-e-food-trucks\/","url_meta":{"origin":71735,"position":1},"title":"Teatro de Arena recebe evento de samba com cerveja artesanal e food trucks","author":"noticiasribeiraopreto.com.br","date":"5 de September de 2024","format":false,"excerpt":"No s\u00e1bado de feriado (7), o Teatro de Arena de Ribeir\u00e3o Preto recebe o \u201cArena do Samba\u201d, das 15h \u00e0s 22h. O evento conta com entrada gratuita at\u00e9 as 17h \u2013 ap\u00f3s o hor\u00e1rio, ser\u00e1 cobrado o valor de R$ 15. O dia ser\u00e1 marcado com apresenta\u00e7\u00f5es dos grupos Samba\u2026","rel":"","context":"In &quot;Not\u00edcias de Ribeir\u00e3o Preto-SP e Regi\u00e3o&quot;","block_context":{"text":"Not\u00edcias de Ribeir\u00e3o Preto-SP e Regi\u00e3o","link":"https:\/\/noticiasribeiraopreto.com.br\/index.php\/category\/noticias-de-ribeirao-preto-sp-e-regiao-ismael-colosi\/"},"img":{"alt_text":"","src":"https:\/\/i0.wp.com\/noticiasribeiraopreto.com.br\/wp-content\/uploads\/2024\/06\/TEATRO-DE-ARENA-ENTRADA_2024-06-24_11-51-10_jpeg_2024-06-24_11-51-11.webp.webp?fit=1200%2C800&ssl=1&resize=350%2C200","width":350,"height":200,"srcset":"https:\/\/i0.wp.com\/noticiasribeiraopreto.com.br\/wp-content\/uploads\/2024\/06\/TEATRO-DE-ARENA-ENTRADA_2024-06-24_11-51-10_jpeg_2024-06-24_11-51-11.webp.webp?fit=1200%2C800&ssl=1&resize=350%2C200 1x, https:\/\/i0.wp.com\/noticiasribeiraopreto.com.br\/wp-content\/uploads\/2024\/06\/TEATRO-DE-ARENA-ENTRADA_2024-06-24_11-51-10_jpeg_2024-06-24_11-51-11.webp.webp?fit=1200%2C800&ssl=1&resize=525%2C300 1.5x, https:\/\/i0.wp.com\/noticiasribeiraopreto.com.br\/wp-content\/uploads\/2024\/06\/TEATRO-DE-ARENA-ENTRADA_2024-06-24_11-51-10_jpeg_2024-06-24_11-51-11.webp.webp?fit=1200%2C800&ssl=1&resize=700%2C400 2x, https:\/\/i0.wp.com\/noticiasribeiraopreto.com.br\/wp-content\/uploads\/2024\/06\/TEATRO-DE-ARENA-ENTRADA_2024-06-24_11-51-10_jpeg_2024-06-24_11-51-11.webp.webp?fit=1200%2C800&ssl=1&resize=1050%2C600 3x"},"classes":[]},{"id":63810,"url":"https:\/\/noticiasribeiraopreto.com.br\/index.php\/2025\/02\/22\/banda-balaco-conheca-a-tradicional-banda-de-ribeirao-preto\/","url_meta":{"origin":71735,"position":2},"title":"Banda Balaco: Conhe\u00e7a a tradicional banda de Ribeir\u00e3o Preto","author":"noticiasribeiraopreto.com.br","date":"22 de February de 2025","format":false,"excerpt":"A Banda Balaco \u00e9 conhecida pelo p\u00fablico de Ribeir\u00e3o Preto por suas diversas participa\u00e7\u00f5es em festivais, abertura de eventos e o famoso \u201cBaile do Balaco\u201d. A banda foi fundada em 2000, com o intuito de tocar m\u00fasica latina, como salsa e samba-rock e 25 anos depois ainda se mant\u00e9m influente\u2026","rel":"","context":"In &quot;Not\u00edcias de Ribeir\u00e3o Preto-SP e Regi\u00e3o&quot;","block_context":{"text":"Not\u00edcias de Ribeir\u00e3o Preto-SP e Regi\u00e3o","link":"https:\/\/noticiasribeiraopreto.com.br\/index.php\/category\/noticias-de-ribeirao-preto-sp-e-regiao-ismael-colosi\/"},"img":{"alt_text":"","src":"https:\/\/i0.wp.com\/noticiasribeiraopreto.com.br\/wp-content\/uploads\/2025\/02\/Balaco-Foto-1-_Ellen-Faria_2025-02-22_14-56-47_jpg_2025-02-22_14-56-49-scaled.webp.webp?fit=1200%2C800&ssl=1&resize=350%2C200","width":350,"height":200,"srcset":"https:\/\/i0.wp.com\/noticiasribeiraopreto.com.br\/wp-content\/uploads\/2025\/02\/Balaco-Foto-1-_Ellen-Faria_2025-02-22_14-56-47_jpg_2025-02-22_14-56-49-scaled.webp.webp?fit=1200%2C800&ssl=1&resize=350%2C200 1x, https:\/\/i0.wp.com\/noticiasribeiraopreto.com.br\/wp-content\/uploads\/2025\/02\/Balaco-Foto-1-_Ellen-Faria_2025-02-22_14-56-47_jpg_2025-02-22_14-56-49-scaled.webp.webp?fit=1200%2C800&ssl=1&resize=525%2C300 1.5x, https:\/\/i0.wp.com\/noticiasribeiraopreto.com.br\/wp-content\/uploads\/2025\/02\/Balaco-Foto-1-_Ellen-Faria_2025-02-22_14-56-47_jpg_2025-02-22_14-56-49-scaled.webp.webp?fit=1200%2C800&ssl=1&resize=700%2C400 2x, https:\/\/i0.wp.com\/noticiasribeiraopreto.com.br\/wp-content\/uploads\/2025\/02\/Balaco-Foto-1-_Ellen-Faria_2025-02-22_14-56-47_jpg_2025-02-22_14-56-49-scaled.webp.webp?fit=1200%2C800&ssl=1&resize=1050%2C600 3x"},"classes":[]},{"id":64088,"url":"https:\/\/noticiasribeiraopreto.com.br\/index.php\/2025\/03\/01\/veja-as-opcoes-para-curtir-o-sabado-de-carnaval-em-ribeirao-preto\/","url_meta":{"origin":71735,"position":3},"title":"Veja as op\u00e7\u00f5es para curtir o s\u00e1bado de Carnaval em Ribeir\u00e3o Preto","author":"noticiasribeiraopreto.com.br","date":"1 de March de 2025","format":false,"excerpt":"O m\u00eas de mar\u00e7o come\u00e7ou logo no s\u00e1bado de Carnaval, e Ribeir\u00e3o Preto conta com diversas atividades para quem n\u00e3o quer ficar parado. Confira os bloquinhos que tomam conta da cidade: Afox\u00e9 Om\u00f3 Or\u00fanmil\u00e1 Neste s\u00e1bado (1\u00ba mar\u00e7o), o tradicional Afox\u00e9 Om\u00f3 Or\u00f9nmil\u00e1 comemora 30 anos no Teatro de Arena,\u2026","rel":"","context":"In &quot;Not\u00edcias de Ribeir\u00e3o Preto-SP e Regi\u00e3o&quot;","block_context":{"text":"Not\u00edcias de Ribeir\u00e3o Preto-SP e Regi\u00e3o","link":"https:\/\/noticiasribeiraopreto.com.br\/index.php\/category\/noticias-de-ribeirao-preto-sp-e-regiao-ismael-colosi\/"},"img":{"alt_text":"","src":"https:\/\/i0.wp.com\/noticiasribeiraopreto.com.br\/wp-content\/uploads\/2025\/03\/Snapinst.app_473669436_18478971064024389_448097986808217743_n_1080-e1739987310882-664x332-1_2025-02-28_13-27-28_jpg_2025-02-28_13-27-28.webp.webp?fit=664%2C332&ssl=1&resize=350%2C200","width":350,"height":200,"srcset":"https:\/\/i0.wp.com\/noticiasribeiraopreto.com.br\/wp-content\/uploads\/2025\/03\/Snapinst.app_473669436_18478971064024389_448097986808217743_n_1080-e1739987310882-664x332-1_2025-02-28_13-27-28_jpg_2025-02-28_13-27-28.webp.webp?fit=664%2C332&ssl=1&resize=350%2C200 1x, https:\/\/i0.wp.com\/noticiasribeiraopreto.com.br\/wp-content\/uploads\/2025\/03\/Snapinst.app_473669436_18478971064024389_448097986808217743_n_1080-e1739987310882-664x332-1_2025-02-28_13-27-28_jpg_2025-02-28_13-27-28.webp.webp?fit=664%2C332&ssl=1&resize=525%2C300 1.5x"},"classes":[]},{"id":53584,"url":"https:\/\/noticiasribeiraopreto.com.br\/index.php\/2024\/06\/21\/raimundos-e-encontro-de-fuscas-veja-a-programacao-do-fim-de-semana-em-ribeirao\/","url_meta":{"origin":71735,"position":4},"title":"Raimundos e Encontro de Fuscas: Veja a programa\u00e7\u00e3o do fim de semana em Ribeir\u00e3o","author":"noticiasribeiraopreto.com.br","date":"21 de June de 2024","format":false,"excerpt":"A programa\u00e7\u00e3o cultural deste fim de semana em Ribeir\u00e3o Preto recebe atividades para toda curtir com a fam\u00edlia e amigos, al\u00e9m de diversos eventos gratuitos. Entre os destaques est\u00e3o: Show dos Raimundos e Encontro de Fuscas. Confira o que fazer neste fim de semana em Ribeir\u00e3o Preto: Raimundos A banda\u2026","rel":"","context":"In &quot;Not\u00edcias de Ribeir\u00e3o Preto-SP e Regi\u00e3o&quot;","block_context":{"text":"Not\u00edcias de Ribeir\u00e3o Preto-SP e Regi\u00e3o","link":"https:\/\/noticiasribeiraopreto.com.br\/index.php\/category\/noticias-de-ribeirao-preto-sp-e-regiao-ismael-colosi\/"},"img":{"alt_text":"","src":"https:\/\/i0.wp.com\/noticiasribeiraopreto.com.br\/wp-content\/uploads\/2024\/06\/Copia-de-Copia-de-TAMANHO-EXATO-PARA-FOTOS-NO-SISTEMA-NOVO-15_2024-06-21_12-55-47_jpg_2024-06-21_12-55-47.webp.webp?fit=1200%2C675&ssl=1&resize=350%2C200","width":350,"height":200,"srcset":"https:\/\/i0.wp.com\/noticiasribeiraopreto.com.br\/wp-content\/uploads\/2024\/06\/Copia-de-Copia-de-TAMANHO-EXATO-PARA-FOTOS-NO-SISTEMA-NOVO-15_2024-06-21_12-55-47_jpg_2024-06-21_12-55-47.webp.webp?fit=1200%2C675&ssl=1&resize=350%2C200 1x, https:\/\/i0.wp.com\/noticiasribeiraopreto.com.br\/wp-content\/uploads\/2024\/06\/Copia-de-Copia-de-TAMANHO-EXATO-PARA-FOTOS-NO-SISTEMA-NOVO-15_2024-06-21_12-55-47_jpg_2024-06-21_12-55-47.webp.webp?fit=1200%2C675&ssl=1&resize=525%2C300 1.5x, https:\/\/i0.wp.com\/noticiasribeiraopreto.com.br\/wp-content\/uploads\/2024\/06\/Copia-de-Copia-de-TAMANHO-EXATO-PARA-FOTOS-NO-SISTEMA-NOVO-15_2024-06-21_12-55-47_jpg_2024-06-21_12-55-47.webp.webp?fit=1200%2C675&ssl=1&resize=700%2C400 2x, https:\/\/i0.wp.com\/noticiasribeiraopreto.com.br\/wp-content\/uploads\/2024\/06\/Copia-de-Copia-de-TAMANHO-EXATO-PARA-FOTOS-NO-SISTEMA-NOVO-15_2024-06-21_12-55-47_jpg_2024-06-21_12-55-47.webp.webp?fit=1200%2C675&ssl=1&resize=1050%2C600 3x"},"classes":[]},{"id":40168,"url":"https:\/\/noticiasribeiraopreto.com.br\/index.php\/2024\/03\/01\/veja-os-eventos-para-curtir-no-primeiro-final-de-semana-de-marco-em-ribeirao\/","url_meta":{"origin":71735,"position":5},"title":"Veja os eventos para curtir no primeiro final de semana de mar\u00e7o em Ribeir\u00e3o","author":"noticiasribeiraopreto.com.br","date":"1 de March de 2024","format":false,"excerpt":"O primeiro final de semana de mar\u00e7o oferece uma programa\u00e7\u00e3o diversificada para aproveitar com a fam\u00edlia ou amigos em Ribeir\u00e3o Preto. Entre as op\u00e7\u00f5es, h\u00e1 pe\u00e7as de teatros, circo, shows, concerto e outros eventos. Confira: Circo do Patati e Patat\u00e1 Este \u00e9 o \u00faltimo final de semana de apresenta\u00e7\u00f5es do\u2026","rel":"","context":"In &quot;Not\u00edcias de Ribeir\u00e3o Preto-SP e Regi\u00e3o&quot;","block_context":{"text":"Not\u00edcias de Ribeir\u00e3o Preto-SP e Regi\u00e3o","link":"https:\/\/noticiasribeiraopreto.com.br\/index.php\/category\/noticias-de-ribeirao-preto-sp-e-regiao-ismael-colosi\/"},"img":{"alt_text":"","src":"https:\/\/i0.wp.com\/noticiasribeiraopreto.com.br\/wp-content\/uploads\/2024\/03\/AnyConv.com__RACHEL-REIS-copy.webp.webp?fit=1200%2C600&ssl=1&resize=350%2C200","width":350,"height":200,"srcset":"https:\/\/i0.wp.com\/noticiasribeiraopreto.com.br\/wp-content\/uploads\/2024\/03\/AnyConv.com__RACHEL-REIS-copy.webp.webp?fit=1200%2C600&ssl=1&resize=350%2C200 1x, https:\/\/i0.wp.com\/noticiasribeiraopreto.com.br\/wp-content\/uploads\/2024\/03\/AnyConv.com__RACHEL-REIS-copy.webp.webp?fit=1200%2C600&ssl=1&resize=525%2C300 1.5x, https:\/\/i0.wp.com\/noticiasribeiraopreto.com.br\/wp-content\/uploads\/2024\/03\/AnyConv.com__RACHEL-REIS-copy.webp.webp?fit=1200%2C600&ssl=1&resize=700%2C400 2x, https:\/\/i0.wp.com\/noticiasribeiraopreto.com.br\/wp-content\/uploads\/2024\/03\/AnyConv.com__RACHEL-REIS-copy.webp.webp?fit=1200%2C600&ssl=1&resize=1050%2C600 3x"},"classes":[]}],"jetpack_sharing_enabled":true,"jetpack_shortlink":"https:\/\/wp.me\/peQAOb-iF1","_links":{"self":[{"href":"https:\/\/noticiasribeiraopreto.com.br\/index.php\/wp-json\/wp\/v2\/posts\/71735","targetHints":{"allow":["GET"]}}],"collection":[{"href":"https:\/\/noticiasribeiraopreto.com.br\/index.php\/wp-json\/wp\/v2\/posts"}],"about":[{"href":"https:\/\/noticiasribeiraopreto.com.br\/index.php\/wp-json\/wp\/v2\/types\/post"}],"author":[{"embeddable":true,"href":"https:\/\/noticiasribeiraopreto.com.br\/index.php\/wp-json\/wp\/v2\/users\/1"}],"replies":[{"embeddable":true,"href":"https:\/\/noticiasribeiraopreto.com.br\/index.php\/wp-json\/wp\/v2\/comments?post=71735"}],"version-history":[{"count":0,"href":"https:\/\/noticiasribeiraopreto.com.br\/index.php\/wp-json\/wp\/v2\/posts\/71735\/revisions"}],"wp:featuredmedia":[{"embeddable":true,"href":"https:\/\/noticiasribeiraopreto.com.br\/index.php\/wp-json\/wp\/v2\/media\/54111"}],"wp:attachment":[{"href":"https:\/\/noticiasribeiraopreto.com.br\/index.php\/wp-json\/wp\/v2\/media?parent=71735"}],"wp:term":[{"taxonomy":"category","embeddable":true,"href":"https:\/\/noticiasribeiraopreto.com.br\/index.php\/wp-json\/wp\/v2\/categories?post=71735"},{"taxonomy":"post_tag","embeddable":true,"href":"https:\/\/noticiasribeiraopreto.com.br\/index.php\/wp-json\/wp\/v2\/tags?post=71735"}],"curies":[{"name":"wp","href":"https:\/\/api.w.org\/{rel}","templated":true}]}}