{"id":71740,"date":"2025-06-09T18:29:37","date_gmt":"2025-06-09T21:29:37","guid":{"rendered":"https:\/\/noticiasribeiraopreto.com.br\/index.php\/2025\/06\/09\/este-ano-ribeirao-ja-registrou-22-denuncias-de-trabalho-infantil\/"},"modified":"2025-06-09T18:29:37","modified_gmt":"2025-06-09T21:29:37","slug":"este-ano-ribeirao-ja-registrou-22-denuncias-de-trabalho-infantil","status":"publish","type":"post","link":"https:\/\/noticiasribeiraopreto.com.br\/index.php\/2025\/06\/09\/este-ano-ribeirao-ja-registrou-22-denuncias-de-trabalho-infantil\/","title":{"rendered":"Este ano, Ribeir\u00e3o j\u00e1 registrou 22 den\u00fancias de Trabalho Infantil"},"content":{"rendered":"<div class='code-block code-block-1' style='margin: 8px 0 8px auto; text-align: right; display: block; clear: both;'>\n<p><a href=\"https:\/\/wa.link\/vpicfd\"><img data-recalc-dims=\"1\" class=\"wp-image-4922\" style=\"aspect-ratio: 2.0253164556962027; width: 561px; height: auto;\" src=\"https:\/\/i0.wp.com\/ismaelcolosi.com.br\/wp-content\/uploads\/2023\/11\/grupo-de-empregos-whatsapp-e-facebook-ismael-colosi-vagas.jpg?ssl=1\" alt=\"\" \/><\/a><\/p>\n<!-- \/wp:image -->\n<\/div>\n<p> <br \/>\n<\/p>\n<div id=\"\">\n<p>\n\t\t\t\t\t\t\t\t\t<span class=\"entry-meta-item penci-posted-on\"><i class=\"fa fa-clock-o\"\/><time class=\"entry-date published updated\" datetime=\"2025-06-09T18:23:01-03:00\">9 de junho de 2025 18:23<\/time><\/span><span class=\"entry-meta-item penci-post-countview\"><span class=\"entry-meta-item penci-post-countview penci_post-meta_item\"><i class=\"fa fa-eye\"\/><span class=\"penci-post-countview-number penci-post-countview-p428234\">4<\/span><\/span><\/span>\t\t\t\t\t\t\t\t<\/p>\n<p><!-- .entry-meta --><br \/>\n\t\t\t\t\t\t\t\t<span class=\"penci-social-buttons penci-social-share-footer\"><span class=\"penci-social-share-text\">Compartilhar<\/span><a href=\"#\" class=\"penci-post-like penci_post-meta_item  single-like-button penci-social-item like\" data-post_id=\"428234\" title=\"Like\" data-like=\"Like\" data-unlike=\"Unlike\"><i class=\"fa fa-thumbs-o-up\"\/><span class=\"penci-share-number\">0<\/span><\/a><i class=\"fa fa-facebook\"\/><a class=\"penci-social-item twitter\" target=\"_blank\" rel=\"noopener\" title=\"\" href=\"https:\/\/twitter.com\/intent\/tweet?text=Este%20ano,%20Ribeir\u00e3o%20j\u00e1%20registrou%2022%20den\u00fancias%20de%20Trabalho%20Infantil%20-%20https:\/\/www.tribunaribeirao.com.br\/este-ano-ribeirao-ja-registrou-22-denuncias-de-trabalho-infantil\/\"><i class=\"fa fa-twitter\"\/><\/a><i class=\"fa fa-linkedin\"\/><i class=\"fa fa-whatsapp\"\/><i class=\"fa fa-telegram\"\/><i class=\"fa fa-envelope\"\/><\/span>\t\t\t\t\t\t\t<\/div>\n<div>\n<p>Dados do Minist\u00e9rio P\u00fablico do Trabalho (MPT) na 15\u00aa Regi\u00e3o, divulgados nesta segunda-feira, 9 de junho, revelam que Ribeir\u00e3o Preto j\u00e1 registrou, este ano \u2013 janeiro a maio \u2013 22 den\u00fancias de trabalho infantil. As den\u00fancias, tamb\u00e9m conhecidas como \u201cnot\u00edcias de fato\u201d (NF), revelam ainda que em 2023 o total de den\u00fancias na cidade foi de 64 e em 2024 de 50 casos denunciados.<\/p>\n<p>J\u00e1 em rela\u00e7\u00e3o as empresas que n\u00e3o cumpriram a cota legal, estabelecida por lei, de contrata\u00e7\u00e3o de Menor Aprendiz, o MPT autuou na cidade, de janeiro a maio deste ano, 4 empregadores. No ano passado foram 16 autua\u00e7\u00f5es e em 2023, um total de 7 casos.<\/p>\n<p>A aprendizagem profissional \u00e9 uma modalidade de trabalho legal e de profissionaliza\u00e7\u00e3o de jovens que \u00e9 considerada uma importante ferramenta de combate ao trabalho infantil, pois ao mesmo tempo que gera renda e forma a m\u00e3o de obra de adolescentes, oferece prote\u00e7\u00e3o e a garantia dos estudos.<\/p>\n<p>Nos 599 munic\u00edpios subordinados ao MPT da 15\u00aa. Regi\u00e3o, no per\u00edodo de janeiro a maio de 2025, o n\u00famero de den\u00fancias sobre trabalho proibido para crian\u00e7as e adolescentes, foi de 220. No mesmo per\u00edodo, em 2024, foram recebidas 169 den\u00fancias. Um crescimento de 30% no n\u00famero de den\u00fancias.<\/p>\n<p>Com rela\u00e7\u00e3o \u00e0s empresas que descumpriram a cota estabelecida de contrata\u00e7\u00e3o de Menores Aprendizes, o MPT recebeu um total de 110 den\u00fancias no per\u00edodo de janeiro a maio de 2025. Um crescimento de 25% em rela\u00e7\u00e3o a 2024, quando foram recebidas 88 den\u00fancias, no mesmo per\u00edodo.<\/p>\n<p>O MPT na 15\u00aa Regi\u00e3o possui unidades interiorizadas nas regi\u00f5es de Ara\u00e7atuba, Araraquara, Bauru, Campinas, Presidente Prudente, Ribeir\u00e3o Preto, Presidente Prudente, S\u00e3o Jos\u00e9 do Rio Preto, S\u00e3o Jos\u00e9 dos Campos e Sorocaba.<\/p>\n<p><strong>Ribeir\u00e3o Preto<\/strong><br \/>Den\u00fancias de trabalho infantil<br \/>2023 \u2013 64<br \/>2024 \u2013 50<br \/>2025 \u2013 (janeiro a maio) \u2013 22<\/p>\n<p>Denunciais de n\u00e3o cumprimento de Menor Aprendiz<br \/>2023 \u2013 7<br \/>2024 \u2013 16<br \/>2025 \u2013 (janeiro a maio) \u2013 4<\/p>\n<\/div>\n<p><script async src=\"\/\/platform.twitter.com\/widgets.js\" charset=\"utf-8\"><\/script><br \/>\n<br \/><br \/>\n<br \/><a href=\"https:\/\/www.tribunaribeirao.com.br\/este-ano-ribeirao-ja-registrou-22-denuncias-de-trabalho-infantil\/\">Source link <\/a><\/p>\n<!-- CONTENT END 1 -->\n","protected":false},"excerpt":{"rendered":"<p>9 de junho de 2025 18:234 Compartilhar0 Dados do Minist\u00e9rio P\u00fablico do Trabalho (MPT) na 15\u00aa Regi\u00e3o, divulgados nesta segunda-feira, 9 de junho, revelam que&#8230;<\/p>\n","protected":false},"author":1,"featured_media":71741,"comment_status":"open","ping_status":"open","sticky":false,"template":"","format":"standard","meta":{"advanced_seo_description":"","jetpack_seo_html_title":"","jetpack_seo_noindex":false,"jetpack_post_was_ever_published":false,"_jetpack_newsletter_access":"","_jetpack_dont_email_post_to_subs":false,"_jetpack_newsletter_tier_id":0,"_jetpack_memberships_contains_paywalled_content":false,"_jetpack_memberships_contains_paid_content":false,"footnotes":"","jetpack_publicize_message":"","jetpack_publicize_feature_enabled":true,"jetpack_social_post_already_shared":true,"jetpack_social_options":{"image_generator_settings":{"template":"highway","default_image_id":0,"font":"","enabled":false},"version":2}},"categories":[11],"tags":[],"class_list":["post-71740","post","type-post","status-publish","format-standard","has-post-thumbnail","hentry","category-noticias-de-ribeirao-preto-sp-e-regiao-ismael-colosi"],"jetpack_publicize_connections":[],"jetpack_featured_media_url":"https:\/\/i0.wp.com\/noticiasribeiraopreto.com.br\/wp-content\/uploads\/2025\/06\/trabalho-escravo-arquivo-scaled-1-scaled.jpg?fit=750%2C500&ssl=1","jetpack-related-posts":[{"id":54653,"url":"https:\/\/noticiasribeiraopreto.com.br\/index.php\/2024\/07\/15\/gerente-de-fabrica\/","url_meta":{"origin":71740,"position":0},"title":"Gerente de F\u00e1brica","author":"noticiasribeiraopreto.com.br","date":"15 de July de 2024","format":false,"excerpt":"Gerente de F\u00e1bricaCampinasView JobDiretor IndustrialS\u00e3o Jos\u00e9 dos CamposView JobGerente de MarketingRibeir\u00e3o PretoView JobDiretor de SustentabilidadeCampinas\/SPView JobDiretor de RHRibeir\u00e3o PretoView JobCoordenador de Marketing Ribeir\u00e3o PretoView JobGerente de Log\u00edsticaRibeir\u00e3o PretoView JobDiretor AdministrativoRibeir\u00e3o PretoView JobSupervisor de VendasRibeir\u00e3o Preto\/SPView JobDiretor Industrial \u2013 Agroneg\u00f3cioRibeir\u00e3o PretoView JobDiretor Geral de Unidade de Neg\u00f3cio B2B - EdtechRibeir\u00e3o PretoView\u2026","rel":"","context":"In &quot;Vagas de Emprego em Ribeir\u00e3o Preto-SP&quot;","block_context":{"text":"Vagas de Emprego em Ribeir\u00e3o Preto-SP","link":"https:\/\/noticiasribeiraopreto.com.br\/index.php\/category\/empregos-classificados-vagas-trabalho\/vagas-de-empregos-em-ribeirao-preto-regiao-brasil\/"},"img":{"alt_text":"","src":"","width":0,"height":0},"classes":[]},{"id":41151,"url":"https:\/\/noticiasribeiraopreto.com.br\/index.php\/2024\/03\/06\/vagas-de-emprego-na-area-de-logistica-em-ribeirao-preto-sp\/","url_meta":{"origin":71740,"position":1},"title":"Vagas de emprego na \u00e1rea de log\u00edstica em Ribeir\u00e3o Preto-SP","author":"noticiasribeiraopreto.com.br","date":"6 de March de 2024","format":false,"excerpt":"L\u00edder de Estoque Auxiliar De Expedi\u00e7\u00e3o Auxiliar de Log\u00edstica - Ribeir\u00e3o Preto - SP Auxiliar de Logistica - Repositor Auxiliar de Logistica - Repositor Operador Log\u00edstico Operador Log\u00edstico - Com Experi\u00eancia AUXILIAR DE LOG\u00cdSTICA Get notified about new Log\u00edstica jobs in Ribeir\u00e3o Preto, SP. Sign in to create job alert\u2026","rel":"","context":"In &quot;Vagas de Emprego em Ribeir\u00e3o Preto-SP&quot;","block_context":{"text":"Vagas de Emprego em Ribeir\u00e3o Preto-SP","link":"https:\/\/noticiasribeiraopreto.com.br\/index.php\/category\/empregos-classificados-vagas-trabalho\/vagas-de-empregos-em-ribeirao-preto-regiao-brasil\/"},"img":{"alt_text":"","src":"https:\/\/i0.wp.com\/noticiasribeiraopreto.com.br\/wp-content\/uploads\/2024\/03\/1709754085_Novas-vagas-de-emprego-na-area-de-logistica-Saiba-como-enviar-seu-curriculo.jpg?fit=1199%2C675&ssl=1&resize=350%2C200","width":350,"height":200,"srcset":"https:\/\/i0.wp.com\/noticiasribeiraopreto.com.br\/wp-content\/uploads\/2024\/03\/1709754085_Novas-vagas-de-emprego-na-area-de-logistica-Saiba-como-enviar-seu-curriculo.jpg?fit=1199%2C675&ssl=1&resize=350%2C200 1x, https:\/\/i0.wp.com\/noticiasribeiraopreto.com.br\/wp-content\/uploads\/2024\/03\/1709754085_Novas-vagas-de-emprego-na-area-de-logistica-Saiba-como-enviar-seu-curriculo.jpg?fit=1199%2C675&ssl=1&resize=525%2C300 1.5x, https:\/\/i0.wp.com\/noticiasribeiraopreto.com.br\/wp-content\/uploads\/2024\/03\/1709754085_Novas-vagas-de-emprego-na-area-de-logistica-Saiba-como-enviar-seu-curriculo.jpg?fit=1199%2C675&ssl=1&resize=700%2C400 2x, https:\/\/i0.wp.com\/noticiasribeiraopreto.com.br\/wp-content\/uploads\/2024\/03\/1709754085_Novas-vagas-de-emprego-na-area-de-logistica-Saiba-como-enviar-seu-curriculo.jpg?fit=1199%2C675&ssl=1&resize=1050%2C600 3x"},"classes":[]},{"id":39221,"url":"https:\/\/noticiasribeiraopreto.com.br\/index.php\/2024\/02\/23\/20-vagas-de-empregos-entre-e-veja-oportunidades-de-trabalho-em-ribeirao-preto-sp-19\/","url_meta":{"origin":71740,"position":2},"title":"20 vagas de empregos: entre e veja oportunidades de trabalho em Ribeir\u00e3o Preto-SP","author":"noticiasribeiraopreto.com.br","date":"23 de February de 2024","format":false,"excerpt":"Lista de Vagas em Ribeir\u00e3o Preto Ribeir\u00e3o Preto - SP Caixa Ver mais Ribeir\u00e3o Preto - SP AUXILIAR DE ALMOXARIFE Ver mais Ribeir\u00e3o Preto - SP VIGILANTE Ver mais Ribeir\u00e3o Preto - SP Operador de Rastreamento Ver mais Ribeir\u00e3o Preto - SP Almoxarife Ver mais Ribeir\u00e3o Preto - SP Vendedor(a)\u2026","rel":"","context":"In &quot;Vagas de Emprego em Ribeir\u00e3o Preto-SP&quot;","block_context":{"text":"Vagas de Emprego em Ribeir\u00e3o Preto-SP","link":"https:\/\/noticiasribeiraopreto.com.br\/index.php\/category\/empregos-classificados-vagas-trabalho\/vagas-de-empregos-em-ribeirao-preto-regiao-brasil\/"},"img":{"alt_text":"","src":"","width":0,"height":0},"classes":[]},{"id":54325,"url":"https:\/\/noticiasribeiraopreto.com.br\/index.php\/2024\/07\/08\/30-novas-vagas-de-emprego-em-ribeirao-preto-sp-102\/","url_meta":{"origin":71740,"position":3},"title":"30 novas vagas de emprego em Ribeir\u00e3o Preto-SP","author":"noticiasribeiraopreto.com.br","date":"8 de July de 2024","format":false,"excerpt":"Gerente de F\u00e1bricaCampinasView JobDiretor IndustrialS\u00e3o Jos\u00e9 dos CamposView JobGerente de MarketingRibeir\u00e3o PretoView JobDiretor de SustentabilidadeCampinas\/SPView JobDiretor de RHRibeir\u00e3o PretoView JobCoordenador de Marketing Ribeir\u00e3o PretoView JobGerente de Log\u00edsticaRibeir\u00e3o PretoView JobDiretor AdministrativoRibeir\u00e3o PretoView JobSupervisor de VendasRibeir\u00e3o Preto\/SPView JobDiretor Industrial \u2013 Agroneg\u00f3cioRibeir\u00e3o PretoView JobDiretor Geral de Unidade de Neg\u00f3cio B2B - EdtechRibeir\u00e3o PretoView\u2026","rel":"","context":"In &quot;Vagas de Emprego em Ribeir\u00e3o Preto-SP&quot;","block_context":{"text":"Vagas de Emprego em Ribeir\u00e3o Preto-SP","link":"https:\/\/noticiasribeiraopreto.com.br\/index.php\/category\/empregos-classificados-vagas-trabalho\/vagas-de-empregos-em-ribeirao-preto-regiao-brasil\/"},"img":{"alt_text":"","src":"","width":0,"height":0},"classes":[]},{"id":45324,"url":"https:\/\/noticiasribeiraopreto.com.br\/index.php\/2024\/04\/03\/vagas-de-emprego-na-area-de-logistica-em-ribeirao-preto-sp-2\/","url_meta":{"origin":71740,"position":4},"title":"Vagas de emprego na \u00e1rea de log\u00edstica em Ribeir\u00e3o Preto-SP","author":"noticiasribeiraopreto.com.br","date":"3 de April de 2024","format":false,"excerpt":"Auxiliar de Estoque Assistente de Log\u00edstica Auxiliar de Produ\u00e7\u00e3o\/Log\u00edstica Estoquista - Sephora Ribeir\u00e3o Preto Estoquista - Sephora Ribeir\u00e3o Preto Auxiliar De Expedi\u00e7\u00e3o Estoquista Assistente Auxiliar de Log\u00edstica - Ribeir\u00e3o Preto - SP Get notified about new Log\u00edstica jobs in Ribeir\u00e3o Preto, SP. Sign in to create job alert 393 Log\u00edstica\u2026","rel":"","context":"In &quot;Vagas de Emprego em Ribeir\u00e3o Preto-SP&quot;","block_context":{"text":"Vagas de Emprego em Ribeir\u00e3o Preto-SP","link":"https:\/\/noticiasribeiraopreto.com.br\/index.php\/category\/empregos-classificados-vagas-trabalho\/vagas-de-empregos-em-ribeirao-preto-regiao-brasil\/"},"img":{"alt_text":"","src":"https:\/\/i0.wp.com\/noticiasribeiraopreto.com.br\/wp-content\/uploads\/2024\/04\/Novas-vagas-de-emprego-na-area-de-logistica-Saiba-como-enviar-seu-curriculo.jpg?fit=1199%2C675&ssl=1&resize=350%2C200","width":350,"height":200,"srcset":"https:\/\/i0.wp.com\/noticiasribeiraopreto.com.br\/wp-content\/uploads\/2024\/04\/Novas-vagas-de-emprego-na-area-de-logistica-Saiba-como-enviar-seu-curriculo.jpg?fit=1199%2C675&ssl=1&resize=350%2C200 1x, https:\/\/i0.wp.com\/noticiasribeiraopreto.com.br\/wp-content\/uploads\/2024\/04\/Novas-vagas-de-emprego-na-area-de-logistica-Saiba-como-enviar-seu-curriculo.jpg?fit=1199%2C675&ssl=1&resize=525%2C300 1.5x, https:\/\/i0.wp.com\/noticiasribeiraopreto.com.br\/wp-content\/uploads\/2024\/04\/Novas-vagas-de-emprego-na-area-de-logistica-Saiba-como-enviar-seu-curriculo.jpg?fit=1199%2C675&ssl=1&resize=700%2C400 2x, https:\/\/i0.wp.com\/noticiasribeiraopreto.com.br\/wp-content\/uploads\/2024\/04\/Novas-vagas-de-emprego-na-area-de-logistica-Saiba-como-enviar-seu-curriculo.jpg?fit=1199%2C675&ssl=1&resize=1050%2C600 3x"},"classes":[]},{"id":53294,"url":"https:\/\/noticiasribeiraopreto.com.br\/index.php\/2024\/06\/18\/30-novas-vagas-de-emprego-em-ribeirao-preto-sp-101\/","url_meta":{"origin":71740,"position":5},"title":"30 novas vagas de emprego em Ribeir\u00e3o Preto-SP","author":"noticiasribeiraopreto.com.br","date":"18 de June de 2024","format":false,"excerpt":"Diretor Industrial \u2013 Agroneg\u00f3cioRibeir\u00e3o PretoView JobDiretor Geral de Unidade de Neg\u00f3cio B2B - EdtechRibeir\u00e3o PretoView JobGerente de vendas- Bombas centr\u00edfugas Ribeir\u00e3o PretoView JobGerente de PCP CampinasView JobENGENHEIRO CIVIL Ribeir\u00e3o Preto View JobDiretora Financeira (vaga afirmativa para mulheres) Campinas View JobGerente de Manufatura Ribeir\u00e3o Preto View JobGerente de Controle da Qualidade\u2026","rel":"","context":"In &quot;Vagas de Emprego em Ribeir\u00e3o Preto-SP&quot;","block_context":{"text":"Vagas de Emprego em Ribeir\u00e3o Preto-SP","link":"https:\/\/noticiasribeiraopreto.com.br\/index.php\/category\/empregos-classificados-vagas-trabalho\/vagas-de-empregos-em-ribeirao-preto-regiao-brasil\/"},"img":{"alt_text":"","src":"","width":0,"height":0},"classes":[]}],"jetpack_sharing_enabled":true,"jetpack_shortlink":"https:\/\/wp.me\/peQAOb-iF6","_links":{"self":[{"href":"https:\/\/noticiasribeiraopreto.com.br\/index.php\/wp-json\/wp\/v2\/posts\/71740","targetHints":{"allow":["GET"]}}],"collection":[{"href":"https:\/\/noticiasribeiraopreto.com.br\/index.php\/wp-json\/wp\/v2\/posts"}],"about":[{"href":"https:\/\/noticiasribeiraopreto.com.br\/index.php\/wp-json\/wp\/v2\/types\/post"}],"author":[{"embeddable":true,"href":"https:\/\/noticiasribeiraopreto.com.br\/index.php\/wp-json\/wp\/v2\/users\/1"}],"replies":[{"embeddable":true,"href":"https:\/\/noticiasribeiraopreto.com.br\/index.php\/wp-json\/wp\/v2\/comments?post=71740"}],"version-history":[{"count":0,"href":"https:\/\/noticiasribeiraopreto.com.br\/index.php\/wp-json\/wp\/v2\/posts\/71740\/revisions"}],"wp:featuredmedia":[{"embeddable":true,"href":"https:\/\/noticiasribeiraopreto.com.br\/index.php\/wp-json\/wp\/v2\/media\/71741"}],"wp:attachment":[{"href":"https:\/\/noticiasribeiraopreto.com.br\/index.php\/wp-json\/wp\/v2\/media?parent=71740"}],"wp:term":[{"taxonomy":"category","embeddable":true,"href":"https:\/\/noticiasribeiraopreto.com.br\/index.php\/wp-json\/wp\/v2\/categories?post=71740"},{"taxonomy":"post_tag","embeddable":true,"href":"https:\/\/noticiasribeiraopreto.com.br\/index.php\/wp-json\/wp\/v2\/tags?post=71740"}],"curies":[{"name":"wp","href":"https:\/\/api.w.org\/{rel}","templated":true}]}}