{"id":71744,"date":"2025-06-09T19:30:49","date_gmt":"2025-06-09T22:30:49","guid":{"rendered":"https:\/\/noticiasribeiraopreto.com.br\/index.php\/2025\/06\/09\/ribeirao-preto-realiza-mutirao-inedito-para-avaliar-e-prevenir-quedas-na-terceira-idade\/"},"modified":"2025-06-09T19:30:49","modified_gmt":"2025-06-09T22:30:49","slug":"ribeirao-preto-realiza-mutirao-inedito-para-avaliar-e-prevenir-quedas-na-terceira-idade","status":"publish","type":"post","link":"https:\/\/noticiasribeiraopreto.com.br\/index.php\/2025\/06\/09\/ribeirao-preto-realiza-mutirao-inedito-para-avaliar-e-prevenir-quedas-na-terceira-idade\/","title":{"rendered":"Ribeir\u00e3o Preto realiza mutir\u00e3o in\u00e9dito para avaliar e prevenir quedas na terceira idade"},"content":{"rendered":"<p> <br \/>\n<\/p>\n<div>\n<p>Em alus\u00e3o ao Dia Mundial de Preven\u00e7\u00e3o de Quedas, celebrado em junho, a Secretaria Municipal da Sa\u00fade de Ribeir\u00e3o Preto realizar\u00e1, no s\u00e1bado (14), <strong>um mutir\u00e3o in\u00e9dito para avalia\u00e7\u00e3o do risco de quedas em pessoas idosas. <\/strong><\/p>\n<p>A a\u00e7\u00e3o integra o Programa de Sa\u00fade da Pessoa Idosa e ter\u00e1 dura\u00e7\u00e3o de dois anos, com atendimentos previstos em todas as regi\u00f5es do munic\u00edpio.<\/p>\n<p>Neste primeiro momento, o atendimento ser\u00e1 voltado a moradores do distrito Central. As Unidades B\u00e1sicas de Sa\u00fade (UBSs) ser\u00e3o respons\u00e1veis por entrar em contato com os usu\u00e1rios para agendamento. <strong>Para participar<\/strong>, \u00e9 necess\u00e1rio <strong>apresentar o Cart\u00e3o Hygia e a receita m\u00e9dica mais recente.<\/strong><\/p>\n<p><strong>As unidades envolvidas no primeiro mutir\u00e3o s\u00e3o:<\/strong><\/p>\n<ul class=\"wp-block-list\">\n<li>UBS Vila Tib\u00e9rio<\/li>\n<li>UBS Central<\/li>\n<li>UBS Jo\u00e3o Rossi<\/li>\n<li>UBS Campos El\u00edseos<\/li>\n<li>CSE Vila Tib\u00e9rio (Centro de Sa\u00fade Escola)<\/li>\n<\/ul>\n<p><strong>Cada unidade disponibilizar\u00e1 30 vagas<\/strong>. A expans\u00e3o do projeto ocorrer\u00e1 em etapas, seguindo a ordem dos distritos: <strong>Central<\/strong>, <strong>Norte<\/strong>, <strong>Leste<\/strong>, <strong>Oeste <\/strong>e <strong>Sul<\/strong>.<\/p>\n<h3 class=\"wp-block-heading\"><strong>Avalia\u00e7\u00f5es cl\u00ednicas e funcionais<\/strong><\/h3>\n<p>Durante a avalia\u00e7\u00e3o, as equipes aplicar\u00e3o testes cl\u00ednicos para analisar o equil\u00edbrio postural, a velocidade da marcha, a for\u00e7a muscular e a capacidade funcional. As equipes tamb\u00e9m far\u00e3o avalia\u00e7\u00f5es nutricionais, de vulnerabilidade e de fragilidade.<\/p>\n<p>Fisioterapeutas do Laborat\u00f3rio de Avalia\u00e7\u00e3o e Reabilita\u00e7\u00e3o do Equil\u00edbrio, da Faculdade de Medicina da USP de Ribeir\u00e3o Preto, conduzir\u00e3o todas as atividades.<\/p>\n<p>Ap\u00f3s a avalia\u00e7\u00e3o, <strong>cada idoso receber\u00e1 a Caderneta de Sa\u00fade da Pessoa Idosa<\/strong>, contendo informa\u00e7\u00f5es sobre hist\u00f3rico cl\u00ednico, uso de medicamentos, <strong>cirurgias<\/strong>, <strong>alergias<\/strong>,<strong> h\u00e1bitos de vida<\/strong>, <strong>vacina\u00e7\u00e3o <\/strong>e<strong> orienta\u00e7\u00f5es sobre alimenta\u00e7\u00e3o, medicamentos e direitos.<\/strong><\/p>\n<p>Em at\u00e9 45 dias ap\u00f3s a participa\u00e7\u00e3o no mutir\u00e3o, <strong>a equipe respons\u00e1vel elaborar\u00e1 um relat\u00f3rio individual com orienta\u00e7\u00f5es personalizadas.<\/strong> A UBS onde o atendimento ocorreu disponibilizar\u00e1 o documento, que pode incluir encaminhamentos m\u00e9dicos ou sugest\u00f5es de atividades f\u00edsicas.<\/p>\n<hr class=\"wp-block-separator has-alpha-channel-opacity\"\/>\n<p>SAIBA MAIS<\/p>\n<p>Ribeir\u00e3o recebe projeto gratuito de educa\u00e7\u00e3o financeira; Veja quem pode participar <mark style=\"background-color:#ffffff\" class=\"has-inline-color has-white-color\">contudo,<\/mark><\/p>\n<h4 class=\"wp-block-heading\"><strong>FIQUE ON<\/strong><\/h4>\n<p>Quer ficar por dentro de tudo que acontece em Ribeir\u00e3o Preto e regi\u00e3o? Ent\u00e3o siga os perfis do\u202facidade on\u202fno\u202f<a href=\"https:\/\/www.instagram.com\/acidadeonribeirao\" target=\"_blank\" rel=\"noreferrer noopener\">Instagram<\/a>\u202fe no\u202f<a href=\"https:\/\/www.facebook.com\/acidadeonribeirao\/\" target=\"_blank\" rel=\"noreferrer noopener\">Facebook<\/a>. <mark style=\"background-color:#ffffff\" class=\"has-inline-color has-white-color\">por\u00e9m,<\/mark><\/p>\n<p>Al\u00e9m disso, voc\u00ea pode receber as principais not\u00edcias diretamente no WhatsApp. Para isso, basta\u00a0<a href=\"https:\/\/chat.whatsapp.com\/BjKQZ9oJwlz8VVT50NuePq\" target=\"_blank\" rel=\"noreferrer noopener\">entrar no grupo clicando aqui<\/a>. <mark style=\"background-color:#ffffff\" class=\"has-inline-color has-white-color\">no entanto,<\/mark><\/p>\n<p>Por fim, se quiser fazer uma den\u00fancia ou sugerir uma reportagem sobre Ribeir\u00e3o Preto e regi\u00e3o, envie uma mensagem pelo WhatsApp: (16) 99117-7802. <mark style=\"background-color:#ffffff\" class=\"has-inline-color has-white-color\">contudo,<\/mark><\/p>\n<p>VEJA TAMB\u00c9M<\/p>\n<p>Yara Cortes teve filhos?<mark style=\"background-color:#ffffff\" class=\"has-inline-color has-white-color\"> contu<\/mark><\/p>\n<p><mark style=\"background-color:#ffffff\" class=\"has-inline-color has-white-color\">, contudo<\/mark><\/p>\n<p><mark style=\"background-color:#ffffff\" class=\"has-inline-color has-white-color\">, no entanto<\/mark><\/p>\n<p><!-- CONTENT END 1 -->\n<\/div>\n<p><script async src=\"\/\/www.instagram.com\/embed.js\"><\/script><br \/>\n<br \/><br \/>\n<br \/><a href=\"https:\/\/www.acidadeon.com\/ribeiraopreto\/cotidiano\/ribeirao-preto-realiza-mutirao-inedito-para-avaliar-e-prevenir-quedas-na-terceira-idade\/\">Source link <\/a><\/p>\n","protected":false},"excerpt":{"rendered":"<p>Em alus\u00e3o ao Dia Mundial de Preven\u00e7\u00e3o de Quedas, celebrado em junho, a Secretaria Municipal da Sa\u00fade de Ribeir\u00e3o Preto realizar\u00e1, no s\u00e1bado (14), um&#8230;<\/p>\n","protected":false},"author":1,"featured_media":71745,"comment_status":"open","ping_status":"open","sticky":false,"template":"","format":"standard","meta":{"advanced_seo_description":"","jetpack_seo_html_title":"","jetpack_seo_noindex":false,"jetpack_post_was_ever_published":false,"_jetpack_newsletter_access":"","_jetpack_dont_email_post_to_subs":false,"_jetpack_newsletter_tier_id":0,"_jetpack_memberships_contains_paywalled_content":false,"_jetpack_memberships_contains_paid_content":false,"footnotes":"","jetpack_publicize_message":"","jetpack_publicize_feature_enabled":true,"jetpack_social_post_already_shared":true,"jetpack_social_options":{"image_generator_settings":{"template":"highway","default_image_id":0,"font":"","enabled":false},"version":2}},"categories":[11],"tags":[],"class_list":["post-71744","post","type-post","status-publish","format-standard","has-post-thumbnail","hentry","category-noticias-de-ribeirao-preto-sp-e-regiao-ismael-colosi"],"jetpack_publicize_connections":[],"jetpack_featured_media_url":"https:\/\/i0.wp.com\/noticiasribeiraopreto.com.br\/wp-content\/uploads\/2025\/06\/Copia-de-Copia-de-Copia-de-TAMANHO-EXATO-PARA-FOTOS-NO-SISTEMA-NOVO-2025-06-09T191834.861_2025-06-09_22-19-32.webp.webp?fit=1200%2C675&ssl=1","jetpack-related-posts":[{"id":1234,"url":"https:\/\/noticiasribeiraopreto.com.br\/index.php\/2023\/11\/11\/ribeirao-preto-tem-acao-de-prevencao-ao-diabetes-e-incentivo-a-habitos-saudaveis\/","url_meta":{"origin":71744,"position":0},"title":"Ribeir\u00e3o Preto tem a\u00e7\u00e3o de preven\u00e7\u00e3o ao diabetes e incentivo a h\u00e1bitos saud\u00e1veis","author":"noticiasribeiraopreto.com.br","date":"11 de November de 2023","format":false,"excerpt":"A secretaria municipal da Sa\u00fade, promove neste s\u00e1bado (11), entre 8h e 12h, na Esplanada do Theatro Pedro II, em Ribeir\u00e3o Preto a\u00e7\u00f5es de preven\u00e7\u00e3o ao diabetes, educa\u00e7\u00e3o nutricional, aferi\u00e7\u00e3o de press\u00e3o arterial e medi\u00e7\u00e3o de glicemia. Com parte da Campanha Novembro Azul, simultaneamente, 16 unidades de sa\u00fade de Ribeir\u00e3o\u2026","rel":"","context":"In &quot;Not\u00edcias de Ribeir\u00e3o Preto-SP e Regi\u00e3o&quot;","block_context":{"text":"Not\u00edcias de Ribeir\u00e3o Preto-SP e Regi\u00e3o","link":"https:\/\/noticiasribeiraopreto.com.br\/index.php\/category\/noticias-de-ribeirao-preto-sp-e-regiao-ismael-colosi\/"},"img":{"alt_text":"","src":"https:\/\/i0.wp.com\/noticiasribeiraopreto.com.br\/wp-content\/uploads\/2023\/11\/WhatsApp-Image-2023-11-10-at-13.00.13.jpeg?fit=1200%2C675&ssl=1&resize=350%2C200","width":350,"height":200,"srcset":"https:\/\/i0.wp.com\/noticiasribeiraopreto.com.br\/wp-content\/uploads\/2023\/11\/WhatsApp-Image-2023-11-10-at-13.00.13.jpeg?fit=1200%2C675&ssl=1&resize=350%2C200 1x, https:\/\/i0.wp.com\/noticiasribeiraopreto.com.br\/wp-content\/uploads\/2023\/11\/WhatsApp-Image-2023-11-10-at-13.00.13.jpeg?fit=1200%2C675&ssl=1&resize=525%2C300 1.5x, https:\/\/i0.wp.com\/noticiasribeiraopreto.com.br\/wp-content\/uploads\/2023\/11\/WhatsApp-Image-2023-11-10-at-13.00.13.jpeg?fit=1200%2C675&ssl=1&resize=700%2C400 2x, https:\/\/i0.wp.com\/noticiasribeiraopreto.com.br\/wp-content\/uploads\/2023\/11\/WhatsApp-Image-2023-11-10-at-13.00.13.jpeg?fit=1200%2C675&ssl=1&resize=1050%2C600 3x"},"classes":[]},{"id":26710,"url":"https:\/\/noticiasribeiraopreto.com.br\/index.php\/2024\/01\/10\/aplicativo-saude-digital-tem-nova-funcao-que-indica-tempo-medio-de-atendimento-nas-upas\/","url_meta":{"origin":71744,"position":1},"title":"Aplicativo Sa\u00fade Digital tem nova fun\u00e7\u00e3o que indica tempo m\u00e9dio de atendimento nas UPAs \u2013 Folha de Ribeir\u00e3o","author":"noticiasribeiraopreto.com.br","date":"10 de January de 2024","format":false,"excerpt":"J\u00e1 est\u00e1 dispon\u00edvel para a popula\u00e7\u00e3o, no aplicativo Sa\u00fade Digital, a nova fun\u00e7\u00e3o que permite ao usu\u00e1rio consultar o tempo m\u00e9dio de espera para atendimento por especialidades nas UPAs \u2013 Unidades de Pronto Atendimento de Ribeir\u00e3o Preto. \u201cOs profissionais das UPAs ficam respons\u00e1veis por alimentar esses dados de hora em\u2026","rel":"","context":"In &quot;Not\u00edcias de Ribeir\u00e3o Preto-SP e Regi\u00e3o&quot;","block_context":{"text":"Not\u00edcias de Ribeir\u00e3o Preto-SP e Regi\u00e3o","link":"https:\/\/noticiasribeiraopreto.com.br\/index.php\/category\/noticias-de-ribeirao-preto-sp-e-regiao-ismael-colosi\/"},"img":{"alt_text":"","src":"https:\/\/i0.wp.com\/noticiasribeiraopreto.com.br\/wp-content\/uploads\/2024\/01\/app_saude_digital_-_foto_guilherme_sircili_22.jpg?fit=1200%2C800&ssl=1&resize=350%2C200","width":350,"height":200,"srcset":"https:\/\/i0.wp.com\/noticiasribeiraopreto.com.br\/wp-content\/uploads\/2024\/01\/app_saude_digital_-_foto_guilherme_sircili_22.jpg?fit=1200%2C800&ssl=1&resize=350%2C200 1x, https:\/\/i0.wp.com\/noticiasribeiraopreto.com.br\/wp-content\/uploads\/2024\/01\/app_saude_digital_-_foto_guilherme_sircili_22.jpg?fit=1200%2C800&ssl=1&resize=525%2C300 1.5x, https:\/\/i0.wp.com\/noticiasribeiraopreto.com.br\/wp-content\/uploads\/2024\/01\/app_saude_digital_-_foto_guilherme_sircili_22.jpg?fit=1200%2C800&ssl=1&resize=700%2C400 2x, https:\/\/i0.wp.com\/noticiasribeiraopreto.com.br\/wp-content\/uploads\/2024\/01\/app_saude_digital_-_foto_guilherme_sircili_22.jpg?fit=1200%2C800&ssl=1&resize=1050%2C600 3x"},"classes":[]},{"id":71222,"url":"https:\/\/noticiasribeiraopreto.com.br\/index.php\/2025\/06\/03\/ubs-vila-tiberio-tera-novo-horario-de-atendimento-em-ribeirao-preto\/","url_meta":{"origin":71744,"position":2},"title":"UBS Vila Tib\u00e9rio ter\u00e1 novo hor\u00e1rio de atendimento em Ribeir\u00e3o Preto","author":"noticiasribeiraopreto.com.br","date":"3 de June de 2025","format":false,"excerpt":"A Secretaria de Sa\u00fade de Ribeir\u00e3o Preto apresentou ao Conselho Municipal de Sa\u00fade um estudo t\u00e9cnico com propostas de adequa\u00e7\u00e3o de hor\u00e1rio em algumas UBSs (Unidades B\u00e1sicas de Sa\u00fade). O objetivo, de acordo com a pasta, \u00e9 melhorar a efetividade da assist\u00eancia nas unidades, especialmente naquelas com baixa demanda ap\u00f3s\u2026","rel":"","context":"In &quot;Not\u00edcias de Ribeir\u00e3o Preto-SP e Regi\u00e3o&quot;","block_context":{"text":"Not\u00edcias de Ribeir\u00e3o Preto-SP e Regi\u00e3o","link":"https:\/\/noticiasribeiraopreto.com.br\/index.php\/category\/noticias-de-ribeirao-preto-sp-e-regiao-ismael-colosi\/"},"img":{"alt_text":"","src":"https:\/\/i0.wp.com\/noticiasribeiraopreto.com.br\/wp-content\/uploads\/2025\/06\/Copia-de-Copia-de-Copia-de-TAMANHO-EXATO-PARA-FOTOS-NO-SISTEMA-NOVO-2025-06-03T175949.566_2025-06-03_21-00-00.webp.webp?fit=1200%2C675&ssl=1&resize=350%2C200","width":350,"height":200,"srcset":"https:\/\/i0.wp.com\/noticiasribeiraopreto.com.br\/wp-content\/uploads\/2025\/06\/Copia-de-Copia-de-Copia-de-TAMANHO-EXATO-PARA-FOTOS-NO-SISTEMA-NOVO-2025-06-03T175949.566_2025-06-03_21-00-00.webp.webp?fit=1200%2C675&ssl=1&resize=350%2C200 1x, https:\/\/i0.wp.com\/noticiasribeiraopreto.com.br\/wp-content\/uploads\/2025\/06\/Copia-de-Copia-de-Copia-de-TAMANHO-EXATO-PARA-FOTOS-NO-SISTEMA-NOVO-2025-06-03T175949.566_2025-06-03_21-00-00.webp.webp?fit=1200%2C675&ssl=1&resize=525%2C300 1.5x, https:\/\/i0.wp.com\/noticiasribeiraopreto.com.br\/wp-content\/uploads\/2025\/06\/Copia-de-Copia-de-Copia-de-TAMANHO-EXATO-PARA-FOTOS-NO-SISTEMA-NOVO-2025-06-03T175949.566_2025-06-03_21-00-00.webp.webp?fit=1200%2C675&ssl=1&resize=700%2C400 2x, https:\/\/i0.wp.com\/noticiasribeiraopreto.com.br\/wp-content\/uploads\/2025\/06\/Copia-de-Copia-de-Copia-de-TAMANHO-EXATO-PARA-FOTOS-NO-SISTEMA-NOVO-2025-06-03T175949.566_2025-06-03_21-00-00.webp.webp?fit=1200%2C675&ssl=1&resize=1050%2C600 3x"},"classes":[]},{"id":34620,"url":"https:\/\/noticiasribeiraopreto.com.br\/index.php\/2024\/02\/02\/nova-ubs-deve-atender-em-marco\/","url_meta":{"origin":71744,"position":3},"title":"Nova UBS deve atender em mar\u00e7o\u00a0","author":"noticiasribeiraopreto.com.br","date":"2 de February de 2024","format":false,"excerpt":"2 de fevereiro de 2024 | 18:002 de fevereiro de 2024 | 8:45 0A prefeitura de Ribeir\u00e3o Preto ir\u00e1 inaugurar , ainda no primeiro semestre deste ano, a nova Unidade B\u00e1sica de Sa\u00fade do Centro, na rua S\u00e3o Jos\u00e9, entre os n\u00fameros 1.254 e 1.262. A UBS ir\u00e1 suprir o\u2026","rel":"","context":"In &quot;Not\u00edcias de Ribeir\u00e3o Preto-SP e Regi\u00e3o&quot;","block_context":{"text":"Not\u00edcias de Ribeir\u00e3o Preto-SP e Regi\u00e3o","link":"https:\/\/noticiasribeiraopreto.com.br\/index.php\/category\/noticias-de-ribeirao-preto-sp-e-regiao-ismael-colosi\/"},"img":{"alt_text":"","src":"https:\/\/i0.wp.com\/noticiasribeiraopreto.com.br\/wp-content\/uploads\/2024\/02\/NovaUBS-Divulgacao-01-scaled.jpeg?fit=860%2C645&ssl=1&resize=350%2C200","width":350,"height":200,"srcset":"https:\/\/i0.wp.com\/noticiasribeiraopreto.com.br\/wp-content\/uploads\/2024\/02\/NovaUBS-Divulgacao-01-scaled.jpeg?fit=860%2C645&ssl=1&resize=350%2C200 1x, https:\/\/i0.wp.com\/noticiasribeiraopreto.com.br\/wp-content\/uploads\/2024\/02\/NovaUBS-Divulgacao-01-scaled.jpeg?fit=860%2C645&ssl=1&resize=525%2C300 1.5x, https:\/\/i0.wp.com\/noticiasribeiraopreto.com.br\/wp-content\/uploads\/2024\/02\/NovaUBS-Divulgacao-01-scaled.jpeg?fit=860%2C645&ssl=1&resize=700%2C400 2x"},"classes":[]},{"id":48418,"url":"https:\/\/noticiasribeiraopreto.com.br\/index.php\/2024\/05\/02\/ribeirao-preto-libera-vacina-contra-gripe-para-toda-populacao\/","url_meta":{"origin":71744,"position":4},"title":"Ribeir\u00e3o Preto libera vacina contra gripe para toda popula\u00e7\u00e3o","author":"noticiasribeiraopreto.com.br","date":"2 de May de 2024","format":false,"excerpt":"A vacina contra gripe Influenza em Ribeir\u00e3o Preto est\u00e1 liberada para toda popula\u00e7\u00e3o com mais de seis meses de idade, a partir desta quinta-feira (3), nas 36 salas de vacinas das unidades de sa\u00fade (veja abaixo). O an\u00fancio da prefeitura foi feito um dia ap\u00f3s a imuniza\u00e7\u00e3o ser ampliada pelo\u2026","rel":"","context":"In &quot;Not\u00edcias de Ribeir\u00e3o Preto-SP e Regi\u00e3o&quot;","block_context":{"text":"Not\u00edcias de Ribeir\u00e3o Preto-SP e Regi\u00e3o","link":"https:\/\/noticiasribeiraopreto.com.br\/index.php\/category\/noticias-de-ribeirao-preto-sp-e-regiao-ismael-colosi\/"},"img":{"alt_text":"","src":"https:\/\/i0.wp.com\/noticiasribeiraopreto.com.br\/wp-content\/uploads\/2024\/05\/Copia-de-Copia-de-TAMANHO-EXATO-PARA-FOTOS-NO-SISTEMA-NOVO-29_2024-05-02_21-05-06_jpg_2024-05-02_21-05-06.webp.webp?fit=1200%2C675&ssl=1&resize=350%2C200","width":350,"height":200,"srcset":"https:\/\/i0.wp.com\/noticiasribeiraopreto.com.br\/wp-content\/uploads\/2024\/05\/Copia-de-Copia-de-TAMANHO-EXATO-PARA-FOTOS-NO-SISTEMA-NOVO-29_2024-05-02_21-05-06_jpg_2024-05-02_21-05-06.webp.webp?fit=1200%2C675&ssl=1&resize=350%2C200 1x, https:\/\/i0.wp.com\/noticiasribeiraopreto.com.br\/wp-content\/uploads\/2024\/05\/Copia-de-Copia-de-TAMANHO-EXATO-PARA-FOTOS-NO-SISTEMA-NOVO-29_2024-05-02_21-05-06_jpg_2024-05-02_21-05-06.webp.webp?fit=1200%2C675&ssl=1&resize=525%2C300 1.5x, https:\/\/i0.wp.com\/noticiasribeiraopreto.com.br\/wp-content\/uploads\/2024\/05\/Copia-de-Copia-de-TAMANHO-EXATO-PARA-FOTOS-NO-SISTEMA-NOVO-29_2024-05-02_21-05-06_jpg_2024-05-02_21-05-06.webp.webp?fit=1200%2C675&ssl=1&resize=700%2C400 2x, https:\/\/i0.wp.com\/noticiasribeiraopreto.com.br\/wp-content\/uploads\/2024\/05\/Copia-de-Copia-de-TAMANHO-EXATO-PARA-FOTOS-NO-SISTEMA-NOVO-29_2024-05-02_21-05-06_jpg_2024-05-02_21-05-06.webp.webp?fit=1200%2C675&ssl=1&resize=1050%2C600 3x"},"classes":[]},{"id":33813,"url":"https:\/\/noticiasribeiraopreto.com.br\/index.php\/2024\/01\/30\/saiba-quando-deve-ser-inaugurada-a-nova-ubs-no-centro-de-ribeirao-preto\/","url_meta":{"origin":71744,"position":5},"title":"Saiba quando deve ser inaugurada a nova UBS no Centro de Ribeir\u00e3o Preto","author":"noticiasribeiraopreto.com.br","date":"30 de January de 2024","format":false,"excerpt":"A Prefeitura de Ribeir\u00e3o Preto informou, nesta ter\u00e7a-feira (30), que a nova Unidade de Sa\u00fade (UBS) no Centro da cidade, ser\u00e1 inaugurada ainda no primeiro semestre deste ano. A nova unidade est\u00e1 localizada na rua S\u00e3o Jos\u00e9, entre as ruas Quintino de Bocai\u00fava e Bernardino de Campos, ao lado dos\u2026","rel":"","context":"In &quot;Not\u00edcias de Ribeir\u00e3o Preto-SP e Regi\u00e3o&quot;","block_context":{"text":"Not\u00edcias de Ribeir\u00e3o Preto-SP e Regi\u00e3o","link":"https:\/\/noticiasribeiraopreto.com.br\/index.php\/category\/noticias-de-ribeirao-preto-sp-e-regiao-ismael-colosi\/"},"img":{"alt_text":"","src":"https:\/\/i0.wp.com\/noticiasribeiraopreto.com.br\/wp-content\/uploads\/2024\/01\/ubs_centro_5.jpeg?fit=1200%2C900&ssl=1&resize=350%2C200","width":350,"height":200,"srcset":"https:\/\/i0.wp.com\/noticiasribeiraopreto.com.br\/wp-content\/uploads\/2024\/01\/ubs_centro_5.jpeg?fit=1200%2C900&ssl=1&resize=350%2C200 1x, https:\/\/i0.wp.com\/noticiasribeiraopreto.com.br\/wp-content\/uploads\/2024\/01\/ubs_centro_5.jpeg?fit=1200%2C900&ssl=1&resize=525%2C300 1.5x, https:\/\/i0.wp.com\/noticiasribeiraopreto.com.br\/wp-content\/uploads\/2024\/01\/ubs_centro_5.jpeg?fit=1200%2C900&ssl=1&resize=700%2C400 2x, https:\/\/i0.wp.com\/noticiasribeiraopreto.com.br\/wp-content\/uploads\/2024\/01\/ubs_centro_5.jpeg?fit=1200%2C900&ssl=1&resize=1050%2C600 3x"},"classes":[]}],"jetpack_sharing_enabled":true,"jetpack_shortlink":"https:\/\/wp.me\/peQAOb-iFa","_links":{"self":[{"href":"https:\/\/noticiasribeiraopreto.com.br\/index.php\/wp-json\/wp\/v2\/posts\/71744","targetHints":{"allow":["GET"]}}],"collection":[{"href":"https:\/\/noticiasribeiraopreto.com.br\/index.php\/wp-json\/wp\/v2\/posts"}],"about":[{"href":"https:\/\/noticiasribeiraopreto.com.br\/index.php\/wp-json\/wp\/v2\/types\/post"}],"author":[{"embeddable":true,"href":"https:\/\/noticiasribeiraopreto.com.br\/index.php\/wp-json\/wp\/v2\/users\/1"}],"replies":[{"embeddable":true,"href":"https:\/\/noticiasribeiraopreto.com.br\/index.php\/wp-json\/wp\/v2\/comments?post=71744"}],"version-history":[{"count":0,"href":"https:\/\/noticiasribeiraopreto.com.br\/index.php\/wp-json\/wp\/v2\/posts\/71744\/revisions"}],"wp:featuredmedia":[{"embeddable":true,"href":"https:\/\/noticiasribeiraopreto.com.br\/index.php\/wp-json\/wp\/v2\/media\/71745"}],"wp:attachment":[{"href":"https:\/\/noticiasribeiraopreto.com.br\/index.php\/wp-json\/wp\/v2\/media?parent=71744"}],"wp:term":[{"taxonomy":"category","embeddable":true,"href":"https:\/\/noticiasribeiraopreto.com.br\/index.php\/wp-json\/wp\/v2\/categories?post=71744"},{"taxonomy":"post_tag","embeddable":true,"href":"https:\/\/noticiasribeiraopreto.com.br\/index.php\/wp-json\/wp\/v2\/tags?post=71744"}],"curies":[{"name":"wp","href":"https:\/\/api.w.org\/{rel}","templated":true}]}}