{"id":71748,"date":"2025-06-09T19:39:36","date_gmt":"2025-06-09T22:39:36","guid":{"rendered":"https:\/\/noticiasribeiraopreto.com.br\/index.php\/2025\/06\/09\/vai-ao-joao-rock-saiba-tudo-sobre-a-linha-especial-de-onibus\/"},"modified":"2025-06-09T19:39:36","modified_gmt":"2025-06-09T22:39:36","slug":"vai-ao-joao-rock-saiba-tudo-sobre-a-linha-especial-de-onibus","status":"publish","type":"post","link":"https:\/\/noticiasribeiraopreto.com.br\/index.php\/2025\/06\/09\/vai-ao-joao-rock-saiba-tudo-sobre-a-linha-especial-de-onibus\/","title":{"rendered":"Vai ao Jo\u00e3o Rock? Saiba tudo sobre a linha especial de \u00f4nibus"},"content":{"rendered":"<p> <br \/>\n<\/p>\n<div>\n<p>Para quem vai curtir o <strong>Festival Jo\u00e3o Rock<\/strong> no pr\u00f3ximo s\u00e1bado (14) no Parque Permanente de Exposi\u00e7\u00f5es de Ribeir\u00e3o Preto, a RP Mobi  informou que ser\u00e1 disponibilizada uma <strong>linha especial de \u00f4nibus coletivo urbano para o retorno do p\u00fablico.<\/strong><\/p>\n<p>A linha ser\u00e1 identificada como <em><strong>\u201cJo\u00e3o Rock\u201d<\/strong> <\/em>e come\u00e7ar\u00e1 a operar<strong> a partir das 22h<\/strong>, com <strong>sa\u00eddas a cada 30 minutos.<\/strong> O embarque ocorrer\u00e1 na pista Bairro\/Centro da avenida Thomaz Alberto Whately, no cruzamento com a avenida Recife. <\/p>\n<p>O destino final ser\u00e1 o <strong>Terminal Dr. Evangelina de Carvalho Passig<\/strong>, na Plataforma D, localizada ao lado da rodovi\u00e1ria.<\/p>\n<h3 class=\"wp-block-heading\"><strong>Itiner\u00e1rio da linha especial \u201cJo\u00e3o Rock\u201d<\/strong><\/h3>\n<ul class=\"wp-block-list\">\n<li>Avenida Thomaz Alberto Whately (pista Bairro\/Centro, cruzamento com avenida Recife)<\/li>\n<li>Avenida Brasil<\/li>\n<li>Avenida Saudade<\/li>\n<li>Rua Saldanha Marinho<\/li>\n<li>Rua Flor\u00eancio de Abreu<\/li>\n<li>Avenida Jer\u00f4nimo Gon\u00e7alves<\/li>\n<li>Terminal Urbano (Plataforma D \u2013 ao lado da rodovi\u00e1ria)<\/li>\n<\/ul>\n<h3 class=\"wp-block-heading\"><strong>Linhas convencionais de acesso ao festival<\/strong><\/h3>\n<p>Al\u00e9m da linha especial para o retorno, <strong>as seguintes linhas regulares atender\u00e3o o p\u00fablico com destino \u00e0 regi\u00e3o do <\/strong>evento durante o s\u00e1bado (14):<\/p>\n<ul class=\"wp-block-list\">\n<li>202 \u2013 Jardim Iara<\/li>\n<li>220 \u2013 Parque de Exposi\u00e7\u00f5es<\/li>\n<li>302 \u2013 Jardim Aeroporto<\/li>\n<li>320 \u2013 Jardim Salgado Filho I<\/li>\n<li>901 \u2013 Norte-Sul 1A<\/li>\n<li>910 \u2013 Norte-Sul 1B<\/li>\n<\/ul>\n<h3 class=\"wp-block-heading\"><strong>Desvios de trajeto durante o evento<\/strong><\/h3>\n<p>Algumas linhas ter\u00e3o itiner\u00e1rio alterado por conta do evento:<\/p>\n<p><strong>Linha 202 \u2013 Jardim Iara:<\/strong><br \/>Percurso normal at\u00e9 a rua Serra Negra, com desvio pela rua Geraldo Carmo Stuck e avenida Dr. Lu\u00eds Augusto Gomes de Matos, retornando \u00e0 rota habitual.<\/p>\n<p><strong>Linha 220 \u2013 Parque de Exposi\u00e7\u00f5es:<\/strong><br \/>Percurso normal at\u00e9 a avenida Dr. Lu\u00eds Augusto Gomes de Matos, com desvio pela rua Geraldo Carmo Stuck e rua Serra Negra, retornando ao trajeto original.<\/p>\n<h3 class=\"wp-block-heading\"><strong>Formas de pagamento<\/strong><\/h3>\n<p>Os usu\u00e1rios poder\u00e3o utilizar os seguintes cart\u00f5es para acesso aos \u00f4nibus urbanos:<\/p>\n<ul class=\"wp-block-list\">\n<li><strong>Cart\u00e3o Nosso Cidad\u00e3o:<\/strong> R$ 5<\/li>\n<li><strong>Cart\u00e3o Nosso Estudante:<\/strong> v\u00e1lido, mas sem desconto por ser dia n\u00e3o letivo (cr\u00e9dito integral necess\u00e1rio)<\/li>\n<li><strong>Cart\u00e3o Unit\u00e1rio:<\/strong> R$ 5 (\u00e0 venda na bilheteria do Terminal Evangelina)<\/li>\n<li><strong>Cart\u00e3o Nosso Expresso:<\/strong> R$ 7 (vendido diretamente na linha especial \u2013 R$ 2 pelo cart\u00e3o + R$ 5 da tarifa)<\/li>\n<\/ul>\n<p>Al\u00e9m disso, os \u00f4nibus tamb\u00e9m aceitam <strong>pagamentos com cart\u00f5es de cr\u00e9dito e d\u00e9bito<\/strong>.<\/p>\n<hr class=\"wp-block-separator has-alpha-channel-opacity\"\/>\n<p>SAIBA MAIS<\/p>\n<p>Ribeir\u00e3o recebe projeto gratuito de educa\u00e7\u00e3o financeira; Veja quem pode participar <mark style=\"background-color:#ffffff\" class=\"has-inline-color has-white-color\">contudo,<\/mark><\/p>\n<h4 class=\"wp-block-heading\"><strong>FIQUE ON<\/strong><\/h4>\n<p>Quer ficar por dentro de tudo que acontece em Ribeir\u00e3o Preto e regi\u00e3o? Ent\u00e3o siga os perfis do\u202facidade on\u202fno\u202f<a href=\"https:\/\/www.instagram.com\/acidadeonribeirao\" target=\"_blank\" rel=\"noreferrer noopener\">Instagram<\/a>\u202fe no\u202f<a href=\"https:\/\/www.facebook.com\/acidadeonribeirao\/\" target=\"_blank\" rel=\"noreferrer noopener\">Facebook<\/a>. <mark style=\"background-color:#ffffff\" class=\"has-inline-color has-white-color\">por\u00e9m,<\/mark><\/p>\n<p>Al\u00e9m disso, voc\u00ea pode receber as principais not\u00edcias diretamente no WhatsApp. Para isso, basta\u00a0<a href=\"https:\/\/chat.whatsapp.com\/BjKQZ9oJwlz8VVT50NuePq\" target=\"_blank\" rel=\"noreferrer noopener\">entrar no grupo clicando aqui<\/a>. <mark style=\"background-color:#ffffff\" class=\"has-inline-color has-white-color\">no entanto,<\/mark><\/p>\n<p>Por fim, se quiser fazer uma den\u00fancia ou sugerir uma reportagem sobre Ribeir\u00e3o Preto e regi\u00e3o, envie uma mensagem pelo WhatsApp: (16) 99117-7802. <mark style=\"background-color:#ffffff\" class=\"has-inline-color has-white-color\">contudo,<\/mark><\/p>\n<p>VEJA TAMB\u00c9M<\/p>\n<p>Yara Cortes teve filhos?<mark style=\"background-color:#ffffff\" class=\"has-inline-color has-white-color\"> contu<\/mark><\/p>\n<p><mark style=\"background-color:#ffffff\" class=\"has-inline-color has-white-color\">, contudo<\/mark><\/p>\n<p><mark style=\"background-color:#ffffff\" class=\"has-inline-color has-white-color\">, no entanto<\/mark><\/p>\n<p><!-- CONTENT END 1 -->\n<\/div>\n<p><script async src=\"\/\/www.instagram.com\/embed.js\"><\/script><br \/>\n<br \/><br \/>\n<br \/><a href=\"https:\/\/www.acidadeon.com\/ribeiraopreto\/cotidiano\/vai-ao-joao-rocksaiba-tudo-sobre-a-linha-especial-de-onibus\/\">Source link <\/a><\/p>\n","protected":false},"excerpt":{"rendered":"<p>Para quem vai curtir o Festival Jo\u00e3o Rock no pr\u00f3ximo s\u00e1bado (14) no Parque Permanente de Exposi\u00e7\u00f5es de Ribeir\u00e3o Preto, a RP Mobi informou que&#8230;<\/p>\n","protected":false},"author":1,"featured_media":71749,"comment_status":"open","ping_status":"open","sticky":false,"template":"","format":"standard","meta":{"advanced_seo_description":"","jetpack_seo_html_title":"","jetpack_seo_noindex":false,"jetpack_post_was_ever_published":false,"_jetpack_newsletter_access":"","_jetpack_dont_email_post_to_subs":false,"_jetpack_newsletter_tier_id":0,"_jetpack_memberships_contains_paywalled_content":false,"_jetpack_memberships_contains_paid_content":false,"footnotes":"","jetpack_publicize_message":"","jetpack_publicize_feature_enabled":true,"jetpack_social_post_already_shared":true,"jetpack_social_options":{"image_generator_settings":{"template":"highway","default_image_id":0,"font":"","enabled":false},"version":2}},"categories":[11],"tags":[],"class_list":["post-71748","post","type-post","status-publish","format-standard","has-post-thumbnail","hentry","category-noticias-de-ribeirao-preto-sp-e-regiao-ismael-colosi"],"jetpack_publicize_connections":[],"jetpack_featured_media_url":"https:\/\/i0.wp.com\/noticiasribeiraopreto.com.br\/wp-content\/uploads\/2025\/06\/a.ok_.linhajoaorock_2025-06-09_21-35-55.webp.webp?fit=1000%2C666&ssl=1","jetpack-related-posts":[{"id":52397,"url":"https:\/\/noticiasribeiraopreto.com.br\/index.php\/2024\/06\/06\/joao-rock-tem-linha-de-onibus-especial-confira-o-itinerario\/","url_meta":{"origin":71748,"position":0},"title":"Jo\u00e3o Rock tem linha de \u00f4nibus especial; Confira o itiner\u00e1rio","author":"noticiasribeiraopreto.com.br","date":"6 de June de 2024","format":false,"excerpt":"A RP Mobi, empresa que gerencia o tr\u00e2nsito e o transporte urbano de Ribeir\u00e3o Preto, informou que ser\u00e1 implantada uma linha especial de \u00f4nibus para quem estiver voltando do Festival Jo\u00e3o Rock, que acontece no s\u00e1bado (8), no Parque Permanente de Exposi\u00e7\u00f5es, na zona Norte da cidade. Segundo a RP\u2026","rel":"","context":"In &quot;Not\u00edcias de Ribeir\u00e3o Preto-SP e Regi\u00e3o&quot;","block_context":{"text":"Not\u00edcias de Ribeir\u00e3o Preto-SP e Regi\u00e3o","link":"https:\/\/noticiasribeiraopreto.com.br\/index.php\/category\/noticias-de-ribeirao-preto-sp-e-regiao-ismael-colosi\/"},"img":{"alt_text":"","src":"https:\/\/i0.wp.com\/noticiasribeiraopreto.com.br\/wp-content\/uploads\/2024\/05\/Copia-de-Copia-de-TAMANHO-EXATO-PARA-FOTOS-NO-SISTEMA-NOVO-35_2024-05-23_16-30-22_jpg_2024-05-23_16-30-22.webp.webp?fit=1200%2C675&ssl=1&resize=350%2C200","width":350,"height":200,"srcset":"https:\/\/i0.wp.com\/noticiasribeiraopreto.com.br\/wp-content\/uploads\/2024\/05\/Copia-de-Copia-de-TAMANHO-EXATO-PARA-FOTOS-NO-SISTEMA-NOVO-35_2024-05-23_16-30-22_jpg_2024-05-23_16-30-22.webp.webp?fit=1200%2C675&ssl=1&resize=350%2C200 1x, https:\/\/i0.wp.com\/noticiasribeiraopreto.com.br\/wp-content\/uploads\/2024\/05\/Copia-de-Copia-de-TAMANHO-EXATO-PARA-FOTOS-NO-SISTEMA-NOVO-35_2024-05-23_16-30-22_jpg_2024-05-23_16-30-22.webp.webp?fit=1200%2C675&ssl=1&resize=525%2C300 1.5x, https:\/\/i0.wp.com\/noticiasribeiraopreto.com.br\/wp-content\/uploads\/2024\/05\/Copia-de-Copia-de-TAMANHO-EXATO-PARA-FOTOS-NO-SISTEMA-NOVO-35_2024-05-23_16-30-22_jpg_2024-05-23_16-30-22.webp.webp?fit=1200%2C675&ssl=1&resize=700%2C400 2x, https:\/\/i0.wp.com\/noticiasribeiraopreto.com.br\/wp-content\/uploads\/2024\/05\/Copia-de-Copia-de-TAMANHO-EXATO-PARA-FOTOS-NO-SISTEMA-NOVO-35_2024-05-23_16-30-22_jpg_2024-05-23_16-30-22.webp.webp?fit=1200%2C675&ssl=1&resize=1050%2C600 3x"},"classes":[]},{"id":71946,"url":"https:\/\/noticiasribeiraopreto.com.br\/index.php\/2025\/06\/11\/joao-rock-2025-veja-como-ficara-o-transito-em-ribeirao-preto-no-dia-do-festival\/","url_meta":{"origin":71748,"position":1},"title":"Jo\u00e3o Rock 2025: veja como ficar\u00e1 o tr\u00e2nsito em Ribeir\u00e3o Preto no dia do festival","author":"noticiasribeiraopreto.com.br","date":"11 de June de 2025","format":false,"excerpt":"No pr\u00f3ximo s\u00e1bado (14) vai acontecer o festival Jo\u00e3o Rock, no Parque Permanente de Exposi\u00e7\u00f5es, localizado na zona Norte de Ribeir\u00e3o Preto. Para atender \u00e0 demanda do p\u00fablico estimado em 70 mil pessoas, ser\u00e1 implantado um esquema especial de tr\u00e2nsito nas vias pr\u00f3ximas ao local do evento. A opera\u00e7\u00e3o ter\u00e1\u2026","rel":"","context":"In &quot;Not\u00edcias de Ribeir\u00e3o Preto-SP e Regi\u00e3o&quot;","block_context":{"text":"Not\u00edcias de Ribeir\u00e3o Preto-SP e Regi\u00e3o","link":"https:\/\/noticiasribeiraopreto.com.br\/index.php\/category\/noticias-de-ribeirao-preto-sp-e-regiao-ismael-colosi\/"},"img":{"alt_text":"","src":"https:\/\/i0.wp.com\/noticiasribeiraopreto.com.br\/wp-content\/uploads\/2025\/06\/Imagem-do-WhatsApp-de-2025-06-11-as-15.34.51_6cd9c0e1_2025-06-11_20-16-33.webp.webp?fit=1200%2C900&ssl=1&resize=350%2C200","width":350,"height":200,"srcset":"https:\/\/i0.wp.com\/noticiasribeiraopreto.com.br\/wp-content\/uploads\/2025\/06\/Imagem-do-WhatsApp-de-2025-06-11-as-15.34.51_6cd9c0e1_2025-06-11_20-16-33.webp.webp?fit=1200%2C900&ssl=1&resize=350%2C200 1x, https:\/\/i0.wp.com\/noticiasribeiraopreto.com.br\/wp-content\/uploads\/2025\/06\/Imagem-do-WhatsApp-de-2025-06-11-as-15.34.51_6cd9c0e1_2025-06-11_20-16-33.webp.webp?fit=1200%2C900&ssl=1&resize=525%2C300 1.5x, https:\/\/i0.wp.com\/noticiasribeiraopreto.com.br\/wp-content\/uploads\/2025\/06\/Imagem-do-WhatsApp-de-2025-06-11-as-15.34.51_6cd9c0e1_2025-06-11_20-16-33.webp.webp?fit=1200%2C900&ssl=1&resize=700%2C400 2x, https:\/\/i0.wp.com\/noticiasribeiraopreto.com.br\/wp-content\/uploads\/2025\/06\/Imagem-do-WhatsApp-de-2025-06-11-as-15.34.51_6cd9c0e1_2025-06-11_20-16-33.webp.webp?fit=1200%2C900&ssl=1&resize=1050%2C600 3x"},"classes":[]},{"id":29592,"url":"https:\/\/noticiasribeiraopreto.com.br\/index.php\/2024\/01\/18\/jogo-entre-botafogo-e-santos-tera-linha-especial-de-onibus-em-ribeirao-preto-veja-o-itinerario\/","url_meta":{"origin":71748,"position":2},"title":"Jogo entre Botafogo e Santos ter\u00e1 linha especial de \u00f4nibus em Ribeir\u00e3o Preto; Veja o itiner\u00e1rio","author":"noticiasribeiraopreto.com.br","date":"18 de January de 2024","format":false,"excerpt":"Quem for acompanhar a partida entre o Botafogo e o Santos, pela primeira rodada do Campeonato Paulista S\u00e9rie A1, neste s\u00e1bado (20), contar\u00e1 com uma linha especial de \u00f4nibus. A disputa entre os dois times acontece \u00e0s 18h, no Est\u00e1dio Santa Cruz, em Ribeir\u00e3o Preto. Vale lembrar que no dia\u2026","rel":"","context":"In &quot;Not\u00edcias de Ribeir\u00e3o Preto-SP e Regi\u00e3o&quot;","block_context":{"text":"Not\u00edcias de Ribeir\u00e3o Preto-SP e Regi\u00e3o","link":"https:\/\/noticiasribeiraopreto.com.br\/index.php\/category\/noticias-de-ribeirao-preto-sp-e-regiao-ismael-colosi\/"},"img":{"alt_text":"","src":"https:\/\/i0.wp.com\/noticiasribeiraopreto.com.br\/wp-content\/uploads\/2024\/01\/1705616920_onibus-ribeirao-preto.jpg?fit=1200%2C675&ssl=1&resize=350%2C200","width":350,"height":200,"srcset":"https:\/\/i0.wp.com\/noticiasribeiraopreto.com.br\/wp-content\/uploads\/2024\/01\/1705616920_onibus-ribeirao-preto.jpg?fit=1200%2C675&ssl=1&resize=350%2C200 1x, https:\/\/i0.wp.com\/noticiasribeiraopreto.com.br\/wp-content\/uploads\/2024\/01\/1705616920_onibus-ribeirao-preto.jpg?fit=1200%2C675&ssl=1&resize=525%2C300 1.5x, https:\/\/i0.wp.com\/noticiasribeiraopreto.com.br\/wp-content\/uploads\/2024\/01\/1705616920_onibus-ribeirao-preto.jpg?fit=1200%2C675&ssl=1&resize=700%2C400 2x, https:\/\/i0.wp.com\/noticiasribeiraopreto.com.br\/wp-content\/uploads\/2024\/01\/1705616920_onibus-ribeirao-preto.jpg?fit=1200%2C675&ssl=1&resize=1050%2C600 3x"},"classes":[]},{"id":37222,"url":"https:\/\/noticiasribeiraopreto.com.br\/index.php\/2024\/02\/14\/jogo-entre-botafogo-e-corinthians-tera-linha-especial-de-onibus\/","url_meta":{"origin":71748,"position":3},"title":"Jogo entre Botafogo e Corinthians ter\u00e1 linha especial de \u00f4nibus","author":"noticiasribeiraopreto.com.br","date":"14 de February de 2024","format":false,"excerpt":"14 de fevereiro de 2024 | 15:43 0O jogo de futebol entre as equipes profissionais do Botafogo Futebol Clube e Corinthians, pela oitava rodada do Campeonato Paulista, ter\u00e1 uma linha especial de \u00f4nibus para facilitar a chegada dos torcedores. A partida ser\u00e1 na noite desta quarta-feira, dia 14 de fevereiro,\u2026","rel":"","context":"In &quot;Not\u00edcias de Ribeir\u00e3o Preto-SP e Regi\u00e3o&quot;","block_context":{"text":"Not\u00edcias de Ribeir\u00e3o Preto-SP e Regi\u00e3o","link":"https:\/\/noticiasribeiraopreto.com.br\/index.php\/category\/noticias-de-ribeirao-preto-sp-e-regiao-ismael-colosi\/"},"img":{"alt_text":"","src":"https:\/\/i0.wp.com\/noticiasribeiraopreto.com.br\/wp-content\/uploads\/2024\/02\/jogo_corinthians_linha_onibus1-scaled.jpg?fit=1000%2C563&ssl=1&resize=350%2C200","width":350,"height":200,"srcset":"https:\/\/i0.wp.com\/noticiasribeiraopreto.com.br\/wp-content\/uploads\/2024\/02\/jogo_corinthians_linha_onibus1-scaled.jpg?fit=1000%2C563&ssl=1&resize=350%2C200 1x, https:\/\/i0.wp.com\/noticiasribeiraopreto.com.br\/wp-content\/uploads\/2024\/02\/jogo_corinthians_linha_onibus1-scaled.jpg?fit=1000%2C563&ssl=1&resize=525%2C300 1.5x, https:\/\/i0.wp.com\/noticiasribeiraopreto.com.br\/wp-content\/uploads\/2024\/02\/jogo_corinthians_linha_onibus1-scaled.jpg?fit=1000%2C563&ssl=1&resize=700%2C400 2x"},"classes":[]},{"id":75839,"url":"https:\/\/noticiasribeiraopreto.com.br\/index.php\/2025\/08\/16\/eventos-forcam-bloqueios-em-rp\/","url_meta":{"origin":71748,"position":4},"title":"Eventos for\u00e7am bloqueios em RP\u00a0","author":"noticiasribeiraopreto.com.br","date":"16 de August de 2025","format":false,"excerpt":"16 de agosto de 2025 12:0016 de agosto de 2025 11:136 Compartilhar0 Motoristas devem ficar atentos aos bloqueios e utilizar as rotas alternativas indicadas para evitar transtornos \u00a0\u00a0A RP Mobi \u2013 Empresa de Mobilidade Urbana de Ribeir\u00e3o Preto S.A, a antiga Transerp, respons\u00e1vel pelo tr\u00e2nsito e transporte \u2013 informa que\u2026","rel":"","context":"In &quot;Not\u00edcias de Ribeir\u00e3o Preto-SP e Regi\u00e3o&quot;","block_context":{"text":"Not\u00edcias de Ribeir\u00e3o Preto-SP e Regi\u00e3o","link":"https:\/\/noticiasribeiraopreto.com.br\/index.php\/category\/noticias-de-ribeirao-preto-sp-e-regiao-ismael-colosi\/"},"img":{"alt_text":"","src":"https:\/\/i0.wp.com\/noticiasribeiraopreto.com.br\/wp-content\/uploads\/2025\/08\/Bloqueio-scaled.jpeg?fit=1170%2C780&ssl=1&resize=350%2C200","width":350,"height":200,"srcset":"https:\/\/i0.wp.com\/noticiasribeiraopreto.com.br\/wp-content\/uploads\/2025\/08\/Bloqueio-scaled.jpeg?fit=1170%2C780&ssl=1&resize=350%2C200 1x, https:\/\/i0.wp.com\/noticiasribeiraopreto.com.br\/wp-content\/uploads\/2025\/08\/Bloqueio-scaled.jpeg?fit=1170%2C780&ssl=1&resize=525%2C300 1.5x, https:\/\/i0.wp.com\/noticiasribeiraopreto.com.br\/wp-content\/uploads\/2025\/08\/Bloqueio-scaled.jpeg?fit=1170%2C780&ssl=1&resize=700%2C400 2x, https:\/\/i0.wp.com\/noticiasribeiraopreto.com.br\/wp-content\/uploads\/2025\/08\/Bloqueio-scaled.jpeg?fit=1170%2C780&ssl=1&resize=1050%2C600 3x"},"classes":[]},{"id":75444,"url":"https:\/\/noticiasribeiraopreto.com.br\/index.php\/2025\/08\/08\/ruas-tem-sentidos-alterados-nas-zonas-leste-e-norte-de-ribeirao-preto-veja-as-mudancas\/","url_meta":{"origin":71748,"position":5},"title":"Ruas t\u00eam sentidos alterados nas zonas Leste e Norte de Ribeir\u00e3o Preto; veja as mudan\u00e7as","author":"noticiasribeiraopreto.com.br","date":"8 de August de 2025","format":false,"excerpt":"A circula\u00e7\u00e3o de ve\u00edculos em ruas das zonas Leste e Norte de Ribeir\u00e3o Preto muda a partir deste domingo (10). No bairro Recreio Anhanguera, sete vias ter\u00e3o o sentido de tr\u00e1fego alterado. J\u00e1 no Parque Industrial Tanquinho, uma rua passa a operar em m\u00e3o dupla. As mudan\u00e7as afetam tamb\u00e9m o\u2026","rel":"","context":"In &quot;Not\u00edcias de Ribeir\u00e3o Preto-SP e Regi\u00e3o&quot;","block_context":{"text":"Not\u00edcias de Ribeir\u00e3o Preto-SP e Regi\u00e3o","link":"https:\/\/noticiasribeiraopreto.com.br\/index.php\/category\/noticias-de-ribeirao-preto-sp-e-regiao-ismael-colosi\/"},"img":{"alt_text":"","src":"https:\/\/i0.wp.com\/noticiasribeiraopreto.com.br\/wp-content\/uploads\/2025\/08\/Copia-de-Copia-de-Copia-de-TAMANHO-EXATO-PARA-FOTOS-NO-SISTEMA-NOVO-2025-08-08T173807.224_2025-08-08_20-41-07.webp.webp?fit=1200%2C675&ssl=1&resize=350%2C200","width":350,"height":200,"srcset":"https:\/\/i0.wp.com\/noticiasribeiraopreto.com.br\/wp-content\/uploads\/2025\/08\/Copia-de-Copia-de-Copia-de-TAMANHO-EXATO-PARA-FOTOS-NO-SISTEMA-NOVO-2025-08-08T173807.224_2025-08-08_20-41-07.webp.webp?fit=1200%2C675&ssl=1&resize=350%2C200 1x, https:\/\/i0.wp.com\/noticiasribeiraopreto.com.br\/wp-content\/uploads\/2025\/08\/Copia-de-Copia-de-Copia-de-TAMANHO-EXATO-PARA-FOTOS-NO-SISTEMA-NOVO-2025-08-08T173807.224_2025-08-08_20-41-07.webp.webp?fit=1200%2C675&ssl=1&resize=525%2C300 1.5x, https:\/\/i0.wp.com\/noticiasribeiraopreto.com.br\/wp-content\/uploads\/2025\/08\/Copia-de-Copia-de-Copia-de-TAMANHO-EXATO-PARA-FOTOS-NO-SISTEMA-NOVO-2025-08-08T173807.224_2025-08-08_20-41-07.webp.webp?fit=1200%2C675&ssl=1&resize=700%2C400 2x, https:\/\/i0.wp.com\/noticiasribeiraopreto.com.br\/wp-content\/uploads\/2025\/08\/Copia-de-Copia-de-Copia-de-TAMANHO-EXATO-PARA-FOTOS-NO-SISTEMA-NOVO-2025-08-08T173807.224_2025-08-08_20-41-07.webp.webp?fit=1200%2C675&ssl=1&resize=1050%2C600 3x"},"classes":[]}],"jetpack_sharing_enabled":true,"jetpack_shortlink":"https:\/\/wp.me\/peQAOb-iFe","_links":{"self":[{"href":"https:\/\/noticiasribeiraopreto.com.br\/index.php\/wp-json\/wp\/v2\/posts\/71748","targetHints":{"allow":["GET"]}}],"collection":[{"href":"https:\/\/noticiasribeiraopreto.com.br\/index.php\/wp-json\/wp\/v2\/posts"}],"about":[{"href":"https:\/\/noticiasribeiraopreto.com.br\/index.php\/wp-json\/wp\/v2\/types\/post"}],"author":[{"embeddable":true,"href":"https:\/\/noticiasribeiraopreto.com.br\/index.php\/wp-json\/wp\/v2\/users\/1"}],"replies":[{"embeddable":true,"href":"https:\/\/noticiasribeiraopreto.com.br\/index.php\/wp-json\/wp\/v2\/comments?post=71748"}],"version-history":[{"count":0,"href":"https:\/\/noticiasribeiraopreto.com.br\/index.php\/wp-json\/wp\/v2\/posts\/71748\/revisions"}],"wp:featuredmedia":[{"embeddable":true,"href":"https:\/\/noticiasribeiraopreto.com.br\/index.php\/wp-json\/wp\/v2\/media\/71749"}],"wp:attachment":[{"href":"https:\/\/noticiasribeiraopreto.com.br\/index.php\/wp-json\/wp\/v2\/media?parent=71748"}],"wp:term":[{"taxonomy":"category","embeddable":true,"href":"https:\/\/noticiasribeiraopreto.com.br\/index.php\/wp-json\/wp\/v2\/categories?post=71748"},{"taxonomy":"post_tag","embeddable":true,"href":"https:\/\/noticiasribeiraopreto.com.br\/index.php\/wp-json\/wp\/v2\/tags?post=71748"}],"curies":[{"name":"wp","href":"https:\/\/api.w.org\/{rel}","templated":true}]}}