{"id":71750,"date":"2025-06-09T19:47:05","date_gmt":"2025-06-09T22:47:05","guid":{"rendered":"https:\/\/noticiasribeiraopreto.com.br\/index.php\/2025\/06\/09\/sesi-ribeirao-tem-apresentacao-de-forro-gratuita-durante-o-mes-de-junho-veja-programacao\/"},"modified":"2025-06-09T19:47:05","modified_gmt":"2025-06-09T22:47:05","slug":"sesi-ribeirao-tem-apresentacao-de-forro-gratuita-durante-o-mes-de-junho-veja-programacao","status":"publish","type":"post","link":"https:\/\/noticiasribeiraopreto.com.br\/index.php\/2025\/06\/09\/sesi-ribeirao-tem-apresentacao-de-forro-gratuita-durante-o-mes-de-junho-veja-programacao\/","title":{"rendered":"Sesi Ribeir\u00e3o tem apresenta\u00e7\u00e3o de forr\u00f3 gratuita durante o m\u00eas de junho; Veja programa\u00e7\u00e3o"},"content":{"rendered":"<p> <br \/>\n<\/p>\n<div>\n<p>As festas juninas chegaram e o <strong>forr\u00f3 <\/strong>\u2014 ritmo s\u00edmbolo do <strong>S\u00e3o Jo\u00e3o<\/strong> \u2014 ganha espa\u00e7o no calend\u00e1rio cultural de <strong>Ribeir\u00e3o Preto<\/strong>.<\/p>\n<p>Durante todo o m\u00eas de junho, o Centro Cultural Sesi ser\u00e1 palco de <strong>apresenta\u00e7\u00f5es musicais gratuitas<\/strong>, sempre \u00e0s quintas-feiras, \u00e0s 19h30. <mark style=\"background-color:#fcb900\" class=\"has-inline-color\">Os interessados devem reservar os ingressos de forma on-line.<\/mark><\/p>\n<p>Com classifica\u00e7\u00e3o livre, as apresenta\u00e7\u00f5es prometem <strong>animar o p\u00fablico ribeir\u00e3o-pretano<\/strong> com suas manifesta\u00e7\u00f5es culturais conhecidas por seus ritmos musicais, dan\u00e7as e instrumentos tradicionais.<\/p>\n<h2 class=\"wp-block-heading\"><strong>Confira a programa\u00e7\u00e3o completa<\/strong><\/h2>\n<ul class=\"wp-block-list\">\n<li><strong>Dona Zefa \u2013 Cl\u00e1ssicos do Forr\u00f3 Brasileiro \u2013 12 de junho<\/strong><\/li>\n<\/ul>\n<p>Apresentando os grandes cl\u00e1ssicos na discografia de Luiz Gonzaga, Jackson do Pandeiro, Dominguinhos e Alceu Valen\u00e7a, o trio Dona Zefa e o percussionista Pedro Mam\u00e3o convidam o p\u00fablico a \u2018levantar a poeira no sal\u00e3o\u2019 com a combina\u00e7\u00e3o envolvente de sanfona, zabumba, tri\u00e2ngulo e pandeiro. <\/p>\n<p><strong>Os ingressos podem ser reservados <a href=\"https:\/\/www.sesisp.org.br\/evento\/bfa0070a-4452-4e1d-ab6a-775acb856d3d\/dona-zefa-interpreta-os-classicos-do-forro-brasileiro\" target=\"_blank\" rel=\"noreferrer noopener\">clicando aqui<\/a>.<\/strong><\/p>\n<ul class=\"wp-block-list\">\n<li><strong>Forr\u00f3 do Pitoresco \u2013 19 de junho<\/strong><\/li>\n<\/ul>\n<p>Em um show que mescla riffs pesados e guitarras distorcidas \u00e0s sonoridades do bai\u00e3o, maracatu e xote, a banda Pitoresco transforma obras de AC\/DC, Michael Jackson e Beatles em Hard Xote, ritmo marcado por forr\u00f3 com swing e peso.<\/p>\n<p><strong>Os ingressos podem ser reservados <a href=\"https:\/\/www.sesisp.org.br\/evento\/9426f094-a90d-4719-8f28-8e1a5c42f976\/forro-do-pitoresco\" target=\"_blank\" rel=\"noreferrer noopener\">clicando aqui<\/a>.<\/strong><\/p>\n<ul class=\"wp-block-list\">\n<li><strong>Forr\u00f3 Mimoso \u2013 No Balan\u00e7o do Resf\u00f4lego \u2013 26 de junho<\/strong><\/li>\n<\/ul>\n<p>Com m\u00fasicas marcantes e clima festivo, o espet\u00e1culo convida a viajar pelas tradi\u00e7\u00f5es e encantos do Forr\u00f3 P\u00e9-de-Serra em uma mistura envolvente de xote,\u00a0xaxado, forr\u00f3, bai\u00e3o e arrasta p\u00e9.\u00a0<\/p>\n<p>Com a voz potente de Sofia Azevedo, o resf\u00f4lego do sanfoneiro Will Storti e o pulsar da zabumba de Marcelo Carvalho, o grupo Forr\u00f3 Mimoso conquista cora\u00e7\u00f5es por onde passa, celebrando a alegria e a diversidade da m\u00fasica nordestina.<\/p>\n<p><strong>Os ingressos podem ser reservados <a href=\"https:\/\/www.sesisp.org.br\/evento\/83020622-01f4-4e11-927a-b5bbb2f7534b\/forro-mimoso-no-balanco-do-resfolego\" target=\"_blank\" rel=\"noreferrer noopener\">clicando aqui<\/a>.<\/strong><\/p>\n<h3 class=\"wp-block-heading\"><strong>Servi\u00e7o<\/strong><\/h3>\n<p><em>Forr\u00f3 no Sesi Ribeir\u00e3o Preto<\/em><\/p>\n<p>Quando: 12, 19 e 26 de junho<\/p>\n<p>Hor\u00e1rio: \u00e0s 19h30<\/p>\n<p>Local: Foyer do Centro Cultural Sesi Ribeir\u00e3o Preto \u2013 rua Jo\u00e3o Ignacchiti, S\/N \u2013 Jd. Castelo Branco<\/p>\n<p>Ingressos: gratuitos<\/p>\n<hr class=\"wp-block-separator has-alpha-channel-opacity\"\/>\n<p>SAIBA MAIS<\/p>\n<p>Ribeir\u00e3o recebe projeto gratuito de educa\u00e7\u00e3o financeira; Veja quem pode participar <mark style=\"background-color:#ffffff\" class=\"has-inline-color has-white-color\">contudo,<\/mark><\/p>\n<h4 class=\"wp-block-heading\"><strong>FIQUE ON<\/strong><\/h4>\n<p>Quer ficar por dentro de tudo que acontece em Ribeir\u00e3o Preto e regi\u00e3o? Ent\u00e3o siga os perfis do\u202facidade on\u202fno\u202f<a href=\"https:\/\/www.instagram.com\/acidadeonribeirao\" target=\"_blank\" rel=\"noreferrer noopener\">Instagram<\/a>\u202fe no\u202f<a href=\"https:\/\/www.facebook.com\/acidadeonribeirao\/\" target=\"_blank\" rel=\"noreferrer noopener\">Facebook<\/a>. <mark style=\"background-color:#ffffff\" class=\"has-inline-color has-white-color\">por\u00e9m,<\/mark><\/p>\n<p>Al\u00e9m disso, voc\u00ea pode receber as principais not\u00edcias diretamente no WhatsApp. Para isso, basta\u00a0<a href=\"https:\/\/chat.whatsapp.com\/BjKQZ9oJwlz8VVT50NuePq\" target=\"_blank\" rel=\"noreferrer noopener\">entrar no grupo clicando aqui<\/a>. <mark style=\"background-color:#ffffff\" class=\"has-inline-color has-white-color\">no entanto,<\/mark><\/p>\n<p>Por fim, se quiser fazer uma den\u00fancia ou sugerir uma reportagem sobre Ribeir\u00e3o Preto e regi\u00e3o, envie uma mensagem pelo WhatsApp: (16) 99117-7802. <mark style=\"background-color:#ffffff\" class=\"has-inline-color has-white-color\">contudo,<\/mark><\/p>\n<p>VEJA TAMB\u00c9M<\/p>\n<p>Yara Cortes teve filhos?<mark style=\"background-color:#ffffff\" class=\"has-inline-color has-white-color\"> contudo,<\/mark><\/p>\n<p><!-- CONTENT END 1 -->\n<\/div>\n<p><script async src=\"\/\/www.instagram.com\/embed.js\"><\/script><br \/>\n<br \/><br \/>\n<br \/><a href=\"https:\/\/www.acidadeon.com\/ribeiraopreto\/lazer-e-cultura\/sesi-ribeirao-tem-apresentacao-de-forro-gratuita-durante-o-mes-de-junho-veja-programacao\/\">Source link <\/a><\/p>\n","protected":false},"excerpt":{"rendered":"<p>As festas juninas chegaram e o forr\u00f3 \u2014 ritmo s\u00edmbolo do S\u00e3o Jo\u00e3o \u2014 ganha espa\u00e7o no calend\u00e1rio cultural de Ribeir\u00e3o Preto. Durante todo o&#8230;<\/p>\n","protected":false},"author":1,"featured_media":71751,"comment_status":"open","ping_status":"open","sticky":false,"template":"","format":"standard","meta":{"advanced_seo_description":"","jetpack_seo_html_title":"","jetpack_seo_noindex":false,"jetpack_post_was_ever_published":false,"_jetpack_newsletter_access":"","_jetpack_dont_email_post_to_subs":false,"_jetpack_newsletter_tier_id":0,"_jetpack_memberships_contains_paywalled_content":false,"_jetpack_memberships_contains_paid_content":false,"footnotes":"","jetpack_publicize_message":"","jetpack_publicize_feature_enabled":true,"jetpack_social_post_already_shared":true,"jetpack_social_options":{"image_generator_settings":{"template":"highway","default_image_id":0,"font":"","enabled":false},"version":2}},"categories":[11],"tags":[],"class_list":["post-71750","post","type-post","status-publish","format-standard","has-post-thumbnail","hentry","category-noticias-de-ribeirao-preto-sp-e-regiao-ismael-colosi"],"jetpack_publicize_connections":[],"jetpack_featured_media_url":"https:\/\/i0.wp.com\/noticiasribeiraopreto.com.br\/wp-content\/uploads\/2025\/06\/a66292b9-905d-4077-ba5a-a1346376a151_2025-06-09_21-10-02.webp.webp?fit=1200%2C600&ssl=1","jetpack-related-posts":[{"id":70526,"url":"https:\/\/noticiasribeiraopreto.com.br\/index.php\/2025\/05\/27\/sesi-ribeirao-preto-recebe-show-gratuito-com-classicos-do-xote-choro-e-forro\/","url_meta":{"origin":71750,"position":0},"title":"Sesi Ribeir\u00e3o Preto recebe show gratuito com cl\u00e1ssicos do xote, choro e forr\u00f3","author":"noticiasribeiraopreto.com.br","date":"27 de May de 2025","format":false,"excerpt":"A dupla Vanille Goovaerts e Ricardo Herz apresenta um show gratuito com cl\u00e1ssicos do xote, choro e forr\u00f3, no Sesi Ribeir\u00e3o Preto, no pr\u00f3ximo dia 7 de junho, a partir das 20h. A francesa Vanille (violino, rabeca e voz) e o brasileiro Ricardo (violino e rabeca) tocam um repert\u00f3rio que\u2026","rel":"","context":"In &quot;Not\u00edcias de Ribeir\u00e3o Preto-SP e Regi\u00e3o&quot;","block_context":{"text":"Not\u00edcias de Ribeir\u00e3o Preto-SP e Regi\u00e3o","link":"https:\/\/noticiasribeiraopreto.com.br\/index.php\/category\/noticias-de-ribeirao-preto-sp-e-regiao-ismael-colosi\/"},"img":{"alt_text":"","src":"https:\/\/i0.wp.com\/noticiasribeiraopreto.com.br\/wp-content\/uploads\/2025\/05\/ff67ac41-ea60-4f8e-96a0-ea121da9df1b_2025-05-27_14-50-06.webp.webp?fit=1066%2C600&ssl=1&resize=350%2C200","width":350,"height":200,"srcset":"https:\/\/i0.wp.com\/noticiasribeiraopreto.com.br\/wp-content\/uploads\/2025\/05\/ff67ac41-ea60-4f8e-96a0-ea121da9df1b_2025-05-27_14-50-06.webp.webp?fit=1066%2C600&ssl=1&resize=350%2C200 1x, https:\/\/i0.wp.com\/noticiasribeiraopreto.com.br\/wp-content\/uploads\/2025\/05\/ff67ac41-ea60-4f8e-96a0-ea121da9df1b_2025-05-27_14-50-06.webp.webp?fit=1066%2C600&ssl=1&resize=525%2C300 1.5x, https:\/\/i0.wp.com\/noticiasribeiraopreto.com.br\/wp-content\/uploads\/2025\/05\/ff67ac41-ea60-4f8e-96a0-ea121da9df1b_2025-05-27_14-50-06.webp.webp?fit=1066%2C600&ssl=1&resize=700%2C400 2x, https:\/\/i0.wp.com\/noticiasribeiraopreto.com.br\/wp-content\/uploads\/2025\/05\/ff67ac41-ea60-4f8e-96a0-ea121da9df1b_2025-05-27_14-50-06.webp.webp?fit=1066%2C600&ssl=1&resize=1050%2C600 3x"},"classes":[]},{"id":59328,"url":"https:\/\/noticiasribeiraopreto.com.br\/index.php\/2024\/10\/21\/sesi-ribeirao-tem-programacao-com-shows-de-rock-jazz-viola-caipira-forro-e-ritmos-africanos\/","url_meta":{"origin":71750,"position":1},"title":"Sesi Ribeir\u00e3o tem programa\u00e7\u00e3o com shows de rock, jazz, viola caipira, forr\u00f3 e ritmos africanos","author":"noticiasribeiraopreto.com.br","date":"21 de October de 2024","format":false,"excerpt":"O Sesi Ribeir\u00e3o Preto oferece uma programa\u00e7\u00e3o cultural com muita diversidade musical, passando pelos g\u00eaneros de jazz, rock, viola caipira, forr\u00f3 e ritmos africanos. Ao todo s\u00e3o cinco atra\u00e7\u00f5es para todas as idades. A entrada \u00e9 gratuita. Confira a programa\u00e7\u00e3o Nesta quinta-feira (24), \u00e0s 19h30, a banda Pitoresco promete um\u2026","rel":"","context":"In &quot;Not\u00edcias de Ribeir\u00e3o Preto-SP e Regi\u00e3o&quot;","block_context":{"text":"Not\u00edcias de Ribeir\u00e3o Preto-SP e Regi\u00e3o","link":"https:\/\/noticiasribeiraopreto.com.br\/index.php\/category\/noticias-de-ribeirao-preto-sp-e-regiao-ismael-colosi\/"},"img":{"alt_text":"","src":"https:\/\/i0.wp.com\/noticiasribeiraopreto.com.br\/wp-content\/uploads\/2024\/10\/ae451ad3-3ad9-49dc-8d23-6ba32dc0e266_2024-10-21_15-52-48_jpg_2024-10-21_15-52-48.webp.webp?fit=1200%2C800&ssl=1&resize=350%2C200","width":350,"height":200,"srcset":"https:\/\/i0.wp.com\/noticiasribeiraopreto.com.br\/wp-content\/uploads\/2024\/10\/ae451ad3-3ad9-49dc-8d23-6ba32dc0e266_2024-10-21_15-52-48_jpg_2024-10-21_15-52-48.webp.webp?fit=1200%2C800&ssl=1&resize=350%2C200 1x, https:\/\/i0.wp.com\/noticiasribeiraopreto.com.br\/wp-content\/uploads\/2024\/10\/ae451ad3-3ad9-49dc-8d23-6ba32dc0e266_2024-10-21_15-52-48_jpg_2024-10-21_15-52-48.webp.webp?fit=1200%2C800&ssl=1&resize=525%2C300 1.5x, https:\/\/i0.wp.com\/noticiasribeiraopreto.com.br\/wp-content\/uploads\/2024\/10\/ae451ad3-3ad9-49dc-8d23-6ba32dc0e266_2024-10-21_15-52-48_jpg_2024-10-21_15-52-48.webp.webp?fit=1200%2C800&ssl=1&resize=700%2C400 2x, https:\/\/i0.wp.com\/noticiasribeiraopreto.com.br\/wp-content\/uploads\/2024\/10\/ae451ad3-3ad9-49dc-8d23-6ba32dc0e266_2024-10-21_15-52-48_jpg_2024-10-21_15-52-48.webp.webp?fit=1200%2C800&ssl=1&resize=1050%2C600 3x"},"classes":[]},{"id":72729,"url":"https:\/\/noticiasribeiraopreto.com.br\/index.php\/2025\/06\/20\/festival-da-lua-cheia-teatro-e-carros-antigos-confira-opcoes-para-curtir-o-fim-de-semana\/","url_meta":{"origin":71750,"position":2},"title":"Festival da Lua Cheia, teatro e carros antigos: Confira op\u00e7\u00f5es para curtir o fim de semana","author":"noticiasribeiraopreto.com.br","date":"20 de June de 2025","format":false,"excerpt":"O fim de semana chegou, e para quem quer aproveitar fora de casa, Ribeir\u00e3o Preto e regi\u00e3o contam com uma programa\u00e7\u00e3o cheia de atividades culturais, entre elas, o Festival da Lua Cheia, o mon\u00f3logo \u201cN\u00e3o Conta Pra Ningu\u00e9m\u201d e uma exposi\u00e7\u00e3o de carros antigos. Festival da Lua Cheia O tradicional\u2026","rel":"","context":"In &quot;Not\u00edcias de Ribeir\u00e3o Preto-SP e Regi\u00e3o&quot;","block_context":{"text":"Not\u00edcias de Ribeir\u00e3o Preto-SP e Regi\u00e3o","link":"https:\/\/noticiasribeiraopreto.com.br\/index.php\/category\/noticias-de-ribeirao-preto-sp-e-regiao-ismael-colosi\/"},"img":{"alt_text":"","src":"https:\/\/i0.wp.com\/noticiasribeiraopreto.com.br\/wp-content\/uploads\/2025\/06\/WhatsApp-Image-2025-02-28-at-12.25.40_2025-03-11_20-43-24_jpeg_2025-03-11_20-43-24.webp.webp?fit=1200%2C800&ssl=1&resize=350%2C200","width":350,"height":200,"srcset":"https:\/\/i0.wp.com\/noticiasribeiraopreto.com.br\/wp-content\/uploads\/2025\/06\/WhatsApp-Image-2025-02-28-at-12.25.40_2025-03-11_20-43-24_jpeg_2025-03-11_20-43-24.webp.webp?fit=1200%2C800&ssl=1&resize=350%2C200 1x, https:\/\/i0.wp.com\/noticiasribeiraopreto.com.br\/wp-content\/uploads\/2025\/06\/WhatsApp-Image-2025-02-28-at-12.25.40_2025-03-11_20-43-24_jpeg_2025-03-11_20-43-24.webp.webp?fit=1200%2C800&ssl=1&resize=525%2C300 1.5x, https:\/\/i0.wp.com\/noticiasribeiraopreto.com.br\/wp-content\/uploads\/2025\/06\/WhatsApp-Image-2025-02-28-at-12.25.40_2025-03-11_20-43-24_jpeg_2025-03-11_20-43-24.webp.webp?fit=1200%2C800&ssl=1&resize=700%2C400 2x, https:\/\/i0.wp.com\/noticiasribeiraopreto.com.br\/wp-content\/uploads\/2025\/06\/WhatsApp-Image-2025-02-28-at-12.25.40_2025-03-11_20-43-24_jpeg_2025-03-11_20-43-24.webp.webp?fit=1200%2C800&ssl=1&resize=1050%2C600 3x"},"classes":[]},{"id":63643,"url":"https:\/\/noticiasribeiraopreto.com.br\/index.php\/2025\/02\/18\/sesi-ribeirao-preto-apresenta-programacao-gratuita-de-pre-carnaval-confira\/","url_meta":{"origin":71750,"position":3},"title":"Sesi Ribeir\u00e3o Preto apresenta programa\u00e7\u00e3o gratuita de pr\u00e9-Carnaval; confira","author":"noticiasribeiraopreto.com.br","date":"18 de February de 2025","format":false,"excerpt":"O Sesi Ribeir\u00e3o Preto recebe nos dias 22 e 23 de fevereiro, das 11h \u00e0s 16h, uma programa\u00e7\u00e3o especial e gratuita de Carnaval. Entre as atividades est\u00e3o shows, brincadeiras carnavalescas e desfile de fantasias. Os ingressos devem ser reservados pelo site Meu Sesi. Shows Nas duas datas, a programa\u00e7\u00e3o inicia\u2026","rel":"","context":"In &quot;Not\u00edcias de Ribeir\u00e3o Preto-SP e Regi\u00e3o&quot;","block_context":{"text":"Not\u00edcias de Ribeir\u00e3o Preto-SP e Regi\u00e3o","link":"https:\/\/noticiasribeiraopreto.com.br\/index.php\/category\/noticias-de-ribeirao-preto-sp-e-regiao-ismael-colosi\/"},"img":{"alt_text":"","src":"https:\/\/i0.wp.com\/noticiasribeiraopreto.com.br\/wp-content\/uploads\/2025\/02\/a202a17f-c5fe-4a8c-b94e-65dd3de8c395_2025-02-18_16-29-22_jpg_2025-02-18_16-29-22-scaled.webp.webp?fit=1200%2C979&ssl=1&resize=350%2C200","width":350,"height":200,"srcset":"https:\/\/i0.wp.com\/noticiasribeiraopreto.com.br\/wp-content\/uploads\/2025\/02\/a202a17f-c5fe-4a8c-b94e-65dd3de8c395_2025-02-18_16-29-22_jpg_2025-02-18_16-29-22-scaled.webp.webp?fit=1200%2C979&ssl=1&resize=350%2C200 1x, https:\/\/i0.wp.com\/noticiasribeiraopreto.com.br\/wp-content\/uploads\/2025\/02\/a202a17f-c5fe-4a8c-b94e-65dd3de8c395_2025-02-18_16-29-22_jpg_2025-02-18_16-29-22-scaled.webp.webp?fit=1200%2C979&ssl=1&resize=525%2C300 1.5x, https:\/\/i0.wp.com\/noticiasribeiraopreto.com.br\/wp-content\/uploads\/2025\/02\/a202a17f-c5fe-4a8c-b94e-65dd3de8c395_2025-02-18_16-29-22_jpg_2025-02-18_16-29-22-scaled.webp.webp?fit=1200%2C979&ssl=1&resize=700%2C400 2x, https:\/\/i0.wp.com\/noticiasribeiraopreto.com.br\/wp-content\/uploads\/2025\/02\/a202a17f-c5fe-4a8c-b94e-65dd3de8c395_2025-02-18_16-29-22_jpg_2025-02-18_16-29-22-scaled.webp.webp?fit=1200%2C979&ssl=1&resize=1050%2C600 3x"},"classes":[]},{"id":72757,"url":"https:\/\/noticiasribeiraopreto.com.br\/index.php\/2025\/06\/20\/biblioteca-de-ribeirao-tem-festa-junina-gratuita-com-comidas-tipicas-shows-e-atividades-culturais\/","url_meta":{"origin":71750,"position":4},"title":"Biblioteca de Ribeir\u00e3o tem festa junina gratuita com comidas t\u00edpicas, shows e atividades culturais","author":"noticiasribeiraopreto.com.br","date":"20 de June de 2025","format":false,"excerpt":"A Biblioteca Sinh\u00e1 Junqueira, localizada no Centro de Ribeir\u00e3o Preto realiza a 2\u00aa edi\u00e7\u00e3o da Festa Junina BSJ, neste s\u00e1bado (21), das 14h \u00e0s 21h. A programa\u00e7\u00e3o gratuita inclui shows, comidas t\u00edpicas, atividades culturais e mais. A maquiadora Suhelen Tica abre a programa\u00e7\u00e3o da festa com uma oficina de pinturas\u2026","rel":"","context":"In &quot;Not\u00edcias de Ribeir\u00e3o Preto-SP e Regi\u00e3o&quot;","block_context":{"text":"Not\u00edcias de Ribeir\u00e3o Preto-SP e Regi\u00e3o","link":"https:\/\/noticiasribeiraopreto.com.br\/index.php\/category\/noticias-de-ribeirao-preto-sp-e-regiao-ismael-colosi\/"},"img":{"alt_text":"","src":"https:\/\/i0.wp.com\/noticiasribeiraopreto.com.br\/wp-content\/uploads\/2025\/06\/biblioteca_sinha_1024x576_18032021112547.jpg?fit=1024%2C576&ssl=1&resize=350%2C200","width":350,"height":200,"srcset":"https:\/\/i0.wp.com\/noticiasribeiraopreto.com.br\/wp-content\/uploads\/2025\/06\/biblioteca_sinha_1024x576_18032021112547.jpg?fit=1024%2C576&ssl=1&resize=350%2C200 1x, https:\/\/i0.wp.com\/noticiasribeiraopreto.com.br\/wp-content\/uploads\/2025\/06\/biblioteca_sinha_1024x576_18032021112547.jpg?fit=1024%2C576&ssl=1&resize=525%2C300 1.5x, https:\/\/i0.wp.com\/noticiasribeiraopreto.com.br\/wp-content\/uploads\/2025\/06\/biblioteca_sinha_1024x576_18032021112547.jpg?fit=1024%2C576&ssl=1&resize=700%2C400 2x"},"classes":[]},{"id":52987,"url":"https:\/\/noticiasribeiraopreto.com.br\/index.php\/2024\/06\/14\/festival-de-jazz-acontece-neste-final-de-semana-em-ribeirao-preto-veja-programacao\/","url_meta":{"origin":71750,"position":5},"title":"Festival de Jazz acontece neste final de semana em Ribeir\u00e3o Preto; Veja programa\u00e7\u00e3o","author":"noticiasribeiraopreto.com.br","date":"14 de June de 2024","format":false,"excerpt":"O Ribeir\u00e3o Jazz Festival, um dos principais eventos musicais da regi\u00e3o acontece neste fim de semana em Ribeir\u00e3o Preto. O evento integra a programa\u00e7\u00e3o de anivers\u00e1rio do munic\u00edpio. O festival vai abrir nesta sexta-feira (14), \u00e0s 20h, o Palco Orgulho RP e no domingo (16) acontecem sete apresenta\u00e7\u00f5es. Os espet\u00e1culos\u2026","rel":"","context":"In &quot;Not\u00edcias de Ribeir\u00e3o Preto-SP e Regi\u00e3o&quot;","block_context":{"text":"Not\u00edcias de Ribeir\u00e3o Preto-SP e Regi\u00e3o","link":"https:\/\/noticiasribeiraopreto.com.br\/index.php\/category\/noticias-de-ribeirao-preto-sp-e-regiao-ismael-colosi\/"},"img":{"alt_text":"","src":"https:\/\/i0.wp.com\/noticiasribeiraopreto.com.br\/wp-content\/uploads\/2024\/06\/FinaldesemanaemRibeiroFestivaldeJazzfestasjuninasemuitomais_Tamanho_2_image.jpg?fit=1200%2C900&ssl=1&resize=350%2C200","width":350,"height":200,"srcset":"https:\/\/i0.wp.com\/noticiasribeiraopreto.com.br\/wp-content\/uploads\/2024\/06\/FinaldesemanaemRibeiroFestivaldeJazzfestasjuninasemuitomais_Tamanho_2_image.jpg?fit=1200%2C900&ssl=1&resize=350%2C200 1x, https:\/\/i0.wp.com\/noticiasribeiraopreto.com.br\/wp-content\/uploads\/2024\/06\/FinaldesemanaemRibeiroFestivaldeJazzfestasjuninasemuitomais_Tamanho_2_image.jpg?fit=1200%2C900&ssl=1&resize=525%2C300 1.5x, https:\/\/i0.wp.com\/noticiasribeiraopreto.com.br\/wp-content\/uploads\/2024\/06\/FinaldesemanaemRibeiroFestivaldeJazzfestasjuninasemuitomais_Tamanho_2_image.jpg?fit=1200%2C900&ssl=1&resize=700%2C400 2x, https:\/\/i0.wp.com\/noticiasribeiraopreto.com.br\/wp-content\/uploads\/2024\/06\/FinaldesemanaemRibeiroFestivaldeJazzfestasjuninasemuitomais_Tamanho_2_image.jpg?fit=1200%2C900&ssl=1&resize=1050%2C600 3x"},"classes":[]}],"jetpack_sharing_enabled":true,"jetpack_shortlink":"https:\/\/wp.me\/peQAOb-iFg","_links":{"self":[{"href":"https:\/\/noticiasribeiraopreto.com.br\/index.php\/wp-json\/wp\/v2\/posts\/71750","targetHints":{"allow":["GET"]}}],"collection":[{"href":"https:\/\/noticiasribeiraopreto.com.br\/index.php\/wp-json\/wp\/v2\/posts"}],"about":[{"href":"https:\/\/noticiasribeiraopreto.com.br\/index.php\/wp-json\/wp\/v2\/types\/post"}],"author":[{"embeddable":true,"href":"https:\/\/noticiasribeiraopreto.com.br\/index.php\/wp-json\/wp\/v2\/users\/1"}],"replies":[{"embeddable":true,"href":"https:\/\/noticiasribeiraopreto.com.br\/index.php\/wp-json\/wp\/v2\/comments?post=71750"}],"version-history":[{"count":0,"href":"https:\/\/noticiasribeiraopreto.com.br\/index.php\/wp-json\/wp\/v2\/posts\/71750\/revisions"}],"wp:featuredmedia":[{"embeddable":true,"href":"https:\/\/noticiasribeiraopreto.com.br\/index.php\/wp-json\/wp\/v2\/media\/71751"}],"wp:attachment":[{"href":"https:\/\/noticiasribeiraopreto.com.br\/index.php\/wp-json\/wp\/v2\/media?parent=71750"}],"wp:term":[{"taxonomy":"category","embeddable":true,"href":"https:\/\/noticiasribeiraopreto.com.br\/index.php\/wp-json\/wp\/v2\/categories?post=71750"},{"taxonomy":"post_tag","embeddable":true,"href":"https:\/\/noticiasribeiraopreto.com.br\/index.php\/wp-json\/wp\/v2\/tags?post=71750"}],"curies":[{"name":"wp","href":"https:\/\/api.w.org\/{rel}","templated":true}]}}