{"id":71752,"date":"2025-06-09T19:54:49","date_gmt":"2025-06-09T22:54:49","guid":{"rendered":"https:\/\/noticiasribeiraopreto.com.br\/index.php\/2025\/06\/09\/venda-ilegal-de-mounjaro-nas-redes-sociais-inclui-servico-de-delivery-em-ribeirao-preto\/"},"modified":"2025-06-09T19:54:49","modified_gmt":"2025-06-09T22:54:49","slug":"venda-ilegal-de-mounjaro-nas-redes-sociais-inclui-servico-de-delivery-em-ribeirao-preto","status":"publish","type":"post","link":"https:\/\/noticiasribeiraopreto.com.br\/index.php\/2025\/06\/09\/venda-ilegal-de-mounjaro-nas-redes-sociais-inclui-servico-de-delivery-em-ribeirao-preto\/","title":{"rendered":"Venda ilegal de Mounjaro nas redes sociais inclui servi\u00e7o de delivery em Ribeir\u00e3o Preto"},"content":{"rendered":"<p> <br \/>\n<\/p>\n<div>\n<p>A Ag\u00eancia Nacional de Vigil\u00e2ncia Sanit\u00e1ria (Anvisa) aprovou nesta segunda-feira (9) o uso do medicamento Mounjaro, que tem como princ\u00edpio ativo a tirzepatida, para o tratamento da obesidade no Brasil. Apesar da recente libera\u00e7\u00e3o, o<strong> medicamento j\u00e1 est\u00e1 sendo vendido de forma ilegal em redes sociais e plataformas digitais.<\/strong><\/p>\n<p>Segundo apura\u00e7\u00e3o do <strong><em>acidade on<\/em><\/strong>, em <strong>Ribeir\u00e3o Preto<\/strong>, a venda do medicamento acontece livremente pelo Instagram. Um perfil na rede social oferece <strong>combos com quatro doses por R$ 1.490 e promete entrega no mesmo dia<\/strong>, sem qualquer exig\u00eancia de receita m\u00e9dica ou orienta\u00e7\u00e3o profissional. <\/p>\n<p>A comercializa\u00e7\u00e3o, feita de forma direta por mensagens privadas ou pelo Whatsapp, <strong>ignora completamente as normas da Anvisa e os riscos associados ao uso do produto.<\/strong><\/p>\n<figure class=\"wp-block-gallery has-nested-images columns-default is-cropped wp-block-gallery-1 is-layout-flex wp-block-gallery-is-layout-flex\">\n<figure class=\"wp-block-image size-large\"><img data-recalc-dims=\"1\" fetchpriority=\"high\" decoding=\"async\" width=\"1024\" height=\"576\" data-id=\"119331\" src=\"https:\/\/i0.wp.com\/www.acidadeon.com\/ribeiraopreto\/wp-content\/uploads\/sites\/3\/2025\/06\/Copia-de-Copia-de-Copia-de-TAMANHO-EXATO-PARA-FOTOS-NO-SISTEMA-NOVO-2025-06-09T171718.588_2025-06-09_20-17-31-1024x576.webp?resize=1024%2C576&#038;ssl=1\" alt=\"\" class=\"wp-image-119331\" srcset=\"https:\/\/www.acidadeon.com\/ribeiraopreto\/wp-content\/uploads\/sites\/3\/2025\/06\/Copia-de-Copia-de-Copia-de-TAMANHO-EXATO-PARA-FOTOS-NO-SISTEMA-NOVO-2025-06-09T171718.588_2025-06-09_20-17-31-1024x576.webp 1024w, https:\/\/www.acidadeon.com\/ribeiraopreto\/wp-content\/uploads\/sites\/3\/2025\/06\/Copia-de-Copia-de-Copia-de-TAMANHO-EXATO-PARA-FOTOS-NO-SISTEMA-NOVO-2025-06-09T171718.588_2025-06-09_20-17-31-300x169.webp 300w, https:\/\/www.acidadeon.com\/ribeiraopreto\/wp-content\/uploads\/sites\/3\/2025\/06\/Copia-de-Copia-de-Copia-de-TAMANHO-EXATO-PARA-FOTOS-NO-SISTEMA-NOVO-2025-06-09T171718.588_2025-06-09_20-17-31-768x432.webp 768w, https:\/\/www.acidadeon.com\/ribeiraopreto\/wp-content\/uploads\/sites\/3\/2025\/06\/Copia-de-Copia-de-Copia-de-TAMANHO-EXATO-PARA-FOTOS-NO-SISTEMA-NOVO-2025-06-09T171718.588_2025-06-09_20-17-31-696x392.webp 696w, https:\/\/www.acidadeon.com\/ribeiraopreto\/wp-content\/uploads\/sites\/3\/2025\/06\/Copia-de-Copia-de-Copia-de-TAMANHO-EXATO-PARA-FOTOS-NO-SISTEMA-NOVO-2025-06-09T171718.588_2025-06-09_20-17-31-1068x601.webp 1068w, https:\/\/www.acidadeon.com\/ribeiraopreto\/wp-content\/uploads\/sites\/3\/2025\/06\/Copia-de-Copia-de-Copia-de-TAMANHO-EXATO-PARA-FOTOS-NO-SISTEMA-NOVO-2025-06-09T171718.588_2025-06-09_20-17-31.webp 1200w\" sizes=\"(max-width: 1024px) 100vw, 1024px\"\/><figcaption class=\"wp-element-caption\">Foto: Reprodu\u00e7\u00e3o \/ Redes sociais<\/figcaption><\/figure>\n<\/figure>\n<p>A p\u00e1gina exibe uma rotina intensa de entregas \u2014 <strong>com fotos e v\u00eddeos de encomendas prontas para sair<\/strong> \u2014 e divulga o envio para diversas cidades do Estado de S\u00e3o Paulo. Em alguns casos,<strong> h\u00e1 at\u00e9 a op\u00e7\u00e3o de remessa pelos Correios, ampliando o alcance da venda ilegal.<\/strong> Com linguagem descontra\u00edda e promessas de \u201cemagrecimento r\u00e1pido e seguro\u201d, o perfil atrai seguidores, curtidas e, principalmente, clientes.<\/p>\n<p>Em uma das publica\u00e7\u00f5es, o administrador da p\u00e1gina esclarece algumas das principais d\u00favidas dos clientes, como a proced\u00eancia do medicamento e a <strong>possibilidade de emiss\u00e3o de nota fiscal.<\/strong><\/p>\n<div class=\"wp-block-image\">\n<figure class=\"aligncenter size-large\"><img data-recalc-dims=\"1\" loading=\"lazy\" decoding=\"async\" width=\"1024\" height=\"576\" src=\"https:\/\/i0.wp.com\/www.acidadeon.com\/ribeiraopreto\/wp-content\/uploads\/sites\/3\/2025\/06\/Copia-de-Copia-de-Copia-de-TAMANHO-EXATO-PARA-FOTOS-NO-SISTEMA-NOVO-2025-06-09T174753.799_2025-06-09_20-48-12-1024x576.webp?resize=1024%2C576&#038;ssl=1\" alt=\"\" class=\"wp-image-119338\" srcset=\"https:\/\/www.acidadeon.com\/ribeiraopreto\/wp-content\/uploads\/sites\/3\/2025\/06\/Copia-de-Copia-de-Copia-de-TAMANHO-EXATO-PARA-FOTOS-NO-SISTEMA-NOVO-2025-06-09T174753.799_2025-06-09_20-48-12-1024x576.webp 1024w, https:\/\/www.acidadeon.com\/ribeiraopreto\/wp-content\/uploads\/sites\/3\/2025\/06\/Copia-de-Copia-de-Copia-de-TAMANHO-EXATO-PARA-FOTOS-NO-SISTEMA-NOVO-2025-06-09T174753.799_2025-06-09_20-48-12-300x169.webp 300w, https:\/\/www.acidadeon.com\/ribeiraopreto\/wp-content\/uploads\/sites\/3\/2025\/06\/Copia-de-Copia-de-Copia-de-TAMANHO-EXATO-PARA-FOTOS-NO-SISTEMA-NOVO-2025-06-09T174753.799_2025-06-09_20-48-12-768x432.webp 768w, https:\/\/www.acidadeon.com\/ribeiraopreto\/wp-content\/uploads\/sites\/3\/2025\/06\/Copia-de-Copia-de-Copia-de-TAMANHO-EXATO-PARA-FOTOS-NO-SISTEMA-NOVO-2025-06-09T174753.799_2025-06-09_20-48-12-696x392.webp 696w, https:\/\/www.acidadeon.com\/ribeiraopreto\/wp-content\/uploads\/sites\/3\/2025\/06\/Copia-de-Copia-de-Copia-de-TAMANHO-EXATO-PARA-FOTOS-NO-SISTEMA-NOVO-2025-06-09T174753.799_2025-06-09_20-48-12-1068x601.webp 1068w, https:\/\/www.acidadeon.com\/ribeiraopreto\/wp-content\/uploads\/sites\/3\/2025\/06\/Copia-de-Copia-de-Copia-de-TAMANHO-EXATO-PARA-FOTOS-NO-SISTEMA-NOVO-2025-06-09T174753.799_2025-06-09_20-48-12.webp 1200w\" sizes=\"auto, (max-width: 1024px) 100vw, 1024px\"\/><figcaption class=\"wp-element-caption\">Reprodu\u00e7\u00e3o \/ Redes sociais<\/figcaption><\/figure>\n<\/div>\n<h3 class=\"wp-block-heading\"> <strong>Especialista alerta: \u201cN\u00e3o \u00e9 m\u00e1gica, \u00e9 ferramenta\u201d<\/strong><\/h3>\n<p>O<strong> m\u00e9dico nutr\u00f3logo Rodrigo Sch\u00f6der <\/strong>explica que o <em>Mounjaro <\/em><strong>n\u00e3o \u00e9 um rem\u00e9dio milagroso<\/strong>, mas sim uma ferramenta no tratamento da obesidade e de dist\u00farbios metab\u00f3licos.<\/p>\n<p>O m\u00e9dico tamb\u00e9m chama aten\u00e7\u00e3o para os poss\u00edveis efeitos colaterais, como n\u00e1useas, v\u00f4mitos e diarreia, e refor\u00e7a que o uso da medica\u00e7\u00e3o exige prescri\u00e7\u00e3o e acompanhamento profissional. <\/p>\n<figure class=\"wp-block-pullquote\">\n<blockquote>\n<p>\u00c9 medicamento de prescri\u00e7\u00e3o, contraindicado para menores de 18 anos, gestantes, lactantes, pacientes com pancreatite ou hist\u00f3ria familiar de carcinoma medular de tireoide, entre outras situa\u00e7\u00f5es. Precisa de avalia\u00e7\u00e3o m\u00e9dica individual<\/p>\n<p><cite>alerta Rodrigo<\/cite><\/p><\/blockquote>\n<\/figure>\n<p>Para o especialista, o rem\u00e9dio n\u00e3o oferece cura definitiva, e sim uma forma de controle que deve ser integrada a um tratamento cont\u00ednuo e <strong>individualizado<\/strong>.<\/p>\n<p>Vale ressaltar que, para evitar o uso indiscriminado, a Anvisa determinou que<strong>\u00a0a partir de 23 de junho<\/strong> ser\u00e1 <strong>obrigat\u00f3ria a reten\u00e7\u00e3o da receita m\u00e9dica\u00a0em farm\u00e1cias\u00a0<\/strong>para tirzepatida e outros agonistas de GLP-1, como semaglutida e liraglutida.<\/p>\n<p><strong>A receita dever\u00e1 ser impressa em duas vias<\/strong> \u2014 a farm\u00e1cia ficar\u00e1 com uma \u2014 <strong>com validade de at\u00e9 90 dias<\/strong>.\u00a0<\/p>\n<h3 class=\"wp-block-heading\"><strong>Como denunciar?<\/strong><\/h3>\n<p>A venda ilegal de medicamentos, como o Mounjaro, pode e deve ser denunciada por meio de canais oficiais. Diversas plataformas est\u00e3o dispon\u00edveis para que a popula\u00e7\u00e3o informe pr\u00e1ticas irregulares, mesmo de forma an\u00f4nima.<\/p>\n<p><strong>Confira os principais meios para fazer a den\u00fancia:<\/strong><\/p>\n<ul class=\"wp-block-list\">\n<li><strong>Fala.BR<\/strong>: <br \/>Canal unificado de den\u00fancias contra \u00f3rg\u00e3os p\u00fablicos. Basta acessar o site \u2013 <a href=\"https:\/\/falabr.cgu.gov.br\">clique aqui<\/a> \u2013 e seguir as instru\u00e7\u00f5es para registrar a ocorr\u00eancia.<\/li>\n<li><strong>Disque Den\u00fancia 181<\/strong>: <br \/>Servi\u00e7o telef\u00f4nico para den\u00fancias an\u00f4nimas urgentes.<\/li>\n<li><strong>Vigil\u00e2ncia Sanit\u00e1ria<\/strong>: <br \/>\u00d3rg\u00e3o respons\u00e1vel pela fiscaliza\u00e7\u00e3o da comercializa\u00e7\u00e3o de medicamentos. O contato pode ser feito diretamente com a Vigil\u00e2ncia Sanit\u00e1ria do munic\u00edpio ou estado onde a venda irregular est\u00e1 ocorrendo.<\/li>\n<\/ul>\n<p>As autoridades refor\u00e7am que a den\u00fancia da venda ilegal de medicamentos contribui para a seguran\u00e7a da popula\u00e7\u00e3o e para a fiscaliza\u00e7\u00e3o de pr\u00e1ticas que colocam a sa\u00fade p\u00fablica em risco.<\/p>\n<hr class=\"wp-block-separator has-alpha-channel-opacity\"\/>\n<p>SAIBA MAIS<\/p>\n<p>Ribeir\u00e3o ter\u00e1 m\u00ednima de 9\u00b0C com chegada de nova frente fria; Defesa Civil emite alerta<\/p>\n<h4 class=\"wp-block-heading\"><strong>FIQUE ON<\/strong><\/h4>\n<p>Quer ficar por dentro de tudo que acontece em Ribeir\u00e3o Preto e regi\u00e3o? Ent\u00e3o siga os perfis do\u202facidade on\u202fno\u202f<a href=\"https:\/\/www.instagram.com\/acidadeonribeirao\" target=\"_blank\" rel=\"noreferrer noopener\">Instagram<\/a>\u202fe no\u202f<a href=\"https:\/\/www.facebook.com\/acidadeonribeirao\/\" target=\"_blank\" rel=\"noreferrer noopener\">Facebook<\/a>.<\/p>\n<p>Al\u00e9m disso, voc\u00ea pode receber as principais not\u00edcias diretamente no WhatsApp. Para isso, basta\u00a0<a href=\"https:\/\/chat.whatsapp.com\/BjKQZ9oJwlz8VVT50NuePq\" target=\"_blank\" rel=\"noreferrer noopener\">entrar no grupo clicando aqui<\/a>.<\/p>\n<p>Por fim, se quiser fazer uma den\u00fancia ou sugerir uma reportagem sobre Ribeir\u00e3o Preto e regi\u00e3o, envie uma mensagem pelo WhatsApp: (16) 99117-7802.<\/p>\n<p>VEJA TAMB\u00c9M<\/p>\n<p>Quais as acusa\u00e7\u00f5es contra Jared Leto?<\/p>\n<p><!-- CONTENT END 1 -->\n<\/div>\n<p><script async src=\"\/\/www.instagram.com\/embed.js\"><\/script><br \/>\n<br \/><br \/>\n<br \/><a href=\"https:\/\/www.acidadeon.com\/ribeiraopreto\/cotidiano\/venda-ilegal-de-mounjaro-nas-redes-sociais-inclui-servico-de-delivery-em-ribeirao-preto\/\">Source link <\/a><\/p>\n","protected":false},"excerpt":{"rendered":"<p>A Ag\u00eancia Nacional de Vigil\u00e2ncia Sanit\u00e1ria (Anvisa) aprovou nesta segunda-feira (9) o uso do medicamento Mounjaro, que tem como princ\u00edpio ativo a tirzepatida, para o&#8230;<\/p>\n","protected":false},"author":1,"featured_media":71753,"comment_status":"open","ping_status":"open","sticky":false,"template":"","format":"standard","meta":{"advanced_seo_description":"","jetpack_seo_html_title":"","jetpack_seo_noindex":false,"jetpack_post_was_ever_published":false,"_jetpack_newsletter_access":"","_jetpack_dont_email_post_to_subs":false,"_jetpack_newsletter_tier_id":0,"_jetpack_memberships_contains_paywalled_content":false,"_jetpack_memberships_contains_paid_content":false,"footnotes":"","jetpack_publicize_message":"","jetpack_publicize_feature_enabled":true,"jetpack_social_post_already_shared":true,"jetpack_social_options":{"image_generator_settings":{"template":"highway","default_image_id":0,"font":"","enabled":false},"version":2}},"categories":[11],"tags":[],"class_list":["post-71752","post","type-post","status-publish","format-standard","has-post-thumbnail","hentry","category-noticias-de-ribeirao-preto-sp-e-regiao-ismael-colosi"],"jetpack_publicize_connections":[],"jetpack_featured_media_url":"https:\/\/i0.wp.com\/noticiasribeiraopreto.com.br\/wp-content\/uploads\/2025\/06\/Copia-de-Copia-de-Copia-de-TAMANHO-EXATO-PARA-FOTOS-NO-SISTEMA-NOVO-2025-06-09T171926.234_2025-06-09_20-19-38.webp.webp?fit=1200%2C675&ssl=1","jetpack-related-posts":[{"id":82622,"url":"https:\/\/noticiasribeiraopreto.com.br\/index.php\/2026\/02\/21\/anvisa-apreende-lotes-falsos-de-mounjaro-e-botox\/","url_meta":{"origin":71752,"position":0},"title":"Anvisa apreende lotes falsos de Mounjaro e botox","author":"noticiasribeiraopreto.com.br","date":"21 de February de 2026","format":false,"excerpt":"A Ag\u00eancia Nacional de Vigil\u00e2ncia Sanit\u00e1ria (Anvisa) apreendeu, nesta sexta-feira (20), lotes falsos do medicamento Mounjaro e de toxina botul\u00ednica (botox) durante a\u00e7\u00e3o de fiscaliza\u00e7\u00e3o em todo o pa\u00eds. A medida tamb\u00e9m proibiu o armazenamento, a comercializa\u00e7\u00e3o, a distribui\u00e7\u00e3o, a importa\u00e7\u00e3o e o consumo dos produtos identificados como irregulares. Segundo\u2026","rel":"","context":"In &quot;Not\u00edcias de Ribeir\u00e3o Preto-SP e Regi\u00e3o&quot;","block_context":{"text":"Not\u00edcias de Ribeir\u00e3o Preto-SP e Regi\u00e3o","link":"https:\/\/noticiasribeiraopreto.com.br\/index.php\/category\/noticias-de-ribeirao-preto-sp-e-regiao-ismael-colosi\/"},"img":{"alt_text":"","src":"https:\/\/i0.wp.com\/noticiasribeiraopreto.com.br\/wp-content\/uploads\/2025\/08\/high-angle-diabetic-woman-checking-her-glucose-level_2025-04-16_23-31-08_jpg_2025-04-16_23-31-11-1024x681.webp.webp?fit=1024%2C681&ssl=1&resize=350%2C200","width":350,"height":200,"srcset":"https:\/\/i0.wp.com\/noticiasribeiraopreto.com.br\/wp-content\/uploads\/2025\/08\/high-angle-diabetic-woman-checking-her-glucose-level_2025-04-16_23-31-08_jpg_2025-04-16_23-31-11-1024x681.webp.webp?fit=1024%2C681&ssl=1&resize=350%2C200 1x, https:\/\/i0.wp.com\/noticiasribeiraopreto.com.br\/wp-content\/uploads\/2025\/08\/high-angle-diabetic-woman-checking-her-glucose-level_2025-04-16_23-31-08_jpg_2025-04-16_23-31-11-1024x681.webp.webp?fit=1024%2C681&ssl=1&resize=525%2C300 1.5x, https:\/\/i0.wp.com\/noticiasribeiraopreto.com.br\/wp-content\/uploads\/2025\/08\/high-angle-diabetic-woman-checking-her-glucose-level_2025-04-16_23-31-08_jpg_2025-04-16_23-31-11-1024x681.webp.webp?fit=1024%2C681&ssl=1&resize=700%2C400 2x"},"classes":[]},{"id":71729,"url":"https:\/\/noticiasribeiraopreto.com.br\/index.php\/2025\/06\/09\/anvisa-aprova-uso-de-mounjaro-para-perda-de-peso-entenda\/","url_meta":{"origin":71752,"position":1},"title":"Anvisa aprova uso de Mounjaro para perda de peso; Entenda","author":"noticiasribeiraopreto.com.br","date":"9 de June de 2025","format":false,"excerpt":"A Anvisa (Ag\u00eancia Nacional de Vigil\u00e2ncia Sanit\u00e1ria) autorizou o uso do Mounjaro, medicamento que tem como princ\u00edpio ativo a tirzepatida, no tratamento da obesidade. O rem\u00e9dio injet\u00e1vel integra o grupo das chamadas \u201ccanetas emagrecedoras\u201c, que j\u00e1 inclui op\u00e7\u00f5es como Ozempic, Wegovy (semaglutida) e Saxenda (liraglutida) \u2013 no Brasil, o f\u00e1rmaco\u2026","rel":"","context":"In &quot;Not\u00edcias de Ribeir\u00e3o Preto-SP e Regi\u00e3o&quot;","block_context":{"text":"Not\u00edcias de Ribeir\u00e3o Preto-SP e Regi\u00e3o","link":"https:\/\/noticiasribeiraopreto.com.br\/index.php\/category\/noticias-de-ribeirao-preto-sp-e-regiao-ismael-colosi\/"},"img":{"alt_text":"","src":"https:\/\/i0.wp.com\/noticiasribeiraopreto.com.br\/wp-content\/uploads\/2025\/04\/high-angle-diabetic-woman-checking-her-glucose-level_2025-04-16_23-31-08_jpg_2025-04-16_23-31-11-scaled.webp.webp?fit=1200%2C798&ssl=1&resize=350%2C200","width":350,"height":200,"srcset":"https:\/\/i0.wp.com\/noticiasribeiraopreto.com.br\/wp-content\/uploads\/2025\/04\/high-angle-diabetic-woman-checking-her-glucose-level_2025-04-16_23-31-08_jpg_2025-04-16_23-31-11-scaled.webp.webp?fit=1200%2C798&ssl=1&resize=350%2C200 1x, https:\/\/i0.wp.com\/noticiasribeiraopreto.com.br\/wp-content\/uploads\/2025\/04\/high-angle-diabetic-woman-checking-her-glucose-level_2025-04-16_23-31-08_jpg_2025-04-16_23-31-11-scaled.webp.webp?fit=1200%2C798&ssl=1&resize=525%2C300 1.5x, https:\/\/i0.wp.com\/noticiasribeiraopreto.com.br\/wp-content\/uploads\/2025\/04\/high-angle-diabetic-woman-checking-her-glucose-level_2025-04-16_23-31-08_jpg_2025-04-16_23-31-11-scaled.webp.webp?fit=1200%2C798&ssl=1&resize=700%2C400 2x, https:\/\/i0.wp.com\/noticiasribeiraopreto.com.br\/wp-content\/uploads\/2025\/04\/high-angle-diabetic-woman-checking-her-glucose-level_2025-04-16_23-31-08_jpg_2025-04-16_23-31-11-scaled.webp.webp?fit=1200%2C798&ssl=1&resize=1050%2C600 3x"},"classes":[]},{"id":78982,"url":"https:\/\/noticiasribeiraopreto.com.br\/index.php\/2025\/10\/22\/cabeleireira-e-presa-por-vender-canetas-emagrecedoras-em-salao-de-beleza\/","url_meta":{"origin":71752,"position":2},"title":"Cabeleireira \u00e9 presa por vender canetas emagrecedoras em sal\u00e3o de beleza","author":"noticiasribeiraopreto.com.br","date":"22 de October de 2025","format":false,"excerpt":"Ela anunciava os produtos em redes sociais e h\u00e1 suspeitas de que tamb\u00e9m fizesse aplica\u00e7\u00f5es; um dos rem\u00e9dios n\u00e3o tem registro na Anvisa 22 de outubro de 2025 10:392 Compartilhar1 Por: Adalberto Luque Uma mulher foi presa na ter\u00e7a-feira, 21 de outubro, ap\u00f3s ser flagrada com canetas emagrecedoras e seringas\u2026","rel":"","context":"In &quot;Not\u00edcias de Ribeir\u00e3o Preto-SP e Regi\u00e3o&quot;","block_context":{"text":"Not\u00edcias de Ribeir\u00e3o Preto-SP e Regi\u00e3o","link":"https:\/\/noticiasribeiraopreto.com.br\/index.php\/category\/noticias-de-ribeirao-preto-sp-e-regiao-ismael-colosi\/"},"img":{"alt_text":"","src":"https:\/\/i0.wp.com\/noticiasribeiraopreto.com.br\/wp-content\/uploads\/2025\/10\/22-out-2025-canetasfalsas1.jpg?fit=782%2C780&ssl=1&resize=350%2C200","width":350,"height":200,"srcset":"https:\/\/i0.wp.com\/noticiasribeiraopreto.com.br\/wp-content\/uploads\/2025\/10\/22-out-2025-canetasfalsas1.jpg?fit=782%2C780&ssl=1&resize=350%2C200 1x, https:\/\/i0.wp.com\/noticiasribeiraopreto.com.br\/wp-content\/uploads\/2025\/10\/22-out-2025-canetasfalsas1.jpg?fit=782%2C780&ssl=1&resize=525%2C300 1.5x, https:\/\/i0.wp.com\/noticiasribeiraopreto.com.br\/wp-content\/uploads\/2025\/10\/22-out-2025-canetasfalsas1.jpg?fit=782%2C780&ssl=1&resize=700%2C400 2x"},"classes":[]},{"id":67658,"url":"https:\/\/noticiasribeiraopreto.com.br\/index.php\/2025\/04\/16\/anvisa-restringe-venda-de-canetas-emagrecedoras-veja-o-que-muda\/","url_meta":{"origin":71752,"position":3},"title":"Anvisa restringe venda de canetas emagrecedoras; veja o que muda","author":"noticiasribeiraopreto.com.br","date":"16 de April de 2025","format":false,"excerpt":"Nesta quarta-feira (16), a Diretoria Colegiada da Anvisa aprovou novas regras para a prescri\u00e7\u00e3o e a dispensa\u00e7\u00e3o de medicamentos agonistas do receptor GLP-1. Com a nova medida, se torna obrigat\u00f3ria a reten\u00e7\u00e3o de receita m\u00e9dica para a venda desses medicamentos. Entre os medicamentos afetados est\u00e3o semaglutida, liraglutida, dulaglutida, exenatida, tirzepatida\u2026","rel":"","context":"In &quot;Not\u00edcias de Ribeir\u00e3o Preto-SP e Regi\u00e3o&quot;","block_context":{"text":"Not\u00edcias de Ribeir\u00e3o Preto-SP e Regi\u00e3o","link":"https:\/\/noticiasribeiraopreto.com.br\/index.php\/category\/noticias-de-ribeirao-preto-sp-e-regiao-ismael-colosi\/"},"img":{"alt_text":"","src":"https:\/\/i0.wp.com\/noticiasribeiraopreto.com.br\/wp-content\/uploads\/2025\/04\/high-angle-diabetic-woman-checking-her-glucose-level_2025-04-16_23-31-08_jpg_2025-04-16_23-31-11-scaled.webp.webp?fit=1200%2C798&ssl=1&resize=350%2C200","width":350,"height":200,"srcset":"https:\/\/i0.wp.com\/noticiasribeiraopreto.com.br\/wp-content\/uploads\/2025\/04\/high-angle-diabetic-woman-checking-her-glucose-level_2025-04-16_23-31-08_jpg_2025-04-16_23-31-11-scaled.webp.webp?fit=1200%2C798&ssl=1&resize=350%2C200 1x, https:\/\/i0.wp.com\/noticiasribeiraopreto.com.br\/wp-content\/uploads\/2025\/04\/high-angle-diabetic-woman-checking-her-glucose-level_2025-04-16_23-31-08_jpg_2025-04-16_23-31-11-scaled.webp.webp?fit=1200%2C798&ssl=1&resize=525%2C300 1.5x, https:\/\/i0.wp.com\/noticiasribeiraopreto.com.br\/wp-content\/uploads\/2025\/04\/high-angle-diabetic-woman-checking-her-glucose-level_2025-04-16_23-31-08_jpg_2025-04-16_23-31-11-scaled.webp.webp?fit=1200%2C798&ssl=1&resize=700%2C400 2x, https:\/\/i0.wp.com\/noticiasribeiraopreto.com.br\/wp-content\/uploads\/2025\/04\/high-angle-diabetic-woman-checking-her-glucose-level_2025-04-16_23-31-08_jpg_2025-04-16_23-31-11-scaled.webp.webp?fit=1200%2C798&ssl=1&resize=1050%2C600 3x"},"classes":[]},{"id":84129,"url":"https:\/\/noticiasribeiraopreto.com.br\/index.php\/2026\/04\/02\/operacao-mira-esquema-ilegal-de-venda-de-medicamentos-de-alto-custo-em-ribeirao-preto\/","url_meta":{"origin":71752,"position":4},"title":"Opera\u00e7\u00e3o mira esquema ilegal de venda de medicamentos de alto custo em Ribeir\u00e3o Preto","author":"noticiasribeiraopreto.com.br","date":"2 de April de 2026","format":false,"excerpt":"Ler o resumo da not\u00edcia PF deflagrou a Opera\u00e7\u00e3o Bula Fria nesta quinta-feira (2) para investigar esquema de venda ilegal de medicamentos oncol\u00f3gicos de alto custo. Mandados de busca e apreens\u00e3o s\u00e3o cumpridos em Ribeir\u00e3o Preto, Cravinhos, S\u00e3o Paulo e Aparecida de Goi\u00e2nia-GO. Investiga\u00e7\u00e3o revela que medicamentos eram armazenados e\u2026","rel":"","context":"In &quot;Not\u00edcias de Ribeir\u00e3o Preto-SP e Regi\u00e3o&quot;","block_context":{"text":"Not\u00edcias de Ribeir\u00e3o Preto-SP e Regi\u00e3o","link":"https:\/\/noticiasribeiraopreto.com.br\/index.php\/category\/noticias-de-ribeirao-preto-sp-e-regiao-ismael-colosi\/"},"img":{"alt_text":"","src":"https:\/\/i0.wp.com\/noticiasribeiraopreto.com.br\/wp-content\/uploads\/2026\/04\/operacao-bula-fria-2_2026-04-02_12-52-36.webp.webp?fit=768%2C416&ssl=1&resize=350%2C200","width":350,"height":200,"srcset":"https:\/\/i0.wp.com\/noticiasribeiraopreto.com.br\/wp-content\/uploads\/2026\/04\/operacao-bula-fria-2_2026-04-02_12-52-36.webp.webp?fit=768%2C416&ssl=1&resize=350%2C200 1x, https:\/\/i0.wp.com\/noticiasribeiraopreto.com.br\/wp-content\/uploads\/2026\/04\/operacao-bula-fria-2_2026-04-02_12-52-36.webp.webp?fit=768%2C416&ssl=1&resize=525%2C300 1.5x, https:\/\/i0.wp.com\/noticiasribeiraopreto.com.br\/wp-content\/uploads\/2026\/04\/operacao-bula-fria-2_2026-04-02_12-52-36.webp.webp?fit=768%2C416&ssl=1&resize=700%2C400 2x"},"classes":[]},{"id":77365,"url":"https:\/\/noticiasribeiraopreto.com.br\/index.php\/2025\/09\/16\/anvisa-determina-apreensao-de-azeite-e-proibe-venda-de-suplemento-emagrecedor-veja-quais\/","url_meta":{"origin":71752,"position":5},"title":"Anvisa determina apreens\u00e3o de azeite e pro\u00edbe venda de suplemento emagrecedor; Veja quais","author":"noticiasribeiraopreto.com.br","date":"16 de September de 2025","format":false,"excerpt":"A Anvisa (Ag\u00eancia Nacional de Vigil\u00e2ncia Sanit\u00e1ria) anunciou, nesta ter\u00e7a-feira (16), a apreens\u00e3o a apreens\u00e3o do azeite de oliva da marca Los Nobles em todo o territ\u00f3rio nacional. A resolu\u00e7\u00e3o foi publicada no Di\u00e1rio Oficial da Uni\u00e3o e pro\u00edbe a comercializa\u00e7\u00e3o, distribui\u00e7\u00e3o, importa\u00e7\u00e3o, propaganda e uso do produto. De acordo\u2026","rel":"","context":"In &quot;Not\u00edcias de Ribeir\u00e3o Preto-SP e Regi\u00e3o&quot;","block_context":{"text":"Not\u00edcias de Ribeir\u00e3o Preto-SP e Regi\u00e3o","link":"https:\/\/noticiasribeiraopreto.com.br\/index.php\/category\/noticias-de-ribeirao-preto-sp-e-regiao-ismael-colosi\/"},"img":{"alt_text":"","src":"https:\/\/i0.wp.com\/noticiasribeiraopreto.com.br\/wp-content\/uploads\/2025\/09\/close-up-cute-cup-filled-with-olive-oil_2024-09-25_19-54-05_jpg_2024-09-25_19-54-08-1024x683.webp.webp?fit=1024%2C683&ssl=1&resize=350%2C200","width":350,"height":200,"srcset":"https:\/\/i0.wp.com\/noticiasribeiraopreto.com.br\/wp-content\/uploads\/2025\/09\/close-up-cute-cup-filled-with-olive-oil_2024-09-25_19-54-05_jpg_2024-09-25_19-54-08-1024x683.webp.webp?fit=1024%2C683&ssl=1&resize=350%2C200 1x, https:\/\/i0.wp.com\/noticiasribeiraopreto.com.br\/wp-content\/uploads\/2025\/09\/close-up-cute-cup-filled-with-olive-oil_2024-09-25_19-54-05_jpg_2024-09-25_19-54-08-1024x683.webp.webp?fit=1024%2C683&ssl=1&resize=525%2C300 1.5x, https:\/\/i0.wp.com\/noticiasribeiraopreto.com.br\/wp-content\/uploads\/2025\/09\/close-up-cute-cup-filled-with-olive-oil_2024-09-25_19-54-05_jpg_2024-09-25_19-54-08-1024x683.webp.webp?fit=1024%2C683&ssl=1&resize=700%2C400 2x"},"classes":[]}],"jetpack_sharing_enabled":true,"jetpack_shortlink":"https:\/\/wp.me\/peQAOb-iFi","_links":{"self":[{"href":"https:\/\/noticiasribeiraopreto.com.br\/index.php\/wp-json\/wp\/v2\/posts\/71752","targetHints":{"allow":["GET"]}}],"collection":[{"href":"https:\/\/noticiasribeiraopreto.com.br\/index.php\/wp-json\/wp\/v2\/posts"}],"about":[{"href":"https:\/\/noticiasribeiraopreto.com.br\/index.php\/wp-json\/wp\/v2\/types\/post"}],"author":[{"embeddable":true,"href":"https:\/\/noticiasribeiraopreto.com.br\/index.php\/wp-json\/wp\/v2\/users\/1"}],"replies":[{"embeddable":true,"href":"https:\/\/noticiasribeiraopreto.com.br\/index.php\/wp-json\/wp\/v2\/comments?post=71752"}],"version-history":[{"count":0,"href":"https:\/\/noticiasribeiraopreto.com.br\/index.php\/wp-json\/wp\/v2\/posts\/71752\/revisions"}],"wp:featuredmedia":[{"embeddable":true,"href":"https:\/\/noticiasribeiraopreto.com.br\/index.php\/wp-json\/wp\/v2\/media\/71753"}],"wp:attachment":[{"href":"https:\/\/noticiasribeiraopreto.com.br\/index.php\/wp-json\/wp\/v2\/media?parent=71752"}],"wp:term":[{"taxonomy":"category","embeddable":true,"href":"https:\/\/noticiasribeiraopreto.com.br\/index.php\/wp-json\/wp\/v2\/categories?post=71752"},{"taxonomy":"post_tag","embeddable":true,"href":"https:\/\/noticiasribeiraopreto.com.br\/index.php\/wp-json\/wp\/v2\/tags?post=71752"}],"curies":[{"name":"wp","href":"https:\/\/api.w.org\/{rel}","templated":true}]}}