{"id":71754,"date":"2025-06-09T20:02:36","date_gmt":"2025-06-09T23:02:36","guid":{"rendered":"https:\/\/noticiasribeiraopreto.com.br\/index.php\/2025\/06\/09\/ribeirao-recebe-projeto-gratuito-de-educacao-financeira-veja-quem-pode-participar\/"},"modified":"2025-06-09T20:02:36","modified_gmt":"2025-06-09T23:02:36","slug":"ribeirao-recebe-projeto-gratuito-de-educacao-financeira-veja-quem-pode-participar","status":"publish","type":"post","link":"https:\/\/noticiasribeiraopreto.com.br\/index.php\/2025\/06\/09\/ribeirao-recebe-projeto-gratuito-de-educacao-financeira-veja-quem-pode-participar\/","title":{"rendered":"Ribeir\u00e3o recebe projeto gratuito de educa\u00e7\u00e3o financeira; Veja quem pode participar"},"content":{"rendered":"<p> <br \/>\n<\/p>\n<div>\n<p>A <strong>EMEF Prof. Honorato de Lucca<\/strong>, na zona Norte de <strong>Ribeir\u00e3o Preto<\/strong>, promove at\u00e9 <strong>s\u00e1bado (14)<\/strong> uma s\u00e9rie de <strong>atividades gratuitas<\/strong> para ensinar <strong>educa\u00e7\u00e3o financeira<\/strong> a alunos da institui\u00e7\u00e3o e moradores da comunidade.<\/p>\n<p>A carreta itinerante \u201c<strong>Escola do Dinheiro<\/strong>\u201d integra o curr\u00edculo escolar e tem como objetivo ensinar <strong>crian\u00e7as<\/strong>, <strong>jovens <\/strong>e <strong>adultos <\/strong>a lidarem com o dinheiro, <mark style=\"background-color:#fcb900\" class=\"has-inline-color\">promovendo habilidades para planejamento financeiro, controle de gastos e tomada de decis\u00f5es conscientes<\/mark>.<\/p>\n<p>Essa \u00e9 a primeira vez que o projeto chega a <strong>Ribeir\u00e3o Preto<\/strong>, como parte de uma iniciativa que percorrer\u00e1 <strong>12 cidades paulistas <\/strong>at\u00e9 agosto de 2025.<\/p>\n<h2 class=\"wp-block-heading\"><strong>Educa\u00e7\u00e3o financeira<\/strong><\/h2>\n<p>A carreta <strong>adaptada como sala de aula<\/strong> oferece uma imers\u00e3o pr\u00e1tica no universo da<strong> educa\u00e7\u00e3o financeira<\/strong> e tem capacidade para at\u00e9 35 pessoas por vez.<\/p>\n<p>Todos os alunos da EMEF ter\u00e3o acesso ao projeto, em hor\u00e1rios determinados. Al\u00e9m disso, <strong>em dias espec\u00edficos a carreta ser\u00e1 aberta para a popula\u00e7\u00e3o interessada em participar<\/strong> \u2013 veja o hor\u00e1rio abaixo.<\/p>\n<figure class=\"wp-block-pullquote\">\n<blockquote>\n<p>Se eles recebem uma mesada ou ganham dinheiro de algu\u00e9m, precisam fazer escolhas: onde gastar, como gastar, se o que t\u00eam \u00e9 suficiente para o que desejam ou se precisam poupar por um tempo para conseguir comprar. \u00c9 muito importante que saibam o que s\u00e3o os juros e quanto isso pode acrescentar a uma compra, para que n\u00e3o se envolvam, futuramente, em um desarranjo com cart\u00f5es de cr\u00e9dito e acabem comprando mais do que cabe no or\u00e7amento<\/p>\n<p><cite>diz a gestora da escola, Cleomara Aparecida Garcia.<\/cite><\/p><\/blockquote>\n<\/figure>\n<p>Os alunos ter\u00e3o acesso a notebooks com <strong>simuladores de investimento<\/strong>, <strong>jogos educativos<\/strong> e <strong>ferramentas para atividades pr\u00e1ticas<\/strong> sobre temas como projeto de vida, planejamento financeiro, economia dom\u00e9stica e a realidade financeira das fam\u00edlias.<\/p>\n<p>De acordo com a <strong>Prefeitura de Ribeir\u00e3o Preto<\/strong>, professores do projeto oferecem todo o material did\u00e1tico e conduzem as atividades.<\/p>\n<h3 class=\"wp-block-heading\"><strong>Confira os hor\u00e1rios do projeto<\/strong><\/h3>\n<ul class=\"wp-block-list\">\n<li>Estudantes do 5\u00ba ao 9\u00ba ano da institui\u00e7\u00e3o \u2013 diariamente das 8h \u00e0s 12h e das 13h \u00e0s 17h.<\/li>\n<\/ul>\n<ul class=\"wp-block-list\">\n<li>EJA (Educa\u00e7\u00e3o de Jovens e Adultos) \u2013 ter\u00e7a-feira (10), das 19h30 \u00e0s 20h30.<\/li>\n<\/ul>\n<ul class=\"wp-block-list\">\n<li>Aberto para a comunidade \u2013 quinta-feira (12), das 19h \u00e0s 21h e no s\u00e1bado (14), das 9h \u00e0s 12h<\/li>\n<\/ul>\n<hr class=\"wp-block-separator has-alpha-channel-opacity\"\/>\n<p>SAIBA MAIS<\/p>\n<p>Ribeir\u00e3o ter\u00e1 m\u00ednima de 9\u00b0C com chegada de nova frente fria; Defesa Civil emite alerta<\/p>\n<h4 class=\"wp-block-heading\"><strong>FIQUE ON<\/strong><\/h4>\n<p>Quer ficar por dentro de tudo que acontece em Ribeir\u00e3o Preto e regi\u00e3o? Ent\u00e3o siga os perfis do\u202facidade on\u202fno\u202f<a href=\"https:\/\/www.instagram.com\/acidadeonribeirao\" target=\"_blank\" rel=\"noreferrer noopener\">Instagram<\/a>\u202fe no\u202f<a href=\"https:\/\/www.facebook.com\/acidadeonribeirao\/\" target=\"_blank\" rel=\"noreferrer noopener\">Facebook<\/a>.<\/p>\n<p>Al\u00e9m disso, voc\u00ea pode receber as principais not\u00edcias diretamente no WhatsApp. Para isso, basta\u00a0<a href=\"https:\/\/chat.whatsapp.com\/BjKQZ9oJwlz8VVT50NuePq\" target=\"_blank\" rel=\"noreferrer noopener\">entrar no grupo clicando aqui<\/a>.<\/p>\n<p>Por fim, se quiser fazer uma den\u00fancia ou sugerir uma reportagem sobre Ribeir\u00e3o Preto e regi\u00e3o, envie uma mensagem pelo WhatsApp: (16) 99117-7802.<\/p>\n<p>VEJA TAMB\u00c9M<\/p>\n<p>Quais as acusa\u00e7\u00f5es contra Jared Leto?<\/p>\n<p><!-- CONTENT END 1 -->\n<\/div>\n<p><script async src=\"\/\/www.instagram.com\/embed.js\"><\/script><br \/>\n<br \/><br \/>\n<br \/><a href=\"https:\/\/www.acidadeon.com\/ribeiraopreto\/cotidiano\/ribeirao-recebe-projeto-gratuito-de-educacao-financeira-veja-quem-pode-participar\/\">Source link <\/a><\/p>\n","protected":false},"excerpt":{"rendered":"<p>A EMEF Prof. Honorato de Lucca, na zona Norte de Ribeir\u00e3o Preto, promove at\u00e9 s\u00e1bado (14) uma s\u00e9rie de atividades gratuitas para ensinar educa\u00e7\u00e3o financeira&#8230;<\/p>\n","protected":false},"author":1,"featured_media":71755,"comment_status":"open","ping_status":"open","sticky":false,"template":"","format":"standard","meta":{"advanced_seo_description":"","jetpack_seo_html_title":"","jetpack_seo_noindex":false,"jetpack_post_was_ever_published":false,"_jetpack_newsletter_access":"","_jetpack_dont_email_post_to_subs":false,"_jetpack_newsletter_tier_id":0,"_jetpack_memberships_contains_paywalled_content":false,"_jetpack_memberships_contains_paid_content":false,"footnotes":"","jetpack_publicize_message":"","jetpack_publicize_feature_enabled":true,"jetpack_social_post_already_shared":true,"jetpack_social_options":{"image_generator_settings":{"template":"highway","default_image_id":0,"font":"","enabled":false},"version":2}},"categories":[11],"tags":[],"class_list":["post-71754","post","type-post","status-publish","format-standard","has-post-thumbnail","hentry","category-noticias-de-ribeirao-preto-sp-e-regiao-ismael-colosi"],"jetpack_publicize_connections":[],"jetpack_featured_media_url":"https:\/\/i0.wp.com\/noticiasribeiraopreto.com.br\/wp-content\/uploads\/2025\/06\/a.ok_.carretaescola_2_1_2025-06-09_20-01-35.webp.webp?fit=1000%2C666&ssl=1","jetpack-related-posts":[{"id":70983,"url":"https:\/\/noticiasribeiraopreto.com.br\/index.php\/2025\/06\/01\/educacao-financeira-precisa-ser-levada-a-serio\/","url_meta":{"origin":71754,"position":0},"title":"Educa\u00e7\u00e3o financeira precisa ser levada a s\u00e9rio\u00a0","author":"noticiasribeiraopreto.com.br","date":"1 de June de 2025","format":false,"excerpt":"Por Adriana Cristofoli\u00a0 \u00a0 O endividamento das fam\u00edlias brasileiras \u00e9 um fen\u00f4meno que transcende as finan\u00e7as pessoais, afetando diretamente a economia nacional. Quando as fam\u00edlias comprometem uma parcela significativa de sua renda com d\u00edvidas, h\u00e1 uma redu\u00e7\u00e3o no consumo, o que impacta negativamente a demanda agregada e pode levar \u00e0\u2026","rel":"","context":"In &quot;Not\u00edcias de Ribeir\u00e3o Preto-SP e Regi\u00e3o&quot;","block_context":{"text":"Not\u00edcias de Ribeir\u00e3o Preto-SP e Regi\u00e3o","link":"https:\/\/noticiasribeiraopreto.com.br\/index.php\/category\/noticias-de-ribeirao-preto-sp-e-regiao-ismael-colosi\/"},"img":{"alt_text":"","src":"https:\/\/i0.wp.com\/noticiasribeiraopreto.com.br\/wp-content\/uploads\/2025\/06\/3-Capa-Agencia-Brasil.jpeg?fit=1170%2C700&ssl=1&resize=350%2C200","width":350,"height":200,"srcset":"https:\/\/i0.wp.com\/noticiasribeiraopreto.com.br\/wp-content\/uploads\/2025\/06\/3-Capa-Agencia-Brasil.jpeg?fit=1170%2C700&ssl=1&resize=350%2C200 1x, https:\/\/i0.wp.com\/noticiasribeiraopreto.com.br\/wp-content\/uploads\/2025\/06\/3-Capa-Agencia-Brasil.jpeg?fit=1170%2C700&ssl=1&resize=525%2C300 1.5x, https:\/\/i0.wp.com\/noticiasribeiraopreto.com.br\/wp-content\/uploads\/2025\/06\/3-Capa-Agencia-Brasil.jpeg?fit=1170%2C700&ssl=1&resize=700%2C400 2x, https:\/\/i0.wp.com\/noticiasribeiraopreto.com.br\/wp-content\/uploads\/2025\/06\/3-Capa-Agencia-Brasil.jpeg?fit=1170%2C700&ssl=1&resize=1050%2C600 3x"},"classes":[]},{"id":9262,"url":"https:\/\/noticiasribeiraopreto.com.br\/index.php\/2023\/12\/01\/5-dicas-educacao-financeira-para-criancas\/","url_meta":{"origin":71754,"position":1},"title":"5 Dicas: Educa\u00e7\u00e3o Financeira para Crian\u00e7as","author":"noticiasribeiraopreto.com.br","date":"1 de December de 2023","format":false,"excerpt":"Entender a import\u00e2ncia da educa\u00e7\u00e3o financeira para crian\u00e7as n\u00e3o \u00e9 apenas uma tend\u00eancia, mas uma necessidade crucial. Afinal, moldar h\u00e1bitos financeiros saud\u00e1veis desde a inf\u00e2ncia \u00e9 a chave para construir um futuro s\u00f3lido. Por isso, nossa miss\u00e3o \u00e9 proporcionar ferramentas e estrat\u00e9gias que tornem o aprendizado financeiro uma experi\u00eancia envolvente\u2026","rel":"","context":"In &quot;Dinheiro e Investimento&quot;","block_context":{"text":"Dinheiro e Investimento","link":"https:\/\/noticiasribeiraopreto.com.br\/index.php\/category\/dinheiro-e-investimento-como-fazer-como-ganhar\/"},"img":{"alt_text":"","src":"https:\/\/i0.wp.com\/noticiasribeiraopreto.com.br\/wp-content\/uploads\/2023\/12\/portrait-cute-girl-talking-rotary-phone-office.jpg?fit=1000%2C667&ssl=1&resize=350%2C200","width":350,"height":200,"srcset":"https:\/\/i0.wp.com\/noticiasribeiraopreto.com.br\/wp-content\/uploads\/2023\/12\/portrait-cute-girl-talking-rotary-phone-office.jpg?fit=1000%2C667&ssl=1&resize=350%2C200 1x, https:\/\/i0.wp.com\/noticiasribeiraopreto.com.br\/wp-content\/uploads\/2023\/12\/portrait-cute-girl-talking-rotary-phone-office.jpg?fit=1000%2C667&ssl=1&resize=525%2C300 1.5x, https:\/\/i0.wp.com\/noticiasribeiraopreto.com.br\/wp-content\/uploads\/2023\/12\/portrait-cute-girl-talking-rotary-phone-office.jpg?fit=1000%2C667&ssl=1&resize=700%2C400 2x"},"classes":[]},{"id":67441,"url":"https:\/\/noticiasribeiraopreto.com.br\/index.php\/2025\/04\/14\/ribeirao-tera-semana-gratuita-de-educacao-financeira-veja-como-participar\/","url_meta":{"origin":71754,"position":2},"title":"Ribeir\u00e3o ter\u00e1 semana gratuita de educa\u00e7\u00e3o financeira; Veja como participar","author":"noticiasribeiraopreto.com.br","date":"14 de April de 2025","format":false,"excerpt":"O Senac de Ribeir\u00e3o Preto realiza entre ter\u00e7a (15) e quinta-feira (17), um evento gratuito que abordar\u00e1 temas essenciais para a administra\u00e7\u00e3o do dinheiro, planejamento financeiro e investimentos. Realizado no audit\u00f3rio da institui\u00e7\u00e3o, o evento contar\u00e1 com palestrantes de institui\u00e7\u00f5es renomadas. A 1\u00aa Semana de Educa\u00e7\u00e3o Financeira do Senac Ribeir\u00e3o\u2026","rel":"","context":"In &quot;Not\u00edcias de Ribeir\u00e3o Preto-SP e Regi\u00e3o&quot;","block_context":{"text":"Not\u00edcias de Ribeir\u00e3o Preto-SP e Regi\u00e3o","link":"https:\/\/noticiasribeiraopreto.com.br\/index.php\/category\/noticias-de-ribeirao-preto-sp-e-regiao-ismael-colosi\/"},"img":{"alt_text":"","src":"https:\/\/i0.wp.com\/noticiasribeiraopreto.com.br\/wp-content\/uploads\/2025\/04\/close-up-education-economy-objects_2025-04-14_14-59-32_jpg_2025-04-14_14-59-35-scaled.webp.webp?fit=1200%2C801&ssl=1&resize=350%2C200","width":350,"height":200,"srcset":"https:\/\/i0.wp.com\/noticiasribeiraopreto.com.br\/wp-content\/uploads\/2025\/04\/close-up-education-economy-objects_2025-04-14_14-59-32_jpg_2025-04-14_14-59-35-scaled.webp.webp?fit=1200%2C801&ssl=1&resize=350%2C200 1x, https:\/\/i0.wp.com\/noticiasribeiraopreto.com.br\/wp-content\/uploads\/2025\/04\/close-up-education-economy-objects_2025-04-14_14-59-32_jpg_2025-04-14_14-59-35-scaled.webp.webp?fit=1200%2C801&ssl=1&resize=525%2C300 1.5x, https:\/\/i0.wp.com\/noticiasribeiraopreto.com.br\/wp-content\/uploads\/2025\/04\/close-up-education-economy-objects_2025-04-14_14-59-32_jpg_2025-04-14_14-59-35-scaled.webp.webp?fit=1200%2C801&ssl=1&resize=700%2C400 2x, https:\/\/i0.wp.com\/noticiasribeiraopreto.com.br\/wp-content\/uploads\/2025\/04\/close-up-education-economy-objects_2025-04-14_14-59-32_jpg_2025-04-14_14-59-35-scaled.webp.webp?fit=1200%2C801&ssl=1&resize=1050%2C600 3x"},"classes":[]},{"id":61975,"url":"https:\/\/noticiasribeiraopreto.com.br\/index.php\/2024\/12\/30\/programa-pe-de-meia-fecha-2024-com-quase-4-milhoes-de-beneficiados-em-todo-o-pais\/","url_meta":{"origin":71754,"position":3},"title":"Programa &#8220;P\u00e9 de Meia&#8221; Fecha 2024 com Quase 4 Milh\u00f5es de Beneficiados em Todo o Pa\u00eds","author":"noticiasribeiraopreto.com.br","date":"30 de December de 2024","format":false,"excerpt":"O programa \u201cP\u00e9 de Meia\u201d, iniciativa de educa\u00e7\u00e3o financeira promovida pelo Minist\u00e9rio da Educa\u00e7\u00e3o (MEC), encerra o ano de 2024 com um marco significativo: quase 4 milh\u00f5es de brasileiros foram diretamente impactados pelas atividades do projeto. A iniciativa, voltada para jovens e adultos, busca promover a conscientiza\u00e7\u00e3o sobre a import\u00e2ncia\u2026","rel":"","context":"In &quot;Not\u00edcias de Ribeir\u00e3o Preto-SP e Regi\u00e3o&quot;","block_context":{"text":"Not\u00edcias de Ribeir\u00e3o Preto-SP e Regi\u00e3o","link":"https:\/\/noticiasribeiraopreto.com.br\/index.php\/category\/noticias-de-ribeirao-preto-sp-e-regiao-ismael-colosi\/"},"img":{"alt_text":"","src":"https:\/\/i0.wp.com\/noticiasribeiraopreto.com.br\/wp-content\/uploads\/2024\/12\/30087074745_a7beeefb44_o.webp.webp?fit=1170%2C700&ssl=1&resize=350%2C200","width":350,"height":200,"srcset":"https:\/\/i0.wp.com\/noticiasribeiraopreto.com.br\/wp-content\/uploads\/2024\/12\/30087074745_a7beeefb44_o.webp.webp?fit=1170%2C700&ssl=1&resize=350%2C200 1x, https:\/\/i0.wp.com\/noticiasribeiraopreto.com.br\/wp-content\/uploads\/2024\/12\/30087074745_a7beeefb44_o.webp.webp?fit=1170%2C700&ssl=1&resize=525%2C300 1.5x, https:\/\/i0.wp.com\/noticiasribeiraopreto.com.br\/wp-content\/uploads\/2024\/12\/30087074745_a7beeefb44_o.webp.webp?fit=1170%2C700&ssl=1&resize=700%2C400 2x, https:\/\/i0.wp.com\/noticiasribeiraopreto.com.br\/wp-content\/uploads\/2024\/12\/30087074745_a7beeefb44_o.webp.webp?fit=1170%2C700&ssl=1&resize=1050%2C600 3x"},"classes":[]},{"id":9320,"url":"https:\/\/noticiasribeiraopreto.com.br\/index.php\/2023\/12\/01\/educacao-financeira-chega-ao-ensino-infantil-e-fundamental-em-2020\/","url_meta":{"origin":71754,"position":4},"title":"Educa\u00e7\u00e3o financeira chega ao ensino infantil e fundamental em 2020","author":"noticiasribeiraopreto.com.br","date":"1 de December de 2023","format":false,"excerpt":"Portal Isto \u00c9 \u2013 Ag\u00eancia Brasil Leia a mat\u00e9ria completa em https:\/\/bit.ly\/2tMX6ag Antonia, auxiliar de escrit\u00f3rio, todos os dias compra uma balinha ou um chocolate, no ponto de \u00f4nibus, na volta do trabalho, que custa R$ 0,50. \u201cEu n\u00e3o dava import\u00e2ncia para aquele gasto. Imagina, R$ 0,50 n\u00e3o \u00e9 nada!\u2026","rel":"","context":"In &quot;Dinheiro e Investimento&quot;","block_context":{"text":"Dinheiro e Investimento","link":"https:\/\/noticiasribeiraopreto.com.br\/index.php\/category\/dinheiro-e-investimento-como-fazer-como-ganhar\/"},"img":{"alt_text":"","src":"","width":0,"height":0},"classes":[]},{"id":74677,"url":"https:\/\/noticiasribeiraopreto.com.br\/index.php\/2025\/07\/27\/brasileiros-se-preocupam-mais-com-dinheiro-do-que-com-saude\/","url_meta":{"origin":71754,"position":5},"title":"Brasileiros se preocupam mais com dinheiro do que com sa\u00fade","author":"noticiasribeiraopreto.com.br","date":"27 de July de 2025","format":false,"excerpt":"Pesquisa com mais de oito mil pessoas aponta um cen\u00e1rio cr\u00edtico de desinforma\u00e7\u00e3o sobre finan\u00e7as O dinheiro \u00e9 a principal preocupa\u00e7\u00e3o dos brasileiros \u00e0 frente da sa\u00fade, da fam\u00edlia e da viol\u00eancia, como revela a 4\u00aa edi\u00e7\u00e3o da pesquisa Raio-X da Sa\u00fade Financeira dos Brasileiros \u2013 Estudo Estresse Financeiro \u2013\u2026","rel":"","context":"In &quot;Not\u00edcias de Ribeir\u00e3o Preto-SP e Regi\u00e3o&quot;","block_context":{"text":"Not\u00edcias de Ribeir\u00e3o Preto-SP e Regi\u00e3o","link":"https:\/\/noticiasribeiraopreto.com.br\/index.php\/category\/noticias-de-ribeirao-preto-sp-e-regiao-ismael-colosi\/"},"img":{"alt_text":"","src":"https:\/\/i0.wp.com\/noticiasribeiraopreto.com.br\/wp-content\/uploads\/2025\/07\/financas_3.png?fit=800%2C500&ssl=1&resize=350%2C200","width":350,"height":200,"srcset":"https:\/\/i0.wp.com\/noticiasribeiraopreto.com.br\/wp-content\/uploads\/2025\/07\/financas_3.png?fit=800%2C500&ssl=1&resize=350%2C200 1x, https:\/\/i0.wp.com\/noticiasribeiraopreto.com.br\/wp-content\/uploads\/2025\/07\/financas_3.png?fit=800%2C500&ssl=1&resize=525%2C300 1.5x, https:\/\/i0.wp.com\/noticiasribeiraopreto.com.br\/wp-content\/uploads\/2025\/07\/financas_3.png?fit=800%2C500&ssl=1&resize=700%2C400 2x"},"classes":[]}],"jetpack_sharing_enabled":true,"jetpack_shortlink":"https:\/\/wp.me\/peQAOb-iFk","_links":{"self":[{"href":"https:\/\/noticiasribeiraopreto.com.br\/index.php\/wp-json\/wp\/v2\/posts\/71754","targetHints":{"allow":["GET"]}}],"collection":[{"href":"https:\/\/noticiasribeiraopreto.com.br\/index.php\/wp-json\/wp\/v2\/posts"}],"about":[{"href":"https:\/\/noticiasribeiraopreto.com.br\/index.php\/wp-json\/wp\/v2\/types\/post"}],"author":[{"embeddable":true,"href":"https:\/\/noticiasribeiraopreto.com.br\/index.php\/wp-json\/wp\/v2\/users\/1"}],"replies":[{"embeddable":true,"href":"https:\/\/noticiasribeiraopreto.com.br\/index.php\/wp-json\/wp\/v2\/comments?post=71754"}],"version-history":[{"count":0,"href":"https:\/\/noticiasribeiraopreto.com.br\/index.php\/wp-json\/wp\/v2\/posts\/71754\/revisions"}],"wp:featuredmedia":[{"embeddable":true,"href":"https:\/\/noticiasribeiraopreto.com.br\/index.php\/wp-json\/wp\/v2\/media\/71755"}],"wp:attachment":[{"href":"https:\/\/noticiasribeiraopreto.com.br\/index.php\/wp-json\/wp\/v2\/media?parent=71754"}],"wp:term":[{"taxonomy":"category","embeddable":true,"href":"https:\/\/noticiasribeiraopreto.com.br\/index.php\/wp-json\/wp\/v2\/categories?post=71754"},{"taxonomy":"post_tag","embeddable":true,"href":"https:\/\/noticiasribeiraopreto.com.br\/index.php\/wp-json\/wp\/v2\/tags?post=71754"}],"curies":[{"name":"wp","href":"https:\/\/api.w.org\/{rel}","templated":true}]}}