{"id":71770,"date":"2025-06-10T08:34:05","date_gmt":"2025-06-10T11:34:05","guid":{"rendered":"https:\/\/noticiasribeiraopreto.com.br\/index.php\/2025\/06\/10\/instituto-e-condenado-a-devolver-r-3-milhoes\/"},"modified":"2025-06-10T08:34:05","modified_gmt":"2025-06-10T11:34:05","slug":"instituto-e-condenado-a-devolver-r-3-milhoes","status":"publish","type":"post","link":"https:\/\/noticiasribeiraopreto.com.br\/index.php\/2025\/06\/10\/instituto-e-condenado-a-devolver-r-3-milhoes\/","title":{"rendered":"Instituto \u00e9 condenado a devolver R$ 3 milh\u00f5es"},"content":{"rendered":"<div class='code-block code-block-1' style='margin: 8px 0 8px auto; text-align: right; display: block; clear: both;'>\n<p><a href=\"https:\/\/wa.link\/vpicfd\"><img data-recalc-dims=\"1\" class=\"wp-image-4922\" style=\"aspect-ratio: 2.0253164556962027; width: 561px; height: auto;\" src=\"https:\/\/i0.wp.com\/ismaelcolosi.com.br\/wp-content\/uploads\/2023\/11\/grupo-de-empregos-whatsapp-e-facebook-ismael-colosi-vagas.jpg?ssl=1\" alt=\"\" \/><\/a><\/p>\n<!-- \/wp:image -->\n<\/div>\n<p> <br \/>\n<\/p>\n<div id=\"\">\n<p>\n\t\t\t\t\t\t\t\t\t<span class=\"entry-meta-item penci-posted-on\"><i class=\"fa fa-clock-o\"\/><time class=\"entry-date published\" datetime=\"2025-06-10T08:30:52-03:00\">10 de junho de 2025 08:30<\/time><time class=\"updated\" datetime=\"2025-06-09T22:34:20-03:00\">9 de junho de 2025 22:34<\/time><\/span><span class=\"entry-meta-item penci-post-countview\"><span class=\"entry-meta-item penci-post-countview penci_post-meta_item\"><i class=\"fa fa-eye\"\/><span class=\"penci-post-countview-number penci-post-countview-p428257\">7<\/span><\/span><\/span>\t\t\t\t\t\t\t\t<\/p>\n<p><!-- .entry-meta --><br \/>\n\t\t\t\t\t\t\t\t<span class=\"penci-social-buttons penci-social-share-footer\"><span class=\"penci-social-share-text\">Compartilhar<\/span><a href=\"#\" class=\"penci-post-like penci_post-meta_item  single-like-button penci-social-item like\" data-post_id=\"428257\" title=\"Like\" data-like=\"Like\" data-unlike=\"Unlike\"><i class=\"fa fa-thumbs-o-up\"\/><span class=\"penci-share-number\">0<\/span><\/a><i class=\"fa fa-facebook\"\/><a class=\"penci-social-item twitter\" target=\"_blank\" rel=\"noopener\" title=\"\" href=\"https:\/\/twitter.com\/intent\/tweet?text=Instituto%20\u00e9%20condenado%20a%20devolver%20R$%203%20milh\u00f5es%20-%20https:\/\/www.tribunaribeirao.com.br\/instituto-e-condenado-a-devolver-r-3-milhoes\/\"><i class=\"fa fa-twitter\"\/><\/a><i class=\"fa fa-linkedin\"\/><i class=\"fa fa-whatsapp\"\/><i class=\"fa fa-telegram\"\/><i class=\"fa fa-envelope\"\/><\/span>\t\t\t\t\t\t\t<\/div>\n<div>\n<p>O Tribunal de Contas do Estado de S\u00e3o Paulo (TCESP) mandou o Instituto Corpore para o Desenvolvimento da Qualidade de Vida devolver R$ 3.192.992,57 para a prefeitura de Ribeir\u00e3o Preto. A condena\u00e7\u00e3o diz respeito a um conv\u00eanio assinado em novembro de 2011, pela ent\u00e3o prefeita D\u00e1rcy Vera.<\/p>\n<p>Na \u00e9poca, o instituto deveria fornecer profissionais para a ent\u00e3o Unidade B\u00e1sica Distrital de Sa\u00fade Doutor Jo\u00e3o Baptista Quartin, a UBDS Central. O tribunal tamb\u00e9m multou a ex-prefeita em R$ 7.404 porque, como chefe do Executivo, ela foi a respons\u00e1vel pela libera\u00e7\u00e3o dos recursos.<\/p>\n<p>Em 28 de novembro de 2012, o Tribunal de Contas j\u00e1 havia julgado irrregular a presta\u00e7\u00e3o de contas do contrato. Entretanto, a determina\u00e7\u00e3o para a devolu\u00e7\u00e3o dos recursos foi feita em julgamento realizado pela Segunda C\u00e2mara do TCE no dia 13 de maio deste ano e o ac\u00f3rd\u00e3o foi publicado no dia 4 de junho. De acordo com a conselheira Cristina de Castro Moraes, a fiscaliza\u00e7\u00e3o apontou irregularidades na parceria.<\/p>\n<p>Entre elas, a subcontrata\u00e7\u00e3o de m\u00e3o de obra na presta\u00e7\u00e3o de servi\u00e7os m\u00e9dicos com uso de recursos p\u00fablicos repassados para pessoas jur\u00eddicas com fins lucrativos, valores aplicados no pagamento de servi\u00e7os m\u00e9dicos n\u00e3o auferidos, pagamento de despesas n\u00e3o or\u00e7adas no projeto de parceria, pagamento de acordo de a\u00e7\u00e3o trabalhista, pagamento de despesas com refei\u00e7\u00f5es sem apresenta\u00e7\u00e3o de controles paralelos e pagamento de despesas do ano anterior.<\/p>\n<p>O Instituto Corpore para Desenvolvimento da Qualidade de Vida \u00e9 da cidade de Matinhos, no Paran\u00e1, e venceu a licita\u00e7\u00e3o da prefeitura de Ribeir\u00e3o Preto por R$ 5.794.466,76, equivalente a R$ 482.872,23 por m\u00eas para um contrato de doze meses. A Organiza\u00e7\u00e3o da Sociedade Civil de Interesse P\u00fablico (Oscip) deveria manter o apoio no que se refere ao trabalho m\u00e9dico, com 780 horas semanais de atendimento em urg\u00eancia e emerg\u00eancia para adultos.<\/p>\n<p>Na \u00e9poca da assinatura do contrato, a prefeitura afirmou que a Oscip deveria estar \u00e0 disposi\u00e7\u00e3o da ger\u00eancia da UBDS Central para desenvolver e implantar novos protocolos nas \u00e1reas de atendimento, enfermagem, desinfec\u00e7\u00e3o, biosseguran\u00e7a e manuten\u00e7\u00e3o da unidade. Prev\u00ea ainda a realiza\u00e7\u00e3o de atividades de capacita\u00e7\u00e3o dos profissionais com cursos e oficinas, melhoria na sinaliza\u00e7\u00e3o e fluxo internos da unidade e moderniza\u00e7\u00f5es na \u00e1rea de inform\u00e1tica. A reportagem tentou entrar em contato com o instituto,\u00a0 sem sucesso.<\/p>\n<\/div>\n<p><script async src=\"\/\/platform.twitter.com\/widgets.js\" charset=\"utf-8\"><\/script><br \/>\n<br \/><br \/>\n<br \/><a href=\"https:\/\/www.tribunaribeirao.com.br\/instituto-e-condenado-a-devolver-r-3-milhoes\/\">Source link <\/a><\/p>\n<!-- CONTENT END 1 -->\n","protected":false},"excerpt":{"rendered":"<p>10 de junho de 2025 08:309 de junho de 2025 22:347 Compartilhar0 O Tribunal de Contas do Estado de S\u00e3o Paulo (TCESP) mandou o Instituto&#8230;<\/p>\n","protected":false},"author":1,"featured_media":71771,"comment_status":"open","ping_status":"open","sticky":false,"template":"","format":"standard","meta":{"advanced_seo_description":"","jetpack_seo_html_title":"","jetpack_seo_noindex":false,"jetpack_post_was_ever_published":false,"_jetpack_newsletter_access":"","_jetpack_dont_email_post_to_subs":false,"_jetpack_newsletter_tier_id":0,"_jetpack_memberships_contains_paywalled_content":false,"_jetpack_memberships_contains_paid_content":false,"footnotes":"","jetpack_publicize_message":"","jetpack_publicize_feature_enabled":true,"jetpack_social_post_already_shared":true,"jetpack_social_options":{"image_generator_settings":{"template":"highway","default_image_id":0,"font":"","enabled":false},"version":2}},"categories":[11],"tags":[],"class_list":["post-71770","post","type-post","status-publish","format-standard","has-post-thumbnail","hentry","category-noticias-de-ribeirao-preto-sp-e-regiao-ismael-colosi"],"jetpack_publicize_connections":[],"jetpack_featured_media_url":"https:\/\/i0.wp.com\/noticiasribeiraopreto.com.br\/wp-content\/uploads\/2025\/06\/Corpore-Alfredo-Risk-Arquivo-scaled.jpg?fit=800%2C418&ssl=1","jetpack-related-posts":[{"id":51496,"url":"https:\/\/noticiasribeiraopreto.com.br\/index.php\/2024\/05\/27\/beneficiarios-do-bolsa-familia-comemoram-governo-confirma-3-adicionais-para-o-mes-de-junho-confira\/","url_meta":{"origin":71770,"position":0},"title":"Benefici\u00e1rios do Bolsa Fam\u00edlia comemoram: Governo confirma 3 adicionais para o m\u00eas de Junho; Confira!","author":"noticiasribeiraopreto.com.br","date":"27 de May de 2024","format":false,"excerpt":"O Governo Federal confirmou que os benefici\u00e1rios do Bolsa Fam\u00edlia receber\u00e3o tr\u00eas importantes benef\u00edcios adicionais desde junho, refor\u00e7ando o compromisso de apoiar fam\u00edlias em situa\u00e7\u00e3o de vulnerabilidade social. Anunciada pelo presidente Luiz In\u00e1cio Lula da Silva (PT) em meados do ano passado, essa ajuda continuar\u00e1 sendo desembolsada em 2024 com\u2026","rel":"","context":"In &quot;Dinheiro e Investimento&quot;","block_context":{"text":"Dinheiro e Investimento","link":"https:\/\/noticiasribeiraopreto.com.br\/index.php\/category\/dinheiro-e-investimento-como-fazer-como-ganhar\/"},"img":{"alt_text":"","src":"https:\/\/i0.wp.com\/noticiasribeiraopreto.com.br\/wp-content\/uploads\/2024\/05\/Design-sem-nome-5-1.webp.webp?fit=1200%2C630&ssl=1&resize=350%2C200","width":350,"height":200,"srcset":"https:\/\/i0.wp.com\/noticiasribeiraopreto.com.br\/wp-content\/uploads\/2024\/05\/Design-sem-nome-5-1.webp.webp?fit=1200%2C630&ssl=1&resize=350%2C200 1x, https:\/\/i0.wp.com\/noticiasribeiraopreto.com.br\/wp-content\/uploads\/2024\/05\/Design-sem-nome-5-1.webp.webp?fit=1200%2C630&ssl=1&resize=525%2C300 1.5x, https:\/\/i0.wp.com\/noticiasribeiraopreto.com.br\/wp-content\/uploads\/2024\/05\/Design-sem-nome-5-1.webp.webp?fit=1200%2C630&ssl=1&resize=700%2C400 2x, https:\/\/i0.wp.com\/noticiasribeiraopreto.com.br\/wp-content\/uploads\/2024\/05\/Design-sem-nome-5-1.webp.webp?fit=1200%2C630&ssl=1&resize=1050%2C600 3x"},"classes":[]},{"id":52116,"url":"https:\/\/noticiasribeiraopreto.com.br\/index.php\/2024\/06\/04\/aniversario-de-ribeirao-preto-e-feriado-data-e-comemorada-no-dia-19-de-junho\/","url_meta":{"origin":71770,"position":1},"title":"Anivers\u00e1rio de Ribeir\u00e3o Preto \u00e9 feriado? Data \u00e9 comemorada no dia 19 de junho","author":"noticiasribeiraopreto.com.br","date":"4 de June de 2024","format":false,"excerpt":"O anivers\u00e1rio de 168 anos de Ribeir\u00e3o Preto \u00e9 comemorado no pr\u00f3ximo dia 19 de junho e j\u00e1 foi divulgada uma programa\u00e7\u00e3o especial para a celebra\u00e7\u00e3o. Mas, afinal, o dia do anivers\u00e1rio de Ribeir\u00e3o \u00e9 considerado feriado? Sim, a data \u00e9 feriado municipal, que foi institu\u00eddo por meio de legisla\u00e7\u00e3o\u2026","rel":"","context":"In &quot;Not\u00edcias de Ribeir\u00e3o Preto-SP e Regi\u00e3o&quot;","block_context":{"text":"Not\u00edcias de Ribeir\u00e3o Preto-SP e Regi\u00e3o","link":"https:\/\/noticiasribeiraopreto.com.br\/index.php\/category\/noticias-de-ribeirao-preto-sp-e-regiao-ismael-colosi\/"},"img":{"alt_text":"","src":"https:\/\/i0.wp.com\/noticiasribeiraopreto.com.br\/wp-content\/uploads\/2024\/06\/totem_eu_amo_ribeirao_-_foto_fernando_gonzaga_2_2024-06-04_11-49-25_jpeg_2024-06-04_11-49-25.webp.webp?fit=1200%2C800&ssl=1&resize=350%2C200","width":350,"height":200,"srcset":"https:\/\/i0.wp.com\/noticiasribeiraopreto.com.br\/wp-content\/uploads\/2024\/06\/totem_eu_amo_ribeirao_-_foto_fernando_gonzaga_2_2024-06-04_11-49-25_jpeg_2024-06-04_11-49-25.webp.webp?fit=1200%2C800&ssl=1&resize=350%2C200 1x, https:\/\/i0.wp.com\/noticiasribeiraopreto.com.br\/wp-content\/uploads\/2024\/06\/totem_eu_amo_ribeirao_-_foto_fernando_gonzaga_2_2024-06-04_11-49-25_jpeg_2024-06-04_11-49-25.webp.webp?fit=1200%2C800&ssl=1&resize=525%2C300 1.5x, https:\/\/i0.wp.com\/noticiasribeiraopreto.com.br\/wp-content\/uploads\/2024\/06\/totem_eu_amo_ribeirao_-_foto_fernando_gonzaga_2_2024-06-04_11-49-25_jpeg_2024-06-04_11-49-25.webp.webp?fit=1200%2C800&ssl=1&resize=700%2C400 2x, https:\/\/i0.wp.com\/noticiasribeiraopreto.com.br\/wp-content\/uploads\/2024\/06\/totem_eu_amo_ribeirao_-_foto_fernando_gonzaga_2_2024-06-04_11-49-25_jpeg_2024-06-04_11-49-25.webp.webp?fit=1200%2C800&ssl=1&resize=1050%2C600 3x"},"classes":[]},{"id":52137,"url":"https:\/\/noticiasribeiraopreto.com.br\/index.php\/2024\/06\/04\/bolsa-familia-2024-aumento-confirmado-para-r-710-veja-as-novidades-e-como-receber\/","url_meta":{"origin":71770,"position":2},"title":"Bolsa Fam\u00edlia 2024: Aumento Confirmado para R$ 710; Veja as novidades e como receber","author":"noticiasribeiraopreto.com.br","date":"4 de June de 2024","format":false,"excerpt":"Em um esfor\u00e7o cont\u00ednuo para apoiar as fam\u00edlias que enfrentam dificuldades financeiras, o Governo Federal recalibrou o programa Bolsa Fam\u00edlia. A partir de junho de 2024, vamos aumentar o valor do pagamento para fornecer um apoio mais substancial. A medida promove o bem-estar econ\u00f4mico das fam\u00edlias benefici\u00e1rias, bem como o\u2026","rel":"","context":"In &quot;Dinheiro e Investimento&quot;","block_context":{"text":"Dinheiro e Investimento","link":"https:\/\/noticiasribeiraopreto.com.br\/index.php\/category\/dinheiro-e-investimento-como-fazer-como-ganhar\/"},"img":{"alt_text":"","src":"https:\/\/i0.wp.com\/noticiasribeiraopreto.com.br\/wp-content\/uploads\/2024\/06\/Design-sem-nome-5.webp.webp?fit=1200%2C630&ssl=1&resize=350%2C200","width":350,"height":200,"srcset":"https:\/\/i0.wp.com\/noticiasribeiraopreto.com.br\/wp-content\/uploads\/2024\/06\/Design-sem-nome-5.webp.webp?fit=1200%2C630&ssl=1&resize=350%2C200 1x, https:\/\/i0.wp.com\/noticiasribeiraopreto.com.br\/wp-content\/uploads\/2024\/06\/Design-sem-nome-5.webp.webp?fit=1200%2C630&ssl=1&resize=525%2C300 1.5x, https:\/\/i0.wp.com\/noticiasribeiraopreto.com.br\/wp-content\/uploads\/2024\/06\/Design-sem-nome-5.webp.webp?fit=1200%2C630&ssl=1&resize=700%2C400 2x, https:\/\/i0.wp.com\/noticiasribeiraopreto.com.br\/wp-content\/uploads\/2024\/06\/Design-sem-nome-5.webp.webp?fit=1200%2C630&ssl=1&resize=1050%2C600 3x"},"classes":[]},{"id":52229,"url":"https:\/\/noticiasribeiraopreto.com.br\/index.php\/2024\/06\/05\/bolsa-familia-de-junho-com-bonus-extra-para-maes-solteiras-veja-como-funciona\/","url_meta":{"origin":71770,"position":3},"title":"Bolsa Fam\u00edlia de Junho com b\u00f4nus extra para m\u00e3es solteiras; Veja como funciona","author":"noticiasribeiraopreto.com.br","date":"5 de June de 2024","format":false,"excerpt":"O Bolsa Fam\u00edlia de junho oferece apoio adicional \u00e0s m\u00e3es solteiras por meio do Benef\u00edcio Primeira Inf\u00e2ncia (BPI) e do Benef\u00edcio Vari\u00e1vel Fam\u00edlia (BVF). Ambos os valores adicionais podem ser ganhos no calend\u00e1rio deste m\u00eas. O BPI de 150 reais \u00e9 para fam\u00edlias com crian\u00e7as de at\u00e9 6 anos, enquanto\u2026","rel":"","context":"In &quot;Dinheiro e Investimento&quot;","block_context":{"text":"Dinheiro e Investimento","link":"https:\/\/noticiasribeiraopreto.com.br\/index.php\/category\/dinheiro-e-investimento-como-fazer-como-ganhar\/"},"img":{"alt_text":"","src":"https:\/\/i0.wp.com\/noticiasribeiraopreto.com.br\/wp-content\/uploads\/2024\/06\/Design-sem-nome-7.webp.webp?fit=1200%2C630&ssl=1&resize=350%2C200","width":350,"height":200,"srcset":"https:\/\/i0.wp.com\/noticiasribeiraopreto.com.br\/wp-content\/uploads\/2024\/06\/Design-sem-nome-7.webp.webp?fit=1200%2C630&ssl=1&resize=350%2C200 1x, https:\/\/i0.wp.com\/noticiasribeiraopreto.com.br\/wp-content\/uploads\/2024\/06\/Design-sem-nome-7.webp.webp?fit=1200%2C630&ssl=1&resize=525%2C300 1.5x, https:\/\/i0.wp.com\/noticiasribeiraopreto.com.br\/wp-content\/uploads\/2024\/06\/Design-sem-nome-7.webp.webp?fit=1200%2C630&ssl=1&resize=700%2C400 2x, https:\/\/i0.wp.com\/noticiasribeiraopreto.com.br\/wp-content\/uploads\/2024\/06\/Design-sem-nome-7.webp.webp?fit=1200%2C630&ssl=1&resize=1050%2C600 3x"},"classes":[]},{"id":52021,"url":"https:\/\/noticiasribeiraopreto.com.br\/index.php\/2024\/06\/03\/noticia-importante-bolsa-familia-de-junho-emite-comunicado-para-nis-1-a-0-confira-as-novidades\/","url_meta":{"origin":71770,"position":4},"title":"Not\u00edcia Importante: Bolsa Fam\u00edlia de JUNHO emite comunicado para NIS 1 a 0; Confira as novidades!","author":"noticiasribeiraopreto.com.br","date":"3 de June de 2024","format":false,"excerpt":"O Bolsa Fam\u00edlia, um dos mais importantes programas sociais do Brasil, passou por uma grande transforma\u00e7\u00e3o. Em homenagem a este novo ano, as mudan\u00e7as nas regras e no montante de repasses aos benefici\u00e1rios visam ampliar o alcance e a efetividade do programa na redu\u00e7\u00e3o da pobreza e no apoio a\u2026","rel":"","context":"In &quot;Dinheiro e Investimento&quot;","block_context":{"text":"Dinheiro e Investimento","link":"https:\/\/noticiasribeiraopreto.com.br\/index.php\/category\/dinheiro-e-investimento-como-fazer-como-ganhar\/"},"img":{"alt_text":"","src":"https:\/\/i0.wp.com\/noticiasribeiraopreto.com.br\/wp-content\/uploads\/2024\/06\/Noticia-Importante-Bolsa-Familia-de-JUNHO-emite-comunicado-1-1.webp.webp?fit=1200%2C630&ssl=1&resize=350%2C200","width":350,"height":200,"srcset":"https:\/\/i0.wp.com\/noticiasribeiraopreto.com.br\/wp-content\/uploads\/2024\/06\/Noticia-Importante-Bolsa-Familia-de-JUNHO-emite-comunicado-1-1.webp.webp?fit=1200%2C630&ssl=1&resize=350%2C200 1x, https:\/\/i0.wp.com\/noticiasribeiraopreto.com.br\/wp-content\/uploads\/2024\/06\/Noticia-Importante-Bolsa-Familia-de-JUNHO-emite-comunicado-1-1.webp.webp?fit=1200%2C630&ssl=1&resize=525%2C300 1.5x, https:\/\/i0.wp.com\/noticiasribeiraopreto.com.br\/wp-content\/uploads\/2024\/06\/Noticia-Importante-Bolsa-Familia-de-JUNHO-emite-comunicado-1-1.webp.webp?fit=1200%2C630&ssl=1&resize=700%2C400 2x, https:\/\/i0.wp.com\/noticiasribeiraopreto.com.br\/wp-content\/uploads\/2024\/06\/Noticia-Importante-Bolsa-Familia-de-JUNHO-emite-comunicado-1-1.webp.webp?fit=1200%2C630&ssl=1&resize=1050%2C600 3x"},"classes":[]},{"id":52852,"url":"https:\/\/noticiasribeiraopreto.com.br\/index.php\/2024\/06\/13\/bolsa-familia-antecipado-verifique-se-seu-beneficio-sera-pago-no-sabado-15\/","url_meta":{"origin":71770,"position":5},"title":"Bolsa Fam\u00edlia Antecipado: Verifique se seu benef\u00edcio ser\u00e1 pago no S\u00e1bado, 15","author":"noticiasribeiraopreto.com.br","date":"13 de June de 2024","format":false,"excerpt":"H\u00e1 um motivo para que mais de 21 milh\u00f5es de brasileiros comemorem a recente mudan\u00e7a no calend\u00e1rio de pagamento do Bolsa Fam\u00edlia. O Minist\u00e9rio do Desenvolvimento Social (MDS), respons\u00e1vel pela gest\u00e3o do programa, anunciou que os pagamentos de junho come\u00e7ar\u00e3o mais cedo para muitos benefici\u00e1rios. Entenda como isso afeta diretamente\u2026","rel":"","context":"In &quot;Dinheiro e Investimento&quot;","block_context":{"text":"Dinheiro e Investimento","link":"https:\/\/noticiasribeiraopreto.com.br\/index.php\/category\/dinheiro-e-investimento-como-fazer-como-ganhar\/"},"img":{"alt_text":"","src":"https:\/\/i0.wp.com\/noticiasribeiraopreto.com.br\/wp-content\/uploads\/2024\/06\/www.Financasbrasil.org-1.webp.webp?fit=1200%2C630&ssl=1&resize=350%2C200","width":350,"height":200,"srcset":"https:\/\/i0.wp.com\/noticiasribeiraopreto.com.br\/wp-content\/uploads\/2024\/06\/www.Financasbrasil.org-1.webp.webp?fit=1200%2C630&ssl=1&resize=350%2C200 1x, https:\/\/i0.wp.com\/noticiasribeiraopreto.com.br\/wp-content\/uploads\/2024\/06\/www.Financasbrasil.org-1.webp.webp?fit=1200%2C630&ssl=1&resize=525%2C300 1.5x, https:\/\/i0.wp.com\/noticiasribeiraopreto.com.br\/wp-content\/uploads\/2024\/06\/www.Financasbrasil.org-1.webp.webp?fit=1200%2C630&ssl=1&resize=700%2C400 2x, https:\/\/i0.wp.com\/noticiasribeiraopreto.com.br\/wp-content\/uploads\/2024\/06\/www.Financasbrasil.org-1.webp.webp?fit=1200%2C630&ssl=1&resize=1050%2C600 3x"},"classes":[]}],"jetpack_sharing_enabled":true,"jetpack_shortlink":"https:\/\/wp.me\/peQAOb-iFA","_links":{"self":[{"href":"https:\/\/noticiasribeiraopreto.com.br\/index.php\/wp-json\/wp\/v2\/posts\/71770","targetHints":{"allow":["GET"]}}],"collection":[{"href":"https:\/\/noticiasribeiraopreto.com.br\/index.php\/wp-json\/wp\/v2\/posts"}],"about":[{"href":"https:\/\/noticiasribeiraopreto.com.br\/index.php\/wp-json\/wp\/v2\/types\/post"}],"author":[{"embeddable":true,"href":"https:\/\/noticiasribeiraopreto.com.br\/index.php\/wp-json\/wp\/v2\/users\/1"}],"replies":[{"embeddable":true,"href":"https:\/\/noticiasribeiraopreto.com.br\/index.php\/wp-json\/wp\/v2\/comments?post=71770"}],"version-history":[{"count":0,"href":"https:\/\/noticiasribeiraopreto.com.br\/index.php\/wp-json\/wp\/v2\/posts\/71770\/revisions"}],"wp:featuredmedia":[{"embeddable":true,"href":"https:\/\/noticiasribeiraopreto.com.br\/index.php\/wp-json\/wp\/v2\/media\/71771"}],"wp:attachment":[{"href":"https:\/\/noticiasribeiraopreto.com.br\/index.php\/wp-json\/wp\/v2\/media?parent=71770"}],"wp:term":[{"taxonomy":"category","embeddable":true,"href":"https:\/\/noticiasribeiraopreto.com.br\/index.php\/wp-json\/wp\/v2\/categories?post=71770"},{"taxonomy":"post_tag","embeddable":true,"href":"https:\/\/noticiasribeiraopreto.com.br\/index.php\/wp-json\/wp\/v2\/tags?post=71770"}],"curies":[{"name":"wp","href":"https:\/\/api.w.org\/{rel}","templated":true}]}}