{"id":71774,"date":"2025-06-10T08:56:31","date_gmt":"2025-06-10T11:56:31","guid":{"rendered":"https:\/\/noticiasribeiraopreto.com.br\/index.php\/2025\/06\/10\/neblina-atinge-ribeirao-preto-nesta-terca-assista-ao-video\/"},"modified":"2025-06-10T08:56:31","modified_gmt":"2025-06-10T11:56:31","slug":"neblina-atinge-ribeirao-preto-nesta-terca-assista-ao-video","status":"publish","type":"post","link":"https:\/\/noticiasribeiraopreto.com.br\/index.php\/2025\/06\/10\/neblina-atinge-ribeirao-preto-nesta-terca-assista-ao-video\/","title":{"rendered":"Neblina atinge Ribeir\u00e3o Preto nesta ter\u00e7a; Assista ao v\u00eddeo"},"content":{"rendered":"<div class='code-block code-block-1' style='margin: 8px 0 8px auto; text-align: right; display: block; clear: both;'>\n<p><a href=\"https:\/\/wa.link\/vpicfd\"><img data-recalc-dims=\"1\" class=\"wp-image-4922\" style=\"aspect-ratio: 2.0253164556962027; width: 561px; height: auto;\" src=\"https:\/\/i0.wp.com\/ismaelcolosi.com.br\/wp-content\/uploads\/2023\/11\/grupo-de-empregos-whatsapp-e-facebook-ismael-colosi-vagas.jpg?ssl=1\" alt=\"\" \/><\/a><\/p>\n<!-- \/wp:image -->\n<\/div>\n<p> <br \/>\n<\/p>\n<p><strong>Ribeir\u00e3o Preto amanheceu sob neblina nesta ter\u00e7a (10), principalmente bairros das zonas Leste e Norte. Assista <\/strong>ao <strong>v\u00eddeo <\/strong>abaixo.<strong><br \/><\/strong><br \/>A <strong>neblina <\/strong>\u00e9 um <strong>fen\u00f4meno meteorol\u00f3gico <\/strong>que ocorre quando a <strong>umidade <\/strong>do <strong>ar <\/strong>se <strong>condensa <\/strong>perto do <strong>solo<\/strong>, formando pequenas <strong>got\u00edculas <\/strong>de <strong>\u00e1gua <\/strong>que ficam em suspens\u00e3o.<\/p>\n<p>A umidade relativa do ar precisa estar acima de 90% para que ocorra a forma\u00e7\u00e3o da neblina.<\/p>\n<blockquote class=\"instagram-media\" data-instgrm-permalink=\"https:\/\/www.instagram.com\/reel\/DKtyDiJNarJ\/?utm_source=ig_embed&amp;utm_campaign=loading\" data-instgrm-version=\"14\" style=\"background:#FFF;border:0;border-radius:3px;margin: 1px;max-width:540px;min-width:326px;padding:0;width:99.375%;width:-webkit-calc(100% - 2px);width:calc(100% - 2px)\">\n<div style=\"padding:16px\"> <a href=\"https:\/\/www.instagram.com\/reel\/DKtyDiJNarJ\/?utm_source=ig_embed&amp;utm_campaign=loading\" style=\"background:#FFFFFF;line-height:0;padding:0 0;text-align:center;text-decoration:none;width:100%\" target=\"_blank\"> <\/p>\n<div style=\"flex-direction: row;align-items: center\">\n<div style=\"background-color: #F4F4F4;border-radius: 50%;flex-grow: 0;height: 40px;margin-right: 14px;width: 40px\"><\/div>\n<div style=\"flex-direction: column;flex-grow: 1;justify-content: center\">\n<div style=\"background-color: #F4F4F4;border-radius: 4px;flex-grow: 0;height: 14px;margin-bottom: 6px;width: 100px\"><\/div>\n<div style=\"background-color: #F4F4F4;border-radius: 4px;flex-grow: 0;height: 14px;width: 60px\"><\/div>\n<\/div>\n<\/div>\n<div style=\"padding: 19% 0\"><\/div>\n<div style=\"height:50px;margin:0 auto 12px;width:50px\"><\/div>\n<div style=\"padding-top: 8px\">\n<div style=\"color:#3897f0;font-family:Arial,sans-serif;font-size:14px;font-style:normal;font-weight:550;line-height:18px\">Ver essa foto no Instagram<\/div>\n<\/div>\n<div style=\"padding: 12.5% 0\"><\/div>\n<div style=\"flex-direction: row;margin-bottom: 14px;align-items: center\">\n<div>\n<div style=\"background-color: #F4F4F4;border-radius: 50%;height: 12.5px;width: 12.5px\"><\/div>\n<div style=\"background-color: #F4F4F4;height: 12.5px;width: 12.5px;flex-grow: 0;margin-right: 14px;margin-left: 2px\"><\/div>\n<div style=\"background-color: #F4F4F4;border-radius: 50%;height: 12.5px;width: 12.5px\"><\/div>\n<\/div>\n<div style=\"margin-left: 8px\">\n<div style=\"background-color: #F4F4F4;border-radius: 50%;flex-grow: 0;height: 20px;width: 20px\"><\/div>\n<div style=\"width: 0;height: 0;border-top: 2px solid transparent;border-left: 6px solid #f4f4f4;border-bottom: 2px solid transparent\"><\/div>\n<\/div>\n<div style=\"margin-left: auto\">\n<div style=\"width: 0px;border-top: 8px solid #F4F4F4;border-right: 8px solid transparent\"><\/div>\n<div style=\"background-color: #F4F4F4;flex-grow: 0;height: 12px;width: 16px\"><\/div>\n<div style=\"width: 0;height: 0;border-top: 8px solid #F4F4F4;border-left: 8px solid transparent\"><\/div>\n<\/div>\n<\/div>\n<div style=\"flex-direction: column;flex-grow: 1;justify-content: center;margin-bottom: 24px\">\n<div style=\"background-color: #F4F4F4;border-radius: 4px;flex-grow: 0;height: 14px;margin-bottom: 6px;width: 224px\"><\/div>\n<div style=\"background-color: #F4F4F4;border-radius: 4px;flex-grow: 0;height: 14px;width: 144px\"><\/div>\n<\/div>\n<p><\/a><\/p>\n<p style=\"color:#c9c8cd;font-family:Arial,sans-serif;font-size:14px;line-height:17px;margin-bottom:0;margin-top:8px;overflow:hidden;padding:8px 0 7px;text-align:center\"><a href=\"https:\/\/www.instagram.com\/reel\/DKtyDiJNarJ\/?utm_source=ig_embed&amp;utm_campaign=loading\" style=\"color:#c9c8cd;font-family:Arial,sans-serif;font-size:14px;font-style:normal;font-weight:normal;line-height:17px;text-decoration:none\" target=\"_blank\">Uma publica\u00e7\u00e3o compartilhada por acidade on Ribeir\u00e3o (@acidadeonribeirao)<\/a><\/p>\n<\/div>\n<\/blockquote>\n<p>SAIBA MAIS<\/p>\n<p>Ribeir\u00e3o Preto realiza mutir\u00e3o in\u00e9dito para avaliar e prevenir quedas na terceira idade<\/p>\n<h2 class=\"wp-block-heading\"><strong>FIQUE ON<\/strong><\/h2>\n<p>Quer ficar por dentro de tudo que acontece em Ribeir\u00e3o Preto e regi\u00e3o? Ent\u00e3o siga os perfis do\u202facidade on\u202fno\u202f<a href=\"https:\/\/www.instagram.com\/acidadeonribeirao\" target=\"_blank\" rel=\"noreferrer noopener\">Instagram<\/a>\u202fe no\u202f<a href=\"https:\/\/www.facebook.com\/acidadeonribeirao\/\" target=\"_blank\" rel=\"noreferrer noopener\">Facebook<\/a>.<\/p>\n<p>Al\u00e9m disso, voc\u00ea pode receber as principais not\u00edcias diretamente no WhatsApp. Para isso, basta&nbsp;<a href=\"https:\/\/chat.whatsapp.com\/BjKQZ9oJwlz8VVT50NuePq\" target=\"_blank\" rel=\"noreferrer noopener\">entrar no grupo clicando aqui<\/a>.<\/p>\n<p>Por fim, se quiser fazer uma den\u00fancia ou sugerir uma reportagem sobre Ribeir\u00e3o Preto e regi\u00e3o, envie uma mensagem pelo WhatsApp: (16) 99117-7802.<\/p>\n<p>VEJA TAMB\u00c9M<\/p>\n<p>Onde dormem os canarinhos?<\/p>\n<p>O post Neblina atinge Ribeir\u00e3o Preto nesta ter\u00e7a; Assista ao v\u00eddeo apareceu primeiro em ACidade ON Ribeir\u00e3o Preto.<\/p>\n<p><script async src=\"\/\/www.instagram.com\/embed.js\"><\/script><br \/>\n<br \/><br \/>\n<br \/><a href=\"https:\/\/www.acidadeon.com\/ribeiraopreto\/cotidiano\/neblina-atinge-ribeirao-preto-nesta-terca-assista-ao-video\/\">Source link <\/a><\/p>\n<!-- CONTENT END 1 -->\n","protected":false},"excerpt":{"rendered":"<p>Ribeir\u00e3o Preto amanheceu sob neblina nesta ter\u00e7a (10), principalmente bairros das zonas Leste e Norte. Assista ao v\u00eddeo abaixo.A neblina \u00e9 um fen\u00f4meno meteorol\u00f3gico que&#8230;<\/p>\n","protected":false},"author":1,"featured_media":71775,"comment_status":"open","ping_status":"open","sticky":false,"template":"","format":"standard","meta":{"advanced_seo_description":"","jetpack_seo_html_title":"","jetpack_seo_noindex":false,"jetpack_post_was_ever_published":false,"_jetpack_newsletter_access":"","_jetpack_dont_email_post_to_subs":false,"_jetpack_newsletter_tier_id":0,"_jetpack_memberships_contains_paywalled_content":false,"_jetpack_memberships_contains_paid_content":false,"footnotes":"","jetpack_publicize_message":"","jetpack_publicize_feature_enabled":true,"jetpack_social_post_already_shared":true,"jetpack_social_options":{"image_generator_settings":{"template":"highway","default_image_id":0,"font":"","enabled":false},"version":2}},"categories":[11],"tags":[],"class_list":["post-71774","post","type-post","status-publish","format-standard","has-post-thumbnail","hentry","category-noticias-de-ribeirao-preto-sp-e-regiao-ismael-colosi"],"jetpack_publicize_connections":[],"jetpack_featured_media_url":"https:\/\/i0.wp.com\/noticiasribeiraopreto.com.br\/wp-content\/uploads\/2025\/06\/WhatsApp-Image-2025-06-10-at-06.46.41_2025-06-10_09-47-29.webp.webp?fit=1160%2C720&ssl=1","jetpack-related-posts":[{"id":68788,"url":"https:\/\/noticiasribeiraopreto.com.br\/index.php\/2025\/04\/29\/motorista-enfrenta-neblina-na-rodovia-candido-portinari-nesta-manha\/","url_meta":{"origin":71774,"position":0},"title":"Motorista enfrenta neblina na rodovia C\u00e2ndido Portinari nesta manh\u00e3","author":"noticiasribeiraopreto.com.br","date":"29 de April de 2025","format":false,"excerpt":"A rodovia C\u00e2ndido Portinari (SP-334) tem pontos com neblina na manh\u00e3 desta ter\u00e7a-feira (29), entre Ribeir\u00e3o Preto e Juruc\u00ea, distrito de Jardin\u00f3polis. Como a visibilidade fica prejudicada na pista, os condutores devem redobrar a aten\u00e7\u00e3o ao trafegar pelo trecho. A neblina \u2013 ou nevoeiro \u2013 \u00e9 um fen\u00f4meno meteorol\u00f3gico que\u2026","rel":"","context":"In &quot;Not\u00edcias de Ribeir\u00e3o Preto-SP e Regi\u00e3o&quot;","block_context":{"text":"Not\u00edcias de Ribeir\u00e3o Preto-SP e Regi\u00e3o","link":"https:\/\/noticiasribeiraopreto.com.br\/index.php\/category\/noticias-de-ribeirao-preto-sp-e-regiao-ismael-colosi\/"},"img":{"alt_text":"","src":"https:\/\/i0.wp.com\/noticiasribeiraopreto.com.br\/wp-content\/uploads\/2025\/04\/NEBLINA_2025-04-29_10-52-31.webp.webp?fit=1200%2C680&ssl=1&resize=350%2C200","width":350,"height":200,"srcset":"https:\/\/i0.wp.com\/noticiasribeiraopreto.com.br\/wp-content\/uploads\/2025\/04\/NEBLINA_2025-04-29_10-52-31.webp.webp?fit=1200%2C680&ssl=1&resize=350%2C200 1x, https:\/\/i0.wp.com\/noticiasribeiraopreto.com.br\/wp-content\/uploads\/2025\/04\/NEBLINA_2025-04-29_10-52-31.webp.webp?fit=1200%2C680&ssl=1&resize=525%2C300 1.5x, https:\/\/i0.wp.com\/noticiasribeiraopreto.com.br\/wp-content\/uploads\/2025\/04\/NEBLINA_2025-04-29_10-52-31.webp.webp?fit=1200%2C680&ssl=1&resize=700%2C400 2x, https:\/\/i0.wp.com\/noticiasribeiraopreto.com.br\/wp-content\/uploads\/2025\/04\/NEBLINA_2025-04-29_10-52-31.webp.webp?fit=1200%2C680&ssl=1&resize=1050%2C600 3x"},"classes":[]},{"id":83258,"url":"https:\/\/noticiasribeiraopreto.com.br\/index.php\/2026\/03\/14\/ribeirao-preto-fica-sob-forte-neblina-e-registra-reflexos-no-aeroporto-veja-previsao\/","url_meta":{"origin":71774,"position":1},"title":"Ribeir\u00e3o Preto fica sob forte neblina e registra reflexos no aeroporto; Veja previs\u00e3o","author":"noticiasribeiraopreto.com.br","date":"14 de March de 2026","format":false,"excerpt":"Ribeir\u00e3o Preto amanheceu sob uma forte neblina neste s\u00e1bado (14). Assista\u00a0ao\u00a0v\u00eddeo\u00a0e veja fotos abaixo.A\u00a0neblina\u00a0\u00e9 um\u00a0fen\u00f4meno meteorol\u00f3gico\u00a0que ocorre quando a\u00a0umidade\u00a0do\u00a0ar\u00a0se\u00a0condensa\u00a0perto do\u00a0solo, formando pequenas\u00a0got\u00edculas\u00a0de\u00a0\u00e1gua\u00a0que ficam em suspens\u00e3o. A umidade relativa do ar precisa estar acima de 90% para que ocorra a forma\u00e7\u00e3o da neblina. Aeroporto Por conta da neblina, o presidente estadual\u2026","rel":"","context":"In &quot;Not\u00edcias de Ribeir\u00e3o Preto-SP e Regi\u00e3o&quot;","block_context":{"text":"Not\u00edcias de Ribeir\u00e3o Preto-SP e Regi\u00e3o","link":"https:\/\/noticiasribeiraopreto.com.br\/index.php\/category\/noticias-de-ribeirao-preto-sp-e-regiao-ismael-colosi\/"},"img":{"alt_text":"","src":"https:\/\/i0.wp.com\/noticiasribeiraopreto.com.br\/wp-content\/uploads\/2026\/03\/neblina_2026-03-14_12-39-06.webp.webp?fit=1200%2C679&ssl=1&resize=350%2C200","width":350,"height":200,"srcset":"https:\/\/i0.wp.com\/noticiasribeiraopreto.com.br\/wp-content\/uploads\/2026\/03\/neblina_2026-03-14_12-39-06.webp.webp?fit=1200%2C679&ssl=1&resize=350%2C200 1x, https:\/\/i0.wp.com\/noticiasribeiraopreto.com.br\/wp-content\/uploads\/2026\/03\/neblina_2026-03-14_12-39-06.webp.webp?fit=1200%2C679&ssl=1&resize=525%2C300 1.5x, https:\/\/i0.wp.com\/noticiasribeiraopreto.com.br\/wp-content\/uploads\/2026\/03\/neblina_2026-03-14_12-39-06.webp.webp?fit=1200%2C679&ssl=1&resize=700%2C400 2x, https:\/\/i0.wp.com\/noticiasribeiraopreto.com.br\/wp-content\/uploads\/2026\/03\/neblina_2026-03-14_12-39-06.webp.webp?fit=1200%2C679&ssl=1&resize=1050%2C600 3x"},"classes":[]},{"id":37889,"url":"https:\/\/noticiasribeiraopreto.com.br\/index.php\/2024\/02\/19\/domingo-amanhece-com-neblina-em-rp\/","url_meta":{"origin":71774,"position":2},"title":"Domingo amanhece com neblina em RP","author":"noticiasribeiraopreto.com.br","date":"19 de February de 2024","format":false,"excerpt":"Umidade do ar criou um visual diferente ao amanhecer em pleno ver\u00e3o 19 de fevereiro de 2024 | 7:10 0Por: Adalberto LuqueOs ribeir\u00e3o-pretanos que acordaram mais cedo neste domingo (18) foram surpreendidos com uma bela paisagem. A neblina pode ser vista assim que o dia come\u00e7ou a clarear.A neblina \u00e9\u2026","rel":"","context":"In &quot;Not\u00edcias de Ribeir\u00e3o Preto-SP e Regi\u00e3o&quot;","block_context":{"text":"Not\u00edcias de Ribeir\u00e3o Preto-SP e Regi\u00e3o","link":"https:\/\/noticiasribeiraopreto.com.br\/index.php\/category\/noticias-de-ribeirao-preto-sp-e-regiao-ismael-colosi\/"},"img":{"alt_text":"","src":"https:\/\/i0.wp.com\/noticiasribeiraopreto.com.br\/wp-content\/uploads\/2024\/02\/00-19-fev-2024-neblina-01-foto-max-gallao-mesquita-scaled.jpg?fit=1000%2C638&ssl=1&resize=350%2C200","width":350,"height":200,"srcset":"https:\/\/i0.wp.com\/noticiasribeiraopreto.com.br\/wp-content\/uploads\/2024\/02\/00-19-fev-2024-neblina-01-foto-max-gallao-mesquita-scaled.jpg?fit=1000%2C638&ssl=1&resize=350%2C200 1x, https:\/\/i0.wp.com\/noticiasribeiraopreto.com.br\/wp-content\/uploads\/2024\/02\/00-19-fev-2024-neblina-01-foto-max-gallao-mesquita-scaled.jpg?fit=1000%2C638&ssl=1&resize=525%2C300 1.5x, https:\/\/i0.wp.com\/noticiasribeiraopreto.com.br\/wp-content\/uploads\/2024\/02\/00-19-fev-2024-neblina-01-foto-max-gallao-mesquita-scaled.jpg?fit=1000%2C638&ssl=1&resize=700%2C400 2x"},"classes":[]},{"id":77632,"url":"https:\/\/noticiasribeiraopreto.com.br\/index.php\/2025\/09\/23\/dia-amanhece-com-muita-neblina\/","url_meta":{"origin":71774,"position":3},"title":"Dia amanhece com muita neblina","author":"noticiasribeiraopreto.com.br","date":"23 de September de 2025","format":false,"excerpt":"Primeira manh\u00e3 da primavera amanheceu com baixa visibilidade nas rodovias da regi\u00e3o 23 de setembro de 2025 08:572 Compartilhar0 Por: Adalberto Luque Com a chegada da primavera e o aumento da umidade do ar em virtude das chuvas que ca\u00edram nesta segunda-feira (22) em Ribeir\u00e3o Preto e regi\u00e3o, o dia\u2026","rel":"","context":"In &quot;Not\u00edcias de Ribeir\u00e3o Preto-SP e Regi\u00e3o&quot;","block_context":{"text":"Not\u00edcias de Ribeir\u00e3o Preto-SP e Regi\u00e3o","link":"https:\/\/noticiasribeiraopreto.com.br\/index.php\/category\/noticias-de-ribeirao-preto-sp-e-regiao-ismael-colosi\/"},"img":{"alt_text":"","src":"https:\/\/i0.wp.com\/noticiasribeiraopreto.com.br\/wp-content\/uploads\/2025\/09\/23-set-2025-neblina2-scaled.jpg?fit=1040%2C780&ssl=1&resize=350%2C200","width":350,"height":200,"srcset":"https:\/\/i0.wp.com\/noticiasribeiraopreto.com.br\/wp-content\/uploads\/2025\/09\/23-set-2025-neblina2-scaled.jpg?fit=1040%2C780&ssl=1&resize=350%2C200 1x, https:\/\/i0.wp.com\/noticiasribeiraopreto.com.br\/wp-content\/uploads\/2025\/09\/23-set-2025-neblina2-scaled.jpg?fit=1040%2C780&ssl=1&resize=525%2C300 1.5x, https:\/\/i0.wp.com\/noticiasribeiraopreto.com.br\/wp-content\/uploads\/2025\/09\/23-set-2025-neblina2-scaled.jpg?fit=1040%2C780&ssl=1&resize=700%2C400 2x"},"classes":[]},{"id":51562,"url":"https:\/\/noticiasribeiraopreto.com.br\/index.php\/2024\/05\/28\/interior-de-sp-amanhece-com-ceu-nublado-nesta-terca-veja-previsao-do-tempo\/","url_meta":{"origin":71774,"position":4},"title":"Interior de SP amanhece com ce\u00fa nublado nesta ter\u00e7a; Veja previs\u00e3o do tempo","author":"noticiasribeiraopreto.com.br","date":"28 de May de 2024","format":false,"excerpt":"O c\u00e9u amanheceu nublado nesta ter\u00e7a-feira (28), em Ribeir\u00e3o Preto e Franca. Algumas regi\u00f5es de Ribeir\u00e3o tiveram garoa no fim da madrugada e in\u00edcio da manh\u00e3. Em Franca, cidade a 80 quil\u00f4metros de Ribeir\u00e3o, h\u00e1 registro de forte neblina. Como fica o tempo? A Climatempo diz que o sol ainda\u2026","rel":"","context":"In &quot;Not\u00edcias de Ribeir\u00e3o Preto-SP e Regi\u00e3o&quot;","block_context":{"text":"Not\u00edcias de Ribeir\u00e3o Preto-SP e Regi\u00e3o","link":"https:\/\/noticiasribeiraopreto.com.br\/index.php\/category\/noticias-de-ribeirao-preto-sp-e-regiao-ismael-colosi\/"},"img":{"alt_text":"","src":"https:\/\/i0.wp.com\/noticiasribeiraopreto.com.br\/wp-content\/uploads\/2024\/05\/WhatsApp-Image-2024-05-28-at-07.26.29_2024-05-28_10-26-48_jpeg_2024-05-28_10-26-48.webp.webp?fit=1200%2C553&ssl=1&resize=350%2C200","width":350,"height":200,"srcset":"https:\/\/i0.wp.com\/noticiasribeiraopreto.com.br\/wp-content\/uploads\/2024\/05\/WhatsApp-Image-2024-05-28-at-07.26.29_2024-05-28_10-26-48_jpeg_2024-05-28_10-26-48.webp.webp?fit=1200%2C553&ssl=1&resize=350%2C200 1x, https:\/\/i0.wp.com\/noticiasribeiraopreto.com.br\/wp-content\/uploads\/2024\/05\/WhatsApp-Image-2024-05-28-at-07.26.29_2024-05-28_10-26-48_jpeg_2024-05-28_10-26-48.webp.webp?fit=1200%2C553&ssl=1&resize=525%2C300 1.5x, https:\/\/i0.wp.com\/noticiasribeiraopreto.com.br\/wp-content\/uploads\/2024\/05\/WhatsApp-Image-2024-05-28-at-07.26.29_2024-05-28_10-26-48_jpeg_2024-05-28_10-26-48.webp.webp?fit=1200%2C553&ssl=1&resize=700%2C400 2x, https:\/\/i0.wp.com\/noticiasribeiraopreto.com.br\/wp-content\/uploads\/2024\/05\/WhatsApp-Image-2024-05-28-at-07.26.29_2024-05-28_10-26-48_jpeg_2024-05-28_10-26-48.webp.webp?fit=1200%2C553&ssl=1&resize=1050%2C600 3x"},"classes":[]},{"id":83298,"url":"https:\/\/noticiasribeiraopreto.com.br\/index.php\/2026\/03\/15\/veja-os-voos-afetados-pela-neblina-no-aeroporto-de-ribeirao-preto\/","url_meta":{"origin":71774,"position":5},"title":"Veja os voos afetados pela neblina no aeroporto de Ribeir\u00e3o Preto","author":"noticiasribeiraopreto.com.br","date":"15 de March de 2026","format":false,"excerpt":"Um voo foi cancelado e outros dois tiveram atraso no aeroporto Leite Lopes, por causa da forte neblina\u00a0que atinge Ribeir\u00e3o Preto neste s\u00e1bado (14). Assista ao v\u00eddeo abaixo. A\u00a0Rede Voa, concession\u00e1ria respons\u00e1vel pela administra\u00e7\u00e3o do aeroporto de Ribeir\u00e3o, informou que o voo cancelado \u00e9 o 3700, da Latam, que tinha\u2026","rel":"","context":"In &quot;Not\u00edcias de Ribeir\u00e3o Preto-SP e Regi\u00e3o&quot;","block_context":{"text":"Not\u00edcias de Ribeir\u00e3o Preto-SP e Regi\u00e3o","link":"https:\/\/noticiasribeiraopreto.com.br\/index.php\/category\/noticias-de-ribeirao-preto-sp-e-regiao-ismael-colosi\/"},"img":{"alt_text":"","src":"https:\/\/i0.wp.com\/noticiasribeiraopreto.com.br\/wp-content\/uploads\/2026\/03\/WhatsApp-Image-2026-03-14-at-10.25.03_2026-03-14_13-25-15.webp.webp?fit=1200%2C854&ssl=1&resize=350%2C200","width":350,"height":200,"srcset":"https:\/\/i0.wp.com\/noticiasribeiraopreto.com.br\/wp-content\/uploads\/2026\/03\/WhatsApp-Image-2026-03-14-at-10.25.03_2026-03-14_13-25-15.webp.webp?fit=1200%2C854&ssl=1&resize=350%2C200 1x, https:\/\/i0.wp.com\/noticiasribeiraopreto.com.br\/wp-content\/uploads\/2026\/03\/WhatsApp-Image-2026-03-14-at-10.25.03_2026-03-14_13-25-15.webp.webp?fit=1200%2C854&ssl=1&resize=525%2C300 1.5x, https:\/\/i0.wp.com\/noticiasribeiraopreto.com.br\/wp-content\/uploads\/2026\/03\/WhatsApp-Image-2026-03-14-at-10.25.03_2026-03-14_13-25-15.webp.webp?fit=1200%2C854&ssl=1&resize=700%2C400 2x, https:\/\/i0.wp.com\/noticiasribeiraopreto.com.br\/wp-content\/uploads\/2026\/03\/WhatsApp-Image-2026-03-14-at-10.25.03_2026-03-14_13-25-15.webp.webp?fit=1200%2C854&ssl=1&resize=1050%2C600 3x"},"classes":[]}],"jetpack_sharing_enabled":true,"jetpack_shortlink":"https:\/\/wp.me\/peQAOb-iFE","_links":{"self":[{"href":"https:\/\/noticiasribeiraopreto.com.br\/index.php\/wp-json\/wp\/v2\/posts\/71774","targetHints":{"allow":["GET"]}}],"collection":[{"href":"https:\/\/noticiasribeiraopreto.com.br\/index.php\/wp-json\/wp\/v2\/posts"}],"about":[{"href":"https:\/\/noticiasribeiraopreto.com.br\/index.php\/wp-json\/wp\/v2\/types\/post"}],"author":[{"embeddable":true,"href":"https:\/\/noticiasribeiraopreto.com.br\/index.php\/wp-json\/wp\/v2\/users\/1"}],"replies":[{"embeddable":true,"href":"https:\/\/noticiasribeiraopreto.com.br\/index.php\/wp-json\/wp\/v2\/comments?post=71774"}],"version-history":[{"count":0,"href":"https:\/\/noticiasribeiraopreto.com.br\/index.php\/wp-json\/wp\/v2\/posts\/71774\/revisions"}],"wp:featuredmedia":[{"embeddable":true,"href":"https:\/\/noticiasribeiraopreto.com.br\/index.php\/wp-json\/wp\/v2\/media\/71775"}],"wp:attachment":[{"href":"https:\/\/noticiasribeiraopreto.com.br\/index.php\/wp-json\/wp\/v2\/media?parent=71774"}],"wp:term":[{"taxonomy":"category","embeddable":true,"href":"https:\/\/noticiasribeiraopreto.com.br\/index.php\/wp-json\/wp\/v2\/categories?post=71774"},{"taxonomy":"post_tag","embeddable":true,"href":"https:\/\/noticiasribeiraopreto.com.br\/index.php\/wp-json\/wp\/v2\/tags?post=71774"}],"curies":[{"name":"wp","href":"https:\/\/api.w.org\/{rel}","templated":true}]}}