{"id":71776,"date":"2025-06-10T09:01:55","date_gmt":"2025-06-10T12:01:55","guid":{"rendered":"https:\/\/noticiasribeiraopreto.com.br\/index.php\/2025\/06\/10\/jornal-da-franca-parceria-entre-vivo-e-usinas-vai-melhorar-internet-de-14-cidades-da-regiao-de-franca\/"},"modified":"2025-06-10T09:01:55","modified_gmt":"2025-06-10T12:01:55","slug":"jornal-da-franca-parceria-entre-vivo-e-usinas-vai-melhorar-internet-de-14-cidades-da-regiao-de-franca","status":"publish","type":"post","link":"https:\/\/noticiasribeiraopreto.com.br\/index.php\/2025\/06\/10\/jornal-da-franca-parceria-entre-vivo-e-usinas-vai-melhorar-internet-de-14-cidades-da-regiao-de-franca\/","title":{"rendered":"Jornal da Franca &#8211; Parceria entre Vivo e Usinas vai melhorar internet de 14 cidades da regi\u00e3o de Franca"},"content":{"rendered":"<div class='code-block code-block-1' style='margin: 8px 0 8px auto; text-align: right; display: block; clear: both;'>\n<p><a href=\"https:\/\/wa.link\/vpicfd\"><img data-recalc-dims=\"1\" class=\"wp-image-4922\" style=\"aspect-ratio: 2.0253164556962027; width: 561px; height: auto;\" src=\"https:\/\/i0.wp.com\/ismaelcolosi.com.br\/wp-content\/uploads\/2023\/11\/grupo-de-empregos-whatsapp-e-facebook-ismael-colosi-vagas.jpg?ssl=1\" alt=\"\" \/><\/a><\/p>\n<!-- \/wp:image -->\n<\/div>\n<p> <br \/>\n<\/p>\n<div>\n<p><img data-recalc-dims=\"1\" decoding=\"async\" src=\"https:\/\/i0.wp.com\/www.jornaldafranca.com.br\/wp-content\/uploads\/2025\/06\/42735.jpg?ssl=1\" alt=\"\"\/><\/p>\n<p>Com o objetivo de elevar a performance operacional no campo e ampliar o acesso \u00e0 conectividade no entorno de suas atividades, as Usinas Batatais e Cevasa, empresas do setor sucroenerg\u00e9tico brasileiro, localizadas na regi\u00e3o de Franca, firmaram uma parceria com a Vivo para implanta\u00e7\u00e3o de um robusto projeto de conectividade rural.<\/p>\n<p>A infraestrutura projetada baseada em 4G tem capacidade para cobrir at\u00e9 712 mil hectares, com conectividade est\u00e1vel, segura e de longo alcance.<\/p>\n<p>A iniciativa, viabilizada por meio do portf\u00f3lio Vivo Agro, visa acelerar a digitaliza\u00e7\u00e3o da opera\u00e7\u00e3o das Usinas Batatais e Cevasa, permitindo decis\u00f5es em tempo real e dar suporte \u00e0 ado\u00e7\u00e3o de tecnologias como automa\u00e7\u00e3o de m\u00e1quinas, esta\u00e7\u00f5es clim\u00e1ticas inteligentes, monitoramento de inc\u00eandio por c\u00e2meras, sensoriamento de solo e telemetria de frotas.<\/p>\n<p><strong>Qualidade<\/strong><\/p>\n<p>A cobertura vai al\u00e9m dos limites das usinas. Com a nova infraestrutura, \u00e1reas rurais hoje com sinal limitado ou inexistente, especialmente em trechos da Rodovia C\u00e2ndido Portinari, entre Ribeir\u00e3o Preto e Franca, passam a contar com conectividade de qualidade.<\/p>\n<p>Cerca de 430 escolas, aproximadamente 130 unidades de sa\u00fade e hospitais, al\u00e9m de comunidades e munic\u00edpios do entorno, com cerca de 590 mil pessoas, tamb\u00e9m poder\u00e3o ser impactados, com mais op\u00e7\u00f5es de conectividade ao final da implementa\u00e7\u00e3o do projeto.<\/p>\n<p>Com conectividade total na \u00e1rea produtiva de cana-de-a\u00e7\u00facar, as usinas ganhar\u00e3o em efici\u00eancia, agilidade e intelig\u00eancia operacional, o que dever\u00e1 impactar direto na produtividade.<\/p>\n<p>E os benef\u00edcios v\u00e3o al\u00e9m das opera\u00e7\u00f5es: a amplia\u00e7\u00e3o da cobertura leva inclus\u00e3o digital \u00e0s comunidades do entorno, impulsiona o desenvolvimento local e refor\u00e7a o compromisso da empresa com um crescimento sustent\u00e1vel, responsabilidade social e valoriza\u00e7\u00e3o das pessoas.<\/p>\n<p><strong>Antenas para cobertura regional<\/strong><\/p>\n<p>Ser\u00e3o instaladas 12 novas antenas, que em jun\u00e7\u00e3o com as 4 j\u00e1 existentes, far\u00e3o a cobertura das cidades de Altin\u00f3polis, Batatais, Brodowski, Claraval, Cristais Paulista, Franca, Itirapu\u00e3, Nuporanga, Patroc\u00ednio Paulista, Ribeir\u00e3o Corrente, S\u00e3o Jos\u00e9 da Bela Vista, S\u00e3o Sebasti\u00e3o do Para\u00edso, S\u00e3o Tom\u00e1s de Aquino e Santo Ant\u00f4nio da Alegria. Ao todo s\u00e3o 14 cidades beneficiadas com o projeto.<\/p>\n<p>Segundo a Vivo, o projeto foi desenvolvido em cocria\u00e7\u00e3o com as usinas, considerando as necessidades espec\u00edficas da opera\u00e7\u00e3o agr\u00edcola.<\/p>\n<p><strong>A tecnologia empregada inclui:<\/strong><\/p>\n<p>rede 4G licenciada, padr\u00e3o global, que n\u00e3o requer manuten\u00e7\u00e3o por parte do produtor e conecta com um simples chip Vivo;<\/p>\n<p>cobertura de at\u00e9 11 mil hectares por torre, com capacidade de suportar grande n\u00famero de dispositivos simultaneamente;<\/p>\n<p>integra\u00e7\u00e3o com conectividade NB-IoT, ideal para sensores fixos e de longa dura\u00e7\u00e3o em esta\u00e7\u00f5es meteorol\u00f3gicas;<\/p>\n<p>conectividade LTE-M, voltado para aplica\u00e7\u00f5es m\u00f3veis, como telemetria de tratores, colhedoras e caminh\u00f5es; compatibilidade com solu\u00e7\u00f5es de intelig\u00eancia de dados, IA e plataformas de gest\u00e3o agr\u00edcola.<\/p>\n<p><strong>Efici\u00eancia<\/strong><\/p>\n<p>Com a parceria, as Usinas Batatais e Cevasa reafirmam seu compromisso com a efici\u00eancia, a responsabilidade socioambiental e a seguran\u00e7a no trabalho \u2014 pilares centrais de sua cultura corporativa \u2014, enquanto a Vivo consolida seu papel como parceira estrat\u00e9gica na constru\u00e7\u00e3o de um ecossistema digital completo para o produtor rural brasileiro.<\/p>\n<p>\u201cAl\u00e9m da conectividade, oferecemos um centro de opera\u00e7\u00f5es dedicado ao agroneg\u00f3cio, com resposta \u00e1gil e eficiente, contando com equipes especializadas em intelig\u00eancia artificial\u201d, explica Adriano Pereira, diretor de IoT, Inova\u00e7\u00e3o e Big Data B2B da Vivo.<\/p>\n<p>\u201cVamos come\u00e7ar a gerar insights e informa\u00e7\u00f5es estrat\u00e9gicas, al\u00e9m de modelos preditivos que trar\u00e3o impactos positivos para o agroneg\u00f3cio brasileiro \u2014 levando tecnologia com responsabilidade, promovendo a digitaliza\u00e7\u00e3o e aproximando pessoas e empresas\u201d, completa o diretor.<\/p>\n<p>Com a parte t\u00e9cnica e operacional j\u00e1 em andamento nos pr\u00f3ximos meses, a previs\u00e3o \u00e9 de que a conectividade esteja dispon\u00edvel para todos no in\u00edcio de 2026.<\/p>\n<\/div>\n<p><br \/>\n<br \/><a href=\"https:\/\/www.jornaldafranca.com.br\/parceria-entre-vivo-e-usinas-batatais-e-cevasa-vai-melhorar-internet-de-14-cidades\/\">Source link <\/a><\/p>\n<!-- CONTENT END 1 -->\n","protected":false},"excerpt":{"rendered":"<p>Com o objetivo de elevar a performance operacional no campo e ampliar o acesso \u00e0 conectividade no entorno de suas atividades, as Usinas Batatais e&#8230;<\/p>\n","protected":false},"author":1,"featured_media":71777,"comment_status":"open","ping_status":"open","sticky":false,"template":"","format":"standard","meta":{"advanced_seo_description":"","jetpack_seo_html_title":"","jetpack_seo_noindex":false,"jetpack_post_was_ever_published":false,"_jetpack_newsletter_access":"","_jetpack_dont_email_post_to_subs":false,"_jetpack_newsletter_tier_id":0,"_jetpack_memberships_contains_paywalled_content":false,"_jetpack_memberships_contains_paid_content":false,"footnotes":"","jetpack_publicize_message":"","jetpack_publicize_feature_enabled":true,"jetpack_social_post_already_shared":true,"jetpack_social_options":{"image_generator_settings":{"template":"highway","default_image_id":0,"font":"","enabled":false},"version":2}},"categories":[3597],"tags":[],"class_list":["post-71776","post","type-post","status-publish","format-standard","has-post-thumbnail","hentry","category-noticias-franca-sp"],"jetpack_publicize_connections":[],"jetpack_featured_media_url":"https:\/\/i0.wp.com\/noticiasribeiraopreto.com.br\/wp-content\/uploads\/2025\/06\/42735.jpg?fit=1000%2C667&ssl=1","jetpack-related-posts":[{"id":58356,"url":"https:\/\/noticiasribeiraopreto.com.br\/index.php\/2024\/09\/25\/ao-vivo-veja-a-entrevista-com-o-candidato-unico-a-prefeitura-de-batatais\/","url_meta":{"origin":71776,"position":0},"title":"AO VIVO: Veja a entrevista com o candidato \u00fanico \u00e0 Prefeitura de Batatais","author":"noticiasribeiraopreto.com.br","date":"25 de September de 2024","format":false,"excerpt":"O Grupo EP realiza nesta quarta-feira (25), \u00e0s 14h30, uma entrevista com o candidato \u00e0 Prefeitura de Batatais, Juninho Gaspar (PP). A conversa ser\u00e1 transmitida ao vivo pelo portal g1 Ribeir\u00e3o Preto e Franca, CBN Ribeir\u00e3o Preto e no canal de YouTube do portal acidade on Ribeir\u00e3o Preto \u2013 veja\u2026","rel":"","context":"In &quot;Not\u00edcias de Ribeir\u00e3o Preto-SP e Regi\u00e3o&quot;","block_context":{"text":"Not\u00edcias de Ribeir\u00e3o Preto-SP e Regi\u00e3o","link":"https:\/\/noticiasribeiraopreto.com.br\/index.php\/category\/noticias-de-ribeirao-preto-sp-e-regiao-ismael-colosi\/"},"img":{"alt_text":"","src":"https:\/\/i0.wp.com\/noticiasribeiraopreto.com.br\/wp-content\/uploads\/2024\/09\/juninho-gaspar-2_2024-09-25_17-12-07_jpeg_2024-09-25_17-12-07.webp.webp?fit=1200%2C675&ssl=1&resize=350%2C200","width":350,"height":200,"srcset":"https:\/\/i0.wp.com\/noticiasribeiraopreto.com.br\/wp-content\/uploads\/2024\/09\/juninho-gaspar-2_2024-09-25_17-12-07_jpeg_2024-09-25_17-12-07.webp.webp?fit=1200%2C675&ssl=1&resize=350%2C200 1x, https:\/\/i0.wp.com\/noticiasribeiraopreto.com.br\/wp-content\/uploads\/2024\/09\/juninho-gaspar-2_2024-09-25_17-12-07_jpeg_2024-09-25_17-12-07.webp.webp?fit=1200%2C675&ssl=1&resize=525%2C300 1.5x, https:\/\/i0.wp.com\/noticiasribeiraopreto.com.br\/wp-content\/uploads\/2024\/09\/juninho-gaspar-2_2024-09-25_17-12-07_jpeg_2024-09-25_17-12-07.webp.webp?fit=1200%2C675&ssl=1&resize=700%2C400 2x, https:\/\/i0.wp.com\/noticiasribeiraopreto.com.br\/wp-content\/uploads\/2024\/09\/juninho-gaspar-2_2024-09-25_17-12-07_jpeg_2024-09-25_17-12-07.webp.webp?fit=1200%2C675&ssl=1&resize=1050%2C600 3x"},"classes":[]},{"id":69008,"url":"https:\/\/noticiasribeiraopreto.com.br\/index.php\/2025\/05\/01\/jornal-da-franca-sebrae-e-prefeitura-de-batatais-fazem-parceria-para-o-programa-cidade-empreendedora\/","url_meta":{"origin":71776,"position":1},"title":"Jornal da Franca &#8211; Sebrae e Prefeitura de Batatais fazem parceria para o programa Cidade Empreendedora","author":"noticiasribeiraopreto.com.br","date":"1 de May de 2025","format":false,"excerpt":"compartilhar no whatsapp compartilhar no telegram compartilhar no facebook compartilhar no linkedin Por for\u00e7a do conv\u00eanio, a s\u00e9rie de a\u00e7\u00f5es no munic\u00edpio de Batatais v\u00e3o somar mais de R$ 780 mil de investimentos na cidade O Sebrae-SP e a Prefeitura de Batatais oficializaram uma parceria para desenvolver o programa Cidade\u2026","rel":"","context":"In &quot;Not\u00edcias de Franca-SP&quot;","block_context":{"text":"Not\u00edcias de Franca-SP","link":"https:\/\/noticiasribeiraopreto.com.br\/index.php\/category\/noticias-de-ribeirao-preto-sp-e-regiao-ismael-colosi\/noticias-franca-sp\/"},"img":{"alt_text":"","src":"https:\/\/i0.wp.com\/noticiasribeiraopreto.com.br\/wp-content\/uploads\/2025\/05\/d8e322a7-cce8-480a-bd55-44d08283e41a.jpg?fit=955%2C519&ssl=1&resize=350%2C200","width":350,"height":200,"srcset":"https:\/\/i0.wp.com\/noticiasribeiraopreto.com.br\/wp-content\/uploads\/2025\/05\/d8e322a7-cce8-480a-bd55-44d08283e41a.jpg?fit=955%2C519&ssl=1&resize=350%2C200 1x, https:\/\/i0.wp.com\/noticiasribeiraopreto.com.br\/wp-content\/uploads\/2025\/05\/d8e322a7-cce8-480a-bd55-44d08283e41a.jpg?fit=955%2C519&ssl=1&resize=525%2C300 1.5x, https:\/\/i0.wp.com\/noticiasribeiraopreto.com.br\/wp-content\/uploads\/2025\/05\/d8e322a7-cce8-480a-bd55-44d08283e41a.jpg?fit=955%2C519&ssl=1&resize=700%2C400 2x"},"classes":[]},{"id":58323,"url":"https:\/\/noticiasribeiraopreto.com.br\/index.php\/2024\/09\/24\/batatais-tera-entrevista-com-o-unico-candidato-a-prefeito-em-evento-promovido-pelo-grupo-ep\/","url_meta":{"origin":71776,"position":2},"title":"Batatais ter\u00e1 entrevista com o \u00fanico candidato a prefeito em evento promovido pelo Grupo EP","author":"noticiasribeiraopreto.com.br","date":"24 de September de 2024","format":false,"excerpt":"O Grupo EP, conglomerado de m\u00eddia no interior paulista e sul de Minas Gerais, realiza uma entrevista com o candidato \u00e0 Prefeitura de Batatais, nesta quarta-feira (25), \u00e0s 14h40. A conversa ser\u00e1 transmitida ao vivo pelo portal g1 Ribeir\u00e3o Preto e Franca, CBN Ribeir\u00e3o Preto e site e canal de\u2026","rel":"","context":"In &quot;Not\u00edcias de Ribeir\u00e3o Preto-SP e Regi\u00e3o&quot;","block_context":{"text":"Not\u00edcias de Ribeir\u00e3o Preto-SP e Regi\u00e3o","link":"https:\/\/noticiasribeiraopreto.com.br\/index.php\/category\/noticias-de-ribeirao-preto-sp-e-regiao-ismael-colosi\/"},"img":{"alt_text":"","src":"https:\/\/i0.wp.com\/noticiasribeiraopreto.com.br\/wp-content\/uploads\/2024\/08\/juninho-gaspar_2024-08-07_16-56-24_jpeg_2024-08-07_16-56-24.webp.webp?fit=1053%2C586&ssl=1&resize=350%2C200","width":350,"height":200,"srcset":"https:\/\/i0.wp.com\/noticiasribeiraopreto.com.br\/wp-content\/uploads\/2024\/08\/juninho-gaspar_2024-08-07_16-56-24_jpeg_2024-08-07_16-56-24.webp.webp?fit=1053%2C586&ssl=1&resize=350%2C200 1x, https:\/\/i0.wp.com\/noticiasribeiraopreto.com.br\/wp-content\/uploads\/2024\/08\/juninho-gaspar_2024-08-07_16-56-24_jpeg_2024-08-07_16-56-24.webp.webp?fit=1053%2C586&ssl=1&resize=525%2C300 1.5x, https:\/\/i0.wp.com\/noticiasribeiraopreto.com.br\/wp-content\/uploads\/2024\/08\/juninho-gaspar_2024-08-07_16-56-24_jpeg_2024-08-07_16-56-24.webp.webp?fit=1053%2C586&ssl=1&resize=700%2C400 2x, https:\/\/i0.wp.com\/noticiasribeiraopreto.com.br\/wp-content\/uploads\/2024\/08\/juninho-gaspar_2024-08-07_16-56-24_jpeg_2024-08-07_16-56-24.webp.webp?fit=1053%2C586&ssl=1&resize=1050%2C600 3x"},"classes":[]},{"id":45394,"url":"https:\/\/noticiasribeiraopreto.com.br\/index.php\/2024\/04\/04\/nova-tecnologia-de-tv-3-0-conectara-canais-abertos-com-a-internet\/","url_meta":{"origin":71776,"position":3},"title":"Nova tecnologia de TV 3.0 conectar\u00e1 canais abertos com a internet","author":"noticiasribeiraopreto.com.br","date":"4 de April de 2024","format":false,"excerpt":"O ministro das Comunica\u00e7\u00f5es, Juscelino Filho, antecipou \u2013 durante participa\u00e7\u00e3o no programa\u00a0Bom Dia Ministro, do\u00a0canal Gov, ve\u00edculo da\u00a0EBC\u00a0\u2013 o an\u00fancio da evolu\u00e7\u00e3o da TV Digital para um novo padr\u00e3o tecnol\u00f3gico chamado TV 3.0, a ser lan\u00e7ado em Bras\u00edlia, nesta quarta-feira (3). A novidade promete mais qualidade de imagem e acesso\u2026","rel":"","context":"In &quot;Not\u00edcias de Ribeir\u00e3o Preto-SP e Regi\u00e3o&quot;","block_context":{"text":"Not\u00edcias de Ribeir\u00e3o Preto-SP e Regi\u00e3o","link":"https:\/\/noticiasribeiraopreto.com.br\/index.php\/category\/noticias-de-ribeirao-preto-sp-e-regiao-ismael-colosi\/"},"img":{"alt_text":"","src":"","width":0,"height":0},"classes":[]},{"id":13210,"url":"https:\/\/noticiasribeiraopreto.com.br\/index.php\/2023\/12\/09\/corpo-de-homem-e-encontrado-em-canavial-da-regiao-de-ribeirao-preto\/","url_meta":{"origin":71776,"position":4},"title":"Corpo de homem \u00e9 encontrado em canavial da regi\u00e3o de Ribeir\u00e3o Preto","author":"noticiasribeiraopreto.com.br","date":"9 de December de 2023","format":false,"excerpt":"O corpo de um homem foi encontrado em um canavial, na Rodovia Candido Portinari, em Batatais, a 40 quil\u00f4metros de Ribeir\u00e3o Preto. Funcion\u00e1rios de uma usina passavam pelo canavial, na tarde da sexta-feira (8), quando perceberam o corpo. A v\u00edtima tem marcas no corpo que sugerem que a causa da\u2026","rel":"","context":"In &quot;Not\u00edcias de Ribeir\u00e3o Preto-SP e Regi\u00e3o&quot;","block_context":{"text":"Not\u00edcias de Ribeir\u00e3o Preto-SP e Regi\u00e3o","link":"https:\/\/noticiasribeiraopreto.com.br\/index.php\/category\/noticias-de-ribeirao-preto-sp-e-regiao-ismael-colosi\/"},"img":{"alt_text":"","src":"https:\/\/i0.wp.com\/noticiasribeiraopreto.com.br\/wp-content\/uploads\/2023\/12\/WhatsApp-Image-2023-12-09-at-13.55.44.jpeg?fit=1024%2C576&ssl=1&resize=350%2C200","width":350,"height":200,"srcset":"https:\/\/i0.wp.com\/noticiasribeiraopreto.com.br\/wp-content\/uploads\/2023\/12\/WhatsApp-Image-2023-12-09-at-13.55.44.jpeg?fit=1024%2C576&ssl=1&resize=350%2C200 1x, https:\/\/i0.wp.com\/noticiasribeiraopreto.com.br\/wp-content\/uploads\/2023\/12\/WhatsApp-Image-2023-12-09-at-13.55.44.jpeg?fit=1024%2C576&ssl=1&resize=525%2C300 1.5x, https:\/\/i0.wp.com\/noticiasribeiraopreto.com.br\/wp-content\/uploads\/2023\/12\/WhatsApp-Image-2023-12-09-at-13.55.44.jpeg?fit=1024%2C576&ssl=1&resize=700%2C400 2x"},"classes":[]},{"id":58373,"url":"https:\/\/noticiasribeiraopreto.com.br\/index.php\/2024\/09\/25\/oportunidade-para-reconhecer-que-ainda-ha-desafios-afirma-candidato-unico-de-batatais\/","url_meta":{"origin":71776,"position":5},"title":"\u2018Oportunidade para reconhecer que ainda h\u00e1 desafios\u2019, afirma candidato \u00fanico de Batatais","author":"noticiasribeiraopreto.com.br","date":"25 de September de 2024","format":false,"excerpt":"O prefeito de Batatais, Juninho Gaspar (PP), foi o entrevistado desta quarta-feira (25), do pool de ve\u00edculos do Grupo EP na cobertura das elei\u00e7\u00f5es 2024. Juninho \u00e9 o \u00fanico candidato ao Executivo de Batatais no pleito deste ano. A entrevista foi transmitida pelo canal do YouTube e no acidade on\u2026","rel":"","context":"In &quot;Not\u00edcias de Ribeir\u00e3o Preto-SP e Regi\u00e3o&quot;","block_context":{"text":"Not\u00edcias de Ribeir\u00e3o Preto-SP e Regi\u00e3o","link":"https:\/\/noticiasribeiraopreto.com.br\/index.php\/category\/noticias-de-ribeirao-preto-sp-e-regiao-ismael-colosi\/"},"img":{"alt_text":"","src":"https:\/\/i0.wp.com\/noticiasribeiraopreto.com.br\/wp-content\/uploads\/2024\/09\/juninho-gaspar-3_2024-09-25_22-01-39_jpeg_2024-09-25_22-01-40-scaled.webp.webp?fit=1200%2C683&ssl=1&resize=350%2C200","width":350,"height":200,"srcset":"https:\/\/i0.wp.com\/noticiasribeiraopreto.com.br\/wp-content\/uploads\/2024\/09\/juninho-gaspar-3_2024-09-25_22-01-39_jpeg_2024-09-25_22-01-40-scaled.webp.webp?fit=1200%2C683&ssl=1&resize=350%2C200 1x, https:\/\/i0.wp.com\/noticiasribeiraopreto.com.br\/wp-content\/uploads\/2024\/09\/juninho-gaspar-3_2024-09-25_22-01-39_jpeg_2024-09-25_22-01-40-scaled.webp.webp?fit=1200%2C683&ssl=1&resize=525%2C300 1.5x, https:\/\/i0.wp.com\/noticiasribeiraopreto.com.br\/wp-content\/uploads\/2024\/09\/juninho-gaspar-3_2024-09-25_22-01-39_jpeg_2024-09-25_22-01-40-scaled.webp.webp?fit=1200%2C683&ssl=1&resize=700%2C400 2x, https:\/\/i0.wp.com\/noticiasribeiraopreto.com.br\/wp-content\/uploads\/2024\/09\/juninho-gaspar-3_2024-09-25_22-01-39_jpeg_2024-09-25_22-01-40-scaled.webp.webp?fit=1200%2C683&ssl=1&resize=1050%2C600 3x"},"classes":[]}],"jetpack_sharing_enabled":true,"jetpack_shortlink":"https:\/\/wp.me\/peQAOb-iFG","_links":{"self":[{"href":"https:\/\/noticiasribeiraopreto.com.br\/index.php\/wp-json\/wp\/v2\/posts\/71776","targetHints":{"allow":["GET"]}}],"collection":[{"href":"https:\/\/noticiasribeiraopreto.com.br\/index.php\/wp-json\/wp\/v2\/posts"}],"about":[{"href":"https:\/\/noticiasribeiraopreto.com.br\/index.php\/wp-json\/wp\/v2\/types\/post"}],"author":[{"embeddable":true,"href":"https:\/\/noticiasribeiraopreto.com.br\/index.php\/wp-json\/wp\/v2\/users\/1"}],"replies":[{"embeddable":true,"href":"https:\/\/noticiasribeiraopreto.com.br\/index.php\/wp-json\/wp\/v2\/comments?post=71776"}],"version-history":[{"count":0,"href":"https:\/\/noticiasribeiraopreto.com.br\/index.php\/wp-json\/wp\/v2\/posts\/71776\/revisions"}],"wp:featuredmedia":[{"embeddable":true,"href":"https:\/\/noticiasribeiraopreto.com.br\/index.php\/wp-json\/wp\/v2\/media\/71777"}],"wp:attachment":[{"href":"https:\/\/noticiasribeiraopreto.com.br\/index.php\/wp-json\/wp\/v2\/media?parent=71776"}],"wp:term":[{"taxonomy":"category","embeddable":true,"href":"https:\/\/noticiasribeiraopreto.com.br\/index.php\/wp-json\/wp\/v2\/categories?post=71776"},{"taxonomy":"post_tag","embeddable":true,"href":"https:\/\/noticiasribeiraopreto.com.br\/index.php\/wp-json\/wp\/v2\/tags?post=71776"}],"curies":[{"name":"wp","href":"https:\/\/api.w.org\/{rel}","templated":true}]}}