{"id":71778,"date":"2025-06-10T09:29:52","date_gmt":"2025-06-10T12:29:52","guid":{"rendered":"https:\/\/noticiasribeiraopreto.com.br\/index.php\/2025\/06\/10\/camara-aprova-o-destina-ribeirao\/"},"modified":"2025-06-10T09:29:52","modified_gmt":"2025-06-10T12:29:52","slug":"camara-aprova-o-destina-ribeirao","status":"publish","type":"post","link":"https:\/\/noticiasribeiraopreto.com.br\/index.php\/2025\/06\/10\/camara-aprova-o-destina-ribeirao\/","title":{"rendered":"C\u00e2mara aprova o \u2018Destina Ribeir\u00e3o\u2019"},"content":{"rendered":"<div class='code-block code-block-1' style='margin: 8px 0 8px auto; text-align: right; display: block; clear: both;'>\n<p><a href=\"https:\/\/wa.link\/vpicfd\"><img data-recalc-dims=\"1\" class=\"wp-image-4922\" style=\"aspect-ratio: 2.0253164556962027; width: 561px; height: auto;\" src=\"https:\/\/i0.wp.com\/ismaelcolosi.com.br\/wp-content\/uploads\/2023\/11\/grupo-de-empregos-whatsapp-e-facebook-ismael-colosi-vagas.jpg?ssl=1\" alt=\"\" \/><\/a><\/p>\n<!-- \/wp:image -->\n<\/div>\n<p> <br \/>\n<\/p>\n<div>\n<p>A C\u00e2mara de Vereadores aprovou, na sess\u00e3o desta segunda-feira, 9 de junho, a reda\u00e7\u00e3o final do o projeto de lei da prefeitura de Ribeir\u00e3o Preto que institui na cidade o Programa Destina Ribeir\u00e3o. A proposta tem o objetivo de conscientizar os contribuintes sobre a possibilidade de destinar parte do Imposto de Renda aos Conselhos Municipais dos Direitos da Crian\u00e7a, do Adolescente e da Pessoa Idosa.<\/p>\n<p>O projeto havia sido aprovado em primeira discuss\u00e3o no dia 4 de junho. A proposta permite que os contribuintes de Ribeir\u00e3o Preto destinem, at\u00e9 6% do imposto devido \u2013 sendo 3% para o Fundo Municipal dos Direitos da Crian\u00e7a e do Adolescente e 3% para o Fundo Municipal da Pessoa Idosa \u2013 sem custo adicional.<\/p>\n<p>Em contrapartida, os doadores ter\u00e3o direito a descontos nos juros e multas dos cr\u00e9ditos tribut\u00e1rios inscritos na d\u00edvida ativa e na Taxa de Licen\u00e7a de Localiza\u00e7\u00e3o e de Funcionamento de Estabelecimentos Comerciais, Industriais, Civis e Similares. Ser\u00e1 beneficiado quem fizer uma doa\u00e7\u00e3o igual ou maior do que o valor do abatimento dos juros e multas dos cr\u00e9ditos tribut\u00e1rios.<\/p>\n<p>A destina\u00e7\u00e3o do Imposto de Renda \u00e9 uma alternativa prevista pelo governo federal que permite ao contribuinte aplicar diretamente uma parte do tributo em a\u00e7\u00f5es sociais. Al\u00e9m de antecipar o uso de recursos p\u00fablicos para \u00e1reas priorit\u00e1rias, a iniciativa promove benef\u00edcios reais \u00e0 sociedade. A destina\u00e7\u00e3o pode resultar em abatimento do imposto a pagar ou no aumento da restitui\u00e7\u00e3o.<\/p>\n<p>Podem destinar parte do IR as pessoas f\u00edsicas que utilizam o modelo completo da declara\u00e7\u00e3o e as jur\u00eddicas que apuram o Imposto de Renda com base no lucro real. No momento da presta\u00e7\u00e3o de contas, \u00e9 poss\u00edvel destinar at\u00e9 6% do imposto devido: 3% para o Fundo dos Direitos da Crian\u00e7a e do Adolescente e 3% para o Fundo da Pessoa Idosa.<\/p>\n<p>A expectativa da prefeitura \u00e9 que, com a san\u00e7\u00e3o da nova legisla\u00e7\u00e3o, Ribeir\u00e3o Preto se torne refer\u00eancia nacional na aplica\u00e7\u00e3o cidad\u00e3 do Imposto de Renda como ferramenta de transforma\u00e7\u00e3o social. Agora, o projeto segue para san\u00e7\u00e3o do prefeito Ricardo Silva (PSD) e passar\u00e1 a valer no pr\u00f3ximo ano, j\u00e1 que o prazo para a declara\u00e7\u00e3o do Imposto de Renda da Pessoa F\u00edsica (IRPF) terminou no dia 30 de maio.<\/p>\n<p>No ano passado, Ribeir\u00e3o Preto foi a segunda cidade do Estado de S\u00e3o Paulo e a 11\u00aa do Brasil entre as que mais destinaram IR para o social. Alcan\u00e7ou o montante de R$ 5.002.334,53 destinados por meio de 1.650 contribuintes engajados na causa. A doa\u00e7\u00e3o n\u00e3o gera custo extra \u2013 o valor destinado \u00e9 abatido do imposto a pagar ou acrescentado \u00e0 sua restitui\u00e7\u00e3o.<\/p>\n<p>Para destina\u00e7\u00f5es de 6% do imposto devido, o contribuinte deve realizar o procedimento at\u00e9 o final do m\u00eas de dezembro. J\u00e1 na fase de elabora\u00e7\u00e3o e envio da declara\u00e7\u00e3o do IR, s\u00f3 \u00e9 poss\u00edvel destinar at\u00e9 3% a serem direcionados aos Fundos Municipais dos Direitos da Crian\u00e7a e do Adolescente ou do Idoso.<\/p>\n<p>Somam for\u00e7as nessa a\u00e7\u00e3o a Receita Federal do Brasil, prefeitura de Ribeir\u00e3o Preto, Associa\u00e7\u00e3o das Empresas de Servi\u00e7os Cont\u00e1beis de Ribeir\u00e3o Preto e Regi\u00e3o (Aescon\/Casa do Contabilista), Instituto Ribeir\u00e3o 2030, Sindicato do Com\u00e9rcio Varejista (Sincovarp), C\u00e2mara de Dirigentes Lojistas (CDL RP) e Associa\u00e7\u00e3o Independente N\u00facleo Postos RP.<\/p>\n<p>A lista ainda traz Associa\u00e7\u00e3o de Engenharia, Arquitetura e Agronomia (AEAARP), Centro das Ind\u00fastrias do Estado de S\u00e3o Paulo (Ciesp), Associa\u00e7\u00e3o Comercial e Industrial (Acirp), Sindicatos do Com\u00e9rcio Varejista de Ribeir\u00e3o Preto e Sert\u00e3ozinho e Sindicato de Hot\u00e9is, Restaurantes e Bares (SinHoRes Nordeste Paulista).<\/p>\n<p>Completam a lista Sindicato de Turismo, Hospitalidade, Servi\u00e7os e Mercado Imobili\u00e1rio (Sindtur), ervi\u00e7o Brasileiro de Apoio \u00e0s Micro e Pequenas Empresas do Estado de S\u00e3o Paulo (Sebrae SP), Ribeir\u00e3o Convention &amp; Visitors Bureau, Observat\u00f3rio Social RP e Sindicato do Com\u00e9rcio Varejista de Feirantes e Ambulantes.<\/p>\n<p>Em 2024, Ribeir\u00e3o ficou em segundo lugar entre os munic\u00edpios paulistas em valores de IR destinado processado, perdendo apenas para a capital. O munic\u00edpio tamb\u00e9m figura no ranking das onze cidades brasileiras que mais doaram, ao lado de nove capitais e de Primavera do Leste (MT).<\/p>\n<p>A destina\u00e7\u00e3o em 2024 tamb\u00e9m foi equilibrada entre os dois fundos: 50,8% para o Fundo Municipal da Crian\u00e7a e do Adolescente e 49,2% para o Fundo Municipal da Pessoa Idosa. No pa\u00eds, a propor\u00e7\u00e3o foi de 60,1% e 39,9%, respectivamente.<\/p>\n<p>\u00a0<\/p>\n<\/div>\n<p><br \/>\n<br \/><a href=\"https:\/\/www.tribunaribeirao.com.br\/camara-aprova-o-destina-ribeirao\/\">Source link <\/a><\/p>\n<!-- CONTENT END 1 -->\n","protected":false},"excerpt":{"rendered":"<p>A C\u00e2mara de Vereadores aprovou, na sess\u00e3o desta segunda-feira, 9 de junho, a reda\u00e7\u00e3o final do o projeto de lei da prefeitura de Ribeir\u00e3o Preto&#8230;<\/p>\n","protected":false},"author":1,"featured_media":71779,"comment_status":"open","ping_status":"open","sticky":false,"template":"","format":"standard","meta":{"advanced_seo_description":"","jetpack_seo_html_title":"","jetpack_seo_noindex":false,"jetpack_post_was_ever_published":false,"_jetpack_newsletter_access":"","_jetpack_dont_email_post_to_subs":false,"_jetpack_newsletter_tier_id":0,"_jetpack_memberships_contains_paywalled_content":false,"_jetpack_memberships_contains_paid_content":false,"footnotes":"","jetpack_publicize_message":"","jetpack_publicize_feature_enabled":true,"jetpack_social_post_already_shared":true,"jetpack_social_options":{"image_generator_settings":{"template":"highway","default_image_id":0,"font":"","enabled":false},"version":2}},"categories":[11],"tags":[],"class_list":["post-71778","post","type-post","status-publish","format-standard","has-post-thumbnail","hentry","category-noticias-de-ribeirao-preto-sp-e-regiao-ismael-colosi"],"jetpack_publicize_connections":[],"jetpack_featured_media_url":"https:\/\/i0.wp.com\/noticiasribeiraopreto.com.br\/wp-content\/uploads\/2025\/06\/tmp99_CriancaIR-Max-Gallao-Mesquita-scaled.jpg?fit=750%2C500&ssl=1","jetpack-related-posts":[{"id":70152,"url":"https:\/\/noticiasribeiraopreto.com.br\/index.php\/2025\/05\/23\/prefeitura-assume-o-destina-ribeirao\/","url_meta":{"origin":71778,"position":0},"title":"Prefeitura assume o \u2018Destina Ribeir\u00e3o\u2019\u00a0","author":"noticiasribeiraopreto.com.br","date":"23 de May de 2025","format":false,"excerpt":"O prefeito Ricardo Silva (PSD) lan\u00e7ou nesta quinta-feira, 22 de maio, em cerim\u00f4nia realizada no Centro Administrativo Prefeito Jos\u00e9 de Magalh\u00e3es, o Programa Destina Ribeir\u00e3o, que visa conscientizar os contribuintes sobre a possibilidade de destinar parte do Imposto de Renda aos Conselhos Municipais dos Direitos da Crian\u00e7a, do Adolescente e\u2026","rel":"","context":"In &quot;Not\u00edcias de Ribeir\u00e3o Preto-SP e Regi\u00e3o&quot;","block_context":{"text":"Not\u00edcias de Ribeir\u00e3o Preto-SP e Regi\u00e3o","link":"https:\/\/noticiasribeiraopreto.com.br\/index.php\/category\/noticias-de-ribeirao-preto-sp-e-regiao-ismael-colosi\/"},"img":{"alt_text":"","src":"https:\/\/i0.wp.com\/noticiasribeiraopreto.com.br\/wp-content\/uploads\/2025\/05\/CriancaIR-Max-Gallao-Mesquita-04.jpg?fit=1200%2C769&ssl=1&resize=350%2C200","width":350,"height":200,"srcset":"https:\/\/i0.wp.com\/noticiasribeiraopreto.com.br\/wp-content\/uploads\/2025\/05\/CriancaIR-Max-Gallao-Mesquita-04.jpg?fit=1200%2C769&ssl=1&resize=350%2C200 1x, https:\/\/i0.wp.com\/noticiasribeiraopreto.com.br\/wp-content\/uploads\/2025\/05\/CriancaIR-Max-Gallao-Mesquita-04.jpg?fit=1200%2C769&ssl=1&resize=525%2C300 1.5x, https:\/\/i0.wp.com\/noticiasribeiraopreto.com.br\/wp-content\/uploads\/2025\/05\/CriancaIR-Max-Gallao-Mesquita-04.jpg?fit=1200%2C769&ssl=1&resize=700%2C400 2x, https:\/\/i0.wp.com\/noticiasribeiraopreto.com.br\/wp-content\/uploads\/2025\/05\/CriancaIR-Max-Gallao-Mesquita-04.jpg?fit=1200%2C769&ssl=1&resize=1050%2C600 3x"},"classes":[]},{"id":70754,"url":"https:\/\/noticiasribeiraopreto.com.br\/index.php\/2025\/05\/29\/novo-projeto-visa-incentivar-doacao-do-imposto-de-renda-em-ribeirao-preto-veja-os-beneficios\/","url_meta":{"origin":71778,"position":1},"title":"Novo projeto visa incentivar doa\u00e7\u00e3o do Imposto de Renda em Ribeir\u00e3o Preto; Veja os benef\u00edcios","author":"noticiasribeiraopreto.com.br","date":"29 de May de 2025","format":false,"excerpt":"O prefeito de Ribeir\u00e3o Preto, Ricardo Silva (PSD), encaminhou para C\u00e2mara o projeto de lei que cria o Programa Destina Ribeir\u00e3o. A proposta apresentada semana passada tem o objetivo de incentivar a destina\u00e7\u00e3o de parte do Imposto de Renda para fundos sociais de Ribeir\u00e3o Preto \u2013 veja os benef\u00edcios abaixo.\u2026","rel":"","context":"In &quot;Not\u00edcias de Ribeir\u00e3o Preto-SP e Regi\u00e3o&quot;","block_context":{"text":"Not\u00edcias de Ribeir\u00e3o Preto-SP e Regi\u00e3o","link":"https:\/\/noticiasribeiraopreto.com.br\/index.php\/category\/noticias-de-ribeirao-preto-sp-e-regiao-ismael-colosi\/"},"img":{"alt_text":"","src":"https:\/\/i0.wp.com\/noticiasribeiraopreto.com.br\/wp-content\/uploads\/2025\/05\/1748543231_novo_lote_1024x576_22072020125933.jpg?fit=1024%2C575&ssl=1&resize=350%2C200","width":350,"height":200,"srcset":"https:\/\/i0.wp.com\/noticiasribeiraopreto.com.br\/wp-content\/uploads\/2025\/05\/1748543231_novo_lote_1024x576_22072020125933.jpg?fit=1024%2C575&ssl=1&resize=350%2C200 1x, https:\/\/i0.wp.com\/noticiasribeiraopreto.com.br\/wp-content\/uploads\/2025\/05\/1748543231_novo_lote_1024x576_22072020125933.jpg?fit=1024%2C575&ssl=1&resize=525%2C300 1.5x, https:\/\/i0.wp.com\/noticiasribeiraopreto.com.br\/wp-content\/uploads\/2025\/05\/1748543231_novo_lote_1024x576_22072020125933.jpg?fit=1024%2C575&ssl=1&resize=700%2C400 2x"},"classes":[]},{"id":73541,"url":"https:\/\/noticiasribeiraopreto.com.br\/index.php\/2025\/07\/04\/destinacao-de-imposto-de-renda-supera-meta-e-cresce-3-em-rp\/","url_meta":{"origin":71778,"position":2},"title":"Destina\u00e7\u00e3o de Imposto de Renda supera meta e cresce 3% em RP\u00a0","author":"noticiasribeiraopreto.com.br","date":"4 de July de 2025","format":false,"excerpt":"A cidade de Ribeir\u00e3o Preto (SP) deu bom exemplo novamente e registrou, em 2025 (com base no ano-exerc\u00edcio 2024), o montante de R$ 5.151.606,45 em destina\u00e7\u00f5es de parte do Imposto de Renda (Pessoa F\u00edsica) aos fundos municipais da Crian\u00e7a e do Adolescente, e do Idoso. Trata-se de um crescimento de\u2026","rel":"","context":"In &quot;Not\u00edcias de Ribeir\u00e3o Preto-SP e Regi\u00e3o&quot;","block_context":{"text":"Not\u00edcias de Ribeir\u00e3o Preto-SP e Regi\u00e3o","link":"https:\/\/noticiasribeiraopreto.com.br\/index.php\/category\/noticias-de-ribeirao-preto-sp-e-regiao-ismael-colosi\/"},"img":{"alt_text":"","src":"https:\/\/i0.wp.com\/noticiasribeiraopreto.com.br\/wp-content\/uploads\/2025\/07\/imposto-de-renda.jpeg?fit=1200%2C800&ssl=1&resize=350%2C200","width":350,"height":200,"srcset":"https:\/\/i0.wp.com\/noticiasribeiraopreto.com.br\/wp-content\/uploads\/2025\/07\/imposto-de-renda.jpeg?fit=1200%2C800&ssl=1&resize=350%2C200 1x, https:\/\/i0.wp.com\/noticiasribeiraopreto.com.br\/wp-content\/uploads\/2025\/07\/imposto-de-renda.jpeg?fit=1200%2C800&ssl=1&resize=525%2C300 1.5x, https:\/\/i0.wp.com\/noticiasribeiraopreto.com.br\/wp-content\/uploads\/2025\/07\/imposto-de-renda.jpeg?fit=1200%2C800&ssl=1&resize=700%2C400 2x, https:\/\/i0.wp.com\/noticiasribeiraopreto.com.br\/wp-content\/uploads\/2025\/07\/imposto-de-renda.jpeg?fit=1200%2C800&ssl=1&resize=1050%2C600 3x"},"classes":[]},{"id":71788,"url":"https:\/\/noticiasribeiraopreto.com.br\/index.php\/2025\/06\/10\/camara-aprova-projeto-que-visa-incentivar-doacao-do-ir-em-ribeirao-entenda\/","url_meta":{"origin":71778,"position":3},"title":"C\u00e2mara aprova projeto que visa incentivar doa\u00e7\u00e3o do IR em Ribeir\u00e3o; Entenda","author":"noticiasribeiraopreto.com.br","date":"10 de June de 2025","format":false,"excerpt":"A C\u00e2mara de Ribeir\u00e3o Preto aprovou na noite desta segunda-feira (9), o projeto de lei complementar n\u00ba 23\/2025 que cria o \u201cPrograma Destina Ribeir\u00e3o\u201d. A proposta tem o objetivo de incentivar a destina\u00e7\u00e3o de parte do Imposto de Renda para fundos sociais do munic\u00edpio \u2013 saiba mais abaixo. O projeto\u2026","rel":"","context":"In &quot;Not\u00edcias de Ribeir\u00e3o Preto-SP e Regi\u00e3o&quot;","block_context":{"text":"Not\u00edcias de Ribeir\u00e3o Preto-SP e Regi\u00e3o","link":"https:\/\/noticiasribeiraopreto.com.br\/index.php\/category\/noticias-de-ribeirao-preto-sp-e-regiao-ismael-colosi\/"},"img":{"alt_text":"","src":"https:\/\/i0.wp.com\/noticiasribeiraopreto.com.br\/wp-content\/uploads\/2025\/06\/Camara-de-Ribeirao-Preto.jpg?fit=1200%2C675&ssl=1&resize=350%2C200","width":350,"height":200,"srcset":"https:\/\/i0.wp.com\/noticiasribeiraopreto.com.br\/wp-content\/uploads\/2025\/06\/Camara-de-Ribeirao-Preto.jpg?fit=1200%2C675&ssl=1&resize=350%2C200 1x, https:\/\/i0.wp.com\/noticiasribeiraopreto.com.br\/wp-content\/uploads\/2025\/06\/Camara-de-Ribeirao-Preto.jpg?fit=1200%2C675&ssl=1&resize=525%2C300 1.5x, https:\/\/i0.wp.com\/noticiasribeiraopreto.com.br\/wp-content\/uploads\/2025\/06\/Camara-de-Ribeirao-Preto.jpg?fit=1200%2C675&ssl=1&resize=700%2C400 2x, https:\/\/i0.wp.com\/noticiasribeiraopreto.com.br\/wp-content\/uploads\/2025\/06\/Camara-de-Ribeirao-Preto.jpg?fit=1200%2C675&ssl=1&resize=1050%2C600 3x"},"classes":[]},{"id":41029,"url":"https:\/\/noticiasribeiraopreto.com.br\/index.php\/2024\/03\/06\/ir-pode-render-r-135-mi-a-fundos\/","url_meta":{"origin":71778,"position":4},"title":"IR pode render R$ 135 mi a fundos \u00a0","author":"noticiasribeiraopreto.com.br","date":"6 de March de 2024","format":false,"excerpt":"A Delegacia da Receita Federal em Ribeir\u00e3o Preto e a Casa do Contabilista realizaram, na manh\u00e3 desta ter\u00e7a-feira, 5 de mar\u00e7o, palestra para divulga\u00e7\u00e3o de campanha visando o aumento das destina\u00e7\u00f5es de Imposto de Renda para o Fundo Municipal dos Direitos da Crian\u00e7a e do Adolescente (FDCA) e ao Fundo\u2026","rel":"","context":"In &quot;Not\u00edcias de Ribeir\u00e3o Preto-SP e Regi\u00e3o&quot;","block_context":{"text":"Not\u00edcias de Ribeir\u00e3o Preto-SP e Regi\u00e3o","link":"https:\/\/noticiasribeiraopreto.com.br\/index.php\/category\/noticias-de-ribeirao-preto-sp-e-regiao-ismael-colosi\/"},"img":{"alt_text":"","src":"https:\/\/i0.wp.com\/noticiasribeiraopreto.com.br\/wp-content\/uploads\/2024\/03\/CriancaIR-Divulgacao-02-scaled.jpeg?fit=860%2C645&ssl=1&resize=350%2C200","width":350,"height":200,"srcset":"https:\/\/i0.wp.com\/noticiasribeiraopreto.com.br\/wp-content\/uploads\/2024\/03\/CriancaIR-Divulgacao-02-scaled.jpeg?fit=860%2C645&ssl=1&resize=350%2C200 1x, https:\/\/i0.wp.com\/noticiasribeiraopreto.com.br\/wp-content\/uploads\/2024\/03\/CriancaIR-Divulgacao-02-scaled.jpeg?fit=860%2C645&ssl=1&resize=525%2C300 1.5x, https:\/\/i0.wp.com\/noticiasribeiraopreto.com.br\/wp-content\/uploads\/2024\/03\/CriancaIR-Divulgacao-02-scaled.jpeg?fit=860%2C645&ssl=1&resize=700%2C400 2x"},"classes":[]},{"id":69053,"url":"https:\/\/noticiasribeiraopreto.com.br\/index.php\/2025\/05\/01\/doacao-do-ir-atrai-r-500-mil\/","url_meta":{"origin":71778,"position":5},"title":"Doa\u00e7\u00e3o do IR atrai R$ 500 mil \u00a0","author":"noticiasribeiraopreto.com.br","date":"1 de May de 2025","format":false,"excerpt":"Contribuintes de Ribeir\u00e3o Preto t\u00eam at\u00e9 30 de maio para destinar at\u00e9 3% do Imposto de Renda devido a fundos municipais que apoiam crian\u00e7as, adolescentes e idosos. Essa a\u00e7\u00e3o, al\u00e9m de n\u00e3o acarretar custos adicionais, representa um importante refor\u00e7o financeiro para entidades assistenciais.\u00a0\u00a0Segundo levantamento da Associa\u00e7\u00e3o das Empresas de Servi\u00e7os\u2026","rel":"","context":"In &quot;Not\u00edcias de Ribeir\u00e3o Preto-SP e Regi\u00e3o&quot;","block_context":{"text":"Not\u00edcias de Ribeir\u00e3o Preto-SP e Regi\u00e3o","link":"https:\/\/noticiasribeiraopreto.com.br\/index.php\/category\/noticias-de-ribeirao-preto-sp-e-regiao-ismael-colosi\/"},"img":{"alt_text":"","src":"https:\/\/i0.wp.com\/noticiasribeiraopreto.com.br\/wp-content\/uploads\/2025\/05\/CriancaIR-Divulgacao-scaled.jpg?fit=800%2C417&ssl=1&resize=350%2C200","width":350,"height":200,"srcset":"https:\/\/i0.wp.com\/noticiasribeiraopreto.com.br\/wp-content\/uploads\/2025\/05\/CriancaIR-Divulgacao-scaled.jpg?fit=800%2C417&ssl=1&resize=350%2C200 1x, https:\/\/i0.wp.com\/noticiasribeiraopreto.com.br\/wp-content\/uploads\/2025\/05\/CriancaIR-Divulgacao-scaled.jpg?fit=800%2C417&ssl=1&resize=525%2C300 1.5x, https:\/\/i0.wp.com\/noticiasribeiraopreto.com.br\/wp-content\/uploads\/2025\/05\/CriancaIR-Divulgacao-scaled.jpg?fit=800%2C417&ssl=1&resize=700%2C400 2x"},"classes":[]}],"jetpack_sharing_enabled":true,"jetpack_shortlink":"https:\/\/wp.me\/peQAOb-iFI","_links":{"self":[{"href":"https:\/\/noticiasribeiraopreto.com.br\/index.php\/wp-json\/wp\/v2\/posts\/71778","targetHints":{"allow":["GET"]}}],"collection":[{"href":"https:\/\/noticiasribeiraopreto.com.br\/index.php\/wp-json\/wp\/v2\/posts"}],"about":[{"href":"https:\/\/noticiasribeiraopreto.com.br\/index.php\/wp-json\/wp\/v2\/types\/post"}],"author":[{"embeddable":true,"href":"https:\/\/noticiasribeiraopreto.com.br\/index.php\/wp-json\/wp\/v2\/users\/1"}],"replies":[{"embeddable":true,"href":"https:\/\/noticiasribeiraopreto.com.br\/index.php\/wp-json\/wp\/v2\/comments?post=71778"}],"version-history":[{"count":0,"href":"https:\/\/noticiasribeiraopreto.com.br\/index.php\/wp-json\/wp\/v2\/posts\/71778\/revisions"}],"wp:featuredmedia":[{"embeddable":true,"href":"https:\/\/noticiasribeiraopreto.com.br\/index.php\/wp-json\/wp\/v2\/media\/71779"}],"wp:attachment":[{"href":"https:\/\/noticiasribeiraopreto.com.br\/index.php\/wp-json\/wp\/v2\/media?parent=71778"}],"wp:term":[{"taxonomy":"category","embeddable":true,"href":"https:\/\/noticiasribeiraopreto.com.br\/index.php\/wp-json\/wp\/v2\/categories?post=71778"},{"taxonomy":"post_tag","embeddable":true,"href":"https:\/\/noticiasribeiraopreto.com.br\/index.php\/wp-json\/wp\/v2\/tags?post=71778"}],"curies":[{"name":"wp","href":"https:\/\/api.w.org\/{rel}","templated":true}]}}