{"id":71784,"date":"2025-06-10T10:38:09","date_gmt":"2025-06-10T13:38:09","guid":{"rendered":"https:\/\/noticiasribeiraopreto.com.br\/index.php\/2025\/06\/10\/temperatura-deve-cair-nesta-semana\/"},"modified":"2025-06-10T10:38:09","modified_gmt":"2025-06-10T13:38:09","slug":"temperatura-deve-cair-nesta-semana","status":"publish","type":"post","link":"https:\/\/noticiasribeiraopreto.com.br\/index.php\/2025\/06\/10\/temperatura-deve-cair-nesta-semana\/","title":{"rendered":"Temperatura deve cair nesta semana"},"content":{"rendered":"<div class='code-block code-block-1' style='margin: 8px 0 8px auto; text-align: right; display: block; clear: both;'>\n<p><a href=\"https:\/\/wa.link\/vpicfd\"><img data-recalc-dims=\"1\" class=\"wp-image-4922\" style=\"aspect-ratio: 2.0253164556962027; width: 561px; height: auto;\" src=\"https:\/\/i0.wp.com\/ismaelcolosi.com.br\/wp-content\/uploads\/2023\/11\/grupo-de-empregos-whatsapp-e-facebook-ismael-colosi-vagas.jpg?ssl=1\" alt=\"\" \/><\/a><\/p>\n<!-- \/wp:image -->\n<\/div>\n<p> <br \/>\n<\/p>\n<div>\n<p>A semana em Ribeir\u00e3o Preto ter\u00e1 c\u00e9u azul, sol e temperaturas baixas para os padr\u00f5es da cidade devido \u00e0 chegada de nova onda de frio. Havia previs\u00e3o de chuva para esta segunda-feira, 9 de junho, de at\u00e9 14,5 mil\u00edmetros, e choveu de madrugada, mas n\u00e3o h\u00e1 previs\u00e3o\u00a0 at\u00e9 domingo (15), segundo a Climatempo.<br \/><strong><br \/><\/strong>A temperatura m\u00ednima deve variar de 9 graus Celsius a 11\u00baC na quinta-feira (12), com sensa\u00e7\u00e3o t\u00e9rmica inferior. \u00a0Para esta ter\u00e7a-feira (10), a previs\u00e3o \u00e9 de 16\u00baC, mas cai para 13\u00baC nesta quarta (11) e na sexta-feira (13), sobe a 12\u00baC no s\u00e1bado (14) e a 15\u00baC no domingo.<\/p>\n<p>A m\u00e1xima vai oscilar de 21\u00baC a 23 graus at\u00e9 sexta-feira, chegado a 24\u00baC no s\u00e1bado e a 26\u00baC no domingo. Ribeir\u00e3o Preto registrou, entre a madrugada e a manh\u00e3 de 30 de maio, a menor temperatura do ano at\u00e9 agora. Chegou a 7 graus Celsius, contra 12\u00baC de quinta-feira (29), recorde anterior de 2025.<\/p>\n<p>Segundo dados da Climatempo \u2013 atualizados \u00e0s 18 horas desta segunda-feira (9) \u2013, a m\u00e1xima n\u00e3o passa de 22\u00baC hoje. O outono teve in\u00edcio \u00e0s seis horas de 21 de mar\u00e7o. O inverno come\u00e7a oficialmente no dia 20 de junho, \u00e0s 23h42, hor\u00e1rio de Bras\u00edlia, e vai at\u00e9 22 de setembro, quando chega a primavera.<\/p>\n<p>A temperatura m\u00e1xima prevista para esta semana est\u00e1 bem abaixo do teto de 36\u00baC do in\u00edcio de mar\u00e7o. Segundo dados da Climatempo, a m\u00e9dia de chuva para maio \u00e9 de 47 mil\u00edmetros e choveu oito mm, 17% do esperado. Para junho eram esperados 28 mm, mas j\u00e1 chegou a 55 mm, 96,43% acima.<\/p>\n<p>A Defesa Civil Estadual e o Instituto Nacional de Meteorologia (Inmet) emitiram alerta amarelo de chuvas intensas para o estado de S\u00e3o Paulo. S\u00e3o esperados entre 20 e 30 mm por hora em algumas regi\u00f5es ou at\u00e9 50 mm\/dia. N\u00e3o h\u00e1 previs\u00e3o de ventos intensos, como ocorreu na semana passada.<\/p>\n<p>O cen\u00e1rio pode mudar de uma hora para outra, de acordo com as informa\u00e7\u00f5es que chegam via sat\u00e9lite. O ribeir\u00e3o-pretano j\u00e1 tirou cobertor e edredom, agasalho, cachecol, gorro, luva e meia de l\u00e3 do arm\u00e1rio. Durante o dia, quando a temperatura sobe, vai ajeitando as pe\u00e7as na mochila, no encosto da poltrona, no cabideiro etc.<\/p>\n<p>No ano passado, Ribeir\u00e3o Preto registrou a temperatura mais baixa na madrugada de 31 de maio, quando a m\u00ednima chegou a 8 graus Celsius. A sensa\u00e7\u00e3o t\u00e9rmica, por\u00e9m, foi bem inferior, entre 5\u00baC e 6\u00baC \u2013 na zona rural fez ainda mais frio.<\/p>\n<p>A medi\u00e7\u00e3o \u00e9 feita na esta\u00e7\u00e3o da Rede de Meteorologia do Comando da Aeron\u00e1utica (Redemet), no Aeroporto Estadual Doutor Leite Lopes, na Zona Norte de Ribeir\u00e3o Preto. N\u00e3o fazia tanto no frio na cidade desde 16 de maio de 2023, quando a temperatura oscilou entre 9\u00ba e 10\u00baC.<strong\/><\/p>\n<p>Em 2022, foi 20 de maio, quando a esta\u00e7\u00e3o da Rede de Meteorologia do Comando da Aeron\u00e1utica constatou 5\u00baC \u00e0s seis horas, no Leite Lopes. A marca ainda \u00e9 a mais baixa para o m\u00eas de maio desde o in\u00edcio da medi\u00e7\u00e3o na cidade. A onda de calor j\u00e1 foi embora.<\/p>\n<p>\u00c9 caracterizada quando a temperatura fica, por pelo menos cinco dias seguidos, 5\u00baC acima da m\u00e9dia, que em abril \u00e9 de 28 graus.\u00a0 No ano passado, Ribeir\u00e3o Preto enfrentou oito ondas de calor extremo e registrou 116 dias com term\u00f4metros marcando acima de 40 graus Celsius, em m\u00e9dia. Ou seja, as altas temperaturas castigaram o ribeir\u00e3o-pretano em quase um ter\u00e7o de 2024, o equivalente a 31,78% do per\u00edodo.<br \/><strong><br \/><\/strong>Nesta segunda-feira, os term\u00f4metros marcaram entre 17,3\u00baC e 23,6\u00baC na cidade. A umidade relativa do ar variou de 70% a 94%, segundo a esta\u00e7\u00e3o da Companhia Ambiental de S\u00e3o Paulo (Cetesb), instalada na regi\u00e3o Central de Ribeir\u00e3o Preto. A qualidade do ar na cidade \u00e9 considerada \u201cboa\u201d.<\/p>\n<p>A umidade relativa do ar pode varia entre 40% e 53% nas tardes ribeir\u00e3o-pretanos, abaixo do n\u00edvel considerado ideal, de 60%. Segundo a Organiza\u00e7\u00e3o Mundial de Sa\u00fade (OMS), quando a umidade relativa do ar fica abaixo de 30% o munic\u00edpio entra em estado de aten\u00e7\u00e3o. Quando o \u00edndice \u00e9 inferior a 20% a situa\u00e7\u00e3o \u00e9 de alerta. Abaixo de 12% j\u00e1 \u00e9 considerado caso de emerg\u00eancia.<strong><br \/><\/strong><\/p>\n<p>\u00a0<\/p>\n<\/div>\n<p><br \/>\n<br \/><a href=\"https:\/\/www.tribunaribeirao.com.br\/temperatura-deve-cair-nesta-semana\/\">Source link <\/a><\/p>\n<!-- CONTENT END 1 -->\n","protected":false},"excerpt":{"rendered":"<p>A semana em Ribeir\u00e3o Preto ter\u00e1 c\u00e9u azul, sol e temperaturas baixas para os padr\u00f5es da cidade devido \u00e0 chegada de nova onda de frio&#8230;.<\/p>\n","protected":false},"author":1,"featured_media":71785,"comment_status":"open","ping_status":"open","sticky":false,"template":"","format":"standard","meta":{"advanced_seo_description":"","jetpack_seo_html_title":"","jetpack_seo_noindex":false,"jetpack_post_was_ever_published":false,"_jetpack_newsletter_access":"","_jetpack_dont_email_post_to_subs":false,"_jetpack_newsletter_tier_id":0,"_jetpack_memberships_contains_paywalled_content":false,"_jetpack_memberships_contains_paid_content":false,"footnotes":"","jetpack_publicize_message":"","jetpack_publicize_feature_enabled":true,"jetpack_social_post_already_shared":true,"jetpack_social_options":{"image_generator_settings":{"template":"highway","default_image_id":0,"font":"","enabled":false},"version":2}},"categories":[11],"tags":[],"class_list":["post-71784","post","type-post","status-publish","format-standard","has-post-thumbnail","hentry","category-noticias-de-ribeirao-preto-sp-e-regiao-ismael-colosi"],"jetpack_publicize_connections":[],"jetpack_featured_media_url":"https:\/\/i0.wp.com\/noticiasribeiraopreto.com.br\/wp-content\/uploads\/2025\/06\/ChuvaRP-Max-Gallao-Mesquita-scaled.jpg?fit=783%2C500&ssl=1","jetpack-related-posts":[{"id":40664,"url":"https:\/\/noticiasribeiraopreto.com.br\/index.php\/2024\/03\/05\/temperatura-pode-cair-nesta-semana\/","url_meta":{"origin":71784,"position":0},"title":"Temperatura pode\u00a0cair nesta semana\u00a0 &#8211; Jornal Tribuna Ribeir\u00e3o","author":"noticiasribeiraopreto.com.br","date":"5 de March de 2024","format":false,"excerpt":"5 de mar\u00e7o de 2024 | 11:004 de mar\u00e7o de 2024 | 21:35 0Ribeir\u00e3o Preto ainda vai sofrer com o calor\u00e3o neste in\u00edcio de semana, mas a tend\u00eancia \u00e9 de queda da temperatura no decorrer do per\u00edodo, com possibilidade de pancadas de chuva no final das tardes, segundo o Climatempo\u2026","rel":"","context":"In &quot;Not\u00edcias de Ribeir\u00e3o Preto-SP e Regi\u00e3o&quot;","block_context":{"text":"Not\u00edcias de Ribeir\u00e3o Preto-SP e Regi\u00e3o","link":"https:\/\/noticiasribeiraopreto.com.br\/index.php\/category\/noticias-de-ribeirao-preto-sp-e-regiao-ismael-colosi\/"},"img":{"alt_text":"","src":"https:\/\/i0.wp.com\/noticiasribeiraopreto.com.br\/wp-content\/uploads\/2024\/03\/ChuvaRP-Alfredo-Risk-2024-03-scaled.jpg?fit=1000%2C563&ssl=1&resize=350%2C200","width":350,"height":200,"srcset":"https:\/\/i0.wp.com\/noticiasribeiraopreto.com.br\/wp-content\/uploads\/2024\/03\/ChuvaRP-Alfredo-Risk-2024-03-scaled.jpg?fit=1000%2C563&ssl=1&resize=350%2C200 1x, https:\/\/i0.wp.com\/noticiasribeiraopreto.com.br\/wp-content\/uploads\/2024\/03\/ChuvaRP-Alfredo-Risk-2024-03-scaled.jpg?fit=1000%2C563&ssl=1&resize=525%2C300 1.5x, https:\/\/i0.wp.com\/noticiasribeiraopreto.com.br\/wp-content\/uploads\/2024\/03\/ChuvaRP-Alfredo-Risk-2024-03-scaled.jpg?fit=1000%2C563&ssl=1&resize=700%2C400 2x"},"classes":[]},{"id":39614,"url":"https:\/\/noticiasribeiraopreto.com.br\/index.php\/2024\/02\/27\/semana-sera-quente-em-rp\/","url_meta":{"origin":71784,"position":1},"title":"Semana ser\u00e1 quente em RP\u00a0","author":"noticiasribeiraopreto.com.br","date":"27 de February de 2024","format":false,"excerpt":"27 de fevereiro de 2024 | 11:0027 de fevereiro de 2024 | 9:36 0Ribeir\u00e3o Preto ainda pode ter pancadas de chuva no final das tardes, cen\u00e1rio t\u00edpico do ver\u00e3o, mas a previs\u00e3o do tempo para esta semana \u00e9 de muito calor, com a temperatura atingindo 37 graus Celsius \u2013 a\u2026","rel":"","context":"In &quot;Not\u00edcias de Ribeir\u00e3o Preto-SP e Regi\u00e3o&quot;","block_context":{"text":"Not\u00edcias de Ribeir\u00e3o Preto-SP e Regi\u00e3o","link":"https:\/\/noticiasribeiraopreto.com.br\/index.php\/category\/noticias-de-ribeirao-preto-sp-e-regiao-ismael-colosi\/"},"img":{"alt_text":"","src":"https:\/\/i0.wp.com\/noticiasribeiraopreto.com.br\/wp-content\/uploads\/2024\/02\/CALOR-1.jpg?fit=800%2C500&ssl=1&resize=350%2C200","width":350,"height":200,"srcset":"https:\/\/i0.wp.com\/noticiasribeiraopreto.com.br\/wp-content\/uploads\/2024\/02\/CALOR-1.jpg?fit=800%2C500&ssl=1&resize=350%2C200 1x, https:\/\/i0.wp.com\/noticiasribeiraopreto.com.br\/wp-content\/uploads\/2024\/02\/CALOR-1.jpg?fit=800%2C500&ssl=1&resize=525%2C300 1.5x, https:\/\/i0.wp.com\/noticiasribeiraopreto.com.br\/wp-content\/uploads\/2024\/02\/CALOR-1.jpg?fit=800%2C500&ssl=1&resize=700%2C400 2x"},"classes":[]},{"id":75583,"url":"https:\/\/noticiasribeiraopreto.com.br\/index.php\/2025\/08\/12\/temperatura-vai-continuar-baixa-tribuna-ribeirao\/","url_meta":{"origin":71784,"position":2},"title":"Temperatura vai continuar baixa &#8211; Tribuna Ribeir\u00e3o","author":"noticiasribeiraopreto.com.br","date":"12 de August de 2025","format":false,"excerpt":"A forte massa de ar polar continental que sucedeu a frente fria da semana passada, associada a um ciclone extratropical, trouxe mudan\u00e7as clim\u00e1ticas para o Sudeste e segue derrubando as temperaturas. \u00c9 a quinta onda de frio intenso do ano. A baixa umidade relativa do ar preocupa. Na madrugada de\u2026","rel":"","context":"In &quot;Not\u00edcias de Ribeir\u00e3o Preto-SP e Regi\u00e3o&quot;","block_context":{"text":"Not\u00edcias de Ribeir\u00e3o Preto-SP e Regi\u00e3o","link":"https:\/\/noticiasribeiraopreto.com.br\/index.php\/category\/noticias-de-ribeirao-preto-sp-e-regiao-ismael-colosi\/"},"img":{"alt_text":"","src":"https:\/\/i0.wp.com\/noticiasribeiraopreto.com.br\/wp-content\/uploads\/2025\/08\/chuva-scaled.jpeg?fit=1170%2C780&ssl=1&resize=350%2C200","width":350,"height":200,"srcset":"https:\/\/i0.wp.com\/noticiasribeiraopreto.com.br\/wp-content\/uploads\/2025\/08\/chuva-scaled.jpeg?fit=1170%2C780&ssl=1&resize=350%2C200 1x, https:\/\/i0.wp.com\/noticiasribeiraopreto.com.br\/wp-content\/uploads\/2025\/08\/chuva-scaled.jpeg?fit=1170%2C780&ssl=1&resize=525%2C300 1.5x, https:\/\/i0.wp.com\/noticiasribeiraopreto.com.br\/wp-content\/uploads\/2025\/08\/chuva-scaled.jpeg?fit=1170%2C780&ssl=1&resize=700%2C400 2x, https:\/\/i0.wp.com\/noticiasribeiraopreto.com.br\/wp-content\/uploads\/2025\/08\/chuva-scaled.jpeg?fit=1170%2C780&ssl=1&resize=1050%2C600 3x"},"classes":[]},{"id":40304,"url":"https:\/\/noticiasribeiraopreto.com.br\/index.php\/2024\/03\/02\/rp-registra-a-maior-temperatura-do-ano\/","url_meta":{"origin":71784,"position":3},"title":"RP registra a maior temperatura do ano","author":"noticiasribeiraopreto.com.br","date":"2 de March de 2024","format":false,"excerpt":"2 de mar\u00e7o de 2024 | 10:302 de mar\u00e7o de 2024 | 9:47 0Ribeir\u00e3o Preto registrou, nesta sexta-feira, 1\u00ba de mar\u00e7o, a temperatura mais alta do ano at\u00e9 agora. Chegou a 36 graus Celsius entre 15 e 17 horas, com m\u00e9dia de 35\u00baC durante toda a tarde. A sensa\u00e7\u00e3o t\u00e9rmica\u2026","rel":"","context":"In &quot;Not\u00edcias de Ribeir\u00e3o Preto-SP e Regi\u00e3o&quot;","block_context":{"text":"Not\u00edcias de Ribeir\u00e3o Preto-SP e Regi\u00e3o","link":"https:\/\/noticiasribeiraopreto.com.br\/index.php\/category\/noticias-de-ribeirao-preto-sp-e-regiao-ismael-colosi\/"},"img":{"alt_text":"","src":"https:\/\/i0.wp.com\/noticiasribeiraopreto.com.br\/wp-content\/uploads\/2024\/03\/1_whatsapp_image_2020_10_03_at_17_40_47-6323262.jpeg?fit=675%2C449&ssl=1&resize=350%2C200","width":350,"height":200,"srcset":"https:\/\/i0.wp.com\/noticiasribeiraopreto.com.br\/wp-content\/uploads\/2024\/03\/1_whatsapp_image_2020_10_03_at_17_40_47-6323262.jpeg?fit=675%2C449&ssl=1&resize=350%2C200 1x, https:\/\/i0.wp.com\/noticiasribeiraopreto.com.br\/wp-content\/uploads\/2024\/03\/1_whatsapp_image_2020_10_03_at_17_40_47-6323262.jpeg?fit=675%2C449&ssl=1&resize=525%2C300 1.5x"},"classes":[]},{"id":73155,"url":"https:\/\/noticiasribeiraopreto.com.br\/index.php\/2025\/06\/26\/temperatura-despenca-para-4-graus\/","url_meta":{"origin":71784,"position":4},"title":"Temperatura despenca para 4 graus","author":"noticiasribeiraopreto.com.br","date":"26 de June de 2025","format":false,"excerpt":"Ribeir\u00e3o Preto amanheceu gelada. Nesta quarta-feira, 25 de junho, os term\u00f4metros marcaram 4 graus Celsius \u00e0s seis horas, segundo a Climatempo, mas com sensa\u00e7\u00e3o t\u00e9rmica de 2\u00baC, de acordo com a medi\u00e7\u00e3o nos celulares dos ribeir\u00e3o-pretanos. Teve geada na \u00e1rea rural e em v\u00e1rias cidades da regi\u00e3o, como Batatais, Jaboticabal,\u2026","rel":"","context":"In &quot;Not\u00edcias de Ribeir\u00e3o Preto-SP e Regi\u00e3o&quot;","block_context":{"text":"Not\u00edcias de Ribeir\u00e3o Preto-SP e Regi\u00e3o","link":"https:\/\/noticiasribeiraopreto.com.br\/index.php\/category\/noticias-de-ribeirao-preto-sp-e-regiao-ismael-colosi\/"},"img":{"alt_text":"","src":"https:\/\/i0.wp.com\/noticiasribeiraopreto.com.br\/wp-content\/uploads\/2025\/06\/ChuvaRP-Pon-Alfredo-Risk-scaled.jpg?fit=1200%2C800&ssl=1&resize=350%2C200","width":350,"height":200,"srcset":"https:\/\/i0.wp.com\/noticiasribeiraopreto.com.br\/wp-content\/uploads\/2025\/06\/ChuvaRP-Pon-Alfredo-Risk-scaled.jpg?fit=1200%2C800&ssl=1&resize=350%2C200 1x, https:\/\/i0.wp.com\/noticiasribeiraopreto.com.br\/wp-content\/uploads\/2025\/06\/ChuvaRP-Pon-Alfredo-Risk-scaled.jpg?fit=1200%2C800&ssl=1&resize=525%2C300 1.5x, https:\/\/i0.wp.com\/noticiasribeiraopreto.com.br\/wp-content\/uploads\/2025\/06\/ChuvaRP-Pon-Alfredo-Risk-scaled.jpg?fit=1200%2C800&ssl=1&resize=700%2C400 2x, https:\/\/i0.wp.com\/noticiasribeiraopreto.com.br\/wp-content\/uploads\/2025\/06\/ChuvaRP-Pon-Alfredo-Risk-scaled.jpg?fit=1200%2C800&ssl=1&resize=1050%2C600 3x"},"classes":[]},{"id":33838,"url":"https:\/\/noticiasribeiraopreto.com.br\/index.php\/2024\/01\/30\/semana-pode-ter-84-mm-de-chuva\/","url_meta":{"origin":71784,"position":5},"title":"Semana pode ter\u00a084 mm de chuva \u00a0","author":"noticiasribeiraopreto.com.br","date":"30 de January de 2024","format":false,"excerpt":"O Instituto Nacional de Meteorologia (Inmet) e a Defesa Civil do Estado de S\u00e3o Paulo n\u00e3o emitiram novo alerta de temporais para a regi\u00e3o de Ribeir\u00e3o Preto, mas ainda podem ocorrer tempestades durante a semana, comuns durante o ver\u00e3o. H\u00e1 risco de rajadas de vento, potencializando os riscos de queda\u2026","rel":"","context":"In &quot;Not\u00edcias de Ribeir\u00e3o Preto-SP e Regi\u00e3o&quot;","block_context":{"text":"Not\u00edcias de Ribeir\u00e3o Preto-SP e Regi\u00e3o","link":"https:\/\/noticiasribeiraopreto.com.br\/index.php\/category\/noticias-de-ribeirao-preto-sp-e-regiao-ismael-colosi\/"},"img":{"alt_text":"","src":"https:\/\/i0.wp.com\/noticiasribeiraopreto.com.br\/wp-content\/uploads\/2024\/01\/f147ed55-0ffb-4c5b-97dd-b54b14faad0e-scaled.jpg?fit=917%2C645&ssl=1&resize=350%2C200","width":350,"height":200,"srcset":"https:\/\/i0.wp.com\/noticiasribeiraopreto.com.br\/wp-content\/uploads\/2024\/01\/f147ed55-0ffb-4c5b-97dd-b54b14faad0e-scaled.jpg?fit=917%2C645&ssl=1&resize=350%2C200 1x, https:\/\/i0.wp.com\/noticiasribeiraopreto.com.br\/wp-content\/uploads\/2024\/01\/f147ed55-0ffb-4c5b-97dd-b54b14faad0e-scaled.jpg?fit=917%2C645&ssl=1&resize=525%2C300 1.5x, https:\/\/i0.wp.com\/noticiasribeiraopreto.com.br\/wp-content\/uploads\/2024\/01\/f147ed55-0ffb-4c5b-97dd-b54b14faad0e-scaled.jpg?fit=917%2C645&ssl=1&resize=700%2C400 2x"},"classes":[]}],"jetpack_sharing_enabled":true,"jetpack_shortlink":"https:\/\/wp.me\/peQAOb-iFO","_links":{"self":[{"href":"https:\/\/noticiasribeiraopreto.com.br\/index.php\/wp-json\/wp\/v2\/posts\/71784","targetHints":{"allow":["GET"]}}],"collection":[{"href":"https:\/\/noticiasribeiraopreto.com.br\/index.php\/wp-json\/wp\/v2\/posts"}],"about":[{"href":"https:\/\/noticiasribeiraopreto.com.br\/index.php\/wp-json\/wp\/v2\/types\/post"}],"author":[{"embeddable":true,"href":"https:\/\/noticiasribeiraopreto.com.br\/index.php\/wp-json\/wp\/v2\/users\/1"}],"replies":[{"embeddable":true,"href":"https:\/\/noticiasribeiraopreto.com.br\/index.php\/wp-json\/wp\/v2\/comments?post=71784"}],"version-history":[{"count":0,"href":"https:\/\/noticiasribeiraopreto.com.br\/index.php\/wp-json\/wp\/v2\/posts\/71784\/revisions"}],"wp:featuredmedia":[{"embeddable":true,"href":"https:\/\/noticiasribeiraopreto.com.br\/index.php\/wp-json\/wp\/v2\/media\/71785"}],"wp:attachment":[{"href":"https:\/\/noticiasribeiraopreto.com.br\/index.php\/wp-json\/wp\/v2\/media?parent=71784"}],"wp:term":[{"taxonomy":"category","embeddable":true,"href":"https:\/\/noticiasribeiraopreto.com.br\/index.php\/wp-json\/wp\/v2\/categories?post=71784"},{"taxonomy":"post_tag","embeddable":true,"href":"https:\/\/noticiasribeiraopreto.com.br\/index.php\/wp-json\/wp\/v2\/tags?post=71784"}],"curies":[{"name":"wp","href":"https:\/\/api.w.org\/{rel}","templated":true}]}}