{"id":71786,"date":"2025-06-10T11:05:23","date_gmt":"2025-06-10T14:05:23","guid":{"rendered":"https:\/\/noticiasribeiraopreto.com.br\/index.php\/2025\/06\/10\/jornal-da-franca-saiba-o-que-luizinha-trajano-disse-em-conversa-com-as-diretoras-da-sabesp\/"},"modified":"2025-06-10T11:05:23","modified_gmt":"2025-06-10T14:05:23","slug":"jornal-da-franca-saiba-o-que-luizinha-trajano-disse-em-conversa-com-as-diretoras-da-sabesp","status":"publish","type":"post","link":"https:\/\/noticiasribeiraopreto.com.br\/index.php\/2025\/06\/10\/jornal-da-franca-saiba-o-que-luizinha-trajano-disse-em-conversa-com-as-diretoras-da-sabesp\/","title":{"rendered":"Jornal da Franca &#8211; Saiba o que Luizinha Trajano disse em conversa com as diretoras da Sabesp"},"content":{"rendered":"<p> <br \/>\n<\/p>\n<div>\n\t                            <a class=\"mb-1\" href=\"https:\/\/api.whatsapp.com\/send?text=Olha essa Not\u00edcia no Jornal da Franca.%0D%0D*Saiba o que Luizinha Trajano disse em conversa com as diretoras da Sabesp*%0D%0Dclique na url abaixo%0Dhttps:\/\/www.jornaldafranca.com.br\/saiba-o-que-luizinha-trajano-disse-em-conversa-com-as-diretoras-da-sabesp\/\" target=\"_blank\"><span class=\"text-12 badge badge-pill badge-success\"><i class=\"fa fa-whatsapp\"\/> compartilhar no whatsapp<\/span><\/a><\/p>\n<p>\t                            <a class=\"mb-1\" href=\"https:\/\/telegram.me\/share\/url?url=https:\/\/www.jornaldafranca.com.br\/saiba-o-que-luizinha-trajano-disse-em-conversa-com-as-diretoras-da-sabesp\/&amp;text=Olha essa Not\u00edcia no Jornal da Franca.\" target=\"_blank\"><span class=\"text-12 badge badge-pill badge-info\"><i class=\"fa fa-telegram\"\/> compartilhar no telegram<\/span><\/a><\/p>\n<p>\t                            <a class=\"mb-1\" href=\"https:\/\/www.facebook.com\/sharer\/sharer.php?u=https:\/\/www.jornaldafranca.com.br\/saiba-o-que-luizinha-trajano-disse-em-conversa-com-as-diretoras-da-sabesp\/\" target=\"_blank\"><span class=\"text-12 badge badge-pill badge-primary\"><i class=\"fa fa-facebook\"\/> compartilhar no facebook<\/span><\/a><\/p>\n<p>\t                            <a class=\"mb-1\" href=\"https:\/\/www.linkedin.com\/shareArticle?mini=true&amp;url=https:\/\/www.jornaldafranca.com.br\/saiba-o-que-luizinha-trajano-disse-em-conversa-com-as-diretoras-da-sabesp\/&amp;title=Saiba o que Luizinha Trajano disse em conversa com as diretoras da Sabesp&amp;source=JORNAL DA FRANCA\" target=\"_blank\"><span class=\"text-12 badge badge-pill badge-secondary\"><i class=\"fa fa-linkedin\"\/> compartilhar no linkedin<\/span><\/a><\/p>\n<div class=\"lead text-20\">\n<p>O evento promoveu um espa\u00e7o de di\u00e1logo sobre jornada dupla, representatividade e as dificuldades femininas no mercado de trabalho<\/p>\n<\/p><\/div>\n<p><img data-recalc-dims=\"1\" decoding=\"async\" src=\"https:\/\/i0.wp.com\/www.jornaldafranca.com.br\/wp-content\/uploads\/2025\/06\/bbc8ffe2-4470-4ff8-a3f4-bca3019a5d3e.jpg?ssl=1\" alt=\"\"\/><\/p>\n<h6>A empres\u00e1ria Luiza Helena Trajano durante o bate-papo \u201cMulheres que inspiram, cuidam e transformam\u201d, promovido pela Sabesp<\/h6>\n<p>A Sabesp recebeu um dos principais nomes do empreendedorismo e da lideran\u00e7a feminina no Brasil: a empres\u00e1ria francana Luiza Helena Trajano, presidente do Conselho do Magazine Luiza e do Grupo Mulheres do Brasil.<\/p>\n<p>Ao lado de tr\u00eas diretoras da Companhia, Luiza participou do bate-papo \u201cMulheres que inspiram, cuidam e transformam\u201d, que levou ao p\u00fablico reflex\u00f5es sobre as trajet\u00f3rias delas como mulher, m\u00e3e e l\u00edder.<\/p>\n<p>Mais do que uma homenagem \u00e0s mulheres, o evento promoveu um espa\u00e7o de di\u00e1logo sobre jornada dupla, representatividade e as dificuldades femininas no mercado de trabalho. A iniciativa da Sabesp teve como objetivo reafirmar que ser mulher, m\u00e3e e ocupar pap\u00e9is de lideran\u00e7a n\u00e3o s\u00e3o atua\u00e7\u00f5es em conflito, mas for\u00e7as que se completam.<\/p>\n<p>A Sabesp realizou o encontro com o prop\u00f3sito de valorizar suas colaboradoras e inspir\u00e1-las, inclusive a partir das experi\u00eancias de lideran\u00e7as femininas dentro da pr\u00f3pria Companhia.<\/p>\n<p><strong>Reflex\u00f5es<\/strong><\/p>\n<p>O bate-papo contou com a participa\u00e7\u00e3o das diretoras executivas Samanta Souza (Rela\u00e7\u00f5es Institucionais e Sustentabilidade), D\u00e9bora Pierini Longo (Opera\u00e7\u00e3o e Manuten\u00e7\u00e3o) e Maria Alicia Lima Peralta (Jur\u00eddica), organizadora do livro \u201cMinha M\u00e3e \u00c9 um Sucesso\u201d, obra que re\u00fane cartas e reflex\u00f5es entre m\u00e3es e filhos sobre carreira e maternidade \u2013 entre elas, uma carta escrita por Luiza ao filho Frederico, e a resposta dele.<\/p>\n<p>Com estilo descontra\u00eddo e o t\u00edpico jeito francano e mineiro, Luiza compartilhou os desafios e aprendizados da maternidade, que, segundo ela, \u00e9 o maior ato de humildade e um exerc\u00edcio di\u00e1rio de gest\u00e3o: \u201cSer m\u00e3e \u00e9 gerir a coisa mais importante da vida.\u201d<\/p>\n<p>M\u00e3e de tr\u00eas filhos, que nasceram em um intervalo de tr\u00eas anos e meio, Luiza relembrou as influ\u00eancias da educa\u00e7\u00e3o recebida da pr\u00f3pria m\u00e3e, descrita como uma mulher de grande intelig\u00eancia emocional e que desde cedo a ensinou a resolver problemas.<\/p>\n<p>\u201cMinha m\u00e3e nunca teve d\u00f3 de mim, mesmo eu sendo filha \u00fanica. Se eu reclamasse da professora, ela n\u00e3o ligava para a escola. Ela perguntava: \u2018O que voc\u00ea pode fazer para ela gostar de voc\u00ea?\u2019\u201d, contou. \u201cEla desenvolveu em mim o esp\u00edrito de solu\u00e7\u00e3o.\u201d<\/p>\n<p><strong>Lideran\u00e7a com empatia<\/strong><\/p>\n<p>No bate-papo, a empres\u00e1ria refor\u00e7ou sua vis\u00e3o de lideran\u00e7a com empatia. \u201cA pessoa que n\u00e3o tem empatia n\u00e3o consegue ser l\u00edder. E ter empatia \u00e9 trocar de papel com o outro, no mundo do outro\u201d, disse.<\/p>\n<p>\u201cLiderar \u00e9 levar as pessoas mais longe do que elas acham que podem ir. \u00c9 dar exemplo, pedir desculpas, saber ouvir e n\u00e3o centralizar. Centralizar n\u00e3o te faz mais importante. O l\u00edder tem que dar palco para as pessoas.\u201d<\/p>\n<p>A fala ecoou nas palavras de Samanta Souza, que destacou os paralelos entre a maternidade e a gest\u00e3o.<\/p>\n<p>\u201cO grande desafio \u00e9 ensinar a n\u00e3o se vitimizar, e sim ser protagonista da situa\u00e7\u00e3o. Acho que esse, talvez, seja o grande desafio da maternidade. E quando a gente fala de gest\u00e3o, a nossa equipe tamb\u00e9m tem que ser incentivada a ser protagonista da situa\u00e7\u00e3o e n\u00e3o ficar t\u00e3o dependente da gente, mas tomar decis\u00e3o e ter autorresponsabilidade\u201d, afirmou Samanta, que \u00e9 m\u00e3e de um menino de 9 anos.<\/p>\n<p><strong>Exemplo materno<\/strong><\/p>\n<p>D\u00e9bora Pierini Longo, primeira mulher a assumir a Diretoria de Opera\u00e7\u00e3o e Manuten\u00e7\u00e3o da Sabesp, tamb\u00e9m trouxe \u00e0 tona as conex\u00f5es entre o exerc\u00edcio da lideran\u00e7a e a viv\u00eancia da maternidade.<\/p>\n<p>\u00c0 frente de uma equipe com quase 8.000 colaboradores, em sua maioria homens, D\u00e9bora compartilhou como sua postura de gest\u00e3o \u00e9 inspirada na figura materna.<\/p>\n<p>\u201cEu trago muito a figura de m\u00e3e na execu\u00e7\u00e3o da lideran\u00e7a, porque uma m\u00e3e, uma mulher, quando ama, fala quando o filho pode dar errado, ela est\u00e1 ali junto, chama a aten\u00e7\u00e3o.\u201d Com bom humor, ela brincou, durante o encontro, que tamb\u00e9m se considera m\u00e3e da sobrinha, filha de sua irm\u00e3 g\u00eamea univitelina.<\/p>\n<p>Na mesma linha, Maria Alicia Lima Peralta, que tamb\u00e9m \u00e9 m\u00e3e, refor\u00e7ou a import\u00e2ncia de uma lideran\u00e7a guiada pela clareza, fazendo um paralelo direto com o papel da maternidade.<\/p>\n<p>\u201cA gente percebe na lideran\u00e7a que, se n\u00e3o explicar o porqu\u00ea dos pedidos, as pessoas n\u00e3o entendem o prop\u00f3sito e t\u00eam dificuldade para executar. Com os filhos \u00e9 parecido, a gente se acostuma com o papel da m\u00e3e de antigamente, que s\u00f3 mandava fazer.\u201d<\/p>\n<p><strong>Parceria com mulheres<\/strong><\/p>\n<p>Durante o evento, Samanta fez um convite p\u00fablico ao Grupo Mulheres do Brasil para uma parceria estrat\u00e9gica com a Sabesp nas comunidades, refor\u00e7ando a miss\u00e3o da Companhia em ampliar o acesso ao saneamento b\u00e1sico.<\/p>\n<p>\u201cO impacto na qualidade de vida da mulher e na empregabilidade dela quando ela n\u00e3o tem infraestrutura de saneamento dispon\u00edvel \u00e9 muito maior do que na do marido, justamente por ela ser guardi\u00e3 da fam\u00edlia. A mulher \u00e9 a maior prejudicada pela falta de saneamento, ela falta do trabalho porque est\u00e1 doente, ou falta para cuidar do filho, do marido\u201d.<\/p>\n<p>A liga\u00e7\u00e3o emocional com a Sabesp tamb\u00e9m foi destacada por Luiza Helena, que nasceu em Franca, cidade reconhecida nacionalmente pela qualidade da \u00e1gua, tendo sido eleita sete vezes a melhor cidade em saneamento do pa\u00eds pelo Instituto Trata Brasil.<\/p>\n<p>\u201cSempre tivemos uma rela\u00e7\u00e3o muito boa com a Sabesp. Franca \u00e9 refer\u00eancia pela \u00e1gua da melhor qualidade.\u201d<br \/>Encerrando sua fala, a empres\u00e1ria compartilhou duas atitudes que transformaram sua vida: \u201cS\u00e3o mudan\u00e7as de atitude que eu tive e que s\u00e3o guiadas por duas frases: \u2018Quem te irrita, te domina\u2019 e \u2018Voc\u00ea quer ser feliz ou ter raz\u00e3o\u201d?<\/p>\n<p><img data-recalc-dims=\"1\" decoding=\"async\" src=\"https:\/\/i0.wp.com\/www.jornaldafranca.com.br\/wp-content\/uploads\/2025\/06\/ef7532b1-a7ba-446e-9ecd-d6a97cb49dbf.jpg?ssl=1\" alt=\"\"\/><\/p>\n<h6>As diretoras executivas da Sabesp Samanta Souza, D\u00e9bora Pierini Longo e Maria Alicia Peralta com a empres\u00e1ria Luiza Helena Trajano<\/h6>\n<p><!-- CONTENT END 1 --><\/p>\n<hr\/><\/div>\n<p><br \/>\n<br \/><a href=\"https:\/\/www.jornaldafranca.com.br\/saiba-o-que-luizinha-trajano-disse-em-conversa-com-as-diretoras-da-sabesp\/\">Source link <\/a><\/p>\n","protected":false},"excerpt":{"rendered":"<p>compartilhar no whatsapp compartilhar no telegram compartilhar no facebook compartilhar no linkedin O evento promoveu um espa\u00e7o de di\u00e1logo sobre jornada dupla, representatividade e as&#8230;<\/p>\n","protected":false},"author":1,"featured_media":71787,"comment_status":"open","ping_status":"open","sticky":false,"template":"","format":"standard","meta":{"advanced_seo_description":"","jetpack_seo_html_title":"","jetpack_seo_noindex":false,"jetpack_post_was_ever_published":false,"_jetpack_newsletter_access":"","_jetpack_dont_email_post_to_subs":false,"_jetpack_newsletter_tier_id":0,"_jetpack_memberships_contains_paywalled_content":false,"_jetpack_memberships_contains_paid_content":false,"footnotes":"","jetpack_publicize_message":"","jetpack_publicize_feature_enabled":true,"jetpack_social_post_already_shared":true,"jetpack_social_options":{"image_generator_settings":{"template":"highway","default_image_id":0,"font":"","enabled":false},"version":2}},"categories":[3597],"tags":[],"class_list":["post-71786","post","type-post","status-publish","format-standard","has-post-thumbnail","hentry","category-noticias-franca-sp"],"jetpack_publicize_connections":[],"jetpack_featured_media_url":"https:\/\/i0.wp.com\/noticiasribeiraopreto.com.br\/wp-content\/uploads\/2025\/06\/bbc8ffe2-4470-4ff8-a3f4-bca3019a5d3e.jpg?fit=1600%2C1066&ssl=1","jetpack-related-posts":[{"id":72002,"url":"https:\/\/noticiasribeiraopreto.com.br\/index.php\/2025\/06\/12\/jornal-da-franca-cinco-partidas-movimentam-a-rodada-da-copa-franca-de-basquete-neste-domingo-15\/","url_meta":{"origin":71786,"position":0},"title":"Jornal da Franca &#8211; Cinco partidas movimentam a rodada da Copa Franca de Basquete neste domingo, 15","author":"noticiasribeiraopreto.com.br","date":"12 de June de 2025","format":false,"excerpt":"compartilhar no whatsapp compartilhar no telegram compartilhar no facebook compartilhar no linkedin Secretaria de Esporte e Cultura de Franca promove competi\u00e7\u00e3o com 28 equipes participantes Jogos acontecem no Gin\u00e1sio Pedroc\u00e3o a partir das 8h30, reunindo equipes da regi\u00e3o \u00a0 A tradicional Copa Franca de Basquete ter\u00e1 mais uma rodada neste\u2026","rel":"","context":"In &quot;Not\u00edcias de Franca-SP&quot;","block_context":{"text":"Not\u00edcias de Franca-SP","link":"https:\/\/noticiasribeiraopreto.com.br\/index.php\/category\/noticias-de-ribeirao-preto-sp-e-regiao-ismael-colosi\/noticias-franca-sp\/"},"img":{"alt_text":"","src":"https:\/\/i0.wp.com\/noticiasribeiraopreto.com.br\/wp-content\/uploads\/2025\/06\/Copa-Basquete.jpeg?fit=1200%2C802&ssl=1&resize=350%2C200","width":350,"height":200,"srcset":"https:\/\/i0.wp.com\/noticiasribeiraopreto.com.br\/wp-content\/uploads\/2025\/06\/Copa-Basquete.jpeg?fit=1200%2C802&ssl=1&resize=350%2C200 1x, https:\/\/i0.wp.com\/noticiasribeiraopreto.com.br\/wp-content\/uploads\/2025\/06\/Copa-Basquete.jpeg?fit=1200%2C802&ssl=1&resize=525%2C300 1.5x, https:\/\/i0.wp.com\/noticiasribeiraopreto.com.br\/wp-content\/uploads\/2025\/06\/Copa-Basquete.jpeg?fit=1200%2C802&ssl=1&resize=700%2C400 2x, https:\/\/i0.wp.com\/noticiasribeiraopreto.com.br\/wp-content\/uploads\/2025\/06\/Copa-Basquete.jpeg?fit=1200%2C802&ssl=1&resize=1050%2C600 3x"},"classes":[]},{"id":69340,"url":"https:\/\/noticiasribeiraopreto.com.br\/index.php\/2025\/05\/05\/jornal-da-franca-implantacao-de-escola-civico-militar-em-franca-e-tema-de-debates-na-camara-municipal\/","url_meta":{"origin":71786,"position":1},"title":"Jornal da Franca &#8211; Implanta\u00e7\u00e3o de escola c\u00edvico-militar em Franca \u00e9 tema de debates na C\u00e2mara Municipal","author":"noticiasribeiraopreto.com.br","date":"5 de May de 2025","format":false,"excerpt":"compartilhar no whatsapp compartilhar no telegram compartilhar no facebook compartilhar no linkedin Mun\u00edcipe agradece apoio de vereadores e parlamentares para que Franca fosse contemplada com o modelo educacional A implanta\u00e7\u00e3o do Programa das Escolas C\u00edvico-Militares em Franca, pauta defendida pela direita, foi tema abordado durante a sess\u00e3o ordin\u00e1ria da C\u00e2mara\u2026","rel":"","context":"In &quot;Not\u00edcias de Franca-SP&quot;","block_context":{"text":"Not\u00edcias de Franca-SP","link":"https:\/\/noticiasribeiraopreto.com.br\/index.php\/category\/noticias-de-ribeirao-preto-sp-e-regiao-ismael-colosi\/noticias-franca-sp\/"},"img":{"alt_text":"","src":"https:\/\/i0.wp.com\/noticiasribeiraopreto.com.br\/wp-content\/uploads\/2025\/05\/1746449336_plenariodiagonal_0.jpg?fit=930%2C558&ssl=1&resize=350%2C200","width":350,"height":200,"srcset":"https:\/\/i0.wp.com\/noticiasribeiraopreto.com.br\/wp-content\/uploads\/2025\/05\/1746449336_plenariodiagonal_0.jpg?fit=930%2C558&ssl=1&resize=350%2C200 1x, https:\/\/i0.wp.com\/noticiasribeiraopreto.com.br\/wp-content\/uploads\/2025\/05\/1746449336_plenariodiagonal_0.jpg?fit=930%2C558&ssl=1&resize=525%2C300 1.5x, https:\/\/i0.wp.com\/noticiasribeiraopreto.com.br\/wp-content\/uploads\/2025\/05\/1746449336_plenariodiagonal_0.jpg?fit=930%2C558&ssl=1&resize=700%2C400 2x"},"classes":[]},{"id":69220,"url":"https:\/\/noticiasribeiraopreto.com.br\/index.php\/2025\/05\/03\/jornal-da-franca-socorristas-que-salvaram-crianca-em-franca-recebem-mocao-de-aplausos-da-camara\/","url_meta":{"origin":71786,"position":2},"title":"Jornal da Franca &#8211; Socorristas que salvaram crian\u00e7a em Franca\u00a0recebem Mo\u00e7\u00e3o de Aplausos da C\u00e2mara","author":"noticiasribeiraopreto.com.br","date":"3 de May de 2025","format":false,"excerpt":"compartilhar no whatsapp compartilhar no telegram compartilhar no facebook compartilhar no linkedin Mo\u00e7\u00e3o reconhece trabalho de equipe de sa\u00fade que atuou no salvamento de beb\u00ea A C\u00e2mara aprovou a Mo\u00e7\u00e3o de Aplausos n\u00ba 41 de 2025, de autoria do vereador Walker Bombeiro da Libras, para a equipe de sa\u00fade da\u2026","rel":"","context":"In &quot;Not\u00edcias de Franca-SP&quot;","block_context":{"text":"Not\u00edcias de Franca-SP","link":"https:\/\/noticiasribeiraopreto.com.br\/index.php\/category\/noticias-de-ribeirao-preto-sp-e-regiao-ismael-colosi\/noticias-franca-sp\/"},"img":{"alt_text":"","src":"https:\/\/i0.wp.com\/noticiasribeiraopreto.com.br\/wp-content\/uploads\/2025\/05\/mocaoravi17sessao.jpg?fit=1000%2C562&ssl=1&resize=350%2C200","width":350,"height":200,"srcset":"https:\/\/i0.wp.com\/noticiasribeiraopreto.com.br\/wp-content\/uploads\/2025\/05\/mocaoravi17sessao.jpg?fit=1000%2C562&ssl=1&resize=350%2C200 1x, https:\/\/i0.wp.com\/noticiasribeiraopreto.com.br\/wp-content\/uploads\/2025\/05\/mocaoravi17sessao.jpg?fit=1000%2C562&ssl=1&resize=525%2C300 1.5x, https:\/\/i0.wp.com\/noticiasribeiraopreto.com.br\/wp-content\/uploads\/2025\/05\/mocaoravi17sessao.jpg?fit=1000%2C562&ssl=1&resize=700%2C400 2x"},"classes":[]},{"id":64747,"url":"https:\/\/noticiasribeiraopreto.com.br\/index.php\/2025\/03\/12\/jornal-da-franca-autoridades-e-produtores-rurais-de-franca-fazem-abertura-da-16-edicao-do-simcafe\/","url_meta":{"origin":71786,"position":3},"title":"Jornal da Franca &#8211; Autoridades e produtores rurais de Franca fazem abertura da 16\u00b0 edi\u00e7\u00e3o do SimCaf\u00e9","author":"noticiasribeiraopreto.com.br","date":"12 de March de 2025","format":false,"excerpt":"compartilhar no whatsapp compartilhar no telegram compartilhar no facebook compartilhar no linkedin Evento re\u00fane cafeicultores e empresas do setor de agro de Franca e regi\u00e3o O Simcaf\u00e9 \u2013 Simp\u00f3sio do Agroneg\u00f3cio Caf\u00e9 da Alta Mogiana \u2013 teve sua 16\u00b0 edi\u00e7\u00e3o aberta nesta ter\u00e7a-feira com a presen\u00e7a de diversas autoridades pol\u00edticas.\u2026","rel":"","context":"In &quot;Not\u00edcias de Franca-SP&quot;","block_context":{"text":"Not\u00edcias de Franca-SP","link":"https:\/\/noticiasribeiraopreto.com.br\/index.php\/category\/noticias-de-ribeirao-preto-sp-e-regiao-ismael-colosi\/noticias-franca-sp\/"},"img":{"alt_text":"","src":"https:\/\/i0.wp.com\/noticiasribeiraopreto.com.br\/wp-content\/uploads\/2025\/03\/IMG_20250311_180004.jpg?fit=804%2C730&ssl=1&resize=350%2C200","width":350,"height":200,"srcset":"https:\/\/i0.wp.com\/noticiasribeiraopreto.com.br\/wp-content\/uploads\/2025\/03\/IMG_20250311_180004.jpg?fit=804%2C730&ssl=1&resize=350%2C200 1x, https:\/\/i0.wp.com\/noticiasribeiraopreto.com.br\/wp-content\/uploads\/2025\/03\/IMG_20250311_180004.jpg?fit=804%2C730&ssl=1&resize=525%2C300 1.5x, https:\/\/i0.wp.com\/noticiasribeiraopreto.com.br\/wp-content\/uploads\/2025\/03\/IMG_20250311_180004.jpg?fit=804%2C730&ssl=1&resize=700%2C400 2x"},"classes":[]},{"id":69837,"url":"https:\/\/noticiasribeiraopreto.com.br\/index.php\/2025\/05\/09\/jornal-da-franca-comissao-da-camara-de-franca-cobra-informacoes-das-secretarias-de-saude-e-educacao\/","url_meta":{"origin":71786,"position":4},"title":"Jornal da Franca &#8211; Comiss\u00e3o da C\u00e2mara de Franca cobra informa\u00e7\u00f5es das secretarias de Sa\u00fade e Educa\u00e7\u00e3o","author":"noticiasribeiraopreto.com.br","date":"9 de May de 2025","format":false,"excerpt":"compartilhar no whatsapp compartilhar no telegram compartilhar no facebook compartilhar no linkedin Grupo de vereadores fiscaliza condi\u00e7\u00f5es de trabalho de servidores municipais Os vereadores Mar\u00edlia Martins (PSOL), Gilson Pelizaro (PT), Marcelo Tidy (MDB) e Zezinho Cabeleireiro (PSD), integrantes da Comiss\u00e3o Especial de Assuntos Relevantes (CEAR) da C\u00e2mara Municipal de Franca,\u2026","rel":"","context":"In &quot;Not\u00edcias de Franca-SP&quot;","block_context":{"text":"Not\u00edcias de Franca-SP","link":"https:\/\/noticiasribeiraopreto.com.br\/index.php\/category\/noticias-de-ribeirao-preto-sp-e-regiao-ismael-colosi\/noticias-franca-sp\/"},"img":{"alt_text":"","src":"https:\/\/i0.wp.com\/noticiasribeiraopreto.com.br\/wp-content\/uploads\/2025\/05\/pLENARIO-10.jpg?fit=930%2C558&ssl=1&resize=350%2C200","width":350,"height":200,"srcset":"https:\/\/i0.wp.com\/noticiasribeiraopreto.com.br\/wp-content\/uploads\/2025\/05\/pLENARIO-10.jpg?fit=930%2C558&ssl=1&resize=350%2C200 1x, https:\/\/i0.wp.com\/noticiasribeiraopreto.com.br\/wp-content\/uploads\/2025\/05\/pLENARIO-10.jpg?fit=930%2C558&ssl=1&resize=525%2C300 1.5x, https:\/\/i0.wp.com\/noticiasribeiraopreto.com.br\/wp-content\/uploads\/2025\/05\/pLENARIO-10.jpg?fit=930%2C558&ssl=1&resize=700%2C400 2x"},"classes":[]},{"id":67863,"url":"https:\/\/noticiasribeiraopreto.com.br\/index.php\/2025\/04\/19\/jornal-da-franca-sesi-franca-quer-vencer-o-cordoba-e-deixar-a-champions-league-de-cabeca-erguida\/","url_meta":{"origin":71786,"position":5},"title":"Jornal da Franca &#8211; Sesi Franca quer vencer o C\u00f3rdoba e deixar a Champions League de cabe\u00e7a erguida","author":"noticiasribeiraopreto.com.br","date":"19 de April de 2025","format":false,"excerpt":"compartilhar no whatsapp compartilhar no telegram compartilhar no facebook compartilhar no linkedin Jogo de hoje servir\u00e1 para a equipe se reencontrar e encerrar campeonato honrosamente O Sesi Franca ainda procura se reencontrar ap\u00f3s a elimina\u00e7\u00e3o contra o Flamengo pelas semifinais da Champions League, por 91 a 65, na noite desta\u2026","rel":"","context":"In &quot;Not\u00edcias de Franca-SP&quot;","block_context":{"text":"Not\u00edcias de Franca-SP","link":"https:\/\/noticiasribeiraopreto.com.br\/index.php\/category\/noticias-de-ribeirao-preto-sp-e-regiao-ismael-colosi\/noticias-franca-sp\/"},"img":{"alt_text":"","src":"https:\/\/i0.wp.com\/noticiasribeiraopreto.com.br\/wp-content\/uploads\/2025\/04\/IMG_20250418_111654.jpg?fit=1080%2C710&ssl=1&resize=350%2C200","width":350,"height":200,"srcset":"https:\/\/i0.wp.com\/noticiasribeiraopreto.com.br\/wp-content\/uploads\/2025\/04\/IMG_20250418_111654.jpg?fit=1080%2C710&ssl=1&resize=350%2C200 1x, https:\/\/i0.wp.com\/noticiasribeiraopreto.com.br\/wp-content\/uploads\/2025\/04\/IMG_20250418_111654.jpg?fit=1080%2C710&ssl=1&resize=525%2C300 1.5x, https:\/\/i0.wp.com\/noticiasribeiraopreto.com.br\/wp-content\/uploads\/2025\/04\/IMG_20250418_111654.jpg?fit=1080%2C710&ssl=1&resize=700%2C400 2x, https:\/\/i0.wp.com\/noticiasribeiraopreto.com.br\/wp-content\/uploads\/2025\/04\/IMG_20250418_111654.jpg?fit=1080%2C710&ssl=1&resize=1050%2C600 3x"},"classes":[]}],"jetpack_sharing_enabled":true,"jetpack_shortlink":"https:\/\/wp.me\/peQAOb-iFQ","_links":{"self":[{"href":"https:\/\/noticiasribeiraopreto.com.br\/index.php\/wp-json\/wp\/v2\/posts\/71786","targetHints":{"allow":["GET"]}}],"collection":[{"href":"https:\/\/noticiasribeiraopreto.com.br\/index.php\/wp-json\/wp\/v2\/posts"}],"about":[{"href":"https:\/\/noticiasribeiraopreto.com.br\/index.php\/wp-json\/wp\/v2\/types\/post"}],"author":[{"embeddable":true,"href":"https:\/\/noticiasribeiraopreto.com.br\/index.php\/wp-json\/wp\/v2\/users\/1"}],"replies":[{"embeddable":true,"href":"https:\/\/noticiasribeiraopreto.com.br\/index.php\/wp-json\/wp\/v2\/comments?post=71786"}],"version-history":[{"count":0,"href":"https:\/\/noticiasribeiraopreto.com.br\/index.php\/wp-json\/wp\/v2\/posts\/71786\/revisions"}],"wp:featuredmedia":[{"embeddable":true,"href":"https:\/\/noticiasribeiraopreto.com.br\/index.php\/wp-json\/wp\/v2\/media\/71787"}],"wp:attachment":[{"href":"https:\/\/noticiasribeiraopreto.com.br\/index.php\/wp-json\/wp\/v2\/media?parent=71786"}],"wp:term":[{"taxonomy":"category","embeddable":true,"href":"https:\/\/noticiasribeiraopreto.com.br\/index.php\/wp-json\/wp\/v2\/categories?post=71786"},{"taxonomy":"post_tag","embeddable":true,"href":"https:\/\/noticiasribeiraopreto.com.br\/index.php\/wp-json\/wp\/v2\/tags?post=71786"}],"curies":[{"name":"wp","href":"https:\/\/api.w.org\/{rel}","templated":true}]}}