{"id":71793,"date":"2025-06-10T11:37:53","date_gmt":"2025-06-10T14:37:53","guid":{"rendered":"https:\/\/noticiasribeiraopreto.com.br\/index.php\/2025\/06\/10\/caso-nelson-bombeiros-aguardam-equipamento-especial-para-buscas\/"},"modified":"2025-06-10T11:37:53","modified_gmt":"2025-06-10T14:37:53","slug":"caso-nelson-bombeiros-aguardam-equipamento-especial-para-buscas","status":"publish","type":"post","link":"https:\/\/noticiasribeiraopreto.com.br\/index.php\/2025\/06\/10\/caso-nelson-bombeiros-aguardam-equipamento-especial-para-buscas\/","title":{"rendered":"Caso Nelson: Bombeiros aguardam equipamento especial para buscas"},"content":{"rendered":"<p> <br \/>\n<\/p>\n<div data-td-block-uid=\"tdi_95\">\n<div class=\"tdb-block-inner td-fix-index\">\n<p><strong>O Corpo de Bombeiros de Franca aguarda a chegada de um detector de metais submerso, prevista para a\u00a0tarde desta ter\u00e7a-feira (10), para refor\u00e7ar as buscas pelo empres\u00e1rio Nelson Carreira Filho, no rio Grande, em Miguel\u00f3polis.<\/strong><\/p>\n<p>Segundo informa\u00e7\u00f5es, <mark style=\"background-color:#fcb900\" class=\"has-inline-color has-black-color\">o aparelho est\u00e1 sendo trazido por uma equipe do Grupamento de Bombeiros Mar\u00edtimos (GBMar) de Santos.<\/mark><\/p>\n<p>O detector dever\u00e1 ser utilizado para auxiliar nas buscas em \u00e1reas de maior profundidade e com visibilidade comprometida.<\/p>\n<p>A expectativa \u00e9 que o equipamento ajude a localizar poss\u00edveis objetos met\u00e1licos que estejam junto ao corpo.<\/p>\n<h2 class=\"wp-block-heading\"><strong>Indicou o local<\/strong><\/h2>\n<p>Na \u00faltima quinta-feira (5), um suspeito preso por envolvimento no crime indicou o trecho do rio Grande, onde o corpo da v\u00edtima pode ter sido jogado.<\/p>\n<p>Nelson est\u00e1\u00a0desaparecido\u00a0desde o dia\u00a016 de maio, ap\u00f3s uma\u00a0reuni\u00e3o\u00a0de\u00a0neg\u00f3cios\u00a0em\u00a0Cravinhos.<\/p>\n<p>Tr\u00eas pessoas j\u00e1 foram presas depois que a Justi\u00e7a\u00a0decretou as pris\u00f5es. Marlon Couto Paula J\u00fanior, que teria confessado em carta o assassinato do empres\u00e1rio, segue\u00a0foragido.\u00a0<\/p>\n<p><!-- CONTENT END 2 -->\n<\/div>\n<\/div>\n<p><br \/>\n<br \/><a href=\"https:\/\/www.acidadeon.com\/ribeiraopreto\/cotidiano\/caso-nelson-bombeiros-aguardam-equipamento-especial-para-buscas\/\">Source link <\/a><\/p>\n","protected":false},"excerpt":{"rendered":"<p>O Corpo de Bombeiros de Franca aguarda a chegada de um detector de metais submerso, prevista para a\u00a0tarde desta ter\u00e7a-feira (10), para refor\u00e7ar as buscas&#8230;<\/p>\n","protected":false},"author":1,"featured_media":71794,"comment_status":"open","ping_status":"open","sticky":false,"template":"","format":"standard","meta":{"advanced_seo_description":"","jetpack_seo_html_title":"","jetpack_seo_noindex":false,"jetpack_post_was_ever_published":false,"_jetpack_newsletter_access":"","_jetpack_dont_email_post_to_subs":false,"_jetpack_newsletter_tier_id":0,"_jetpack_memberships_contains_paywalled_content":false,"_jetpack_memberships_contains_paid_content":false,"footnotes":"","jetpack_publicize_message":"","jetpack_publicize_feature_enabled":true,"jetpack_social_post_already_shared":true,"jetpack_social_options":{"image_generator_settings":{"template":"highway","default_image_id":0,"font":"","enabled":false},"version":2}},"categories":[11],"tags":[],"class_list":["post-71793","post","type-post","status-publish","format-standard","has-post-thumbnail","hentry","category-noticias-de-ribeirao-preto-sp-e-regiao-ismael-colosi"],"jetpack_publicize_connections":[],"jetpack_featured_media_url":"https:\/\/i0.wp.com\/noticiasribeiraopreto.com.br\/wp-content\/uploads\/2025\/06\/BUSCAS_2025-06-10_14-07-34.webp.webp?fit=1200%2C665&ssl=1","jetpack-related-posts":[{"id":71915,"url":"https:\/\/noticiasribeiraopreto.com.br\/index.php\/2025\/06\/11\/caso-nelson-detector-de-metais-e-usado-nas-buscas-por-corpo\/","url_meta":{"origin":71793,"position":0},"title":"Caso Nelson: Detector de metais \u00e9 usado nas buscas por corpo","author":"noticiasribeiraopreto.com.br","date":"11 de June de 2025","format":false,"excerpt":"Bombeiros de Santos juntaram-se aos bombeiros de Franca e Orl\u00e2ndia nas buscas pelo corpo do empres\u00e1rio paulistano 11 de junho de 2025 12:4811 de junho de 2025 12:5011 Compartilhar2 Por: Adalberto Luque As buscas pelo corpo do empres\u00e1rio paulistano Nelson Francisco Carreira Filho, de 44 anos, entraram no s\u00e9timo dia,\u2026","rel":"","context":"In &quot;Not\u00edcias de Ribeir\u00e3o Preto-SP e Regi\u00e3o&quot;","block_context":{"text":"Not\u00edcias de Ribeir\u00e3o Preto-SP e Regi\u00e3o","link":"https:\/\/noticiasribeiraopreto.com.br\/index.php\/category\/noticias-de-ribeirao-preto-sp-e-regiao-ismael-colosi\/"},"img":{"alt_text":"","src":"https:\/\/i0.wp.com\/noticiasribeiraopreto.com.br\/wp-content\/uploads\/2025\/06\/06-jun-2025-casonelsonbuscasriogrande3-scaled.jpg?fit=667%2C500&ssl=1&resize=350%2C200","width":350,"height":200,"srcset":"https:\/\/i0.wp.com\/noticiasribeiraopreto.com.br\/wp-content\/uploads\/2025\/06\/06-jun-2025-casonelsonbuscasriogrande3-scaled.jpg?fit=667%2C500&ssl=1&resize=350%2C200 1x, https:\/\/i0.wp.com\/noticiasribeiraopreto.com.br\/wp-content\/uploads\/2025\/06\/06-jun-2025-casonelsonbuscasriogrande3-scaled.jpg?fit=667%2C500&ssl=1&resize=525%2C300 1.5x"},"classes":[]},{"id":71932,"url":"https:\/\/noticiasribeiraopreto.com.br\/index.php\/2025\/06\/11\/caso-nelson-detector-de-metais-comeca-a-ser-utilizado-para-localizar-corpo-de-empresario\/","url_meta":{"origin":71793,"position":1},"title":"Caso Nelson: Detector de metais come\u00e7a a ser utilizado para localizar corpo de empres\u00e1rio","author":"noticiasribeiraopreto.com.br","date":"11 de June de 2025","format":false,"excerpt":"As buscas pelo corpo do empres\u00e1rio Nelson Carreira Filho continuam em Miguel\u00f3polis, na regi\u00e3o de Ribeir\u00e3o Preto, nesta quarta-feira (11), com apoio de um detector de metais submerso vindo da cidade de Santos. O Corpo de Bombeiros iniciou os trabalhos por volta das 11h da manh\u00e3, com equipes de Franca,\u2026","rel":"","context":"In &quot;Not\u00edcias de Ribeir\u00e3o Preto-SP e Regi\u00e3o&quot;","block_context":{"text":"Not\u00edcias de Ribeir\u00e3o Preto-SP e Regi\u00e3o","link":"https:\/\/noticiasribeiraopreto.com.br\/index.php\/category\/noticias-de-ribeirao-preto-sp-e-regiao-ismael-colosi\/"},"img":{"alt_text":"","src":"https:\/\/i0.wp.com\/noticiasribeiraopreto.com.br\/wp-content\/uploads\/2025\/06\/Copia-de-Copia-de-Copia-de-TAMANHO-EXATO-PARA-FOTOS-NO-SISTEMA-NOVO-2025-06-11T130706.004_2025-06-11_16-07-19.webp.webp?fit=1200%2C675&ssl=1&resize=350%2C200","width":350,"height":200,"srcset":"https:\/\/i0.wp.com\/noticiasribeiraopreto.com.br\/wp-content\/uploads\/2025\/06\/Copia-de-Copia-de-Copia-de-TAMANHO-EXATO-PARA-FOTOS-NO-SISTEMA-NOVO-2025-06-11T130706.004_2025-06-11_16-07-19.webp.webp?fit=1200%2C675&ssl=1&resize=350%2C200 1x, https:\/\/i0.wp.com\/noticiasribeiraopreto.com.br\/wp-content\/uploads\/2025\/06\/Copia-de-Copia-de-Copia-de-TAMANHO-EXATO-PARA-FOTOS-NO-SISTEMA-NOVO-2025-06-11T130706.004_2025-06-11_16-07-19.webp.webp?fit=1200%2C675&ssl=1&resize=525%2C300 1.5x, https:\/\/i0.wp.com\/noticiasribeiraopreto.com.br\/wp-content\/uploads\/2025\/06\/Copia-de-Copia-de-Copia-de-TAMANHO-EXATO-PARA-FOTOS-NO-SISTEMA-NOVO-2025-06-11T130706.004_2025-06-11_16-07-19.webp.webp?fit=1200%2C675&ssl=1&resize=700%2C400 2x, https:\/\/i0.wp.com\/noticiasribeiraopreto.com.br\/wp-content\/uploads\/2025\/06\/Copia-de-Copia-de-Copia-de-TAMANHO-EXATO-PARA-FOTOS-NO-SISTEMA-NOVO-2025-06-11T130706.004_2025-06-11_16-07-19.webp.webp?fit=1200%2C675&ssl=1&resize=1050%2C600 3x"},"classes":[]},{"id":70880,"url":"https:\/\/noticiasribeiraopreto.com.br\/index.php\/2025\/05\/30\/bombeiros-iniciam-buscas-no-rio-grande-por-corpo-de-empresario-veja-o-video\/","url_meta":{"origin":71793,"position":2},"title":"Bombeiros iniciam buscas no rio Grande por corpo de empres\u00e1rio; Veja o v\u00eddeo","author":"noticiasribeiraopreto.com.br","date":"30 de May de 2025","format":false,"excerpt":"Os Bombeiros come\u00e7aram na tarde desta sexta-feira (30) as buscas pelo corpo do empres\u00e1rio Nelson Francisco Carreira Filho, no rio Grande, em Miguel\u00f3polis. Os agentes come\u00e7aram os trabalhos nas proximidades do rancho de Marlon Couto Paula J\u00fanior, suspeito de envolvimento na morte do empres\u00e1rio \u2013 veja o v\u00eddeo abaixo. No\u2026","rel":"","context":"In &quot;Not\u00edcias de Ribeir\u00e3o Preto-SP e Regi\u00e3o&quot;","block_context":{"text":"Not\u00edcias de Ribeir\u00e3o Preto-SP e Regi\u00e3o","link":"https:\/\/noticiasribeiraopreto.com.br\/index.php\/category\/noticias-de-ribeirao-preto-sp-e-regiao-ismael-colosi\/"},"img":{"alt_text":"","src":"https:\/\/i0.wp.com\/noticiasribeiraopreto.com.br\/wp-content\/uploads\/2025\/05\/rio-grande_2025-05-30_19-54-15.webp.webp?fit=1200%2C671&ssl=1&resize=350%2C200","width":350,"height":200,"srcset":"https:\/\/i0.wp.com\/noticiasribeiraopreto.com.br\/wp-content\/uploads\/2025\/05\/rio-grande_2025-05-30_19-54-15.webp.webp?fit=1200%2C671&ssl=1&resize=350%2C200 1x, https:\/\/i0.wp.com\/noticiasribeiraopreto.com.br\/wp-content\/uploads\/2025\/05\/rio-grande_2025-05-30_19-54-15.webp.webp?fit=1200%2C671&ssl=1&resize=525%2C300 1.5x, https:\/\/i0.wp.com\/noticiasribeiraopreto.com.br\/wp-content\/uploads\/2025\/05\/rio-grande_2025-05-30_19-54-15.webp.webp?fit=1200%2C671&ssl=1&resize=700%2C400 2x, https:\/\/i0.wp.com\/noticiasribeiraopreto.com.br\/wp-content\/uploads\/2025\/05\/rio-grande_2025-05-30_19-54-15.webp.webp?fit=1200%2C671&ssl=1&resize=1050%2C600 3x"},"classes":[]},{"id":71957,"url":"https:\/\/noticiasribeiraopreto.com.br\/index.php\/2025\/06\/11\/caso-nelson-buscas-pelo-corpo-do-empresario-sao-suspensas-por-tempo-indeterminado\/","url_meta":{"origin":71793,"position":3},"title":"Caso Nelson: buscas pelo corpo do empres\u00e1rio s\u00e3o suspensas por tempo indeterminado","author":"noticiasribeiraopreto.com.br","date":"11 de June de 2025","format":false,"excerpt":"O 9\u00ba Grupamento de Bombeiros anunciou, nesta quarta-feira (11), a suspens\u00e3o por tempo indeterminado das buscas pelo corpo do empres\u00e1rio Nelson Carreira, desaparecido desde 16 de maio de 2025. Segundo depoimento de um dos suspeitos, ele teria sido assassinado em Cravinhos, na regi\u00e3o de Ribeir\u00e3o Preto, e o corpo jogado\u2026","rel":"","context":"In &quot;Not\u00edcias de Ribeir\u00e3o Preto-SP e Regi\u00e3o&quot;","block_context":{"text":"Not\u00edcias de Ribeir\u00e3o Preto-SP e Regi\u00e3o","link":"https:\/\/noticiasribeiraopreto.com.br\/index.php\/category\/noticias-de-ribeirao-preto-sp-e-regiao-ismael-colosi\/"},"img":{"alt_text":"","src":"https:\/\/i0.wp.com\/noticiasribeiraopreto.com.br\/wp-content\/uploads\/2025\/06\/BUSCAS_2025-06-10_14-07-34.webp.webp?fit=1200%2C665&ssl=1&resize=350%2C200","width":350,"height":200,"srcset":"https:\/\/i0.wp.com\/noticiasribeiraopreto.com.br\/wp-content\/uploads\/2025\/06\/BUSCAS_2025-06-10_14-07-34.webp.webp?fit=1200%2C665&ssl=1&resize=350%2C200 1x, https:\/\/i0.wp.com\/noticiasribeiraopreto.com.br\/wp-content\/uploads\/2025\/06\/BUSCAS_2025-06-10_14-07-34.webp.webp?fit=1200%2C665&ssl=1&resize=525%2C300 1.5x, https:\/\/i0.wp.com\/noticiasribeiraopreto.com.br\/wp-content\/uploads\/2025\/06\/BUSCAS_2025-06-10_14-07-34.webp.webp?fit=1200%2C665&ssl=1&resize=700%2C400 2x, https:\/\/i0.wp.com\/noticiasribeiraopreto.com.br\/wp-content\/uploads\/2025\/06\/BUSCAS_2025-06-10_14-07-34.webp.webp?fit=1200%2C665&ssl=1&resize=1050%2C600 3x"},"classes":[]},{"id":79930,"url":"https:\/\/noticiasribeiraopreto.com.br\/index.php\/2025\/11\/11\/bombeiros-continuam-as-buscas-no-rio-pardo\/","url_meta":{"origin":71793,"position":4},"title":"Bombeiros continuam as buscas no Rio Pardo","author":"noticiasribeiraopreto.com.br","date":"11 de November de 2025","format":false,"excerpt":"11 de novembro de 2025 11:2924 Compartilhar2Por: Adalberto LuqueOs bombeiros iniciaram o terceiro dia de buscas pelo corpo de Miguel Ferreira dos Santos, de 21 anos. As a\u00e7\u00f5es come\u00e7aram logo no in\u00edcio da manh\u00e3 desta ter\u00e7a-feira, 11 de novembro.Miguel est\u00e1 desaparecido desde o domingo, por volta de 16h00, quando mergulhou\u2026","rel":"","context":"In &quot;Not\u00edcias de Ribeir\u00e3o Preto-SP e Regi\u00e3o&quot;","block_context":{"text":"Not\u00edcias de Ribeir\u00e3o Preto-SP e Regi\u00e3o","link":"https:\/\/noticiasribeiraopreto.com.br\/index.php\/category\/noticias-de-ribeirao-preto-sp-e-regiao-ismael-colosi\/"},"img":{"alt_text":"","src":"https:\/\/i0.wp.com\/noticiasribeiraopreto.com.br\/wp-content\/uploads\/2025\/11\/11-nov-2025-procuracorpo-scaled.jpg?fit=1200%2C652&ssl=1&resize=350%2C200","width":350,"height":200,"srcset":"https:\/\/i0.wp.com\/noticiasribeiraopreto.com.br\/wp-content\/uploads\/2025\/11\/11-nov-2025-procuracorpo-scaled.jpg?fit=1200%2C652&ssl=1&resize=350%2C200 1x, https:\/\/i0.wp.com\/noticiasribeiraopreto.com.br\/wp-content\/uploads\/2025\/11\/11-nov-2025-procuracorpo-scaled.jpg?fit=1200%2C652&ssl=1&resize=525%2C300 1.5x, https:\/\/i0.wp.com\/noticiasribeiraopreto.com.br\/wp-content\/uploads\/2025\/11\/11-nov-2025-procuracorpo-scaled.jpg?fit=1200%2C652&ssl=1&resize=700%2C400 2x, https:\/\/i0.wp.com\/noticiasribeiraopreto.com.br\/wp-content\/uploads\/2025\/11\/11-nov-2025-procuracorpo-scaled.jpg?fit=1200%2C652&ssl=1&resize=1050%2C600 3x"},"classes":[]},{"id":70996,"url":"https:\/\/noticiasribeiraopreto.com.br\/index.php\/2025\/06\/01\/caso-nelson-buscas-por-empresario-sao-interrompidas-no-rio-grande\/","url_meta":{"origin":71793,"position":5},"title":"Caso Nelson: Buscas por empres\u00e1rio s\u00e3o interrompidas no rio Grande","author":"noticiasribeiraopreto.com.br","date":"1 de June de 2025","format":false,"excerpt":"As buscas pelo empres\u00e1rio\u00a0Nelson Francisco Carreira Filho foram interrompidas neste domingo (1), no rio Grande, em\u00a0Miguel\u00f3polis, a 130 quil\u00f4metros de\u00a0Ribeir\u00e3o Preto. Na sexta-feira 30), o Corpo de Bombeiros de Franca realizou uma vistoria no local e as buscas foram iniciadas neste s\u00e1bado (31), com uma varredura das encostas pela equipe\u2026","rel":"","context":"In &quot;Not\u00edcias de Ribeir\u00e3o Preto-SP e Regi\u00e3o&quot;","block_context":{"text":"Not\u00edcias de Ribeir\u00e3o Preto-SP e Regi\u00e3o","link":"https:\/\/noticiasribeiraopreto.com.br\/index.php\/category\/noticias-de-ribeirao-preto-sp-e-regiao-ismael-colosi\/"},"img":{"alt_text":"","src":"https:\/\/i0.wp.com\/noticiasribeiraopreto.com.br\/wp-content\/uploads\/2025\/06\/BUSCAS_2025-06-01_16-14-09.webp.webp?fit=1200%2C666&ssl=1&resize=350%2C200","width":350,"height":200,"srcset":"https:\/\/i0.wp.com\/noticiasribeiraopreto.com.br\/wp-content\/uploads\/2025\/06\/BUSCAS_2025-06-01_16-14-09.webp.webp?fit=1200%2C666&ssl=1&resize=350%2C200 1x, https:\/\/i0.wp.com\/noticiasribeiraopreto.com.br\/wp-content\/uploads\/2025\/06\/BUSCAS_2025-06-01_16-14-09.webp.webp?fit=1200%2C666&ssl=1&resize=525%2C300 1.5x, https:\/\/i0.wp.com\/noticiasribeiraopreto.com.br\/wp-content\/uploads\/2025\/06\/BUSCAS_2025-06-01_16-14-09.webp.webp?fit=1200%2C666&ssl=1&resize=700%2C400 2x, https:\/\/i0.wp.com\/noticiasribeiraopreto.com.br\/wp-content\/uploads\/2025\/06\/BUSCAS_2025-06-01_16-14-09.webp.webp?fit=1200%2C666&ssl=1&resize=1050%2C600 3x"},"classes":[]}],"jetpack_sharing_enabled":true,"jetpack_shortlink":"https:\/\/wp.me\/peQAOb-iFX","_links":{"self":[{"href":"https:\/\/noticiasribeiraopreto.com.br\/index.php\/wp-json\/wp\/v2\/posts\/71793","targetHints":{"allow":["GET"]}}],"collection":[{"href":"https:\/\/noticiasribeiraopreto.com.br\/index.php\/wp-json\/wp\/v2\/posts"}],"about":[{"href":"https:\/\/noticiasribeiraopreto.com.br\/index.php\/wp-json\/wp\/v2\/types\/post"}],"author":[{"embeddable":true,"href":"https:\/\/noticiasribeiraopreto.com.br\/index.php\/wp-json\/wp\/v2\/users\/1"}],"replies":[{"embeddable":true,"href":"https:\/\/noticiasribeiraopreto.com.br\/index.php\/wp-json\/wp\/v2\/comments?post=71793"}],"version-history":[{"count":0,"href":"https:\/\/noticiasribeiraopreto.com.br\/index.php\/wp-json\/wp\/v2\/posts\/71793\/revisions"}],"wp:featuredmedia":[{"embeddable":true,"href":"https:\/\/noticiasribeiraopreto.com.br\/index.php\/wp-json\/wp\/v2\/media\/71794"}],"wp:attachment":[{"href":"https:\/\/noticiasribeiraopreto.com.br\/index.php\/wp-json\/wp\/v2\/media?parent=71793"}],"wp:term":[{"taxonomy":"category","embeddable":true,"href":"https:\/\/noticiasribeiraopreto.com.br\/index.php\/wp-json\/wp\/v2\/categories?post=71793"},{"taxonomy":"post_tag","embeddable":true,"href":"https:\/\/noticiasribeiraopreto.com.br\/index.php\/wp-json\/wp\/v2\/tags?post=71793"}],"curies":[{"name":"wp","href":"https:\/\/api.w.org\/{rel}","templated":true}]}}