{"id":71795,"date":"2025-06-10T11:44:27","date_gmt":"2025-06-10T14:44:27","guid":{"rendered":"https:\/\/noticiasribeiraopreto.com.br\/index.php\/2025\/06\/10\/arena-rock-ribeirao-preto-recebe-festival-gratuito-em-comemoracao-ao-aniversario-da-cidade\/"},"modified":"2025-06-10T11:44:27","modified_gmt":"2025-06-10T14:44:27","slug":"arena-rock-ribeirao-preto-recebe-festival-gratuito-em-comemoracao-ao-aniversario-da-cidade","status":"publish","type":"post","link":"https:\/\/noticiasribeiraopreto.com.br\/index.php\/2025\/06\/10\/arena-rock-ribeirao-preto-recebe-festival-gratuito-em-comemoracao-ao-aniversario-da-cidade\/","title":{"rendered":"Arena Rock: Ribeir\u00e3o Preto recebe festival gratuito em comemora\u00e7\u00e3o ao anivers\u00e1rio da cidade"},"content":{"rendered":"<p> <br \/>\n<\/p>\n<div data-td-block-uid=\"tdi_95\">\n<div class=\"tdb-block-inner td-fix-index\">\n<p>A <strong>11\u00aa<\/strong> edi\u00e7\u00e3o do <strong>Arena Rock<\/strong> acontece na pr\u00f3xima <strong>ter\u00e7a-feira (17)<\/strong>, no <strong>Teatro de Arena de Ribeir\u00e3o Preto<\/strong>, a partir das <strong>16h<\/strong>. O evento conta com <strong>cinco atra\u00e7\u00f5es <\/strong>e entrada <strong>gratuita<\/strong>. A programa\u00e7\u00e3o integra o calend\u00e1rio de <strong>comemora\u00e7\u00e3o <\/strong>do <strong>anivers\u00e1rio <\/strong>de <strong>169 anos<\/strong> da cidade.<\/p>\n<p>Sobem ao palco o<strong> DJ Rodrigo Mod<\/strong> e as bandas <strong>Voodoos<\/strong>, <strong>Nowdays<\/strong> (cover de Slipknot), <strong>Soldiers<\/strong> (cover de System of a Down), e <strong>Dist\u00farbio Mental<\/strong>. O evento segue at\u00e9 as <strong>22h<\/strong>.<\/p>\n<p>Al\u00e9m das atra\u00e7\u00f5es musicais, o <strong>Arena Rock <\/strong>ter\u00e1 flash tattoos, loja, espa\u00e7o kids, food trucks e chope. <\/p>\n<h2 class=\"wp-block-heading\"><strong>Servi\u00e7o<\/strong><\/h2>\n<p><em><strong>Arena Rock em comemora\u00e7\u00e3o aos 169 anos de Ribeir\u00e3o<br \/><\/strong><\/em><strong><em><br \/><\/em>Quando:<\/strong> 17 de junho, ter\u00e7a-feira<br \/><strong>Hor\u00e1rio:<\/strong> Das 16h \u00e0s 22h<br \/><strong>Local:<\/strong> Teatro de Arena | Jardim Mosteiro \u2013 Ribeir\u00e3o Preto<br \/><strong>Entrada gratuita<\/strong><\/p>\n<p>SAIBA MAIS<\/p>\n<p>Inmet publica alerta de queda na temperatura para Ribeir\u00e3o Preto e regi\u00e3o<\/p>\n<h4 class=\"wp-block-heading\"><strong>FIQUE ON<\/strong><\/h4>\n<p>Fique ligado em tudo que acontece em Ribeir\u00e3o Preto e regi\u00e3o. Siga os perfis do <strong>acidade on <\/strong>no <a href=\"https:\/\/www.instagram.com\/acidadeonribeirao\" target=\"_blank\" rel=\"noreferrer noopener\">Instagram<\/a> e no <a href=\"https:\/\/www.facebook.com\/acidadeonribeirao\" target=\"_blank\" rel=\"noreferrer noopener\">Facebook<\/a>.<\/p>\n<p>Receba not\u00edcias do acidade on no WhatsApp. Para entrar no grupo, basta <a href=\"https:\/\/chat.whatsapp.com\/BjKQZ9oJwlz8VVT50NuePq\" target=\"_blank\" rel=\"noreferrer noopener\">clicar aqui<\/a>.<\/p>\n<p>Fa\u00e7a uma den\u00fancia ou sugira uma reportagem sobre Ribeir\u00e3o Preto e regi\u00e3o pelo WhatsApp: 16 99117 7802.<\/p>\n<p>VEJA TAMB\u00c9M<\/p>\n<p>Yara Cortes teve filhos?<\/p>\n<p><!-- CONTENT END 1 -->\n<\/div>\n<\/div>\n<p><script async src=\"\/\/www.instagram.com\/embed.js\"><\/script><br \/>\n<br \/><br \/>\n<br \/><a href=\"https:\/\/www.acidadeon.com\/ribeiraopreto\/lazer-e-cultura\/arena-rock-ribeirao-preto-recebe-festival-gratuito-em-comemoracao-ao-aniversario-da-cidade\/\">Source link <\/a><\/p>\n","protected":false},"excerpt":{"rendered":"<p>A 11\u00aa edi\u00e7\u00e3o do Arena Rock acontece na pr\u00f3xima ter\u00e7a-feira (17), no Teatro de Arena de Ribeir\u00e3o Preto, a partir das 16h. O evento conta&#8230;<\/p>\n","protected":false},"author":1,"featured_media":71796,"comment_status":"open","ping_status":"open","sticky":false,"template":"","format":"standard","meta":{"advanced_seo_description":"","jetpack_seo_html_title":"","jetpack_seo_noindex":false,"jetpack_post_was_ever_published":false,"_jetpack_newsletter_access":"","_jetpack_dont_email_post_to_subs":false,"_jetpack_newsletter_tier_id":0,"_jetpack_memberships_contains_paywalled_content":false,"_jetpack_memberships_contains_paid_content":false,"footnotes":"","jetpack_publicize_message":"","jetpack_publicize_feature_enabled":true,"jetpack_social_post_already_shared":true,"jetpack_social_options":{"image_generator_settings":{"template":"highway","default_image_id":0,"font":"","enabled":false},"version":2}},"categories":[11],"tags":[],"class_list":["post-71795","post","type-post","status-publish","format-standard","has-post-thumbnail","hentry","category-noticias-de-ribeirao-preto-sp-e-regiao-ismael-colosi"],"jetpack_publicize_connections":[],"jetpack_featured_media_url":"https:\/\/i0.wp.com\/noticiasribeiraopreto.com.br\/wp-content\/uploads\/2025\/06\/WhatsApp-Image-2024-03-02-at-17.58.26.jpeg?fit=1600%2C1066&ssl=1","jetpack-related-posts":[{"id":71291,"url":"https:\/\/noticiasribeiraopreto.com.br\/index.php\/2025\/06\/04\/teatro-de-arena-recebe-leci-brandao-no-aniversario-de-169-anos-de-ribeirao-preto\/","url_meta":{"origin":71795,"position":0},"title":"Teatro de Arena recebe Leci Brand\u00e3o no anivers\u00e1rio de 169 anos de Ribeir\u00e3o Preto","author":"noticiasribeiraopreto.com.br","date":"4 de June de 2025","format":false,"excerpt":"O Teatro de Arena recebe a sambista Leci Brand\u00e3o, no pr\u00f3ximo dia 19 de junho, a partir das 20h, para show em comemora\u00e7\u00e3o ao anivers\u00e1rio de 169 anos de Ribeir\u00e3o Preto. A entrada \u00e9 gratuita e aberta ao p\u00fablico. Com 50 anos de carreira, Leci Brand\u00e3o se tornou um dos\u2026","rel":"","context":"In &quot;Not\u00edcias de Ribeir\u00e3o Preto-SP e Regi\u00e3o&quot;","block_context":{"text":"Not\u00edcias de Ribeir\u00e3o Preto-SP e Regi\u00e3o","link":"https:\/\/noticiasribeiraopreto.com.br\/index.php\/category\/noticias-de-ribeirao-preto-sp-e-regiao-ismael-colosi\/"},"img":{"alt_text":"","src":"https:\/\/i0.wp.com\/noticiasribeiraopreto.com.br\/wp-content\/uploads\/2025\/06\/Leci-Branda-o-CREDITOS-ROGER-CIPO-2023-01-21-17-17-33.webp.webp?fit=414%2C280&ssl=1&resize=350%2C200","width":350,"height":200},"classes":[]},{"id":72470,"url":"https:\/\/noticiasribeiraopreto.com.br\/index.php\/2025\/06\/17\/teatro-de-arena-recebe-festival-de-cerveja-artesanal-com-shows-ao-vivo-veja-quando\/","url_meta":{"origin":71795,"position":1},"title":"Teatro de Arena recebe festival de cerveja artesanal com shows ao vivo; Veja quando","author":"noticiasribeiraopreto.com.br","date":"17 de June de 2025","format":false,"excerpt":"O Teatro de Arena, em Ribeir\u00e3o Preto, ser\u00e1 palco da terceira edi\u00e7\u00e3o do Maltesa Beer Rock, nos dias 21 e 22 de junho. O evento conta com entrada gratuita e programa\u00e7\u00e3o para todas as idades. A atividade faz parte das comemora\u00e7\u00f5es oficiais do anivers\u00e1rio de 169 anos da cidade \u2013\u2026","rel":"","context":"In &quot;Not\u00edcias de Ribeir\u00e3o Preto-SP e Regi\u00e3o&quot;","block_context":{"text":"Not\u00edcias de Ribeir\u00e3o Preto-SP e Regi\u00e3o","link":"https:\/\/noticiasribeiraopreto.com.br\/index.php\/category\/noticias-de-ribeirao-preto-sp-e-regiao-ismael-colosi\/"},"img":{"alt_text":"","src":"https:\/\/i0.wp.com\/noticiasribeiraopreto.com.br\/wp-content\/uploads\/2025\/06\/cerveja-artesanal_2025-06-17_14-49-37.webp.webp?fit=1200%2C675&ssl=1&resize=350%2C200","width":350,"height":200,"srcset":"https:\/\/i0.wp.com\/noticiasribeiraopreto.com.br\/wp-content\/uploads\/2025\/06\/cerveja-artesanal_2025-06-17_14-49-37.webp.webp?fit=1200%2C675&ssl=1&resize=350%2C200 1x, https:\/\/i0.wp.com\/noticiasribeiraopreto.com.br\/wp-content\/uploads\/2025\/06\/cerveja-artesanal_2025-06-17_14-49-37.webp.webp?fit=1200%2C675&ssl=1&resize=525%2C300 1.5x, https:\/\/i0.wp.com\/noticiasribeiraopreto.com.br\/wp-content\/uploads\/2025\/06\/cerveja-artesanal_2025-06-17_14-49-37.webp.webp?fit=1200%2C675&ssl=1&resize=700%2C400 2x, https:\/\/i0.wp.com\/noticiasribeiraopreto.com.br\/wp-content\/uploads\/2025\/06\/cerveja-artesanal_2025-06-17_14-49-37.webp.webp?fit=1200%2C675&ssl=1&resize=1050%2C600 3x"},"classes":[]},{"id":51750,"url":"https:\/\/noticiasribeiraopreto.com.br\/index.php\/2024\/05\/29\/confira-a-programacao-de-eventos-em-comemoracao-ao-aniversario-de-ribeirao-preto\/","url_meta":{"origin":71795,"position":2},"title":"Confira a programa\u00e7\u00e3o de eventos em comemora\u00e7\u00e3o ao anivers\u00e1rio de Ribeir\u00e3o Preto","author":"noticiasribeiraopreto.com.br","date":"29 de May de 2024","format":false,"excerpt":"A Secretaria Municipal da Cultura e Turismo divulgou, nesta quarta-feira (29), a programa\u00e7\u00e3o de alguns dos eventos em comemora\u00e7\u00e3o ao anivers\u00e1rio da cidade. Ribeir\u00e3o Preto completa 168 anos no dia 19 de junho. As atividades comemorativas come\u00e7am, nesta quinta-feira (30), e seguem at\u00e9 o fim de junho, em diversos locais\u2026","rel":"","context":"In &quot;Not\u00edcias de Ribeir\u00e3o Preto-SP e Regi\u00e3o&quot;","block_context":{"text":"Not\u00edcias de Ribeir\u00e3o Preto-SP e Regi\u00e3o","link":"https:\/\/noticiasribeiraopreto.com.br\/index.php\/category\/noticias-de-ribeirao-preto-sp-e-regiao-ismael-colosi\/"},"img":{"alt_text":"","src":"https:\/\/i0.wp.com\/noticiasribeiraopreto.com.br\/wp-content\/uploads\/2024\/05\/Copia-de-Copia-de-TAMANHO-EXATO-PARA-FOTOS-NO-SISTEMA-NOVO-61_2024-05-29_20-36-08_jpg_2024-05-29_20-36-09.webp.webp?fit=1200%2C675&ssl=1&resize=350%2C200","width":350,"height":200,"srcset":"https:\/\/i0.wp.com\/noticiasribeiraopreto.com.br\/wp-content\/uploads\/2024\/05\/Copia-de-Copia-de-TAMANHO-EXATO-PARA-FOTOS-NO-SISTEMA-NOVO-61_2024-05-29_20-36-08_jpg_2024-05-29_20-36-09.webp.webp?fit=1200%2C675&ssl=1&resize=350%2C200 1x, https:\/\/i0.wp.com\/noticiasribeiraopreto.com.br\/wp-content\/uploads\/2024\/05\/Copia-de-Copia-de-TAMANHO-EXATO-PARA-FOTOS-NO-SISTEMA-NOVO-61_2024-05-29_20-36-08_jpg_2024-05-29_20-36-09.webp.webp?fit=1200%2C675&ssl=1&resize=525%2C300 1.5x, https:\/\/i0.wp.com\/noticiasribeiraopreto.com.br\/wp-content\/uploads\/2024\/05\/Copia-de-Copia-de-TAMANHO-EXATO-PARA-FOTOS-NO-SISTEMA-NOVO-61_2024-05-29_20-36-08_jpg_2024-05-29_20-36-09.webp.webp?fit=1200%2C675&ssl=1&resize=700%2C400 2x, https:\/\/i0.wp.com\/noticiasribeiraopreto.com.br\/wp-content\/uploads\/2024\/05\/Copia-de-Copia-de-TAMANHO-EXATO-PARA-FOTOS-NO-SISTEMA-NOVO-61_2024-05-29_20-36-08_jpg_2024-05-29_20-36-09.webp.webp?fit=1200%2C675&ssl=1&resize=1050%2C600 3x"},"classes":[]},{"id":52411,"url":"https:\/\/noticiasribeiraopreto.com.br\/index.php\/2024\/06\/07\/bairro-tradicional-de-ribeirao-recebe-evento-cultural-em-comemoracao-ao-aniversario\/","url_meta":{"origin":71795,"position":3},"title":"Bairro tradicional de Ribeir\u00e3o recebe evento cultural em comemora\u00e7\u00e3o ao anivers\u00e1rio","author":"noticiasribeiraopreto.com.br","date":"7 de June de 2024","format":false,"excerpt":"O projeto \u201cCultura em Todo Lugar\u201d ser\u00e1 realizado neste s\u00e1bado (8) e domingo (9), nas pra\u00e7as Cora\u00e7\u00e3o de Maria e Jos\u00e9 Mortari, respectivamente, em comemora\u00e7\u00e3o aos 131 anos da Vila Tib\u00e9rio, tradicional bairro na zona Oeste de Ribeir\u00e3o Preto. Todas as atra\u00e7\u00f5es s\u00e3o gratuitas e ser\u00e3o realizadas das 9h \u00e0s\u2026","rel":"","context":"In &quot;Not\u00edcias de Ribeir\u00e3o Preto-SP e Regi\u00e3o&quot;","block_context":{"text":"Not\u00edcias de Ribeir\u00e3o Preto-SP e Regi\u00e3o","link":"https:\/\/noticiasribeiraopreto.com.br\/index.php\/category\/noticias-de-ribeirao-preto-sp-e-regiao-ismael-colosi\/"},"img":{"alt_text":"","src":"https:\/\/i0.wp.com\/noticiasribeiraopreto.com.br\/wp-content\/uploads\/2024\/06\/cultura_em_todo_lugar_3.jpg?fit=1200%2C882&ssl=1&resize=350%2C200","width":350,"height":200,"srcset":"https:\/\/i0.wp.com\/noticiasribeiraopreto.com.br\/wp-content\/uploads\/2024\/06\/cultura_em_todo_lugar_3.jpg?fit=1200%2C882&ssl=1&resize=350%2C200 1x, https:\/\/i0.wp.com\/noticiasribeiraopreto.com.br\/wp-content\/uploads\/2024\/06\/cultura_em_todo_lugar_3.jpg?fit=1200%2C882&ssl=1&resize=525%2C300 1.5x, https:\/\/i0.wp.com\/noticiasribeiraopreto.com.br\/wp-content\/uploads\/2024\/06\/cultura_em_todo_lugar_3.jpg?fit=1200%2C882&ssl=1&resize=700%2C400 2x, https:\/\/i0.wp.com\/noticiasribeiraopreto.com.br\/wp-content\/uploads\/2024\/06\/cultura_em_todo_lugar_3.jpg?fit=1200%2C882&ssl=1&resize=1050%2C600 3x"},"classes":[]},{"id":75099,"url":"https:\/\/noticiasribeiraopreto.com.br\/index.php\/2025\/08\/03\/ribeirao-preto-recebe-arena-rock-edicao-especial-dia-dos-pais\/","url_meta":{"origin":71795,"position":4},"title":"Ribeir\u00e3o Preto recebe Arena Rock edi\u00e7\u00e3o especial Dia dos Pais","author":"noticiasribeiraopreto.com.br","date":"3 de August de 2025","format":false,"excerpt":"O Teatro de Arena de Ribeir\u00e3o Preto recebe no pr\u00f3ximo domingo (10) o Arena Rock edi\u00e7\u00e3o especial Dia dos Pais. Al\u00e9m das apresenta\u00e7\u00f5es de DJ e cinco bandas, o festival conta com food trucks e espa\u00e7os kids. A entrada do Arena Rock \u00e9 gratuita, mas o evento contar\u00e1 com ponto\u2026","rel":"","context":"In &quot;Not\u00edcias de Ribeir\u00e3o Preto-SP e Regi\u00e3o&quot;","block_context":{"text":"Not\u00edcias de Ribeir\u00e3o Preto-SP e Regi\u00e3o","link":"https:\/\/noticiasribeiraopreto.com.br\/index.php\/category\/noticias-de-ribeirao-preto-sp-e-regiao-ismael-colosi\/"},"img":{"alt_text":"","src":"https:\/\/i0.wp.com\/noticiasribeiraopreto.com.br\/wp-content\/uploads\/2025\/08\/TEATRO-DE-ARENA-ENTRADA_2024-06-24_11-51-10_jpeg_2024-06-24_11-51-11.webp.webp?fit=1200%2C800&ssl=1&resize=350%2C200","width":350,"height":200,"srcset":"https:\/\/i0.wp.com\/noticiasribeiraopreto.com.br\/wp-content\/uploads\/2025\/08\/TEATRO-DE-ARENA-ENTRADA_2024-06-24_11-51-10_jpeg_2024-06-24_11-51-11.webp.webp?fit=1200%2C800&ssl=1&resize=350%2C200 1x, https:\/\/i0.wp.com\/noticiasribeiraopreto.com.br\/wp-content\/uploads\/2025\/08\/TEATRO-DE-ARENA-ENTRADA_2024-06-24_11-51-10_jpeg_2024-06-24_11-51-11.webp.webp?fit=1200%2C800&ssl=1&resize=525%2C300 1.5x, https:\/\/i0.wp.com\/noticiasribeiraopreto.com.br\/wp-content\/uploads\/2025\/08\/TEATRO-DE-ARENA-ENTRADA_2024-06-24_11-51-10_jpeg_2024-06-24_11-51-11.webp.webp?fit=1200%2C800&ssl=1&resize=700%2C400 2x, https:\/\/i0.wp.com\/noticiasribeiraopreto.com.br\/wp-content\/uploads\/2025\/08\/TEATRO-DE-ARENA-ENTRADA_2024-06-24_11-51-10_jpeg_2024-06-24_11-51-11.webp.webp?fit=1200%2C800&ssl=1&resize=1050%2C600 3x"},"classes":[]},{"id":38539,"url":"https:\/\/noticiasribeiraopreto.com.br\/index.php\/2024\/02\/20\/teatro-de-arena-de-ribeirao-recebe-festival-de-djs-veja-data-e-como-comprar-ingressos\/","url_meta":{"origin":71795,"position":5},"title":"Teatro de Arena de Ribeir\u00e3o recebe festival de DJs; Veja data e como comprar ingressos","author":"noticiasribeiraopreto.com.br","date":"20 de February de 2024","format":false,"excerpt":"A 1\u00aa edi\u00e7\u00e3o do Tutu DJs Fest ser\u00e1 realizada no Teatro de Arena de Ribeir\u00e3o Preto, em mar\u00e7o. Em comemora\u00e7\u00e3o ao Dia Mundial do DJ, em 9 de mar\u00e7o, o festival ir\u00e1 reunir nesta data v\u00e1rios DJs atuantes, com m\u00fasica das 15h \u00e0s 22h. Os ingressos j\u00e1 est\u00e3o dispon\u00edveis por\u2026","rel":"","context":"In &quot;Not\u00edcias de Ribeir\u00e3o Preto-SP e Regi\u00e3o&quot;","block_context":{"text":"Not\u00edcias de Ribeir\u00e3o Preto-SP e Regi\u00e3o","link":"https:\/\/noticiasribeiraopreto.com.br\/index.php\/category\/noticias-de-ribeirao-preto-sp-e-regiao-ismael-colosi\/"},"img":{"alt_text":"","src":"https:\/\/i0.wp.com\/noticiasribeiraopreto.com.br\/wp-content\/uploads\/2024\/02\/Foto-DJ-Taui.jpg?fit=1200%2C800&ssl=1&resize=350%2C200","width":350,"height":200,"srcset":"https:\/\/i0.wp.com\/noticiasribeiraopreto.com.br\/wp-content\/uploads\/2024\/02\/Foto-DJ-Taui.jpg?fit=1200%2C800&ssl=1&resize=350%2C200 1x, https:\/\/i0.wp.com\/noticiasribeiraopreto.com.br\/wp-content\/uploads\/2024\/02\/Foto-DJ-Taui.jpg?fit=1200%2C800&ssl=1&resize=525%2C300 1.5x, https:\/\/i0.wp.com\/noticiasribeiraopreto.com.br\/wp-content\/uploads\/2024\/02\/Foto-DJ-Taui.jpg?fit=1200%2C800&ssl=1&resize=700%2C400 2x, https:\/\/i0.wp.com\/noticiasribeiraopreto.com.br\/wp-content\/uploads\/2024\/02\/Foto-DJ-Taui.jpg?fit=1200%2C800&ssl=1&resize=1050%2C600 3x"},"classes":[]}],"jetpack_sharing_enabled":true,"jetpack_shortlink":"https:\/\/wp.me\/peQAOb-iFZ","_links":{"self":[{"href":"https:\/\/noticiasribeiraopreto.com.br\/index.php\/wp-json\/wp\/v2\/posts\/71795","targetHints":{"allow":["GET"]}}],"collection":[{"href":"https:\/\/noticiasribeiraopreto.com.br\/index.php\/wp-json\/wp\/v2\/posts"}],"about":[{"href":"https:\/\/noticiasribeiraopreto.com.br\/index.php\/wp-json\/wp\/v2\/types\/post"}],"author":[{"embeddable":true,"href":"https:\/\/noticiasribeiraopreto.com.br\/index.php\/wp-json\/wp\/v2\/users\/1"}],"replies":[{"embeddable":true,"href":"https:\/\/noticiasribeiraopreto.com.br\/index.php\/wp-json\/wp\/v2\/comments?post=71795"}],"version-history":[{"count":0,"href":"https:\/\/noticiasribeiraopreto.com.br\/index.php\/wp-json\/wp\/v2\/posts\/71795\/revisions"}],"wp:featuredmedia":[{"embeddable":true,"href":"https:\/\/noticiasribeiraopreto.com.br\/index.php\/wp-json\/wp\/v2\/media\/71796"}],"wp:attachment":[{"href":"https:\/\/noticiasribeiraopreto.com.br\/index.php\/wp-json\/wp\/v2\/media?parent=71795"}],"wp:term":[{"taxonomy":"category","embeddable":true,"href":"https:\/\/noticiasribeiraopreto.com.br\/index.php\/wp-json\/wp\/v2\/categories?post=71795"},{"taxonomy":"post_tag","embeddable":true,"href":"https:\/\/noticiasribeiraopreto.com.br\/index.php\/wp-json\/wp\/v2\/tags?post=71795"}],"curies":[{"name":"wp","href":"https:\/\/api.w.org\/{rel}","templated":true}]}}