{"id":71797,"date":"2025-06-10T11:51:07","date_gmt":"2025-06-10T14:51:07","guid":{"rendered":"https:\/\/noticiasribeiraopreto.com.br\/index.php\/2025\/06\/10\/botafogo-contrata-jogador-por-emprestimo-de-clube-portugues\/"},"modified":"2025-06-10T11:51:07","modified_gmt":"2025-06-10T14:51:07","slug":"botafogo-contrata-jogador-por-emprestimo-de-clube-portugues","status":"publish","type":"post","link":"https:\/\/noticiasribeiraopreto.com.br\/index.php\/2025\/06\/10\/botafogo-contrata-jogador-por-emprestimo-de-clube-portugues\/","title":{"rendered":"Botafogo contrata jogador por empr\u00e9stimo de clube portugu\u00eas\u00a0"},"content":{"rendered":"<p> <br \/>\n<\/p>\n<div data-td-block-uid=\"tdi_95\">\n<div class=\"tdb-block-inner td-fix-index\">\n<p><strong>O Botafogo anunciou nesta ter\u00e7a-feira (11) o meia Marquinho, de 23 anos, contratado por empr\u00e9stimo do Acad\u00e9mico de Viseu, de Portugal.<\/strong> O <strong>novo refor\u00e7o<\/strong> vai defender o <strong>Pantera <\/strong>na <strong>S\u00e9rie B do Campeonato Brasileiro<\/strong>.<\/p>\n<p>O jogador, que \u00e9 natural de S\u00e3o Jos\u00e9 do Rio Pardo, a 130 quil\u00f4metros de Ribeir\u00e3o, \u00e9 apontado como um dos destaques da II Liga de Portugal na temporada 2023\/2024.<\/p>\n<p>Marquinho deve se apresentar ao Botafogo na tarde desta ter\u00e7a e j\u00e1 estar\u00e1 \u00e0 disposi\u00e7\u00e3o do treinador Allan Aal.<\/p>\n<p><!-- CONTENT END 2 -->\n<\/div>\n<\/div>\n<p><br \/>\n<br \/><a href=\"https:\/\/www.acidadeon.com\/ribeiraopreto\/esportes\/botafogo-contrata-jogador-por-emprestimo-de-clube-portugues\/\">Source link <\/a><\/p>\n","protected":false},"excerpt":{"rendered":"<p>O Botafogo anunciou nesta ter\u00e7a-feira (11) o meia Marquinho, de 23 anos, contratado por empr\u00e9stimo do Acad\u00e9mico de Viseu, de Portugal. O novo refor\u00e7o vai&#8230;<\/p>\n","protected":false},"author":1,"featured_media":71798,"comment_status":"open","ping_status":"open","sticky":false,"template":"","format":"standard","meta":{"advanced_seo_description":"","jetpack_seo_html_title":"","jetpack_seo_noindex":false,"jetpack_post_was_ever_published":false,"_jetpack_newsletter_access":"","_jetpack_dont_email_post_to_subs":false,"_jetpack_newsletter_tier_id":0,"_jetpack_memberships_contains_paywalled_content":false,"_jetpack_memberships_contains_paid_content":false,"footnotes":"","jetpack_publicize_message":"","jetpack_publicize_feature_enabled":true,"jetpack_social_post_already_shared":true,"jetpack_social_options":{"image_generator_settings":{"template":"highway","default_image_id":0,"font":"","enabled":false},"version":2}},"categories":[11],"tags":[],"class_list":["post-71797","post","type-post","status-publish","format-standard","has-post-thumbnail","hentry","category-noticias-de-ribeirao-preto-sp-e-regiao-ismael-colosi"],"jetpack_publicize_connections":[],"jetpack_featured_media_url":"https:\/\/i0.wp.com\/noticiasribeiraopreto.com.br\/wp-content\/uploads\/2025\/06\/MARQUINHOS_2025-06-10_12-26-18.webp.webp?fit=1200%2C803&ssl=1","jetpack-related-posts":[{"id":71806,"url":"https:\/\/noticiasribeiraopreto.com.br\/index.php\/2025\/06\/10\/botafogo-contrata-meia-e-rescinde-com-zagueiro\/","url_meta":{"origin":71797,"position":0},"title":"Botafogo contrata meia e rescinde com zagueiro","author":"noticiasribeiraopreto.com.br","date":"10 de June de 2025","format":false,"excerpt":"Pantera se movimenta no \u00faltimo dia da janela pr\u00e9-Copa do Mundo de Clubes 10 de junho de 2025 13:0410 de junho de 2025 13:1019 Compartilhar1 Por Hugo Luque O Botafogo anunciou, na manh\u00e3 desta ter\u00e7a-feira (10), a contrata\u00e7\u00e3o do meia-atacante Marquinho, de 23 anos, que vem do futebol portugu\u00eas. Logo\u2026","rel":"","context":"In &quot;Not\u00edcias de Ribeir\u00e3o Preto-SP e Regi\u00e3o&quot;","block_context":{"text":"Not\u00edcias de Ribeir\u00e3o Preto-SP e Regi\u00e3o","link":"https:\/\/noticiasribeiraopreto.com.br\/index.php\/category\/noticias-de-ribeirao-preto-sp-e-regiao-ismael-colosi\/"},"img":{"alt_text":"","src":"https:\/\/i0.wp.com\/noticiasribeiraopreto.com.br\/wp-content\/uploads\/2025\/06\/MEI-Marquinho-Liga-Portugal-scaled.jpg?fit=755%2C500&ssl=1&resize=350%2C200","width":350,"height":200,"srcset":"https:\/\/i0.wp.com\/noticiasribeiraopreto.com.br\/wp-content\/uploads\/2025\/06\/MEI-Marquinho-Liga-Portugal-scaled.jpg?fit=755%2C500&ssl=1&resize=350%2C200 1x, https:\/\/i0.wp.com\/noticiasribeiraopreto.com.br\/wp-content\/uploads\/2025\/06\/MEI-Marquinho-Liga-Portugal-scaled.jpg?fit=755%2C500&ssl=1&resize=525%2C300 1.5x, https:\/\/i0.wp.com\/noticiasribeiraopreto.com.br\/wp-content\/uploads\/2025\/06\/MEI-Marquinho-Liga-Portugal-scaled.jpg?fit=755%2C500&ssl=1&resize=700%2C400 2x"},"classes":[]},{"id":77239,"url":"https:\/\/noticiasribeiraopreto.com.br\/index.php\/2025\/09\/14\/botafogo-perde-para-o-athletic-mg\/","url_meta":{"origin":71797,"position":1},"title":"Botafogo perde para o Athletic-MG","author":"noticiasribeiraopreto.com.br","date":"14 de September de 2025","format":false,"excerpt":"Pantera joga mal fora de casa e fica mais perto da zona de rebaixamento 14 de setembro de 2025 20:394 Compartilhar1 Por Hugo Luque O Botafogo foi derrotado pelo Athletic-MG por 2 a 0 neste domingo (14), no Est\u00e1dio Joaquim Portugal, pela 26\u00aa rodada da S\u00e9rie B do Campeonato Brasileiro.\u2026","rel":"","context":"In &quot;Not\u00edcias de Ribeir\u00e3o Preto-SP e Regi\u00e3o&quot;","block_context":{"text":"Not\u00edcias de Ribeir\u00e3o Preto-SP e Regi\u00e3o","link":"https:\/\/noticiasribeiraopreto.com.br\/index.php\/category\/noticias-de-ribeirao-preto-sp-e-regiao-ismael-colosi\/"},"img":{"alt_text":"","src":"https:\/\/i0.wp.com\/noticiasribeiraopreto.com.br\/wp-content\/uploads\/2025\/09\/Athletic-MG-x-Botafogo-Luiz-Fernando-Cosenzo_Agencia-Botafogo-scaled.jpg?fit=1170%2C780&ssl=1&resize=350%2C200","width":350,"height":200,"srcset":"https:\/\/i0.wp.com\/noticiasribeiraopreto.com.br\/wp-content\/uploads\/2025\/09\/Athletic-MG-x-Botafogo-Luiz-Fernando-Cosenzo_Agencia-Botafogo-scaled.jpg?fit=1170%2C780&ssl=1&resize=350%2C200 1x, https:\/\/i0.wp.com\/noticiasribeiraopreto.com.br\/wp-content\/uploads\/2025\/09\/Athletic-MG-x-Botafogo-Luiz-Fernando-Cosenzo_Agencia-Botafogo-scaled.jpg?fit=1170%2C780&ssl=1&resize=525%2C300 1.5x, https:\/\/i0.wp.com\/noticiasribeiraopreto.com.br\/wp-content\/uploads\/2025\/09\/Athletic-MG-x-Botafogo-Luiz-Fernando-Cosenzo_Agencia-Botafogo-scaled.jpg?fit=1170%2C780&ssl=1&resize=700%2C400 2x, https:\/\/i0.wp.com\/noticiasribeiraopreto.com.br\/wp-content\/uploads\/2025\/09\/Athletic-MG-x-Botafogo-Luiz-Fernando-Cosenzo_Agencia-Botafogo-scaled.jpg?fit=1170%2C780&ssl=1&resize=1050%2C600 3x"},"classes":[]},{"id":83831,"url":"https:\/\/noticiasribeiraopreto.com.br\/index.php\/2026\/03\/26\/botafogo-acerta-permanencia-de-everton-morelli-e-projeta-contrato-ate-2028\/","url_meta":{"origin":71797,"position":2},"title":"Botafogo acerta perman\u00eancia de Everton Morelli e projeta contrato at\u00e9 2028","author":"noticiasribeiraopreto.com.br","date":"26 de March de 2026","format":false,"excerpt":"O Botafogo definiu, na tarde desta quinta-feira (26), a manuten\u00e7\u00e3o do meio-campista Everton Morelli e estabeleceu os termos para a aquisi\u00e7\u00e3o futura do jogador. O clube tamb\u00e9m encaminhou a renova\u00e7\u00e3o contratual do atleta de 28 anos. Pelo novo acordo, Everton Morelli assinar\u00e1 v\u00ednculo v\u00e1lido entre 1\u00ba de janeiro de 2027\u2026","rel":"","context":"In &quot;Not\u00edcias de Ribeir\u00e3o Preto-SP e Regi\u00e3o&quot;","block_context":{"text":"Not\u00edcias de Ribeir\u00e3o Preto-SP e Regi\u00e3o","link":"https:\/\/noticiasribeiraopreto.com.br\/index.php\/category\/noticias-de-ribeirao-preto-sp-e-regiao-ismael-colosi\/"},"img":{"alt_text":"","src":"https:\/\/i0.wp.com\/noticiasribeiraopreto.com.br\/wp-content\/uploads\/2026\/03\/55161273035_5c57550e31_o_2026-03-26_23-09-49.webp.webp?fit=1200%2C800&ssl=1&resize=350%2C200","width":350,"height":200,"srcset":"https:\/\/i0.wp.com\/noticiasribeiraopreto.com.br\/wp-content\/uploads\/2026\/03\/55161273035_5c57550e31_o_2026-03-26_23-09-49.webp.webp?fit=1200%2C800&ssl=1&resize=350%2C200 1x, https:\/\/i0.wp.com\/noticiasribeiraopreto.com.br\/wp-content\/uploads\/2026\/03\/55161273035_5c57550e31_o_2026-03-26_23-09-49.webp.webp?fit=1200%2C800&ssl=1&resize=525%2C300 1.5x, https:\/\/i0.wp.com\/noticiasribeiraopreto.com.br\/wp-content\/uploads\/2026\/03\/55161273035_5c57550e31_o_2026-03-26_23-09-49.webp.webp?fit=1200%2C800&ssl=1&resize=700%2C400 2x, https:\/\/i0.wp.com\/noticiasribeiraopreto.com.br\/wp-content\/uploads\/2026\/03\/55161273035_5c57550e31_o_2026-03-26_23-09-49.webp.webp?fit=1200%2C800&ssl=1&resize=1050%2C600 3x"},"classes":[]},{"id":64171,"url":"https:\/\/noticiasribeiraopreto.com.br\/index.php\/2025\/03\/04\/jogador-emprestado-do-botafogo-ao-bragantino-fica-gravemente-ferido-em-acidente-na-anhanguera\/","url_meta":{"origin":71797,"position":3},"title":"Jogador emprestado do Botafogo ao Bragantino fica gravemente ferido em acidente na Anhanguera","author":"noticiasribeiraopreto.com.br","date":"4 de March de 2025","format":false,"excerpt":"O atacante Pedro Severino, de 19 anos, que est\u00e1 emprestado do Botafogo ao Red Bull Bragantino, foi internado em estado grave ap\u00f3s sofrer um acidente na madrugada desta ter\u00e7a-feira (4), na rodovia Anhanguera (SP-330), em Americana, na regi\u00e3o de Campinas. Pedro \u00e9 filho do ex-atacante Lucas Severino, \u00eddolo do Botafogo\u2026","rel":"","context":"In &quot;Not\u00edcias de Ribeir\u00e3o Preto-SP e Regi\u00e3o&quot;","block_context":{"text":"Not\u00edcias de Ribeir\u00e3o Preto-SP e Regi\u00e3o","link":"https:\/\/noticiasribeiraopreto.com.br\/index.php\/category\/noticias-de-ribeirao-preto-sp-e-regiao-ismael-colosi\/"},"img":{"alt_text":"","src":"https:\/\/i0.wp.com\/noticiasribeiraopreto.com.br\/wp-content\/uploads\/2025\/03\/PEDRO_2025-03-04_14-47-44_jpg_2025-03-04_14-47-44.webp.webp?fit=1200%2C699&ssl=1&resize=350%2C200","width":350,"height":200,"srcset":"https:\/\/i0.wp.com\/noticiasribeiraopreto.com.br\/wp-content\/uploads\/2025\/03\/PEDRO_2025-03-04_14-47-44_jpg_2025-03-04_14-47-44.webp.webp?fit=1200%2C699&ssl=1&resize=350%2C200 1x, https:\/\/i0.wp.com\/noticiasribeiraopreto.com.br\/wp-content\/uploads\/2025\/03\/PEDRO_2025-03-04_14-47-44_jpg_2025-03-04_14-47-44.webp.webp?fit=1200%2C699&ssl=1&resize=525%2C300 1.5x, https:\/\/i0.wp.com\/noticiasribeiraopreto.com.br\/wp-content\/uploads\/2025\/03\/PEDRO_2025-03-04_14-47-44_jpg_2025-03-04_14-47-44.webp.webp?fit=1200%2C699&ssl=1&resize=700%2C400 2x, https:\/\/i0.wp.com\/noticiasribeiraopreto.com.br\/wp-content\/uploads\/2025\/03\/PEDRO_2025-03-04_14-47-44_jpg_2025-03-04_14-47-44.webp.webp?fit=1200%2C699&ssl=1&resize=1050%2C600 3x"},"classes":[]},{"id":82082,"url":"https:\/\/noticiasribeiraopreto.com.br\/index.php\/2026\/02\/03\/jogador-do-botafogo-e-emprestado-a-time-espanhol\/","url_meta":{"origin":71797,"position":4},"title":"Jogador do Botafogo \u00e9 emprestado a time espanhol","author":"noticiasribeiraopreto.com.br","date":"3 de February de 2026","format":false,"excerpt":"O Botafogo anunciou o empr\u00e9stimo do meia Jo\u00e3o Costa, de 20 anos, para o Real Murcia, da Espanha. O v\u00ednculo com o time espanhol vai at\u00e9 dezembro de 2026. Hist\u00f3rico Formado nas categorias de base do Pantera, Jo\u00e3o Costa tem contrato com o clube at\u00e9 mar\u00e7o de 2028. Na temporada\u2026","rel":"","context":"In &quot;Not\u00edcias de Ribeir\u00e3o Preto-SP e Regi\u00e3o&quot;","block_context":{"text":"Not\u00edcias de Ribeir\u00e3o Preto-SP e Regi\u00e3o","link":"https:\/\/noticiasribeiraopreto.com.br\/index.php\/category\/noticias-de-ribeirao-preto-sp-e-regiao-ismael-colosi\/"},"img":{"alt_text":"","src":"https:\/\/i0.wp.com\/noticiasribeiraopreto.com.br\/wp-content\/uploads\/2026\/02\/domingo-2026-02-02T182528.127_2026-02-02_21-25-45.webp.webp?fit=1200%2C675&ssl=1&resize=350%2C200","width":350,"height":200,"srcset":"https:\/\/i0.wp.com\/noticiasribeiraopreto.com.br\/wp-content\/uploads\/2026\/02\/domingo-2026-02-02T182528.127_2026-02-02_21-25-45.webp.webp?fit=1200%2C675&ssl=1&resize=350%2C200 1x, https:\/\/i0.wp.com\/noticiasribeiraopreto.com.br\/wp-content\/uploads\/2026\/02\/domingo-2026-02-02T182528.127_2026-02-02_21-25-45.webp.webp?fit=1200%2C675&ssl=1&resize=525%2C300 1.5x, https:\/\/i0.wp.com\/noticiasribeiraopreto.com.br\/wp-content\/uploads\/2026\/02\/domingo-2026-02-02T182528.127_2026-02-02_21-25-45.webp.webp?fit=1200%2C675&ssl=1&resize=700%2C400 2x, https:\/\/i0.wp.com\/noticiasribeiraopreto.com.br\/wp-content\/uploads\/2026\/02\/domingo-2026-02-02T182528.127_2026-02-02_21-25-45.webp.webp?fit=1200%2C675&ssl=1&resize=1050%2C600 3x"},"classes":[]},{"id":64175,"url":"https:\/\/noticiasribeiraopreto.com.br\/index.php\/2025\/03\/04\/quem-e-o-jogador-emprestado-do-botafogo-que-ficou-gravemente-ferido-apos-acidente-na-anhanguera\/","url_meta":{"origin":71797,"position":5},"title":"Quem \u00e9 o jogador emprestado do Botafogo que ficou gravemente ferido ap\u00f3s acidente na Anhanguera","author":"noticiasribeiraopreto.com.br","date":"4 de March de 2025","format":false,"excerpt":"O atacante Pedro Severino, de Ribeir\u00e3o Preto, est\u00e1 internado em estado grave ap\u00f3s o carro em que ele estava se envolver em um acidente de tr\u00e2nsito na madrugada desta ter\u00e7a-feira (4), na rodovia Anhanguera (SP-330), em Americana, regi\u00e3o de Campinas. Formado na base do Botafogo-SP, o atacante de 19 anos\u2026","rel":"","context":"In &quot;Not\u00edcias de Ribeir\u00e3o Preto-SP e Regi\u00e3o&quot;","block_context":{"text":"Not\u00edcias de Ribeir\u00e3o Preto-SP e Regi\u00e3o","link":"https:\/\/noticiasribeiraopreto.com.br\/index.php\/category\/noticias-de-ribeirao-preto-sp-e-regiao-ismael-colosi\/"},"img":{"alt_text":"","src":"https:\/\/i0.wp.com\/noticiasribeiraopreto.com.br\/wp-content\/uploads\/2025\/03\/Molde-Midiass-8_2025-03-04_17-03-50_jpg_2025-03-04_17-03-50.webp.webp?fit=960%2C539&ssl=1&resize=350%2C200","width":350,"height":200,"srcset":"https:\/\/i0.wp.com\/noticiasribeiraopreto.com.br\/wp-content\/uploads\/2025\/03\/Molde-Midiass-8_2025-03-04_17-03-50_jpg_2025-03-04_17-03-50.webp.webp?fit=960%2C539&ssl=1&resize=350%2C200 1x, https:\/\/i0.wp.com\/noticiasribeiraopreto.com.br\/wp-content\/uploads\/2025\/03\/Molde-Midiass-8_2025-03-04_17-03-50_jpg_2025-03-04_17-03-50.webp.webp?fit=960%2C539&ssl=1&resize=525%2C300 1.5x, https:\/\/i0.wp.com\/noticiasribeiraopreto.com.br\/wp-content\/uploads\/2025\/03\/Molde-Midiass-8_2025-03-04_17-03-50_jpg_2025-03-04_17-03-50.webp.webp?fit=960%2C539&ssl=1&resize=700%2C400 2x"},"classes":[]}],"jetpack_sharing_enabled":true,"jetpack_shortlink":"https:\/\/wp.me\/peQAOb-iG1","_links":{"self":[{"href":"https:\/\/noticiasribeiraopreto.com.br\/index.php\/wp-json\/wp\/v2\/posts\/71797","targetHints":{"allow":["GET"]}}],"collection":[{"href":"https:\/\/noticiasribeiraopreto.com.br\/index.php\/wp-json\/wp\/v2\/posts"}],"about":[{"href":"https:\/\/noticiasribeiraopreto.com.br\/index.php\/wp-json\/wp\/v2\/types\/post"}],"author":[{"embeddable":true,"href":"https:\/\/noticiasribeiraopreto.com.br\/index.php\/wp-json\/wp\/v2\/users\/1"}],"replies":[{"embeddable":true,"href":"https:\/\/noticiasribeiraopreto.com.br\/index.php\/wp-json\/wp\/v2\/comments?post=71797"}],"version-history":[{"count":0,"href":"https:\/\/noticiasribeiraopreto.com.br\/index.php\/wp-json\/wp\/v2\/posts\/71797\/revisions"}],"wp:featuredmedia":[{"embeddable":true,"href":"https:\/\/noticiasribeiraopreto.com.br\/index.php\/wp-json\/wp\/v2\/media\/71798"}],"wp:attachment":[{"href":"https:\/\/noticiasribeiraopreto.com.br\/index.php\/wp-json\/wp\/v2\/media?parent=71797"}],"wp:term":[{"taxonomy":"category","embeddable":true,"href":"https:\/\/noticiasribeiraopreto.com.br\/index.php\/wp-json\/wp\/v2\/categories?post=71797"},{"taxonomy":"post_tag","embeddable":true,"href":"https:\/\/noticiasribeiraopreto.com.br\/index.php\/wp-json\/wp\/v2\/tags?post=71797"}],"curies":[{"name":"wp","href":"https:\/\/api.w.org\/{rel}","templated":true}]}}