{"id":71801,"date":"2025-06-10T12:21:11","date_gmt":"2025-06-10T15:21:11","guid":{"rendered":"https:\/\/noticiasribeiraopreto.com.br\/index.php\/2025\/06\/10\/pedro-severino-recebe-alta-tres-meses-apos-acidente\/"},"modified":"2025-06-10T12:21:11","modified_gmt":"2025-06-10T15:21:11","slug":"pedro-severino-recebe-alta-tres-meses-apos-acidente","status":"publish","type":"post","link":"https:\/\/noticiasribeiraopreto.com.br\/index.php\/2025\/06\/10\/pedro-severino-recebe-alta-tres-meses-apos-acidente\/","title":{"rendered":"Pedro Severino recebe alta tr\u00eas meses ap\u00f3s acidente"},"content":{"rendered":"<div class='code-block code-block-1' style='margin: 8px 0 8px auto; text-align: right; display: block; clear: both;'>\n<p><a href=\"https:\/\/wa.link\/vpicfd\"><img data-recalc-dims=\"1\" class=\"wp-image-4922\" style=\"aspect-ratio: 2.0253164556962027; width: 561px; height: auto;\" src=\"https:\/\/i0.wp.com\/ismaelcolosi.com.br\/wp-content\/uploads\/2023\/11\/grupo-de-empregos-whatsapp-e-facebook-ismael-colosi-vagas.jpg?ssl=1\" alt=\"\" \/><\/a><\/p>\n<!-- \/wp:image -->\n<\/div>\n<p> <br \/>\n<\/p>\n<div id=\"post-428306\">\n<header class=\"entry-header penci-entry-header penci-title-center\">\n<h2 class=\"penci-post-subtitle\">Promessa do futebol ribeir\u00e3o-pretano, atacante superou protocolo de morte cerebral<\/h2>\n<p>\n\t\t\t\t\t\t\t\t\t<span class=\"entry-meta-item penci-posted-on\"><i class=\"fa fa-clock-o\"\/><time class=\"entry-date published updated\" datetime=\"2025-06-10T12:19:13-03:00\">10 de junho de 2025 12:19<\/time><\/span><span class=\"entry-meta-item penci-post-countview\"><span class=\"entry-meta-item penci-post-countview penci_post-meta_item\"><i class=\"fa fa-eye\"\/><span class=\"penci-post-countview-number penci-post-countview-p428306\">1<\/span><\/span><\/span>\t\t\t\t\t\t\t\t<\/p>\n<p><!-- .entry-meta --><br \/>\n\t\t\t\t\t\t\t\t<span class=\"penci-social-buttons penci-social-share-footer\"><span class=\"penci-social-share-text\">Compartilhar<\/span><a href=\"#\" class=\"penci-post-like penci_post-meta_item  single-like-button penci-social-item like\" data-post_id=\"428306\" title=\"Like\" data-like=\"Like\" data-unlike=\"Unlike\"><i class=\"fa fa-thumbs-o-up\"\/><span class=\"penci-share-number\">0<\/span><\/a><i class=\"fa fa-facebook\"\/><a class=\"penci-social-item twitter\" target=\"_blank\" rel=\"noopener\" title=\"\" href=\"https:\/\/twitter.com\/intent\/tweet?text=Pedro%20Severino%20recebe%20alta%20tr\u00eas%20meses%20ap\u00f3s%20acidente%20-%20https:\/\/www.tribunaribeirao.com.br\/pedro-severino-recebe-alta-tres-meses-apos-acidente\/\"><i class=\"fa fa-twitter\"\/><\/a><i class=\"fa fa-linkedin\"\/><i class=\"fa fa-whatsapp\"\/><i class=\"fa fa-telegram\"\/><i class=\"fa fa-envelope\"\/><\/span>\t\t\t\t\t\t\t<\/header>\n<p><!-- .entry-header --><\/p>\n<div class=\"penci-entry-content entry-content\">\n<p><em><strong>Por Hugo Luque<\/strong><\/em><\/p>\n<p>O atacante Pedro Severino recebeu alta hospitalar na manh\u00e3 desta ter\u00e7a-feira (10), tr\u00eas meses ap\u00f3s o grave acidente que envolveu o carro no qual estava o jogador e uma carreta na Rodovia Anhanguera, na altura de Americana (SP), em 4 de mar\u00e7o.<\/p>\n<p>De acordo com a assessoria do Hospital Unimed, onde o jovem de 19 anos estava desde 6 de mar\u00e7o, \u201cPedro foi assistido por uma equipe composta por intensivistas liderados pelo m\u00e9dico Dr. Gil Teixeira, al\u00e9m de neurocirurgi\u00f5es, neurologistas cl\u00ednicos e suporte de equipes multidisciplinares do hospital\u201d.<\/p>\n<p>Na quinta-feira, a equipe m\u00e9dica respons\u00e1vel do hospital vai realizar uma coletiva de imprensa \u00e0s 9h30 para dar mais informa\u00e7\u00f5es sobre o tratamento at\u00e9 aqui e os pr\u00f3ximos passos.<\/p>\n<\/div>\n<p><!-- .entry-content --><\/p>\n<footer class=\"penci-entry-footer\">\n\t\t\t\t\t\t\t\t<span class=\"penci-social-buttons penci-social-share-footer\"><span class=\"penci-social-share-text\">Compartilhar<\/span><a href=\"#\" class=\"penci-post-like penci_post-meta_item  single-like-button penci-social-item like\" data-post_id=\"428306\" title=\"Like\" data-like=\"Like\" data-unlike=\"Unlike\"><i class=\"fa fa-thumbs-o-up\"\/><span class=\"penci-share-number\">0<\/span><\/a><i class=\"fa fa-facebook\"\/><a class=\"penci-social-item twitter\" target=\"_blank\" rel=\"noopener\" title=\"\" href=\"https:\/\/twitter.com\/intent\/tweet?text=Pedro%20Severino%20recebe%20alta%20tr\u00eas%20meses%20ap\u00f3s%20acidente%20-%20https:\/\/www.tribunaribeirao.com.br\/pedro-severino-recebe-alta-tres-meses-apos-acidente\/\"><i class=\"fa fa-twitter\"\/><\/a><i class=\"fa fa-linkedin\"\/><i class=\"fa fa-whatsapp\"\/><i class=\"fa fa-telegram\"\/><i class=\"fa fa-envelope\"\/><\/span>\t\t\t\t\t\t\t<\/footer>\n<p><!-- .entry-footer -->\n\t\t\t\t\t\t<\/div>\n<p><script async src=\"\/\/platform.twitter.com\/widgets.js\" charset=\"utf-8\"><\/script><br \/>\n<br \/><br \/>\n<br \/><a href=\"https:\/\/www.tribunaribeirao.com.br\/pedro-severino-recebe-alta-tres-meses-apos-acidente\/\">Source link <\/a><\/p>\n<!-- CONTENT END 1 -->\n","protected":false},"excerpt":{"rendered":"<p>Promessa do futebol ribeir\u00e3o-pretano, atacante superou protocolo de morte cerebral 10 de junho de 2025 12:191 Compartilhar0 Por Hugo Luque O atacante Pedro Severino recebeu&#8230;<\/p>\n","protected":false},"author":1,"featured_media":71802,"comment_status":"open","ping_status":"open","sticky":false,"template":"","format":"standard","meta":{"advanced_seo_description":"","jetpack_seo_html_title":"","jetpack_seo_noindex":false,"jetpack_post_was_ever_published":false,"_jetpack_newsletter_access":"","_jetpack_dont_email_post_to_subs":false,"_jetpack_newsletter_tier_id":0,"_jetpack_memberships_contains_paywalled_content":false,"_jetpack_memberships_contains_paid_content":false,"footnotes":"","jetpack_publicize_message":"","jetpack_publicize_feature_enabled":true,"jetpack_social_post_already_shared":true,"jetpack_social_options":{"image_generator_settings":{"template":"highway","default_image_id":0,"font":"","enabled":false},"version":2}},"categories":[11],"tags":[],"class_list":["post-71801","post","type-post","status-publish","format-standard","has-post-thumbnail","hentry","category-noticias-de-ribeirao-preto-sp-e-regiao-ismael-colosi"],"jetpack_publicize_connections":[],"jetpack_featured_media_url":"https:\/\/i0.wp.com\/noticiasribeiraopreto.com.br\/wp-content\/uploads\/2025\/06\/pedro_severino.jpg?fit=750%2C500&ssl=1","jetpack-related-posts":[{"id":54653,"url":"https:\/\/noticiasribeiraopreto.com.br\/index.php\/2024\/07\/15\/gerente-de-fabrica\/","url_meta":{"origin":71801,"position":0},"title":"Gerente de F\u00e1brica","author":"noticiasribeiraopreto.com.br","date":"15 de July de 2024","format":false,"excerpt":"Gerente de F\u00e1bricaCampinasView JobDiretor IndustrialS\u00e3o Jos\u00e9 dos CamposView JobGerente de MarketingRibeir\u00e3o PretoView JobDiretor de SustentabilidadeCampinas\/SPView JobDiretor de RHRibeir\u00e3o PretoView JobCoordenador de Marketing Ribeir\u00e3o PretoView JobGerente de Log\u00edsticaRibeir\u00e3o PretoView JobDiretor AdministrativoRibeir\u00e3o PretoView JobSupervisor de VendasRibeir\u00e3o Preto\/SPView JobDiretor Industrial \u2013 Agroneg\u00f3cioRibeir\u00e3o PretoView JobDiretor Geral de Unidade de Neg\u00f3cio B2B - EdtechRibeir\u00e3o PretoView\u2026","rel":"","context":"In &quot;Vagas de Emprego em Ribeir\u00e3o Preto-SP&quot;","block_context":{"text":"Vagas de Emprego em Ribeir\u00e3o Preto-SP","link":"https:\/\/noticiasribeiraopreto.com.br\/index.php\/category\/empregos-classificados-vagas-trabalho\/vagas-de-empregos-em-ribeirao-preto-regiao-brasil\/"},"img":{"alt_text":"","src":"","width":0,"height":0},"classes":[]},{"id":41151,"url":"https:\/\/noticiasribeiraopreto.com.br\/index.php\/2024\/03\/06\/vagas-de-emprego-na-area-de-logistica-em-ribeirao-preto-sp\/","url_meta":{"origin":71801,"position":1},"title":"Vagas de emprego na \u00e1rea de log\u00edstica em Ribeir\u00e3o Preto-SP","author":"noticiasribeiraopreto.com.br","date":"6 de March de 2024","format":false,"excerpt":"L\u00edder de Estoque Auxiliar De Expedi\u00e7\u00e3o Auxiliar de Log\u00edstica - Ribeir\u00e3o Preto - SP Auxiliar de Logistica - Repositor Auxiliar de Logistica - Repositor Operador Log\u00edstico Operador Log\u00edstico - Com Experi\u00eancia AUXILIAR DE LOG\u00cdSTICA Get notified about new Log\u00edstica jobs in Ribeir\u00e3o Preto, SP. Sign in to create job alert\u2026","rel":"","context":"In &quot;Vagas de Emprego em Ribeir\u00e3o Preto-SP&quot;","block_context":{"text":"Vagas de Emprego em Ribeir\u00e3o Preto-SP","link":"https:\/\/noticiasribeiraopreto.com.br\/index.php\/category\/empregos-classificados-vagas-trabalho\/vagas-de-empregos-em-ribeirao-preto-regiao-brasil\/"},"img":{"alt_text":"","src":"https:\/\/i0.wp.com\/noticiasribeiraopreto.com.br\/wp-content\/uploads\/2024\/03\/1709754085_Novas-vagas-de-emprego-na-area-de-logistica-Saiba-como-enviar-seu-curriculo.jpg?fit=1199%2C675&ssl=1&resize=350%2C200","width":350,"height":200,"srcset":"https:\/\/i0.wp.com\/noticiasribeiraopreto.com.br\/wp-content\/uploads\/2024\/03\/1709754085_Novas-vagas-de-emprego-na-area-de-logistica-Saiba-como-enviar-seu-curriculo.jpg?fit=1199%2C675&ssl=1&resize=350%2C200 1x, https:\/\/i0.wp.com\/noticiasribeiraopreto.com.br\/wp-content\/uploads\/2024\/03\/1709754085_Novas-vagas-de-emprego-na-area-de-logistica-Saiba-como-enviar-seu-curriculo.jpg?fit=1199%2C675&ssl=1&resize=525%2C300 1.5x, https:\/\/i0.wp.com\/noticiasribeiraopreto.com.br\/wp-content\/uploads\/2024\/03\/1709754085_Novas-vagas-de-emprego-na-area-de-logistica-Saiba-como-enviar-seu-curriculo.jpg?fit=1199%2C675&ssl=1&resize=700%2C400 2x, https:\/\/i0.wp.com\/noticiasribeiraopreto.com.br\/wp-content\/uploads\/2024\/03\/1709754085_Novas-vagas-de-emprego-na-area-de-logistica-Saiba-como-enviar-seu-curriculo.jpg?fit=1199%2C675&ssl=1&resize=1050%2C600 3x"},"classes":[]},{"id":39221,"url":"https:\/\/noticiasribeiraopreto.com.br\/index.php\/2024\/02\/23\/20-vagas-de-empregos-entre-e-veja-oportunidades-de-trabalho-em-ribeirao-preto-sp-19\/","url_meta":{"origin":71801,"position":2},"title":"20 vagas de empregos: entre e veja oportunidades de trabalho em Ribeir\u00e3o Preto-SP","author":"noticiasribeiraopreto.com.br","date":"23 de February de 2024","format":false,"excerpt":"Lista de Vagas em Ribeir\u00e3o Preto Ribeir\u00e3o Preto - SP Caixa Ver mais Ribeir\u00e3o Preto - SP AUXILIAR DE ALMOXARIFE Ver mais Ribeir\u00e3o Preto - SP VIGILANTE Ver mais Ribeir\u00e3o Preto - SP Operador de Rastreamento Ver mais Ribeir\u00e3o Preto - SP Almoxarife Ver mais Ribeir\u00e3o Preto - SP Vendedor(a)\u2026","rel":"","context":"In &quot;Vagas de Emprego em Ribeir\u00e3o Preto-SP&quot;","block_context":{"text":"Vagas de Emprego em Ribeir\u00e3o Preto-SP","link":"https:\/\/noticiasribeiraopreto.com.br\/index.php\/category\/empregos-classificados-vagas-trabalho\/vagas-de-empregos-em-ribeirao-preto-regiao-brasil\/"},"img":{"alt_text":"","src":"","width":0,"height":0},"classes":[]},{"id":54325,"url":"https:\/\/noticiasribeiraopreto.com.br\/index.php\/2024\/07\/08\/30-novas-vagas-de-emprego-em-ribeirao-preto-sp-102\/","url_meta":{"origin":71801,"position":3},"title":"30 novas vagas de emprego em Ribeir\u00e3o Preto-SP","author":"noticiasribeiraopreto.com.br","date":"8 de July de 2024","format":false,"excerpt":"Gerente de F\u00e1bricaCampinasView JobDiretor IndustrialS\u00e3o Jos\u00e9 dos CamposView JobGerente de MarketingRibeir\u00e3o PretoView JobDiretor de SustentabilidadeCampinas\/SPView JobDiretor de RHRibeir\u00e3o PretoView JobCoordenador de Marketing Ribeir\u00e3o PretoView JobGerente de Log\u00edsticaRibeir\u00e3o PretoView JobDiretor AdministrativoRibeir\u00e3o PretoView JobSupervisor de VendasRibeir\u00e3o Preto\/SPView JobDiretor Industrial \u2013 Agroneg\u00f3cioRibeir\u00e3o PretoView JobDiretor Geral de Unidade de Neg\u00f3cio B2B - EdtechRibeir\u00e3o PretoView\u2026","rel":"","context":"In &quot;Vagas de Emprego em Ribeir\u00e3o Preto-SP&quot;","block_context":{"text":"Vagas de Emprego em Ribeir\u00e3o Preto-SP","link":"https:\/\/noticiasribeiraopreto.com.br\/index.php\/category\/empregos-classificados-vagas-trabalho\/vagas-de-empregos-em-ribeirao-preto-regiao-brasil\/"},"img":{"alt_text":"","src":"","width":0,"height":0},"classes":[]},{"id":45324,"url":"https:\/\/noticiasribeiraopreto.com.br\/index.php\/2024\/04\/03\/vagas-de-emprego-na-area-de-logistica-em-ribeirao-preto-sp-2\/","url_meta":{"origin":71801,"position":4},"title":"Vagas de emprego na \u00e1rea de log\u00edstica em Ribeir\u00e3o Preto-SP","author":"noticiasribeiraopreto.com.br","date":"3 de April de 2024","format":false,"excerpt":"Auxiliar de Estoque Assistente de Log\u00edstica Auxiliar de Produ\u00e7\u00e3o\/Log\u00edstica Estoquista - Sephora Ribeir\u00e3o Preto Estoquista - Sephora Ribeir\u00e3o Preto Auxiliar De Expedi\u00e7\u00e3o Estoquista Assistente Auxiliar de Log\u00edstica - Ribeir\u00e3o Preto - SP Get notified about new Log\u00edstica jobs in Ribeir\u00e3o Preto, SP. Sign in to create job alert 393 Log\u00edstica\u2026","rel":"","context":"In &quot;Vagas de Emprego em Ribeir\u00e3o Preto-SP&quot;","block_context":{"text":"Vagas de Emprego em Ribeir\u00e3o Preto-SP","link":"https:\/\/noticiasribeiraopreto.com.br\/index.php\/category\/empregos-classificados-vagas-trabalho\/vagas-de-empregos-em-ribeirao-preto-regiao-brasil\/"},"img":{"alt_text":"","src":"https:\/\/i0.wp.com\/noticiasribeiraopreto.com.br\/wp-content\/uploads\/2024\/04\/Novas-vagas-de-emprego-na-area-de-logistica-Saiba-como-enviar-seu-curriculo.jpg?fit=1199%2C675&ssl=1&resize=350%2C200","width":350,"height":200,"srcset":"https:\/\/i0.wp.com\/noticiasribeiraopreto.com.br\/wp-content\/uploads\/2024\/04\/Novas-vagas-de-emprego-na-area-de-logistica-Saiba-como-enviar-seu-curriculo.jpg?fit=1199%2C675&ssl=1&resize=350%2C200 1x, https:\/\/i0.wp.com\/noticiasribeiraopreto.com.br\/wp-content\/uploads\/2024\/04\/Novas-vagas-de-emprego-na-area-de-logistica-Saiba-como-enviar-seu-curriculo.jpg?fit=1199%2C675&ssl=1&resize=525%2C300 1.5x, https:\/\/i0.wp.com\/noticiasribeiraopreto.com.br\/wp-content\/uploads\/2024\/04\/Novas-vagas-de-emprego-na-area-de-logistica-Saiba-como-enviar-seu-curriculo.jpg?fit=1199%2C675&ssl=1&resize=700%2C400 2x, https:\/\/i0.wp.com\/noticiasribeiraopreto.com.br\/wp-content\/uploads\/2024\/04\/Novas-vagas-de-emprego-na-area-de-logistica-Saiba-como-enviar-seu-curriculo.jpg?fit=1199%2C675&ssl=1&resize=1050%2C600 3x"},"classes":[]},{"id":53294,"url":"https:\/\/noticiasribeiraopreto.com.br\/index.php\/2024\/06\/18\/30-novas-vagas-de-emprego-em-ribeirao-preto-sp-101\/","url_meta":{"origin":71801,"position":5},"title":"30 novas vagas de emprego em Ribeir\u00e3o Preto-SP","author":"noticiasribeiraopreto.com.br","date":"18 de June de 2024","format":false,"excerpt":"Diretor Industrial \u2013 Agroneg\u00f3cioRibeir\u00e3o PretoView JobDiretor Geral de Unidade de Neg\u00f3cio B2B - EdtechRibeir\u00e3o PretoView JobGerente de vendas- Bombas centr\u00edfugas Ribeir\u00e3o PretoView JobGerente de PCP CampinasView JobENGENHEIRO CIVIL Ribeir\u00e3o Preto View JobDiretora Financeira (vaga afirmativa para mulheres) Campinas View JobGerente de Manufatura Ribeir\u00e3o Preto View JobGerente de Controle da Qualidade\u2026","rel":"","context":"In &quot;Vagas de Emprego em Ribeir\u00e3o Preto-SP&quot;","block_context":{"text":"Vagas de Emprego em Ribeir\u00e3o Preto-SP","link":"https:\/\/noticiasribeiraopreto.com.br\/index.php\/category\/empregos-classificados-vagas-trabalho\/vagas-de-empregos-em-ribeirao-preto-regiao-brasil\/"},"img":{"alt_text":"","src":"","width":0,"height":0},"classes":[]}],"jetpack_sharing_enabled":true,"jetpack_shortlink":"https:\/\/wp.me\/peQAOb-iG5","_links":{"self":[{"href":"https:\/\/noticiasribeiraopreto.com.br\/index.php\/wp-json\/wp\/v2\/posts\/71801","targetHints":{"allow":["GET"]}}],"collection":[{"href":"https:\/\/noticiasribeiraopreto.com.br\/index.php\/wp-json\/wp\/v2\/posts"}],"about":[{"href":"https:\/\/noticiasribeiraopreto.com.br\/index.php\/wp-json\/wp\/v2\/types\/post"}],"author":[{"embeddable":true,"href":"https:\/\/noticiasribeiraopreto.com.br\/index.php\/wp-json\/wp\/v2\/users\/1"}],"replies":[{"embeddable":true,"href":"https:\/\/noticiasribeiraopreto.com.br\/index.php\/wp-json\/wp\/v2\/comments?post=71801"}],"version-history":[{"count":0,"href":"https:\/\/noticiasribeiraopreto.com.br\/index.php\/wp-json\/wp\/v2\/posts\/71801\/revisions"}],"wp:featuredmedia":[{"embeddable":true,"href":"https:\/\/noticiasribeiraopreto.com.br\/index.php\/wp-json\/wp\/v2\/media\/71802"}],"wp:attachment":[{"href":"https:\/\/noticiasribeiraopreto.com.br\/index.php\/wp-json\/wp\/v2\/media?parent=71801"}],"wp:term":[{"taxonomy":"category","embeddable":true,"href":"https:\/\/noticiasribeiraopreto.com.br\/index.php\/wp-json\/wp\/v2\/categories?post=71801"},{"taxonomy":"post_tag","embeddable":true,"href":"https:\/\/noticiasribeiraopreto.com.br\/index.php\/wp-json\/wp\/v2\/tags?post=71801"}],"curies":[{"name":"wp","href":"https:\/\/api.w.org\/{rel}","templated":true}]}}