{"id":71803,"date":"2025-06-10T12:27:58","date_gmt":"2025-06-10T15:27:58","guid":{"rendered":"https:\/\/noticiasribeiraopreto.com.br\/index.php\/2025\/06\/10\/videos-suspeito-e-preso-apos-fuga-pela-anhanguera\/"},"modified":"2025-06-10T12:27:58","modified_gmt":"2025-06-10T15:27:58","slug":"videos-suspeito-e-preso-apos-fuga-pela-anhanguera","status":"publish","type":"post","link":"https:\/\/noticiasribeiraopreto.com.br\/index.php\/2025\/06\/10\/videos-suspeito-e-preso-apos-fuga-pela-anhanguera\/","title":{"rendered":"V\u00cdDEOS &#8211; Suspeito \u00e9 preso ap\u00f3s fuga pela Anhanguera"},"content":{"rendered":"<div class='code-block code-block-1' style='margin: 8px 0 8px auto; text-align: right; display: block; clear: both;'>\n<p><a href=\"https:\/\/wa.link\/vpicfd\"><img data-recalc-dims=\"1\" class=\"wp-image-4922\" style=\"aspect-ratio: 2.0253164556962027; width: 561px; height: auto;\" src=\"https:\/\/i0.wp.com\/ismaelcolosi.com.br\/wp-content\/uploads\/2023\/11\/grupo-de-empregos-whatsapp-e-facebook-ismael-colosi-vagas.jpg?ssl=1\" alt=\"\" \/><\/a><\/p>\n<!-- \/wp:image -->\n<\/div>\n<p> <br \/>\n<\/p>\n<div id=\"\">\n<h2 class=\"penci-post-subtitle\">Na casa do homem detido PMs encontraram armas de fogo, celulares, drone e dois ve\u00edculos roubados<\/h2>\n<p>\n\t\t\t\t\t\t\t\t\t<span class=\"entry-meta-item penci-posted-on\"><i class=\"fa fa-clock-o\"\/><time class=\"entry-date published\" datetime=\"2025-06-10T11:11:06-03:00\">10 de junho de 2025 11:11<\/time><time class=\"updated\" datetime=\"2025-06-10T12:18:57-03:00\">10 de junho de 2025 12:18<\/time><\/span><span class=\"entry-meta-item penci-post-countview\"><span class=\"entry-meta-item penci-post-countview penci_post-meta_item\"><i class=\"fa fa-eye\"\/><span class=\"penci-post-countview-number penci-post-countview-p428296\">25<\/span><\/span><\/span>\t\t\t\t\t\t\t\t<\/p>\n<p><!-- .entry-meta --><br \/>\n\t\t\t\t\t\t\t\t<span class=\"penci-social-buttons penci-social-share-footer\"><span class=\"penci-social-share-text\">Compartilhar<\/span><a href=\"#\" class=\"penci-post-like penci_post-meta_item  single-like-button penci-social-item like\" data-post_id=\"428296\" title=\"Like\" data-like=\"Like\" data-unlike=\"Unlike\"><i class=\"fa fa-thumbs-o-up\"\/><span class=\"penci-share-number\">2<\/span><\/a><i class=\"fa fa-facebook\"\/><a class=\"penci-social-item twitter\" target=\"_blank\" rel=\"noopener\" title=\"\" href=\"https:\/\/twitter.com\/intent\/tweet?text=V\u00cdDEOS%20-%20Suspeito%20\u00e9%20preso%20ap\u00f3s%20fuga%20pela%20Anhanguera%20-%20https:\/\/www.tribunaribeirao.com.br\/suspeito-e-preso-apos-fuga-pela-anhanguera\/\"><i class=\"fa fa-twitter\"\/><\/a><i class=\"fa fa-linkedin\"\/><i class=\"fa fa-whatsapp\"\/><i class=\"fa fa-telegram\"\/><i class=\"fa fa-envelope\"\/><\/span>\t\t\t\t\t\t\t<\/div>\n<div>\n<p>Por: Adalberto Luque<\/p>\n<p>Uma persegui\u00e7\u00e3o registrada na noite desta segunda-feira (9) s\u00f3 terminou ap\u00f3s um acidente de tr\u00e2nsito na cidade de Cravinhos. Um carro n\u00e3o obedeceu \u00e0 ordem de parada da Pol\u00edcia Militar Rodovi\u00e1ria (PMRv) quando passava pela pra\u00e7a de ped\u00e1gio da Rodovia Anhanguera (SP-330), em S\u00e3o Sim\u00e3o, iniciando uma fuga.<\/p>\n<p><iframe loading=\"lazy\" title=\"Fuga Cravinhos 2\" width=\"500\" height=\"281\" src=\"https:\/\/www.youtube.com\/embed\/1_3zbi3-FKM?feature=oembed\" frameborder=\"0\" allow=\"accelerometer; autoplay; clipboard-write; encrypted-media; gyroscope; picture-in-picture; web-share\" referrerpolicy=\"strict-origin-when-cross-origin\" allowfullscreen><\/iframe><\/p>\n<p>A abordagem seria feita por uma equipe do T\u00e1tico Ostensivo Rodovi\u00e1rio (TOR) da PMRv, que deu ordem de parada obrigat\u00f3ria para um ve\u00edculo GM Tracker, que seguia na pista norte, sentido a Ribeir\u00e3o Preto.<\/p>\n<p>O motorista fuj\u00e3o foi acompanhado pelos policiais rodovi\u00e1rios. O ve\u00edculo em fuga entrou na cidade de Cravinhos, regi\u00e3o metropolitana de Ribeir\u00e3o Preto, onde viaturas da Pol\u00edcia Militar tamb\u00e9m participaram do cerco. O condutor que desobedeceu \u00e0 ordem de parada passou por v\u00e1rias ruas do centro da cidade,\u00a0 em alta velocidade, acompanhado por viatura da PM.<\/p>\n<figure id=\"attachment_428310\" aria-describedby=\"caption-attachment-428310\" style=\"width: 800px\" class=\"wp-caption alignnone\"><img data-recalc-dims=\"1\" loading=\"lazy\" decoding=\"async\" class=\"size-full wp-image-428310 lazyload\" src=\"https:\/\/i0.wp.com\/www.tribunaribeirao.com.br\/wp-content\/uploads\/2025\/06\/10-jun-2025-fugapedagio5-scaled.jpg?resize=800%2C450&#038;ssl=1\" alt=\"\" width=\"800\" height=\"450\" srcset=\"https:\/\/www.tribunaribeirao.com.br\/wp-content\/uploads\/2025\/06\/10-jun-2025-fugapedagio5-scaled.jpg 800w, https:\/\/www.tribunaribeirao.com.br\/wp-content\/uploads\/2025\/06\/10-jun-2025-fugapedagio5-300x169.jpg 300w, https:\/\/www.tribunaribeirao.com.br\/wp-content\/uploads\/2025\/06\/10-jun-2025-fugapedagio5-1024x576.jpg 1024w, https:\/\/www.tribunaribeirao.com.br\/wp-content\/uploads\/2025\/06\/10-jun-2025-fugapedagio5-768x432.jpg 768w, https:\/\/www.tribunaribeirao.com.br\/wp-content\/uploads\/2025\/06\/10-jun-2025-fugapedagio5-1536x864.jpg 1536w, https:\/\/www.tribunaribeirao.com.br\/wp-content\/uploads\/2025\/06\/10-jun-2025-fugapedagio5-960x540.jpg 960w, https:\/\/www.tribunaribeirao.com.br\/wp-content\/uploads\/2025\/06\/10-jun-2025-fugapedagio5-711x400.jpg 711w, https:\/\/www.tribunaribeirao.com.br\/wp-content\/uploads\/2025\/06\/10-jun-2025-fugapedagio5-585x329.jpg 585w\" data-sizes=\"(max-width: 800px) 100vw, 800px\" style=\"--smush-placeholder-width: 800px; --smush-placeholder-aspect-ratio: 800\/450;\"\/><figcaption id=\"caption-attachment-428310\" class=\"wp-caption-text\">Fuga em alta velocidade pelas ruas de Cravinhos assustou moradores da cidade (Foto e v\u00eddeos: @cravinhos_mil_grau)<\/figcaption><\/figure>\n<p>A fuga s\u00f3 terminou quando o condutor da Tracker bateu em um carro estacionado na rua Cerqueira C\u00e9sar, em Cravinhos. Ao abordarem os ocupantes, os policiais militares constataram que o condutor tinha diversas passagens por roubo sem, contudo, ter sido condenado ou ter mandado de pris\u00e3o em aberto.<\/p>\n<p>O passageiro, por sua vez, n\u00e3o tinha passagens criminais. A dupla foi levada para a Central de Pol\u00edcia Judici\u00e1ria (CPJ), no Centro de Ribeir\u00e3o Preto. Enquanto o flagrante por desobedi\u00eancia \u00e0 ordem de parada e sinistro de tr\u00e2nsito era elaborado, a For\u00e7a T\u00e1tica voltou a Cravinhos.<\/p>\n<figure id=\"attachment_428309\" aria-describedby=\"caption-attachment-428309\" style=\"width: 705px\" class=\"wp-caption alignnone\"><img data-recalc-dims=\"1\" loading=\"lazy\" decoding=\"async\" class=\"size-full wp-image-428309 lazyload\" src=\"https:\/\/i0.wp.com\/www.tribunaribeirao.com.br\/wp-content\/uploads\/2025\/06\/10-jun-2025-fugapedagio4.jpg?resize=705%2C604&#038;ssl=1\" alt=\"\" width=\"705\" height=\"604\" srcset=\"https:\/\/www.tribunaribeirao.com.br\/wp-content\/uploads\/2025\/06\/10-jun-2025-fugapedagio4.jpg 705w, https:\/\/www.tribunaribeirao.com.br\/wp-content\/uploads\/2025\/06\/10-jun-2025-fugapedagio4-300x257.jpg 300w, https:\/\/www.tribunaribeirao.com.br\/wp-content\/uploads\/2025\/06\/10-jun-2025-fugapedagio4-467x400.jpg 467w, https:\/\/www.tribunaribeirao.com.br\/wp-content\/uploads\/2025\/06\/10-jun-2025-fugapedagio4-585x501.jpg 585w\" data-sizes=\"(max-width: 705px) 100vw, 705px\" style=\"--smush-placeholder-width: 705px; --smush-placeholder-aspect-ratio: 705\/604;\"\/><figcaption id=\"caption-attachment-428309\" class=\"wp-caption-text\">Motorista tinha diversas passagens por roubo, mas n\u00e3o tinha condena\u00e7\u00e3o; na casa de sua esposa, outros dois ve\u00edculos roubados foram encontrado (Foto e v\u00eddeos: @cravinhos_mil_grau)<\/figcaption><\/figure>\n<p>Localizaram a resid\u00eancia da esposa do condutor e, l\u00e1 dentro, encontraram diversos produtos de origem il\u00edcita. Entre eles, uma arma de fogo, celulares, um drone e dois ve\u00edculos com queixa de roubo. O material foi apreendido e apresentado na CPJ. A Pol\u00edcia Civil vai investigar o caso.<\/p>\n<p>\u00a0<\/p>\n<p>_____<\/p>\n<p>\u00a0<\/p>\n<p>Jornal Tribuna Ribeir\u00e3o<br \/>Um Jornal com a cara de Ribeir\u00e3o!<\/p>\n<p>Impresso | WEB | Redes sociais<br \/>Tribuna Ribeir\u00e3o \u2013 Fone: (16) 3632-2200 \u2013 Whatsapp: (16) 98161-8743<br \/>Av. Bar\u00e3o do Bananal, 880 \u2013 Jardim Anhanguera, Ribeir\u00e3o Preto<\/p>\n<p>@tribunaribeirao<br \/>@meiaderibeirao<br \/>@dinoderibeirao<br \/>#TribunaRibeir\u00e3o<br \/>#News<br \/>#Not\u00edcia<br \/>#Ribeir\u00e3oPreto #Not\u00edciasDeRibeir\u00e3oPreto<br \/>#ClassificadosTribunaRibeir\u00e3o<br \/>#Jornalismo<br \/>#ClassificadosRibeir\u00e3o<\/p>\n<\/div>\n<p><script async src=\"\/\/platform.twitter.com\/widgets.js\" charset=\"utf-8\"><\/script><br \/>\n<br \/><br \/>\n<br \/><a href=\"https:\/\/www.tribunaribeirao.com.br\/suspeito-e-preso-apos-fuga-pela-anhanguera\/\">Source link <\/a><\/p>\n<!-- CONTENT END 1 -->\n","protected":false},"excerpt":{"rendered":"<p>Na casa do homem detido PMs encontraram armas de fogo, celulares, drone e dois ve\u00edculos roubados 10 de junho de 2025 11:1110 de junho de&#8230;<\/p>\n","protected":false},"author":1,"featured_media":71805,"comment_status":"open","ping_status":"open","sticky":false,"template":"","format":"standard","meta":{"advanced_seo_description":"","jetpack_seo_html_title":"","jetpack_seo_noindex":false,"jetpack_post_was_ever_published":false,"_jetpack_newsletter_access":"","_jetpack_dont_email_post_to_subs":false,"_jetpack_newsletter_tier_id":0,"_jetpack_memberships_contains_paywalled_content":false,"_jetpack_memberships_contains_paid_content":false,"footnotes":"","jetpack_publicize_message":"","jetpack_publicize_feature_enabled":true,"jetpack_social_post_already_shared":true,"jetpack_social_options":{"image_generator_settings":{"template":"highway","default_image_id":0,"font":"","enabled":false},"version":2}},"categories":[11],"tags":[],"class_list":["post-71803","post","type-post","status-publish","format-standard","has-post-thumbnail","hentry","category-noticias-de-ribeirao-preto-sp-e-regiao-ismael-colosi"],"jetpack_publicize_connections":[],"jetpack_featured_media_url":"https:\/\/i0.wp.com\/noticiasribeiraopreto.com.br\/wp-content\/uploads\/2025\/06\/10-jun-2025-fugapedagio5-scaled.jpg?fit=800%2C450&ssl=1","jetpack-related-posts":[{"id":51496,"url":"https:\/\/noticiasribeiraopreto.com.br\/index.php\/2024\/05\/27\/beneficiarios-do-bolsa-familia-comemoram-governo-confirma-3-adicionais-para-o-mes-de-junho-confira\/","url_meta":{"origin":71803,"position":0},"title":"Benefici\u00e1rios do Bolsa Fam\u00edlia comemoram: Governo confirma 3 adicionais para o m\u00eas de Junho; Confira!","author":"noticiasribeiraopreto.com.br","date":"27 de May de 2024","format":false,"excerpt":"O Governo Federal confirmou que os benefici\u00e1rios do Bolsa Fam\u00edlia receber\u00e3o tr\u00eas importantes benef\u00edcios adicionais desde junho, refor\u00e7ando o compromisso de apoiar fam\u00edlias em situa\u00e7\u00e3o de vulnerabilidade social. Anunciada pelo presidente Luiz In\u00e1cio Lula da Silva (PT) em meados do ano passado, essa ajuda continuar\u00e1 sendo desembolsada em 2024 com\u2026","rel":"","context":"In &quot;Dinheiro e Investimento&quot;","block_context":{"text":"Dinheiro e Investimento","link":"https:\/\/noticiasribeiraopreto.com.br\/index.php\/category\/dinheiro-e-investimento-como-fazer-como-ganhar\/"},"img":{"alt_text":"","src":"https:\/\/i0.wp.com\/noticiasribeiraopreto.com.br\/wp-content\/uploads\/2024\/05\/Design-sem-nome-5-1.webp.webp?fit=1200%2C630&ssl=1&resize=350%2C200","width":350,"height":200,"srcset":"https:\/\/i0.wp.com\/noticiasribeiraopreto.com.br\/wp-content\/uploads\/2024\/05\/Design-sem-nome-5-1.webp.webp?fit=1200%2C630&ssl=1&resize=350%2C200 1x, https:\/\/i0.wp.com\/noticiasribeiraopreto.com.br\/wp-content\/uploads\/2024\/05\/Design-sem-nome-5-1.webp.webp?fit=1200%2C630&ssl=1&resize=525%2C300 1.5x, https:\/\/i0.wp.com\/noticiasribeiraopreto.com.br\/wp-content\/uploads\/2024\/05\/Design-sem-nome-5-1.webp.webp?fit=1200%2C630&ssl=1&resize=700%2C400 2x, https:\/\/i0.wp.com\/noticiasribeiraopreto.com.br\/wp-content\/uploads\/2024\/05\/Design-sem-nome-5-1.webp.webp?fit=1200%2C630&ssl=1&resize=1050%2C600 3x"},"classes":[]},{"id":52116,"url":"https:\/\/noticiasribeiraopreto.com.br\/index.php\/2024\/06\/04\/aniversario-de-ribeirao-preto-e-feriado-data-e-comemorada-no-dia-19-de-junho\/","url_meta":{"origin":71803,"position":1},"title":"Anivers\u00e1rio de Ribeir\u00e3o Preto \u00e9 feriado? Data \u00e9 comemorada no dia 19 de junho","author":"noticiasribeiraopreto.com.br","date":"4 de June de 2024","format":false,"excerpt":"O anivers\u00e1rio de 168 anos de Ribeir\u00e3o Preto \u00e9 comemorado no pr\u00f3ximo dia 19 de junho e j\u00e1 foi divulgada uma programa\u00e7\u00e3o especial para a celebra\u00e7\u00e3o. Mas, afinal, o dia do anivers\u00e1rio de Ribeir\u00e3o \u00e9 considerado feriado? Sim, a data \u00e9 feriado municipal, que foi institu\u00eddo por meio de legisla\u00e7\u00e3o\u2026","rel":"","context":"In &quot;Not\u00edcias de Ribeir\u00e3o Preto-SP e Regi\u00e3o&quot;","block_context":{"text":"Not\u00edcias de Ribeir\u00e3o Preto-SP e Regi\u00e3o","link":"https:\/\/noticiasribeiraopreto.com.br\/index.php\/category\/noticias-de-ribeirao-preto-sp-e-regiao-ismael-colosi\/"},"img":{"alt_text":"","src":"https:\/\/i0.wp.com\/noticiasribeiraopreto.com.br\/wp-content\/uploads\/2024\/06\/totem_eu_amo_ribeirao_-_foto_fernando_gonzaga_2_2024-06-04_11-49-25_jpeg_2024-06-04_11-49-25.webp.webp?fit=1200%2C800&ssl=1&resize=350%2C200","width":350,"height":200,"srcset":"https:\/\/i0.wp.com\/noticiasribeiraopreto.com.br\/wp-content\/uploads\/2024\/06\/totem_eu_amo_ribeirao_-_foto_fernando_gonzaga_2_2024-06-04_11-49-25_jpeg_2024-06-04_11-49-25.webp.webp?fit=1200%2C800&ssl=1&resize=350%2C200 1x, https:\/\/i0.wp.com\/noticiasribeiraopreto.com.br\/wp-content\/uploads\/2024\/06\/totem_eu_amo_ribeirao_-_foto_fernando_gonzaga_2_2024-06-04_11-49-25_jpeg_2024-06-04_11-49-25.webp.webp?fit=1200%2C800&ssl=1&resize=525%2C300 1.5x, https:\/\/i0.wp.com\/noticiasribeiraopreto.com.br\/wp-content\/uploads\/2024\/06\/totem_eu_amo_ribeirao_-_foto_fernando_gonzaga_2_2024-06-04_11-49-25_jpeg_2024-06-04_11-49-25.webp.webp?fit=1200%2C800&ssl=1&resize=700%2C400 2x, https:\/\/i0.wp.com\/noticiasribeiraopreto.com.br\/wp-content\/uploads\/2024\/06\/totem_eu_amo_ribeirao_-_foto_fernando_gonzaga_2_2024-06-04_11-49-25_jpeg_2024-06-04_11-49-25.webp.webp?fit=1200%2C800&ssl=1&resize=1050%2C600 3x"},"classes":[]},{"id":52137,"url":"https:\/\/noticiasribeiraopreto.com.br\/index.php\/2024\/06\/04\/bolsa-familia-2024-aumento-confirmado-para-r-710-veja-as-novidades-e-como-receber\/","url_meta":{"origin":71803,"position":2},"title":"Bolsa Fam\u00edlia 2024: Aumento Confirmado para R$ 710; Veja as novidades e como receber","author":"noticiasribeiraopreto.com.br","date":"4 de June de 2024","format":false,"excerpt":"Em um esfor\u00e7o cont\u00ednuo para apoiar as fam\u00edlias que enfrentam dificuldades financeiras, o Governo Federal recalibrou o programa Bolsa Fam\u00edlia. A partir de junho de 2024, vamos aumentar o valor do pagamento para fornecer um apoio mais substancial. A medida promove o bem-estar econ\u00f4mico das fam\u00edlias benefici\u00e1rias, bem como o\u2026","rel":"","context":"In &quot;Dinheiro e Investimento&quot;","block_context":{"text":"Dinheiro e Investimento","link":"https:\/\/noticiasribeiraopreto.com.br\/index.php\/category\/dinheiro-e-investimento-como-fazer-como-ganhar\/"},"img":{"alt_text":"","src":"https:\/\/i0.wp.com\/noticiasribeiraopreto.com.br\/wp-content\/uploads\/2024\/06\/Design-sem-nome-5.webp.webp?fit=1200%2C630&ssl=1&resize=350%2C200","width":350,"height":200,"srcset":"https:\/\/i0.wp.com\/noticiasribeiraopreto.com.br\/wp-content\/uploads\/2024\/06\/Design-sem-nome-5.webp.webp?fit=1200%2C630&ssl=1&resize=350%2C200 1x, https:\/\/i0.wp.com\/noticiasribeiraopreto.com.br\/wp-content\/uploads\/2024\/06\/Design-sem-nome-5.webp.webp?fit=1200%2C630&ssl=1&resize=525%2C300 1.5x, https:\/\/i0.wp.com\/noticiasribeiraopreto.com.br\/wp-content\/uploads\/2024\/06\/Design-sem-nome-5.webp.webp?fit=1200%2C630&ssl=1&resize=700%2C400 2x, https:\/\/i0.wp.com\/noticiasribeiraopreto.com.br\/wp-content\/uploads\/2024\/06\/Design-sem-nome-5.webp.webp?fit=1200%2C630&ssl=1&resize=1050%2C600 3x"},"classes":[]},{"id":52229,"url":"https:\/\/noticiasribeiraopreto.com.br\/index.php\/2024\/06\/05\/bolsa-familia-de-junho-com-bonus-extra-para-maes-solteiras-veja-como-funciona\/","url_meta":{"origin":71803,"position":3},"title":"Bolsa Fam\u00edlia de Junho com b\u00f4nus extra para m\u00e3es solteiras; Veja como funciona","author":"noticiasribeiraopreto.com.br","date":"5 de June de 2024","format":false,"excerpt":"O Bolsa Fam\u00edlia de junho oferece apoio adicional \u00e0s m\u00e3es solteiras por meio do Benef\u00edcio Primeira Inf\u00e2ncia (BPI) e do Benef\u00edcio Vari\u00e1vel Fam\u00edlia (BVF). Ambos os valores adicionais podem ser ganhos no calend\u00e1rio deste m\u00eas. O BPI de 150 reais \u00e9 para fam\u00edlias com crian\u00e7as de at\u00e9 6 anos, enquanto\u2026","rel":"","context":"In &quot;Dinheiro e Investimento&quot;","block_context":{"text":"Dinheiro e Investimento","link":"https:\/\/noticiasribeiraopreto.com.br\/index.php\/category\/dinheiro-e-investimento-como-fazer-como-ganhar\/"},"img":{"alt_text":"","src":"https:\/\/i0.wp.com\/noticiasribeiraopreto.com.br\/wp-content\/uploads\/2024\/06\/Design-sem-nome-7.webp.webp?fit=1200%2C630&ssl=1&resize=350%2C200","width":350,"height":200,"srcset":"https:\/\/i0.wp.com\/noticiasribeiraopreto.com.br\/wp-content\/uploads\/2024\/06\/Design-sem-nome-7.webp.webp?fit=1200%2C630&ssl=1&resize=350%2C200 1x, https:\/\/i0.wp.com\/noticiasribeiraopreto.com.br\/wp-content\/uploads\/2024\/06\/Design-sem-nome-7.webp.webp?fit=1200%2C630&ssl=1&resize=525%2C300 1.5x, https:\/\/i0.wp.com\/noticiasribeiraopreto.com.br\/wp-content\/uploads\/2024\/06\/Design-sem-nome-7.webp.webp?fit=1200%2C630&ssl=1&resize=700%2C400 2x, https:\/\/i0.wp.com\/noticiasribeiraopreto.com.br\/wp-content\/uploads\/2024\/06\/Design-sem-nome-7.webp.webp?fit=1200%2C630&ssl=1&resize=1050%2C600 3x"},"classes":[]},{"id":52021,"url":"https:\/\/noticiasribeiraopreto.com.br\/index.php\/2024\/06\/03\/noticia-importante-bolsa-familia-de-junho-emite-comunicado-para-nis-1-a-0-confira-as-novidades\/","url_meta":{"origin":71803,"position":4},"title":"Not\u00edcia Importante: Bolsa Fam\u00edlia de JUNHO emite comunicado para NIS 1 a 0; Confira as novidades!","author":"noticiasribeiraopreto.com.br","date":"3 de June de 2024","format":false,"excerpt":"O Bolsa Fam\u00edlia, um dos mais importantes programas sociais do Brasil, passou por uma grande transforma\u00e7\u00e3o. Em homenagem a este novo ano, as mudan\u00e7as nas regras e no montante de repasses aos benefici\u00e1rios visam ampliar o alcance e a efetividade do programa na redu\u00e7\u00e3o da pobreza e no apoio a\u2026","rel":"","context":"In &quot;Dinheiro e Investimento&quot;","block_context":{"text":"Dinheiro e Investimento","link":"https:\/\/noticiasribeiraopreto.com.br\/index.php\/category\/dinheiro-e-investimento-como-fazer-como-ganhar\/"},"img":{"alt_text":"","src":"https:\/\/i0.wp.com\/noticiasribeiraopreto.com.br\/wp-content\/uploads\/2024\/06\/Noticia-Importante-Bolsa-Familia-de-JUNHO-emite-comunicado-1-1.webp.webp?fit=1200%2C630&ssl=1&resize=350%2C200","width":350,"height":200,"srcset":"https:\/\/i0.wp.com\/noticiasribeiraopreto.com.br\/wp-content\/uploads\/2024\/06\/Noticia-Importante-Bolsa-Familia-de-JUNHO-emite-comunicado-1-1.webp.webp?fit=1200%2C630&ssl=1&resize=350%2C200 1x, https:\/\/i0.wp.com\/noticiasribeiraopreto.com.br\/wp-content\/uploads\/2024\/06\/Noticia-Importante-Bolsa-Familia-de-JUNHO-emite-comunicado-1-1.webp.webp?fit=1200%2C630&ssl=1&resize=525%2C300 1.5x, https:\/\/i0.wp.com\/noticiasribeiraopreto.com.br\/wp-content\/uploads\/2024\/06\/Noticia-Importante-Bolsa-Familia-de-JUNHO-emite-comunicado-1-1.webp.webp?fit=1200%2C630&ssl=1&resize=700%2C400 2x, https:\/\/i0.wp.com\/noticiasribeiraopreto.com.br\/wp-content\/uploads\/2024\/06\/Noticia-Importante-Bolsa-Familia-de-JUNHO-emite-comunicado-1-1.webp.webp?fit=1200%2C630&ssl=1&resize=1050%2C600 3x"},"classes":[]},{"id":49997,"url":"https:\/\/noticiasribeiraopreto.com.br\/index.php\/2024\/05\/14\/nova-animacao-brasileira-lupi-e-baduki-estreia-na-max-e-no-discovery-kids-em-17-de-junho\/","url_meta":{"origin":71803,"position":5},"title":"Nova anima\u00e7\u00e3o brasileira &#8216;Lupi e Baduki&#8217; estreia na Max e no Discovery Kids em 17 de junho","author":"noticiasribeiraopreto.com.br","date":"14 de May de 2024","format":false,"excerpt":"Casa \/ Televis\u00e3o \/ Nova anima\u00e7\u00e3o brasileira \u2018Lupi e Baduki\u2019 estreia na Max e no Discovery Kids em 17 de junhoNova anima\u00e7\u00e3o brasileira \u2018Lupi e Baduki\u2019 estreia na Max e no Discovery Kids em 17 de junhoCom 13 epis\u00f3dios, anima\u00e7\u00e3o aborda temas como alteridade, coragem e curiosidade e tem can\u00e7\u00f5es\u2026","rel":"","context":"In &quot;Not\u00edcias de Ribeir\u00e3o Preto-SP e Regi\u00e3o&quot;","block_context":{"text":"Not\u00edcias de Ribeir\u00e3o Preto-SP e Regi\u00e3o","link":"https:\/\/noticiasribeiraopreto.com.br\/index.php\/category\/noticias-de-ribeirao-preto-sp-e-regiao-ismael-colosi\/"},"img":{"alt_text":"","src":"https:\/\/i0.wp.com\/noticiasribeiraopreto.com.br\/wp-content\/uploads\/2024\/05\/MV5BYzI5N2RjZTMtYTA5YS00MzA2LWI5OWItYzAzMDMxOGRmZmFjXkEyXkFqcGdeQXVyMTY5NzMzNDI3._V1_.jpg?fit=1200%2C675&ssl=1&resize=350%2C200","width":350,"height":200,"srcset":"https:\/\/i0.wp.com\/noticiasribeiraopreto.com.br\/wp-content\/uploads\/2024\/05\/MV5BYzI5N2RjZTMtYTA5YS00MzA2LWI5OWItYzAzMDMxOGRmZmFjXkEyXkFqcGdeQXVyMTY5NzMzNDI3._V1_.jpg?fit=1200%2C675&ssl=1&resize=350%2C200 1x, https:\/\/i0.wp.com\/noticiasribeiraopreto.com.br\/wp-content\/uploads\/2024\/05\/MV5BYzI5N2RjZTMtYTA5YS00MzA2LWI5OWItYzAzMDMxOGRmZmFjXkEyXkFqcGdeQXVyMTY5NzMzNDI3._V1_.jpg?fit=1200%2C675&ssl=1&resize=525%2C300 1.5x, https:\/\/i0.wp.com\/noticiasribeiraopreto.com.br\/wp-content\/uploads\/2024\/05\/MV5BYzI5N2RjZTMtYTA5YS00MzA2LWI5OWItYzAzMDMxOGRmZmFjXkEyXkFqcGdeQXVyMTY5NzMzNDI3._V1_.jpg?fit=1200%2C675&ssl=1&resize=700%2C400 2x, https:\/\/i0.wp.com\/noticiasribeiraopreto.com.br\/wp-content\/uploads\/2024\/05\/MV5BYzI5N2RjZTMtYTA5YS00MzA2LWI5OWItYzAzMDMxOGRmZmFjXkEyXkFqcGdeQXVyMTY5NzMzNDI3._V1_.jpg?fit=1200%2C675&ssl=1&resize=1050%2C600 3x"},"classes":[]}],"jetpack_sharing_enabled":true,"jetpack_shortlink":"https:\/\/wp.me\/peQAOb-iG7","_links":{"self":[{"href":"https:\/\/noticiasribeiraopreto.com.br\/index.php\/wp-json\/wp\/v2\/posts\/71803","targetHints":{"allow":["GET"]}}],"collection":[{"href":"https:\/\/noticiasribeiraopreto.com.br\/index.php\/wp-json\/wp\/v2\/posts"}],"about":[{"href":"https:\/\/noticiasribeiraopreto.com.br\/index.php\/wp-json\/wp\/v2\/types\/post"}],"author":[{"embeddable":true,"href":"https:\/\/noticiasribeiraopreto.com.br\/index.php\/wp-json\/wp\/v2\/users\/1"}],"replies":[{"embeddable":true,"href":"https:\/\/noticiasribeiraopreto.com.br\/index.php\/wp-json\/wp\/v2\/comments?post=71803"}],"version-history":[{"count":0,"href":"https:\/\/noticiasribeiraopreto.com.br\/index.php\/wp-json\/wp\/v2\/posts\/71803\/revisions"}],"wp:featuredmedia":[{"embeddable":true,"href":"https:\/\/noticiasribeiraopreto.com.br\/index.php\/wp-json\/wp\/v2\/media\/71805"}],"wp:attachment":[{"href":"https:\/\/noticiasribeiraopreto.com.br\/index.php\/wp-json\/wp\/v2\/media?parent=71803"}],"wp:term":[{"taxonomy":"category","embeddable":true,"href":"https:\/\/noticiasribeiraopreto.com.br\/index.php\/wp-json\/wp\/v2\/categories?post=71803"},{"taxonomy":"post_tag","embeddable":true,"href":"https:\/\/noticiasribeiraopreto.com.br\/index.php\/wp-json\/wp\/v2\/tags?post=71803"}],"curies":[{"name":"wp","href":"https:\/\/api.w.org\/{rel}","templated":true}]}}