{"id":71812,"date":"2025-06-10T14:11:57","date_gmt":"2025-06-10T17:11:57","guid":{"rendered":"https:\/\/noticiasribeiraopreto.com.br\/index.php\/2025\/06\/10\/jornal-da-franca-aprenda-a-diferenciar-a-sinusite-da-gripe-e-veja-o-que-ambas-podem-provocar\/"},"modified":"2025-06-10T14:11:57","modified_gmt":"2025-06-10T17:11:57","slug":"jornal-da-franca-aprenda-a-diferenciar-a-sinusite-da-gripe-e-veja-o-que-ambas-podem-provocar","status":"publish","type":"post","link":"https:\/\/noticiasribeiraopreto.com.br\/index.php\/2025\/06\/10\/jornal-da-franca-aprenda-a-diferenciar-a-sinusite-da-gripe-e-veja-o-que-ambas-podem-provocar\/","title":{"rendered":"Jornal da Franca &#8211; Aprenda a diferenciar a sinusite da gripe e veja o que ambas podem provocar"},"content":{"rendered":"<p> <br \/>\n<\/p>\n<div>\n\t                            <a class=\"mb-1\" href=\"https:\/\/api.whatsapp.com\/send?text=Olha essa Not\u00edcia no Jornal da Franca.%0D%0D*Aprenda a diferenciar a sinusite da gripe e veja o que ambas podem provocar*%0D%0Dclique na url abaixo%0Dhttps:\/\/www.jornaldafranca.com.br\/saiba-mais-sobre-a-sinusite-doenca-chata-e-bastante-comum-no-atual-tempo-seco\/\" target=\"_blank\"><span class=\"text-12 badge badge-pill badge-success\"><i class=\"fa fa-whatsapp\"\/> compartilhar no whatsapp<\/span><\/a><\/p>\n<p>\t                            <a class=\"mb-1\" href=\"https:\/\/telegram.me\/share\/url?url=https:\/\/www.jornaldafranca.com.br\/saiba-mais-sobre-a-sinusite-doenca-chata-e-bastante-comum-no-atual-tempo-seco\/&amp;text=Olha essa Not\u00edcia no Jornal da Franca.\" target=\"_blank\"><span class=\"text-12 badge badge-pill badge-info\"><i class=\"fa fa-telegram\"\/> compartilhar no telegram<\/span><\/a><\/p>\n<p>\t                            <a class=\"mb-1\" href=\"https:\/\/www.facebook.com\/sharer\/sharer.php?u=https:\/\/www.jornaldafranca.com.br\/saiba-mais-sobre-a-sinusite-doenca-chata-e-bastante-comum-no-atual-tempo-seco\/\" target=\"_blank\"><span class=\"text-12 badge badge-pill badge-primary\"><i class=\"fa fa-facebook\"\/> compartilhar no facebook<\/span><\/a><\/p>\n<p>\t                            <a class=\"mb-1\" href=\"https:\/\/www.linkedin.com\/shareArticle?mini=true&amp;url=https:\/\/www.jornaldafranca.com.br\/saiba-mais-sobre-a-sinusite-doenca-chata-e-bastante-comum-no-atual-tempo-seco\/&amp;title=Aprenda a diferenciar a sinusite da gripe e veja o que ambas podem provocar&amp;source=JORNAL DA FRANCA\" target=\"_blank\"><span class=\"text-12 badge badge-pill badge-secondary\"><i class=\"fa fa-linkedin\"\/> compartilhar no linkedin<\/span><\/a><\/p>\n<div class=\"lead text-20\">\n<p>Inc\u00f4modo \u00e9 muito grande para quem tem o problema; saiba como agir nessa situa\u00e7\u00e3o<\/p>\n<\/p><\/div>\n<p><img data-recalc-dims=\"1\" decoding=\"async\" src=\"https:\/\/i0.wp.com\/www.jornaldafranca.com.br\/wp-content\/uploads\/2022\/08\/IMG_20220825_160025.jpg?ssl=1\" alt=\"\"\/><\/p>\n<p>Voc\u00ea j\u00e1 deve ter ouvido falar ou ter sentido a famosa sinusite e pode at\u00e9 ter confundido com uma gripe ou resfriado. Em Franca, ela \u00e9 muito comum e maltrata muitas pessoas, impedindo que ocorra uma respira\u00e7\u00e3o normal.<\/p>\n<p>A sinusite \u00e9 uma inflama\u00e7\u00e3o dos seios paranasais, ou seja, da \u00e1rea ao redor do nariz. Ela compromete as ma\u00e7\u00e3s do rosto, os olhos e regi\u00f5es pr\u00f3ximas.<\/p>\n<p>Basicamente, a doen\u00e7a \u00e9 causada pela forma incorreta do corpo de separar as secre\u00e7\u00f5es dos seios da face, que no caso s\u00e3o os mesmo seios paranasais.<\/p>\n<p>O que \u00e9 a sinusite?<\/p>\n<p>Como falado anteriormente, a sinusite \u00e9 uma inflama\u00e7\u00e3o dos seios da face. Ou seja, ela afeta a regi\u00e3o em torno do nariz, como as ma\u00e7\u00e3s do rosto e os olhos.<\/p>\n<p>Esses seios cont\u00e9m ar, e ficam no interior dos ossos que ficam do lado do nariz, perto das ma\u00e7\u00e3s do rosto. Ele serve, sobretudo, para controlar o ar que entra para os pulm\u00f5es, medindo temperatura e umidade.<\/p>\n<p>O que a causa<\/p>\n<p>Essa doen\u00e7a pode ocorrer por conta de uma infec\u00e7\u00e3o secund\u00e1ria, por meio de v\u00edrus ou bacteria, como tamb\u00e9m por alergia.<\/p>\n<p>Ou seja, ela acontece quando algo atrapalha o funcionamento correto da drenagem de secre\u00e7\u00f5es feitas no seios da face.<\/p>\n<p>Dessa forma, a sinusite se divide, basicamente, em dois tipos, a aguda e a cr\u00f4nica. Por tanto a diferen\u00e7a entre elas \u00e9 que na aguda os sintomas v\u00e3o persistirem por at\u00e9 12 semanas. E a cr\u00f4nica por mais de 12 semanas.<\/p>\n<p>Aguda<\/p>\n<p>Basicamente, os sintomas dos dois tipos da doen\u00e7a s\u00e3o diferentes. A aguda consiste em, geralmente, fortes dores de cabe\u00e7as na \u00e1rea acometida, que \u00e9 a parte dos seios da face (Maxilar, seio frontal, etmoidal e esfenoidal).<\/p>\n<p>Deste modo, as dores podem ser de forma pulsada, pontada ou at\u00e9 mesmo uma press\u00e3o na cabe\u00e7a.<\/p>\n<p>Ali\u00e1s em muitos casos, essas dores vem acompanhadas tamb\u00e9m de secre\u00e7\u00f5es esverdeadas ou amareladas e chegando at\u00e9 mesmo ocorrer sangramentos.<\/p>\n<p>Outros sintomas que ainda podem ser sentidos s\u00e3o febre, congest\u00e3o nasal, ou seja, dificuldade para respirar,coriza, cansa\u00e7o, dores musculares e perda de apetite.<\/p>\n<p>Cr\u00f4nica<\/p>\n<p>Os sintomas basicamente s\u00e3o os mesmo, o que vai mudar de fato ser\u00e1 somente a intensidade.<\/p>\n<p>Alguns deles que foram falados anteriormente, como a dor de cabe\u00e7a e as dores nos seios nasais, regi\u00e3o em torno do nariz, que pode ser que n\u00e3o tenha nesse caso em espec\u00edfico.<\/p>\n<p>Embora n\u00e3o haja tais dores, geralmente, a sinusite vem acompanhada de uma tosse que aumenta frequentemente durante a noite.<\/p>\n<p>\u00c9 que quando a pessoa deita as secre\u00e7\u00f5es escorrem pela parte de tr\u00e1s das fossas nasais, levando irrita\u00e7\u00e3o para as vias \u00e1reas. Deste modo, a tosse potencializa.<\/p>\n<p>Logo, durante o per\u00edodo do dia as tosses passam a diminuir chegando, praticamente, a serem inexistentes.<\/p>\n<p>Causas da sinusite<\/p>\n<p>Alguns fatores que s\u00e3o bem conhecidos e frequentes no desencadeamento da sinusite. Eles s\u00e3o choques t\u00e9rmicos, sobretudo, poeira e cheiros ativos, ou seja, fortes.<\/p>\n<p>Outros respons\u00e1veis pela doen\u00e7a s\u00e3o a exposi\u00e7\u00e3o a certos tipos de produtos qu\u00edmicos ou at\u00e9 mesmo transforma\u00e7\u00f5es nos seios nasais ou na estrutura.<\/p>\n<p>Os fatores que podem prejudicar ainda mais a sinusite s\u00e3o basicamente, alergias ou doen\u00e7as al\u00e9rgicas como a rinite ou asma, p\u00f3lipos nasais, que s\u00e3o tecidos que se formam na \u00e1rea nasal podendo interferir nos tubos de secre\u00e7\u00f5es nasais, s\u00e3o um perigo tamb\u00e9m as rea\u00e7\u00f5es al\u00e9rgicas.<\/p>\n<p>Inclusive altera\u00e7\u00f5es de altitude como voar ou mergulhar. O tabagismo tamb\u00e9m pode ser um agravante.<\/p>\n<p>Como trat\u00e1-la<\/p>\n<p>Acima de tudo \u00e9 preciso saber que o mais importante \u00e9 diluir as secre\u00e7\u00f5es, para assim sa\u00edrem com facilidade. Por tanto as dicas ser\u00e3o voltadas para esse objetivo.<\/p>\n<p>O primeiro passo \u00e9 beber muita \u00e1gua, beba pelo menos 2L por dia. Dessa forma ajuda na dilui\u00e7\u00e3o da secre\u00e7\u00e3o. Inclusive, goteje no nariz 2 a 3 gotas de solu\u00e7\u00e3o salina ao longo do dia, por muitas vezes. Essa solu\u00e7\u00e3o \u00e9 caseira e f\u00e1cil de faz\u00ea-la.<\/p>\n<p>Voc\u00ea ir\u00e1 precisar de 1L de \u00e1gua fervida, nessa \u00e1gua voc\u00ea ir\u00e1 acrescentar 1 colher de sopa (20g) de a\u00e7\u00facar e, tamb\u00e9m, uma colher de caf\u00e9 de sal (3,5g). Misture, espere esfriar e pingue no nariz.<\/p>\n<p>Fa\u00e7a v\u00e1rias inala\u00e7\u00f5es com solu\u00e7\u00e3o salina, pode ser tamb\u00e9m com soro fisiol\u00f3gico ou at\u00e9 mesmo \u00e1gua quente. Pois o vapor ajuda na dissolu\u00e7\u00e3o das secre\u00e7\u00f5es.<\/p>\n<p>Evite o ar condicionado, pois ele seca a secre\u00e7\u00e3o e espalha bact\u00e9rias ou seja, elementos infecciosos, que podem prejudicar ainda mais. Outra dica boa \u00e9 voc\u00ea inclinar a cabe\u00e7a para tr\u00e1s, pois ajuda na sa\u00edda das secre\u00e7\u00f5es.<\/p>\n<p>Caso os sintomas persistirem voc\u00ea dever\u00e1 buscar um m\u00e9dico.<\/p>\n<p>Rinite x Sinusite<\/p>\n<p>A diferen\u00e7a \u00e9 bem simples: a rinite, basicamente, ataca apenas o nariz. A sinusite, por outro lado, prejudica os seios nasais, que \u00e9 toda a \u00e1rea ao redor do nariz.<\/p>\n<p><!-- CONTENT END 1 --><\/p>\n<hr\/><\/div>\n<p><br \/>\n<br \/><a href=\"https:\/\/www.jornaldafranca.com.br\/saiba-mais-sobre-a-sinusite-doenca-chata-e-bastante-comum-no-atual-tempo-seco\/\">Source link <\/a><\/p>\n","protected":false},"excerpt":{"rendered":"<p>compartilhar no whatsapp compartilhar no telegram compartilhar no facebook compartilhar no linkedin Inc\u00f4modo \u00e9 muito grande para quem tem o problema; saiba como agir nessa&#8230;<\/p>\n","protected":false},"author":1,"featured_media":71813,"comment_status":"open","ping_status":"open","sticky":false,"template":"","format":"standard","meta":{"advanced_seo_description":"","jetpack_seo_html_title":"","jetpack_seo_noindex":false,"jetpack_post_was_ever_published":false,"_jetpack_newsletter_access":"","_jetpack_dont_email_post_to_subs":false,"_jetpack_newsletter_tier_id":0,"_jetpack_memberships_contains_paywalled_content":false,"_jetpack_memberships_contains_paid_content":false,"footnotes":"","jetpack_publicize_message":"","jetpack_publicize_feature_enabled":true,"jetpack_social_post_already_shared":true,"jetpack_social_options":{"image_generator_settings":{"template":"highway","default_image_id":0,"font":"","enabled":false},"version":2}},"categories":[3597],"tags":[],"class_list":["post-71812","post","type-post","status-publish","format-standard","has-post-thumbnail","hentry","category-noticias-franca-sp"],"jetpack_publicize_connections":[],"jetpack_featured_media_url":"https:\/\/i0.wp.com\/noticiasribeiraopreto.com.br\/wp-content\/uploads\/2025\/06\/IMG_20220825_160025.jpg?fit=1049%2C888&ssl=1","jetpack-related-posts":[{"id":72002,"url":"https:\/\/noticiasribeiraopreto.com.br\/index.php\/2025\/06\/12\/jornal-da-franca-cinco-partidas-movimentam-a-rodada-da-copa-franca-de-basquete-neste-domingo-15\/","url_meta":{"origin":71812,"position":0},"title":"Jornal da Franca &#8211; Cinco partidas movimentam a rodada da Copa Franca de Basquete neste domingo, 15","author":"noticiasribeiraopreto.com.br","date":"12 de June de 2025","format":false,"excerpt":"compartilhar no whatsapp compartilhar no telegram compartilhar no facebook compartilhar no linkedin Secretaria de Esporte e Cultura de Franca promove competi\u00e7\u00e3o com 28 equipes participantes Jogos acontecem no Gin\u00e1sio Pedroc\u00e3o a partir das 8h30, reunindo equipes da regi\u00e3o \u00a0 A tradicional Copa Franca de Basquete ter\u00e1 mais uma rodada neste\u2026","rel":"","context":"In &quot;Not\u00edcias de Franca-SP&quot;","block_context":{"text":"Not\u00edcias de Franca-SP","link":"https:\/\/noticiasribeiraopreto.com.br\/index.php\/category\/noticias-de-ribeirao-preto-sp-e-regiao-ismael-colosi\/noticias-franca-sp\/"},"img":{"alt_text":"","src":"https:\/\/i0.wp.com\/noticiasribeiraopreto.com.br\/wp-content\/uploads\/2025\/06\/Copa-Basquete.jpeg?fit=1200%2C802&ssl=1&resize=350%2C200","width":350,"height":200,"srcset":"https:\/\/i0.wp.com\/noticiasribeiraopreto.com.br\/wp-content\/uploads\/2025\/06\/Copa-Basquete.jpeg?fit=1200%2C802&ssl=1&resize=350%2C200 1x, https:\/\/i0.wp.com\/noticiasribeiraopreto.com.br\/wp-content\/uploads\/2025\/06\/Copa-Basquete.jpeg?fit=1200%2C802&ssl=1&resize=525%2C300 1.5x, https:\/\/i0.wp.com\/noticiasribeiraopreto.com.br\/wp-content\/uploads\/2025\/06\/Copa-Basquete.jpeg?fit=1200%2C802&ssl=1&resize=700%2C400 2x, https:\/\/i0.wp.com\/noticiasribeiraopreto.com.br\/wp-content\/uploads\/2025\/06\/Copa-Basquete.jpeg?fit=1200%2C802&ssl=1&resize=1050%2C600 3x"},"classes":[]},{"id":69340,"url":"https:\/\/noticiasribeiraopreto.com.br\/index.php\/2025\/05\/05\/jornal-da-franca-implantacao-de-escola-civico-militar-em-franca-e-tema-de-debates-na-camara-municipal\/","url_meta":{"origin":71812,"position":1},"title":"Jornal da Franca &#8211; Implanta\u00e7\u00e3o de escola c\u00edvico-militar em Franca \u00e9 tema de debates na C\u00e2mara Municipal","author":"noticiasribeiraopreto.com.br","date":"5 de May de 2025","format":false,"excerpt":"compartilhar no whatsapp compartilhar no telegram compartilhar no facebook compartilhar no linkedin Mun\u00edcipe agradece apoio de vereadores e parlamentares para que Franca fosse contemplada com o modelo educacional A implanta\u00e7\u00e3o do Programa das Escolas C\u00edvico-Militares em Franca, pauta defendida pela direita, foi tema abordado durante a sess\u00e3o ordin\u00e1ria da C\u00e2mara\u2026","rel":"","context":"In &quot;Not\u00edcias de Franca-SP&quot;","block_context":{"text":"Not\u00edcias de Franca-SP","link":"https:\/\/noticiasribeiraopreto.com.br\/index.php\/category\/noticias-de-ribeirao-preto-sp-e-regiao-ismael-colosi\/noticias-franca-sp\/"},"img":{"alt_text":"","src":"https:\/\/i0.wp.com\/noticiasribeiraopreto.com.br\/wp-content\/uploads\/2025\/05\/1746449336_plenariodiagonal_0.jpg?fit=930%2C558&ssl=1&resize=350%2C200","width":350,"height":200,"srcset":"https:\/\/i0.wp.com\/noticiasribeiraopreto.com.br\/wp-content\/uploads\/2025\/05\/1746449336_plenariodiagonal_0.jpg?fit=930%2C558&ssl=1&resize=350%2C200 1x, https:\/\/i0.wp.com\/noticiasribeiraopreto.com.br\/wp-content\/uploads\/2025\/05\/1746449336_plenariodiagonal_0.jpg?fit=930%2C558&ssl=1&resize=525%2C300 1.5x, https:\/\/i0.wp.com\/noticiasribeiraopreto.com.br\/wp-content\/uploads\/2025\/05\/1746449336_plenariodiagonal_0.jpg?fit=930%2C558&ssl=1&resize=700%2C400 2x"},"classes":[]},{"id":69220,"url":"https:\/\/noticiasribeiraopreto.com.br\/index.php\/2025\/05\/03\/jornal-da-franca-socorristas-que-salvaram-crianca-em-franca-recebem-mocao-de-aplausos-da-camara\/","url_meta":{"origin":71812,"position":2},"title":"Jornal da Franca &#8211; Socorristas que salvaram crian\u00e7a em Franca\u00a0recebem Mo\u00e7\u00e3o de Aplausos da C\u00e2mara","author":"noticiasribeiraopreto.com.br","date":"3 de May de 2025","format":false,"excerpt":"compartilhar no whatsapp compartilhar no telegram compartilhar no facebook compartilhar no linkedin Mo\u00e7\u00e3o reconhece trabalho de equipe de sa\u00fade que atuou no salvamento de beb\u00ea A C\u00e2mara aprovou a Mo\u00e7\u00e3o de Aplausos n\u00ba 41 de 2025, de autoria do vereador Walker Bombeiro da Libras, para a equipe de sa\u00fade da\u2026","rel":"","context":"In &quot;Not\u00edcias de Franca-SP&quot;","block_context":{"text":"Not\u00edcias de Franca-SP","link":"https:\/\/noticiasribeiraopreto.com.br\/index.php\/category\/noticias-de-ribeirao-preto-sp-e-regiao-ismael-colosi\/noticias-franca-sp\/"},"img":{"alt_text":"","src":"https:\/\/i0.wp.com\/noticiasribeiraopreto.com.br\/wp-content\/uploads\/2025\/05\/mocaoravi17sessao.jpg?fit=1000%2C562&ssl=1&resize=350%2C200","width":350,"height":200,"srcset":"https:\/\/i0.wp.com\/noticiasribeiraopreto.com.br\/wp-content\/uploads\/2025\/05\/mocaoravi17sessao.jpg?fit=1000%2C562&ssl=1&resize=350%2C200 1x, https:\/\/i0.wp.com\/noticiasribeiraopreto.com.br\/wp-content\/uploads\/2025\/05\/mocaoravi17sessao.jpg?fit=1000%2C562&ssl=1&resize=525%2C300 1.5x, https:\/\/i0.wp.com\/noticiasribeiraopreto.com.br\/wp-content\/uploads\/2025\/05\/mocaoravi17sessao.jpg?fit=1000%2C562&ssl=1&resize=700%2C400 2x"},"classes":[]},{"id":64747,"url":"https:\/\/noticiasribeiraopreto.com.br\/index.php\/2025\/03\/12\/jornal-da-franca-autoridades-e-produtores-rurais-de-franca-fazem-abertura-da-16-edicao-do-simcafe\/","url_meta":{"origin":71812,"position":3},"title":"Jornal da Franca &#8211; Autoridades e produtores rurais de Franca fazem abertura da 16\u00b0 edi\u00e7\u00e3o do SimCaf\u00e9","author":"noticiasribeiraopreto.com.br","date":"12 de March de 2025","format":false,"excerpt":"compartilhar no whatsapp compartilhar no telegram compartilhar no facebook compartilhar no linkedin Evento re\u00fane cafeicultores e empresas do setor de agro de Franca e regi\u00e3o O Simcaf\u00e9 \u2013 Simp\u00f3sio do Agroneg\u00f3cio Caf\u00e9 da Alta Mogiana \u2013 teve sua 16\u00b0 edi\u00e7\u00e3o aberta nesta ter\u00e7a-feira com a presen\u00e7a de diversas autoridades pol\u00edticas.\u2026","rel":"","context":"In &quot;Not\u00edcias de Franca-SP&quot;","block_context":{"text":"Not\u00edcias de Franca-SP","link":"https:\/\/noticiasribeiraopreto.com.br\/index.php\/category\/noticias-de-ribeirao-preto-sp-e-regiao-ismael-colosi\/noticias-franca-sp\/"},"img":{"alt_text":"","src":"https:\/\/i0.wp.com\/noticiasribeiraopreto.com.br\/wp-content\/uploads\/2025\/03\/IMG_20250311_180004.jpg?fit=804%2C730&ssl=1&resize=350%2C200","width":350,"height":200,"srcset":"https:\/\/i0.wp.com\/noticiasribeiraopreto.com.br\/wp-content\/uploads\/2025\/03\/IMG_20250311_180004.jpg?fit=804%2C730&ssl=1&resize=350%2C200 1x, https:\/\/i0.wp.com\/noticiasribeiraopreto.com.br\/wp-content\/uploads\/2025\/03\/IMG_20250311_180004.jpg?fit=804%2C730&ssl=1&resize=525%2C300 1.5x, https:\/\/i0.wp.com\/noticiasribeiraopreto.com.br\/wp-content\/uploads\/2025\/03\/IMG_20250311_180004.jpg?fit=804%2C730&ssl=1&resize=700%2C400 2x"},"classes":[]},{"id":69837,"url":"https:\/\/noticiasribeiraopreto.com.br\/index.php\/2025\/05\/09\/jornal-da-franca-comissao-da-camara-de-franca-cobra-informacoes-das-secretarias-de-saude-e-educacao\/","url_meta":{"origin":71812,"position":4},"title":"Jornal da Franca &#8211; Comiss\u00e3o da C\u00e2mara de Franca cobra informa\u00e7\u00f5es das secretarias de Sa\u00fade e Educa\u00e7\u00e3o","author":"noticiasribeiraopreto.com.br","date":"9 de May de 2025","format":false,"excerpt":"compartilhar no whatsapp compartilhar no telegram compartilhar no facebook compartilhar no linkedin Grupo de vereadores fiscaliza condi\u00e7\u00f5es de trabalho de servidores municipais Os vereadores Mar\u00edlia Martins (PSOL), Gilson Pelizaro (PT), Marcelo Tidy (MDB) e Zezinho Cabeleireiro (PSD), integrantes da Comiss\u00e3o Especial de Assuntos Relevantes (CEAR) da C\u00e2mara Municipal de Franca,\u2026","rel":"","context":"In &quot;Not\u00edcias de Franca-SP&quot;","block_context":{"text":"Not\u00edcias de Franca-SP","link":"https:\/\/noticiasribeiraopreto.com.br\/index.php\/category\/noticias-de-ribeirao-preto-sp-e-regiao-ismael-colosi\/noticias-franca-sp\/"},"img":{"alt_text":"","src":"https:\/\/i0.wp.com\/noticiasribeiraopreto.com.br\/wp-content\/uploads\/2025\/05\/pLENARIO-10.jpg?fit=930%2C558&ssl=1&resize=350%2C200","width":350,"height":200,"srcset":"https:\/\/i0.wp.com\/noticiasribeiraopreto.com.br\/wp-content\/uploads\/2025\/05\/pLENARIO-10.jpg?fit=930%2C558&ssl=1&resize=350%2C200 1x, https:\/\/i0.wp.com\/noticiasribeiraopreto.com.br\/wp-content\/uploads\/2025\/05\/pLENARIO-10.jpg?fit=930%2C558&ssl=1&resize=525%2C300 1.5x, https:\/\/i0.wp.com\/noticiasribeiraopreto.com.br\/wp-content\/uploads\/2025\/05\/pLENARIO-10.jpg?fit=930%2C558&ssl=1&resize=700%2C400 2x"},"classes":[]},{"id":67863,"url":"https:\/\/noticiasribeiraopreto.com.br\/index.php\/2025\/04\/19\/jornal-da-franca-sesi-franca-quer-vencer-o-cordoba-e-deixar-a-champions-league-de-cabeca-erguida\/","url_meta":{"origin":71812,"position":5},"title":"Jornal da Franca &#8211; Sesi Franca quer vencer o C\u00f3rdoba e deixar a Champions League de cabe\u00e7a erguida","author":"noticiasribeiraopreto.com.br","date":"19 de April de 2025","format":false,"excerpt":"compartilhar no whatsapp compartilhar no telegram compartilhar no facebook compartilhar no linkedin Jogo de hoje servir\u00e1 para a equipe se reencontrar e encerrar campeonato honrosamente O Sesi Franca ainda procura se reencontrar ap\u00f3s a elimina\u00e7\u00e3o contra o Flamengo pelas semifinais da Champions League, por 91 a 65, na noite desta\u2026","rel":"","context":"In &quot;Not\u00edcias de Franca-SP&quot;","block_context":{"text":"Not\u00edcias de Franca-SP","link":"https:\/\/noticiasribeiraopreto.com.br\/index.php\/category\/noticias-de-ribeirao-preto-sp-e-regiao-ismael-colosi\/noticias-franca-sp\/"},"img":{"alt_text":"","src":"https:\/\/i0.wp.com\/noticiasribeiraopreto.com.br\/wp-content\/uploads\/2025\/04\/IMG_20250418_111654.jpg?fit=1080%2C710&ssl=1&resize=350%2C200","width":350,"height":200,"srcset":"https:\/\/i0.wp.com\/noticiasribeiraopreto.com.br\/wp-content\/uploads\/2025\/04\/IMG_20250418_111654.jpg?fit=1080%2C710&ssl=1&resize=350%2C200 1x, https:\/\/i0.wp.com\/noticiasribeiraopreto.com.br\/wp-content\/uploads\/2025\/04\/IMG_20250418_111654.jpg?fit=1080%2C710&ssl=1&resize=525%2C300 1.5x, https:\/\/i0.wp.com\/noticiasribeiraopreto.com.br\/wp-content\/uploads\/2025\/04\/IMG_20250418_111654.jpg?fit=1080%2C710&ssl=1&resize=700%2C400 2x, https:\/\/i0.wp.com\/noticiasribeiraopreto.com.br\/wp-content\/uploads\/2025\/04\/IMG_20250418_111654.jpg?fit=1080%2C710&ssl=1&resize=1050%2C600 3x"},"classes":[]}],"jetpack_sharing_enabled":true,"jetpack_shortlink":"https:\/\/wp.me\/peQAOb-iGg","_links":{"self":[{"href":"https:\/\/noticiasribeiraopreto.com.br\/index.php\/wp-json\/wp\/v2\/posts\/71812","targetHints":{"allow":["GET"]}}],"collection":[{"href":"https:\/\/noticiasribeiraopreto.com.br\/index.php\/wp-json\/wp\/v2\/posts"}],"about":[{"href":"https:\/\/noticiasribeiraopreto.com.br\/index.php\/wp-json\/wp\/v2\/types\/post"}],"author":[{"embeddable":true,"href":"https:\/\/noticiasribeiraopreto.com.br\/index.php\/wp-json\/wp\/v2\/users\/1"}],"replies":[{"embeddable":true,"href":"https:\/\/noticiasribeiraopreto.com.br\/index.php\/wp-json\/wp\/v2\/comments?post=71812"}],"version-history":[{"count":0,"href":"https:\/\/noticiasribeiraopreto.com.br\/index.php\/wp-json\/wp\/v2\/posts\/71812\/revisions"}],"wp:featuredmedia":[{"embeddable":true,"href":"https:\/\/noticiasribeiraopreto.com.br\/index.php\/wp-json\/wp\/v2\/media\/71813"}],"wp:attachment":[{"href":"https:\/\/noticiasribeiraopreto.com.br\/index.php\/wp-json\/wp\/v2\/media?parent=71812"}],"wp:term":[{"taxonomy":"category","embeddable":true,"href":"https:\/\/noticiasribeiraopreto.com.br\/index.php\/wp-json\/wp\/v2\/categories?post=71812"},{"taxonomy":"post_tag","embeddable":true,"href":"https:\/\/noticiasribeiraopreto.com.br\/index.php\/wp-json\/wp\/v2\/tags?post=71812"}],"curies":[{"name":"wp","href":"https:\/\/api.w.org\/{rel}","templated":true}]}}