{"id":71814,"date":"2025-06-10T14:18:09","date_gmt":"2025-06-10T17:18:09","guid":{"rendered":"https:\/\/noticiasribeiraopreto.com.br\/index.php\/2025\/06\/10\/confessionario-tribuna-ribeirao-30\/"},"modified":"2025-06-10T14:18:09","modified_gmt":"2025-06-10T17:18:09","slug":"confessionario-tribuna-ribeirao-30","status":"publish","type":"post","link":"https:\/\/noticiasribeiraopreto.com.br\/index.php\/2025\/06\/10\/confessionario-tribuna-ribeirao-30\/","title":{"rendered":"Confession\u00e1rio &#8211; Tribuna Ribeir\u00e3o"},"content":{"rendered":"<div class='code-block code-block-1' style='margin: 8px 0 8px auto; text-align: right; display: block; clear: both;'>\n<p><a href=\"https:\/\/wa.link\/vpicfd\"><img data-recalc-dims=\"1\" class=\"wp-image-4922\" style=\"aspect-ratio: 2.0253164556962027; width: 561px; height: auto;\" src=\"https:\/\/i0.wp.com\/ismaelcolosi.com.br\/wp-content\/uploads\/2023\/11\/grupo-de-empregos-whatsapp-e-facebook-ismael-colosi-vagas.jpg?ssl=1\" alt=\"\" \/><\/a><\/p>\n<!-- \/wp:image -->\n<\/div>\n<p> <br \/>\n<\/p>\n<div id=\"post-428336\">\n<header class=\"entry-header penci-entry-header penci-title-center\">\n<p>\n\t\t\t\t\t\t\t\t\t<span class=\"entry-meta-item penci-posted-on\"><i class=\"fa fa-clock-o\"\/><time class=\"entry-date published updated\" datetime=\"2025-06-10T14:12:19-03:00\">10 de junho de 2025 14:12<\/time><\/span><span class=\"entry-meta-item penci-post-countview\"><span class=\"entry-meta-item penci-post-countview penci_post-meta_item\"><i class=\"fa fa-eye\"\/><span class=\"penci-post-countview-number penci-post-countview-p428336\">5<\/span><\/span><\/span>\t\t\t\t\t\t\t\t<\/p>\n<p><!-- .entry-meta --><br \/>\n\t\t\t\t\t\t\t\t<span class=\"penci-social-buttons penci-social-share-footer\"><span class=\"penci-social-share-text\">Compartilhar<\/span><a href=\"#\" class=\"penci-post-like penci_post-meta_item  single-like-button penci-social-item like\" data-post_id=\"428336\" title=\"Like\" data-like=\"Like\" data-unlike=\"Unlike\"><i class=\"fa fa-thumbs-o-up\"\/><span class=\"penci-share-number\">0<\/span><\/a><i class=\"fa fa-facebook\"\/><a class=\"penci-social-item twitter\" target=\"_blank\" rel=\"noopener\" title=\"\" href=\"https:\/\/twitter.com\/intent\/tweet?text=Confession\u00e1rio%20-%20https:\/\/www.tribunaribeirao.com.br\/confessionario-46\/\"><i class=\"fa fa-twitter\"\/><\/a><i class=\"fa fa-linkedin\"\/><i class=\"fa fa-whatsapp\"\/><i class=\"fa fa-telegram\"\/><i class=\"fa fa-envelope\"\/><\/span>\t\t\t\t\t\t\t<\/header>\n<p><!-- .entry-header --><\/p>\n<div class=\"penci-entry-content entry-content\">\n<p><strong>PM de S\u00e3o Paulo firma parceria com o Google contra roubo de celulares<\/strong><\/p>\n<p>A Pol\u00edcia Militar de S\u00e3o Paulo estabeleceu uma parceria com o Google para aprimorar o combate aos crimes de roubos e furtos de celulares. A ferramenta vai permitir que policiais bloqueiem e acessem localiza\u00e7\u00e3o do aparelho em tempo real. A funcionalidade, que passa a funcionar nos Terminais Port\u00e1teis de Dados (TPD) dos policiais, foi anunciada nesta ter\u00e7a-feira (10) durante um evento para desenvolvedores, em S\u00e3o Paulo.<\/p>\n<\/div>\n<p><!-- .entry-content --><\/p>\n<footer class=\"penci-entry-footer\">\n\t\t\t\t\t\t\t\t<span class=\"penci-social-buttons penci-social-share-footer\"><span class=\"penci-social-share-text\">Compartilhar<\/span><a href=\"#\" class=\"penci-post-like penci_post-meta_item  single-like-button penci-social-item like\" data-post_id=\"428336\" title=\"Like\" data-like=\"Like\" data-unlike=\"Unlike\"><i class=\"fa fa-thumbs-o-up\"\/><span class=\"penci-share-number\">0<\/span><\/a><i class=\"fa fa-facebook\"\/><a class=\"penci-social-item twitter\" target=\"_blank\" rel=\"noopener\" title=\"\" href=\"https:\/\/twitter.com\/intent\/tweet?text=Confession\u00e1rio%20-%20https:\/\/www.tribunaribeirao.com.br\/confessionario-46\/\"><i class=\"fa fa-twitter\"\/><\/a><i class=\"fa fa-linkedin\"\/><i class=\"fa fa-whatsapp\"\/><i class=\"fa fa-telegram\"\/><i class=\"fa fa-envelope\"\/><\/span>\t\t\t\t\t\t\t<\/footer>\n<p><!-- .entry-footer -->\n\t\t\t\t\t\t<\/div>\n<p><script async src=\"\/\/platform.twitter.com\/widgets.js\" charset=\"utf-8\"><\/script><br \/>\n<br \/><br \/>\n<br \/><a href=\"https:\/\/www.tribunaribeirao.com.br\/confessionario-46\/\">Source link <\/a><\/p>\n<!-- CONTENT END 1 -->\n","protected":false},"excerpt":{"rendered":"<p>10 de junho de 2025 14:125 Compartilhar0 PM de S\u00e3o Paulo firma parceria com o Google contra roubo de celulares A Pol\u00edcia Militar de S\u00e3o&#8230;<\/p>\n","protected":false},"author":1,"featured_media":71815,"comment_status":"open","ping_status":"open","sticky":false,"template":"","format":"standard","meta":{"advanced_seo_description":"","jetpack_seo_html_title":"","jetpack_seo_noindex":false,"jetpack_post_was_ever_published":false,"_jetpack_newsletter_access":"","_jetpack_dont_email_post_to_subs":false,"_jetpack_newsletter_tier_id":0,"_jetpack_memberships_contains_paywalled_content":false,"_jetpack_memberships_contains_paid_content":false,"footnotes":"","jetpack_publicize_message":"","jetpack_publicize_feature_enabled":true,"jetpack_social_post_already_shared":true,"jetpack_social_options":{"image_generator_settings":{"template":"highway","default_image_id":0,"font":"","enabled":false},"version":2}},"categories":[11],"tags":[],"class_list":["post-71814","post","type-post","status-publish","format-standard","has-post-thumbnail","hentry","category-noticias-de-ribeirao-preto-sp-e-regiao-ismael-colosi"],"jetpack_publicize_connections":[],"jetpack_featured_media_url":"https:\/\/i0.wp.com\/noticiasribeiraopreto.com.br\/wp-content\/uploads\/2025\/06\/Friday-Marcello-Casal-Jr.-Ag.Br_-scaled.jpg?fit=800%2C479&ssl=1","jetpack-related-posts":[{"id":72809,"url":"https:\/\/noticiasribeiraopreto.com.br\/index.php\/2025\/06\/21\/confessionario-tribuna-ribeirao-33\/","url_meta":{"origin":71814,"position":0},"title":"Confession\u00e1rio &#8211; Tribuna Ribeir\u00e3o","author":"noticiasribeiraopreto.com.br","date":"21 de June de 2025","format":false,"excerpt":"21 de junho de 2025 14:022 Compartilhar0 \u2013 Atividade empresarial: O Sincovarp est\u00e1 numa luta ferrenha contra a aprova\u00e7\u00e3o de uma lei municipal que prejudica o funcionamento de adegas e tabacarias da cidade; \u2013 For\u00e7a empres\u00e1rio! A Associa\u00e7\u00e3o Comercial e Industrial de Ribeir\u00e3o Preto (ACIRP) est\u00e1 patrocinando um campeonato de\u2026","rel":"","context":"In &quot;Not\u00edcias de Ribeir\u00e3o Preto-SP e Regi\u00e3o&quot;","block_context":{"text":"Not\u00edcias de Ribeir\u00e3o Preto-SP e Regi\u00e3o","link":"https:\/\/noticiasribeiraopreto.com.br\/index.php\/category\/noticias-de-ribeirao-preto-sp-e-regiao-ismael-colosi\/"},"img":{"alt_text":"","src":"https:\/\/i0.wp.com\/noticiasribeiraopreto.com.br\/wp-content\/uploads\/2025\/06\/Chopp-e-seus-beneficios-para-a-saude.jpg?fit=600%2C400&ssl=1&resize=350%2C200","width":350,"height":200,"srcset":"https:\/\/i0.wp.com\/noticiasribeiraopreto.com.br\/wp-content\/uploads\/2025\/06\/Chopp-e-seus-beneficios-para-a-saude.jpg?fit=600%2C400&ssl=1&resize=350%2C200 1x, https:\/\/i0.wp.com\/noticiasribeiraopreto.com.br\/wp-content\/uploads\/2025\/06\/Chopp-e-seus-beneficios-para-a-saude.jpg?fit=600%2C400&ssl=1&resize=525%2C300 1.5x"},"classes":[]},{"id":73259,"url":"https:\/\/noticiasribeiraopreto.com.br\/index.php\/2025\/06\/28\/confessionario-tribuna-ribeirao-37\/","url_meta":{"origin":71814,"position":1},"title":"Confession\u00e1rio &#8211; Tribuna Ribeir\u00e3o","author":"noticiasribeiraopreto.com.br","date":"28 de June de 2025","format":false,"excerpt":"28 de junho de 2025 08:2527 de junho de 2025 18:168 Compartilhar0 Centro Administrativo Um tradicional col\u00e9gio do Centro de Ribeir\u00e3o, poder\u00e1 ser o destino do novo centro administrativo da prefeitura de Ribeir\u00e3o Preto. As partes n\u00e3o confirmam, mas tem acontecido reuni\u00f5es de negocia\u00e7\u00e3o entre os propriet\u00e1rios da escola e\u2026","rel":"","context":"In &quot;Not\u00edcias de Ribeir\u00e3o Preto-SP e Regi\u00e3o&quot;","block_context":{"text":"Not\u00edcias de Ribeir\u00e3o Preto-SP e Regi\u00e3o","link":"https:\/\/noticiasribeiraopreto.com.br\/index.php\/category\/noticias-de-ribeirao-preto-sp-e-regiao-ismael-colosi\/"},"img":{"alt_text":"","src":"https:\/\/i0.wp.com\/noticiasribeiraopreto.com.br\/wp-content\/uploads\/2025\/06\/Centro.jpg?fit=1186%2C640&ssl=1&resize=350%2C200","width":350,"height":200,"srcset":"https:\/\/i0.wp.com\/noticiasribeiraopreto.com.br\/wp-content\/uploads\/2025\/06\/Centro.jpg?fit=1186%2C640&ssl=1&resize=350%2C200 1x, https:\/\/i0.wp.com\/noticiasribeiraopreto.com.br\/wp-content\/uploads\/2025\/06\/Centro.jpg?fit=1186%2C640&ssl=1&resize=525%2C300 1.5x, https:\/\/i0.wp.com\/noticiasribeiraopreto.com.br\/wp-content\/uploads\/2025\/06\/Centro.jpg?fit=1186%2C640&ssl=1&resize=700%2C400 2x, https:\/\/i0.wp.com\/noticiasribeiraopreto.com.br\/wp-content\/uploads\/2025\/06\/Centro.jpg?fit=1186%2C640&ssl=1&resize=1050%2C600 3x"},"classes":[]},{"id":71998,"url":"https:\/\/noticiasribeiraopreto.com.br\/index.php\/2025\/06\/12\/confessionario-tribuna-ribeirao-31\/","url_meta":{"origin":71814,"position":2},"title":"Confession\u00e1rio &#8211; Tribuna Ribeir\u00e3o","author":"noticiasribeiraopreto.com.br","date":"12 de June de 2025","format":false,"excerpt":"12 de junho de 2025 10:132 Compartilhar0 Fim do cas\u00f3rio A Opa Comunica\u00e7\u00e3o n\u00e3o vai mais responder pela comunica\u00e7\u00e3o da Associa\u00e7\u00e3o Comercial e Industrial de Ribeir\u00e3o Preto com a imprensa, a partir do dia 19 deste m\u00eas. A parceria durou oito anos. O jornalista Jairnei Cesar Caparelli j\u00e1 circula no\u2026","rel":"","context":"In &quot;Not\u00edcias de Ribeir\u00e3o Preto-SP e Regi\u00e3o&quot;","block_context":{"text":"Not\u00edcias de Ribeir\u00e3o Preto-SP e Regi\u00e3o","link":"https:\/\/noticiasribeiraopreto.com.br\/index.php\/category\/noticias-de-ribeirao-preto-sp-e-regiao-ismael-colosi\/"},"img":{"alt_text":"","src":"https:\/\/i0.wp.com\/noticiasribeiraopreto.com.br\/wp-content\/uploads\/2025\/06\/microfone.radio0709201436-scaled-1.jpg?fit=700%2C419&ssl=1&resize=350%2C200","width":350,"height":200,"srcset":"https:\/\/i0.wp.com\/noticiasribeiraopreto.com.br\/wp-content\/uploads\/2025\/06\/microfone.radio0709201436-scaled-1.jpg?fit=700%2C419&ssl=1&resize=350%2C200 1x, https:\/\/i0.wp.com\/noticiasribeiraopreto.com.br\/wp-content\/uploads\/2025\/06\/microfone.radio0709201436-scaled-1.jpg?fit=700%2C419&ssl=1&resize=525%2C300 1.5x, https:\/\/i0.wp.com\/noticiasribeiraopreto.com.br\/wp-content\/uploads\/2025\/06\/microfone.radio0709201436-scaled-1.jpg?fit=700%2C419&ssl=1&resize=700%2C400 2x"},"classes":[]},{"id":71782,"url":"https:\/\/noticiasribeiraopreto.com.br\/index.php\/2025\/06\/10\/confessionario-tribuna-ribeirao-29\/","url_meta":{"origin":71814,"position":3},"title":"Confession\u00e1rio &#8211; Tribuna Ribeir\u00e3o","author":"noticiasribeiraopreto.com.br","date":"10 de June de 2025","format":false,"excerpt":"10 de junho de 2025 10:257 Compartilhar0 PL quer Tarc\u00edsio Em entrevista \u00e0 R\u00e1dio Jovem Pan News de Ribeir\u00e3o Preto, o presidente nacional do Partido Liberal, Valdemar Costa Neto confirmou que o governador de S\u00e3o Paulo, Tarc\u00edsio de Freitas ser\u00e1 o candidato \u00e0 presidente da Rep\u00fablica pelo PL, caso o\u2026","rel":"","context":"In &quot;Not\u00edcias de Ribeir\u00e3o Preto-SP e Regi\u00e3o&quot;","block_context":{"text":"Not\u00edcias de Ribeir\u00e3o Preto-SP e Regi\u00e3o","link":"https:\/\/noticiasribeiraopreto.com.br\/index.php\/category\/noticias-de-ribeirao-preto-sp-e-regiao-ismael-colosi\/"},"img":{"alt_text":"","src":"https:\/\/i0.wp.com\/noticiasribeiraopreto.com.br\/wp-content\/uploads\/2025\/06\/pl_imprensa_mcajr_abr_2311222323-scaled.jpg?fit=667%2C500&ssl=1&resize=350%2C200","width":350,"height":200,"srcset":"https:\/\/i0.wp.com\/noticiasribeiraopreto.com.br\/wp-content\/uploads\/2025\/06\/pl_imprensa_mcajr_abr_2311222323-scaled.jpg?fit=667%2C500&ssl=1&resize=350%2C200 1x, https:\/\/i0.wp.com\/noticiasribeiraopreto.com.br\/wp-content\/uploads\/2025\/06\/pl_imprensa_mcajr_abr_2311222323-scaled.jpg?fit=667%2C500&ssl=1&resize=525%2C300 1.5x"},"classes":[]},{"id":72448,"url":"https:\/\/noticiasribeiraopreto.com.br\/index.php\/2025\/06\/17\/confessionario-tribuna-ribeirao-32\/","url_meta":{"origin":71814,"position":4},"title":"Confession\u00e1rio &#8211; Tribuna Ribeir\u00e3o","author":"noticiasribeiraopreto.com.br","date":"17 de June de 2025","format":false,"excerpt":"17 de junho de 2025 12:225 Compartilhar0 Sopa de letrinhas\u2026 Em comunicado \u2018interno\u2019, a dire\u00e7\u00e3o da Associa\u00e7\u00e3o Comercial e Industrial de Ribeir\u00e3o Preto informou que Jairnei Caparelli n\u00e3o responde mais pela assessoria de imprensa da Entidade. N\u00e3o se sabe quais foram as raz\u00f5es, mas o jornalista n\u00e3o ficou uma semana\u2026","rel":"","context":"In &quot;Not\u00edcias de Ribeir\u00e3o Preto-SP e Regi\u00e3o&quot;","block_context":{"text":"Not\u00edcias de Ribeir\u00e3o Preto-SP e Regi\u00e3o","link":"https:\/\/noticiasribeiraopreto.com.br\/index.php\/category\/noticias-de-ribeirao-preto-sp-e-regiao-ismael-colosi\/"},"img":{"alt_text":"","src":"https:\/\/i0.wp.com\/noticiasribeiraopreto.com.br\/wp-content\/uploads\/2025\/06\/big_368285eafdd66425c19cfc76abf7469a.jpg?fit=500%2C369&ssl=1&resize=350%2C200","width":350,"height":200},"classes":[]},{"id":71459,"url":"https:\/\/noticiasribeiraopreto.com.br\/index.php\/2025\/06\/06\/confessionario-tribuna-ribeirao-26\/","url_meta":{"origin":71814,"position":5},"title":"Confession\u00e1rio &#8211; Tribuna Ribeir\u00e3o","author":"noticiasribeiraopreto.com.br","date":"6 de June de 2025","format":false,"excerpt":"6 de junho de 2025 09:356 de junho de 2025 09:309 Compartilhar0 R\u00e1dio 79\u00a0vira TH+ Prime FM O\u00a0Grupo Thathi de Comunica\u00e7\u00e3o\u00a0lan\u00e7ou nesta quinta-feira, dia 05 de junho em\u00a0Ribeir\u00e3o Preto, a\u00a0TH+ Prime FM 104.7 (antiga 79 AM 590, agora migrada ao FM). A esta\u00e7\u00e3o, que j\u00e1 estava em opera\u00e7\u00e3o em formato\u2026","rel":"","context":"In &quot;Not\u00edcias de Ribeir\u00e3o Preto-SP e Regi\u00e3o&quot;","block_context":{"text":"Not\u00edcias de Ribeir\u00e3o Preto-SP e Regi\u00e3o","link":"https:\/\/noticiasribeiraopreto.com.br\/index.php\/category\/noticias-de-ribeirao-preto-sp-e-regiao-ismael-colosi\/"},"img":{"alt_text":"","src":"https:\/\/i0.wp.com\/noticiasribeiraopreto.com.br\/wp-content\/uploads\/2025\/06\/melhores_microfones_para_estudios_de_radios1-1320x880-1-scaled.jpg?fit=750%2C500&ssl=1&resize=350%2C200","width":350,"height":200,"srcset":"https:\/\/i0.wp.com\/noticiasribeiraopreto.com.br\/wp-content\/uploads\/2025\/06\/melhores_microfones_para_estudios_de_radios1-1320x880-1-scaled.jpg?fit=750%2C500&ssl=1&resize=350%2C200 1x, https:\/\/i0.wp.com\/noticiasribeiraopreto.com.br\/wp-content\/uploads\/2025\/06\/melhores_microfones_para_estudios_de_radios1-1320x880-1-scaled.jpg?fit=750%2C500&ssl=1&resize=525%2C300 1.5x, https:\/\/i0.wp.com\/noticiasribeiraopreto.com.br\/wp-content\/uploads\/2025\/06\/melhores_microfones_para_estudios_de_radios1-1320x880-1-scaled.jpg?fit=750%2C500&ssl=1&resize=700%2C400 2x"},"classes":[]}],"jetpack_sharing_enabled":true,"jetpack_shortlink":"https:\/\/wp.me\/peQAOb-iGi","_links":{"self":[{"href":"https:\/\/noticiasribeiraopreto.com.br\/index.php\/wp-json\/wp\/v2\/posts\/71814","targetHints":{"allow":["GET"]}}],"collection":[{"href":"https:\/\/noticiasribeiraopreto.com.br\/index.php\/wp-json\/wp\/v2\/posts"}],"about":[{"href":"https:\/\/noticiasribeiraopreto.com.br\/index.php\/wp-json\/wp\/v2\/types\/post"}],"author":[{"embeddable":true,"href":"https:\/\/noticiasribeiraopreto.com.br\/index.php\/wp-json\/wp\/v2\/users\/1"}],"replies":[{"embeddable":true,"href":"https:\/\/noticiasribeiraopreto.com.br\/index.php\/wp-json\/wp\/v2\/comments?post=71814"}],"version-history":[{"count":0,"href":"https:\/\/noticiasribeiraopreto.com.br\/index.php\/wp-json\/wp\/v2\/posts\/71814\/revisions"}],"wp:featuredmedia":[{"embeddable":true,"href":"https:\/\/noticiasribeiraopreto.com.br\/index.php\/wp-json\/wp\/v2\/media\/71815"}],"wp:attachment":[{"href":"https:\/\/noticiasribeiraopreto.com.br\/index.php\/wp-json\/wp\/v2\/media?parent=71814"}],"wp:term":[{"taxonomy":"category","embeddable":true,"href":"https:\/\/noticiasribeiraopreto.com.br\/index.php\/wp-json\/wp\/v2\/categories?post=71814"},{"taxonomy":"post_tag","embeddable":true,"href":"https:\/\/noticiasribeiraopreto.com.br\/index.php\/wp-json\/wp\/v2\/tags?post=71814"}],"curies":[{"name":"wp","href":"https:\/\/api.w.org\/{rel}","templated":true}]}}