{"id":71816,"date":"2025-06-10T14:31:57","date_gmt":"2025-06-10T17:31:57","guid":{"rendered":"https:\/\/noticiasribeiraopreto.com.br\/index.php\/2025\/06\/10\/ao-vivo-veja-o-depoimento-de-bolsonaro-no-stf\/"},"modified":"2025-06-10T14:31:57","modified_gmt":"2025-06-10T17:31:57","slug":"ao-vivo-veja-o-depoimento-de-bolsonaro-no-stf","status":"publish","type":"post","link":"https:\/\/noticiasribeiraopreto.com.br\/index.php\/2025\/06\/10\/ao-vivo-veja-o-depoimento-de-bolsonaro-no-stf\/","title":{"rendered":"AO VIVO: Veja o depoimento de Bolsonaro\u00a0no\u00a0STF"},"content":{"rendered":"<div class='code-block code-block-1' style='margin: 8px 0 8px auto; text-align: right; display: block; clear: both;'>\n<p><a href=\"https:\/\/wa.link\/vpicfd\"><img data-recalc-dims=\"1\" class=\"wp-image-4922\" style=\"aspect-ratio: 2.0253164556962027; width: 561px; height: auto;\" src=\"https:\/\/i0.wp.com\/ismaelcolosi.com.br\/wp-content\/uploads\/2023\/11\/grupo-de-empregos-whatsapp-e-facebook-ismael-colosi-vagas.jpg?ssl=1\" alt=\"\" \/><\/a><\/p>\n<!-- \/wp:image -->\n<\/div>\n<p> <br \/>\n<\/p>\n<figure class=\"wp-block-embed is-type-video is-provider-youtube wp-block-embed-youtube wp-embed-aspect-4-3 wp-has-aspect-ratio\">\n<div class=\"wp-block-embed__wrapper\">\n<div class=\"youtube-embed\" data-video_id=\"ha0LxggI4Wk\"><\/div>\n<\/div>\n<\/figure>\n<p>O <strong>ex-presidente Jair Bolsonaro (PL)<\/strong> come\u00e7a a prestar<strong> depoimento ao STF (Supremo Tribunal Federal) <\/strong>a partir das 14h30 desta ter\u00e7a-feira (10). Ele \u00e9 investigado em um inqu\u00e9rito que apura uma suposta tentativa de golpe para mant\u00ea-lo no poder. A oitiva ser\u00e1 transmitida pela TV Justi\u00e7a.<\/p>\n<hr class=\"wp-block-separator has-alpha-channel-opacity\" \/>\n<p>SAIBA MAIS<\/p>\n<p>Projeto de Ribeir\u00e3o Preto oferece oficinas gratuitas de dan\u00e7a contempor\u00e2nea<\/p>\n<h4 class=\"wp-block-heading\"><strong>FIQUE ON<\/strong><\/h4>\n<p>Quer ficar por dentro de tudo que acontece em Ribeir\u00e3o Preto e regi\u00e3o? Ent\u00e3o siga os perfis do\u202facidade on\u202fno\u202f<a href=\"https:\/\/www.instagram.com\/acidadeonribeirao\" target=\"_blank\" rel=\"noreferrer noopener\">Instagram<\/a>\u202fe no\u202f<a href=\"https:\/\/www.facebook.com\/acidadeonribeirao\/\" target=\"_blank\" rel=\"noreferrer noopener\">Facebook<\/a>.<\/p>\n<p>Al\u00e9m disso, voc\u00ea pode receber as principais not\u00edcias diretamente no WhatsApp. Para isso, basta&nbsp;<a href=\"https:\/\/chat.whatsapp.com\/BjKQZ9oJwlz8VVT50NuePq\" target=\"_blank\" rel=\"noreferrer noopener\">entrar no grupo clicando aqui<\/a>.<\/p>\n<p>Por fim, se quiser fazer uma den\u00fancia ou sugerir uma reportagem sobre Ribeir\u00e3o Preto e regi\u00e3o, envie uma mensagem pelo WhatsApp: (16) 99117-7802.<\/p>\n<p>VEJA TAMB\u00c9M<\/p>\n<p>O que aconteceu com Tonho de \u201cA Viagem\u201d?<\/p>\n<p>O post AO VIVO: Veja o depoimento de Bolsonaro\u00a0no\u00a0STF apareceu primeiro em ACidade ON Ribeir\u00e3o Preto.<\/p>\n<p><script async src=\"\/\/www.instagram.com\/embed.js\"><\/script><br \/>\n<br \/><br \/>\n<br \/><a href=\"https:\/\/www.acidadeon.com\/ribeiraopreto\/politica\/ao-vivo-veja-o-depoimento-de-bolsonaro-no-stf\/\">Source link <\/a><\/p>\n<!-- CONTENT END 1 -->\n","protected":false},"excerpt":{"rendered":"<p>O ex-presidente Jair Bolsonaro (PL) come\u00e7a a prestar depoimento ao STF (Supremo Tribunal Federal) a partir das 14h30 desta ter\u00e7a-feira (10). Ele \u00e9 investigado em&#8230;<\/p>\n","protected":false},"author":1,"featured_media":71817,"comment_status":"open","ping_status":"open","sticky":false,"template":"","format":"standard","meta":{"advanced_seo_description":"","jetpack_seo_html_title":"","jetpack_seo_noindex":false,"jetpack_post_was_ever_published":false,"_jetpack_newsletter_access":"","_jetpack_dont_email_post_to_subs":false,"_jetpack_newsletter_tier_id":0,"_jetpack_memberships_contains_paywalled_content":false,"_jetpack_memberships_contains_paid_content":false,"footnotes":"","jetpack_publicize_message":"","jetpack_publicize_feature_enabled":true,"jetpack_social_post_already_shared":true,"jetpack_social_options":{"image_generator_settings":{"template":"highway","default_image_id":0,"font":"","enabled":false},"version":2}},"categories":[11],"tags":[],"class_list":["post-71816","post","type-post","status-publish","format-standard","has-post-thumbnail","hentry","category-noticias-de-ribeirao-preto-sp-e-regiao-ismael-colosi"],"jetpack_publicize_connections":[],"jetpack_featured_media_url":"https:\/\/i0.wp.com\/noticiasribeiraopreto.com.br\/wp-content\/uploads\/2025\/06\/jair_bolsonaro_1024x576_20012021202441.jpg?fit=1024%2C576&ssl=1","jetpack-related-posts":[{"id":71852,"url":"https:\/\/noticiasribeiraopreto.com.br\/index.php\/2025\/06\/10\/ao-vivo-veja-o-depoimento-de-bolsonaro-no-stf-2\/","url_meta":{"origin":71816,"position":0},"title":"AO VIVO: Veja o depoimento de Bolsonaro\u00a0no\u00a0STF","author":"noticiasribeiraopreto.com.br","date":"10 de June de 2025","format":false,"excerpt":"O ex-presidente Jair Bolsonaro (PL) come\u00e7a a prestar depoimento ao STF (Supremo Tribunal Federal) a partir das 14h30 desta ter\u00e7a-feira (10). Ele \u00e9 investigado em um inqu\u00e9rito que apura uma suposta tentativa de golpe para mant\u00ea-lo no poder. A oitiva ser\u00e1 transmitida pela TV Justi\u00e7a. SAIBA MAIS Projeto de Ribeir\u00e3o\u2026","rel":"","context":"In &quot;Not\u00edcias de Ribeir\u00e3o Preto-SP e Regi\u00e3o&quot;","block_context":{"text":"Not\u00edcias de Ribeir\u00e3o Preto-SP e Regi\u00e3o","link":"https:\/\/noticiasribeiraopreto.com.br\/index.php\/category\/noticias-de-ribeirao-preto-sp-e-regiao-ismael-colosi\/"},"img":{"alt_text":"","src":"https:\/\/i0.wp.com\/noticiasribeiraopreto.com.br\/wp-content\/uploads\/2025\/06\/1749590019_jair_bolsonaro_1024x576_20012021202441.jpg?fit=1024%2C576&ssl=1&resize=350%2C200","width":350,"height":200,"srcset":"https:\/\/i0.wp.com\/noticiasribeiraopreto.com.br\/wp-content\/uploads\/2025\/06\/1749590019_jair_bolsonaro_1024x576_20012021202441.jpg?fit=1024%2C576&ssl=1&resize=350%2C200 1x, https:\/\/i0.wp.com\/noticiasribeiraopreto.com.br\/wp-content\/uploads\/2025\/06\/1749590019_jair_bolsonaro_1024x576_20012021202441.jpg?fit=1024%2C576&ssl=1&resize=525%2C300 1.5x, https:\/\/i0.wp.com\/noticiasribeiraopreto.com.br\/wp-content\/uploads\/2025\/06\/1749590019_jair_bolsonaro_1024x576_20012021202441.jpg?fit=1024%2C576&ssl=1&resize=700%2C400 2x"},"classes":[]},{"id":55164,"url":"https:\/\/noticiasribeiraopreto.com.br\/index.php\/2024\/07\/30\/hacker-preso-em-ribeirao-preto-e-condenado-por-calunia-contra-bolsonaro\/","url_meta":{"origin":71816,"position":1},"title":"Hacker preso em Ribeir\u00e3o Preto \u00e9 condenado por cal\u00fania contra Bolsonaro","author":"noticiasribeiraopreto.com.br","date":"30 de July de 2024","format":false,"excerpt":"O 3\u00ba Juizado Especial Criminal de Bras\u00edlia condenou nesta segunda-feira (29), Walter Delgatti Neto, o hacker foi preso em Ribeir\u00e3o Preto em 2019, a 10 meses de pris\u00e3o pelo crime de cal\u00fania contra o ex-presidente Jair Bolsonaro (PL). Na a\u00e7\u00e3o, a defesa de Bolsonaro afirmou que o hacker mentiu ao\u2026","rel":"","context":"In &quot;Not\u00edcias de Ribeir\u00e3o Preto-SP e Regi\u00e3o&quot;","block_context":{"text":"Not\u00edcias de Ribeir\u00e3o Preto-SP e Regi\u00e3o","link":"https:\/\/noticiasribeiraopreto.com.br\/index.php\/category\/noticias-de-ribeirao-preto-sp-e-regiao-ismael-colosi\/"},"img":{"alt_text":"","src":"https:\/\/i0.wp.com\/noticiasribeiraopreto.com.br\/wp-content\/uploads\/2024\/07\/delgatti-bolsonaro_2024-07-30_13-44-55_jpeg_2024-07-30_13-44-55.webp.webp?fit=1200%2C674&ssl=1&resize=350%2C200","width":350,"height":200,"srcset":"https:\/\/i0.wp.com\/noticiasribeiraopreto.com.br\/wp-content\/uploads\/2024\/07\/delgatti-bolsonaro_2024-07-30_13-44-55_jpeg_2024-07-30_13-44-55.webp.webp?fit=1200%2C674&ssl=1&resize=350%2C200 1x, https:\/\/i0.wp.com\/noticiasribeiraopreto.com.br\/wp-content\/uploads\/2024\/07\/delgatti-bolsonaro_2024-07-30_13-44-55_jpeg_2024-07-30_13-44-55.webp.webp?fit=1200%2C674&ssl=1&resize=525%2C300 1.5x, https:\/\/i0.wp.com\/noticiasribeiraopreto.com.br\/wp-content\/uploads\/2024\/07\/delgatti-bolsonaro_2024-07-30_13-44-55_jpeg_2024-07-30_13-44-55.webp.webp?fit=1200%2C674&ssl=1&resize=700%2C400 2x, https:\/\/i0.wp.com\/noticiasribeiraopreto.com.br\/wp-content\/uploads\/2024\/07\/delgatti-bolsonaro_2024-07-30_13-44-55_jpeg_2024-07-30_13-44-55.webp.webp?fit=1200%2C674&ssl=1&resize=1050%2C600 3x"},"classes":[]},{"id":79069,"url":"https:\/\/noticiasribeiraopreto.com.br\/index.php\/2025\/10\/23\/camara-de-ribeirao-preto-quer-entregar-titulo-para-bolsonaro-em-prisao-domiciliar\/","url_meta":{"origin":71816,"position":2},"title":"C\u00e2mara de Ribeir\u00e3o Preto quer entregar t\u00edtulo para Bolsonaro em pris\u00e3o domiciliar","author":"noticiasribeiraopreto.com.br","date":"23 de October de 2025","format":false,"excerpt":"O presidente da C\u00e2mara Municipal de Ribeir\u00e3o Preto, vereador Isaac Antunes (PL), solicitou autoriza\u00e7\u00e3o ao ministro do Supremo Tribunal Federal (STF), Alexandre de Moraes, para entregar pessoalmente o t\u00edtulo de Cidad\u00e3o Ribeir\u00e3o-Pretano ao ex-presidente Jair Messias Bolsonaro. O pedido foi apresentado no processo em que o ex-presidente cumpre pris\u00e3o domiciliar\u2026","rel":"","context":"In &quot;Not\u00edcias de Ribeir\u00e3o Preto-SP e Regi\u00e3o&quot;","block_context":{"text":"Not\u00edcias de Ribeir\u00e3o Preto-SP e Regi\u00e3o","link":"https:\/\/noticiasribeiraopreto.com.br\/index.php\/category\/noticias-de-ribeirao-preto-sp-e-regiao-ismael-colosi\/"},"img":{"alt_text":"","src":"https:\/\/i0.wp.com\/noticiasribeiraopreto.com.br\/wp-content\/uploads\/2025\/09\/lula5925.webp.webp?fit=1170%2C700&ssl=1&resize=350%2C200","width":350,"height":200,"srcset":"https:\/\/i0.wp.com\/noticiasribeiraopreto.com.br\/wp-content\/uploads\/2025\/09\/lula5925.webp.webp?fit=1170%2C700&ssl=1&resize=350%2C200 1x, https:\/\/i0.wp.com\/noticiasribeiraopreto.com.br\/wp-content\/uploads\/2025\/09\/lula5925.webp.webp?fit=1170%2C700&ssl=1&resize=525%2C300 1.5x, https:\/\/i0.wp.com\/noticiasribeiraopreto.com.br\/wp-content\/uploads\/2025\/09\/lula5925.webp.webp?fit=1170%2C700&ssl=1&resize=700%2C400 2x, https:\/\/i0.wp.com\/noticiasribeiraopreto.com.br\/wp-content\/uploads\/2025\/09\/lula5925.webp.webp?fit=1170%2C700&ssl=1&resize=1050%2C600 3x"},"classes":[]},{"id":75155,"url":"https:\/\/noticiasribeiraopreto.com.br\/index.php\/2025\/08\/04\/jair-bolsonaro-tem-prisao-domiciliar-decretada\/","url_meta":{"origin":71816,"position":3},"title":"Jair Bolsonaro tem pris\u00e3o domiciliar decretada","author":"noticiasribeiraopreto.com.br","date":"4 de August de 2025","format":false,"excerpt":"O ministro Alexandre de Moraes, do Supremo Tribunal Federal (STF), determinou nesta segunda-feira (4) que o ex-presidente Jair Bolsonaro (PL) cumpra pris\u00e3o domiciliar. A decis\u00e3o ocorre no \u00e2mbito da investiga\u00e7\u00e3o sobre a tentativa de golpe de Estado ap\u00f3s as elei\u00e7\u00f5es de 2022. Descumprimento de medidas cautelares Moraes apontou que Bolsonaro\u2026","rel":"","context":"In &quot;Not\u00edcias de Ribeir\u00e3o Preto-SP e Regi\u00e3o&quot;","block_context":{"text":"Not\u00edcias de Ribeir\u00e3o Preto-SP e Regi\u00e3o","link":"https:\/\/noticiasribeiraopreto.com.br\/index.php\/category\/noticias-de-ribeirao-preto-sp-e-regiao-ismael-colosi\/"},"img":{"alt_text":"","src":"https:\/\/i0.wp.com\/noticiasribeiraopreto.com.br\/wp-content\/uploads\/2025\/08\/bolsonaro.jpg?fit=1200%2C798&ssl=1&resize=350%2C200","width":350,"height":200,"srcset":"https:\/\/i0.wp.com\/noticiasribeiraopreto.com.br\/wp-content\/uploads\/2025\/08\/bolsonaro.jpg?fit=1200%2C798&ssl=1&resize=350%2C200 1x, https:\/\/i0.wp.com\/noticiasribeiraopreto.com.br\/wp-content\/uploads\/2025\/08\/bolsonaro.jpg?fit=1200%2C798&ssl=1&resize=525%2C300 1.5x, https:\/\/i0.wp.com\/noticiasribeiraopreto.com.br\/wp-content\/uploads\/2025\/08\/bolsonaro.jpg?fit=1200%2C798&ssl=1&resize=700%2C400 2x, https:\/\/i0.wp.com\/noticiasribeiraopreto.com.br\/wp-content\/uploads\/2025\/08\/bolsonaro.jpg?fit=1200%2C798&ssl=1&resize=1050%2C600 3x"},"classes":[]},{"id":81767,"url":"https:\/\/noticiasribeiraopreto.com.br\/index.php\/2026\/01\/16\/moraes-determina-transferencia-de-bolsonaro-a-papudinha\/","url_meta":{"origin":71816,"position":4},"title":"Moraes determina transfer\u00eancia de Bolsonaro \u00e0 &#8216;Papudinha&#8217;","author":"noticiasribeiraopreto.com.br","date":"16 de January de 2026","format":false,"excerpt":"O ministro Alexandre de Moraes, do Supremo Tribunal Federal (STF), determinou a transfer\u00eancia do ex-presidente Jair Bolsonaro (PL) para uma sala no 19\u00ba Batalh\u00e3o da Pol\u00edcia Militar do Distrito Federal (PM-DF), unidade conhecida como \u201cPapudinha\u201d. O batalh\u00e3o fica ao lado do Complexo Penitenci\u00e1rio da Papuda, o que originou o apelido.\u2026","rel":"","context":"In &quot;Not\u00edcias de Ribeir\u00e3o Preto-SP e Regi\u00e3o&quot;","block_context":{"text":"Not\u00edcias de Ribeir\u00e3o Preto-SP e Regi\u00e3o","link":"https:\/\/noticiasribeiraopreto.com.br\/index.php\/category\/noticias-de-ribeirao-preto-sp-e-regiao-ismael-colosi\/"},"img":{"alt_text":"","src":"https:\/\/i0.wp.com\/noticiasribeiraopreto.com.br\/wp-content\/uploads\/2026\/01\/Copia-de-Copia-de-Copia-de-TAMANHO-EXATO-PARA-FOTOS-NO-SISTEMA-NOVO-2025-11-22T142256.677_2025-11-22_17-22-59.webp.webp?fit=1200%2C675&ssl=1&resize=350%2C200","width":350,"height":200,"srcset":"https:\/\/i0.wp.com\/noticiasribeiraopreto.com.br\/wp-content\/uploads\/2026\/01\/Copia-de-Copia-de-Copia-de-TAMANHO-EXATO-PARA-FOTOS-NO-SISTEMA-NOVO-2025-11-22T142256.677_2025-11-22_17-22-59.webp.webp?fit=1200%2C675&ssl=1&resize=350%2C200 1x, https:\/\/i0.wp.com\/noticiasribeiraopreto.com.br\/wp-content\/uploads\/2026\/01\/Copia-de-Copia-de-Copia-de-TAMANHO-EXATO-PARA-FOTOS-NO-SISTEMA-NOVO-2025-11-22T142256.677_2025-11-22_17-22-59.webp.webp?fit=1200%2C675&ssl=1&resize=525%2C300 1.5x, https:\/\/i0.wp.com\/noticiasribeiraopreto.com.br\/wp-content\/uploads\/2026\/01\/Copia-de-Copia-de-Copia-de-TAMANHO-EXATO-PARA-FOTOS-NO-SISTEMA-NOVO-2025-11-22T142256.677_2025-11-22_17-22-59.webp.webp?fit=1200%2C675&ssl=1&resize=700%2C400 2x, https:\/\/i0.wp.com\/noticiasribeiraopreto.com.br\/wp-content\/uploads\/2026\/01\/Copia-de-Copia-de-Copia-de-TAMANHO-EXATO-PARA-FOTOS-NO-SISTEMA-NOVO-2025-11-22T142256.677_2025-11-22_17-22-59.webp.webp?fit=1200%2C675&ssl=1&resize=1050%2C600 3x"},"classes":[]},{"id":58291,"url":"https:\/\/noticiasribeiraopreto.com.br\/index.php\/2024\/09\/23\/zambelli-e-hacker-preso-em-ribeirao-devem-prestar-depoimento-ao-stf-nesta-semana\/","url_meta":{"origin":71816,"position":5},"title":"Zambelli e hacker preso em Ribeir\u00e3o devem prestar depoimento ao STF nesta semana","author":"noticiasribeiraopreto.com.br","date":"23 de September de 2024","format":false,"excerpt":"A deputada federal Carla Zambelli (PL-SP) deve prestar depoimento ao Supremo Tribunal Federal (STF) na pr\u00f3xima quinta-feira (26). A oitiva ocorrer\u00e1 na a\u00e7\u00e3o penal na qual a parlamentar e o hacker Walter Delgatti s\u00e3o r\u00e9us pela invas\u00e3o ao sistema eletr\u00f4nico do Conselho Nacional de Justi\u00e7a (CNJ), em 2023. O depoimento\u2026","rel":"","context":"In &quot;Not\u00edcias de Ribeir\u00e3o Preto-SP e Regi\u00e3o&quot;","block_context":{"text":"Not\u00edcias de Ribeir\u00e3o Preto-SP e Regi\u00e3o","link":"https:\/\/noticiasribeiraopreto.com.br\/index.php\/category\/noticias-de-ribeirao-preto-sp-e-regiao-ismael-colosi\/"},"img":{"alt_text":"","src":"https:\/\/i0.wp.com\/noticiasribeiraopreto.com.br\/wp-content\/uploads\/2024\/09\/Copia-de-Copia-de-TAMANHO-EXATO-PARA-FOTOS-NO-SISTEMA-NOVO-26_2024-05-21_19-04-52_jpg_2024-05-21_19-04-53.webp.webp?fit=1200%2C675&ssl=1&resize=350%2C200","width":350,"height":200,"srcset":"https:\/\/i0.wp.com\/noticiasribeiraopreto.com.br\/wp-content\/uploads\/2024\/09\/Copia-de-Copia-de-TAMANHO-EXATO-PARA-FOTOS-NO-SISTEMA-NOVO-26_2024-05-21_19-04-52_jpg_2024-05-21_19-04-53.webp.webp?fit=1200%2C675&ssl=1&resize=350%2C200 1x, https:\/\/i0.wp.com\/noticiasribeiraopreto.com.br\/wp-content\/uploads\/2024\/09\/Copia-de-Copia-de-TAMANHO-EXATO-PARA-FOTOS-NO-SISTEMA-NOVO-26_2024-05-21_19-04-52_jpg_2024-05-21_19-04-53.webp.webp?fit=1200%2C675&ssl=1&resize=525%2C300 1.5x, https:\/\/i0.wp.com\/noticiasribeiraopreto.com.br\/wp-content\/uploads\/2024\/09\/Copia-de-Copia-de-TAMANHO-EXATO-PARA-FOTOS-NO-SISTEMA-NOVO-26_2024-05-21_19-04-52_jpg_2024-05-21_19-04-53.webp.webp?fit=1200%2C675&ssl=1&resize=700%2C400 2x, https:\/\/i0.wp.com\/noticiasribeiraopreto.com.br\/wp-content\/uploads\/2024\/09\/Copia-de-Copia-de-TAMANHO-EXATO-PARA-FOTOS-NO-SISTEMA-NOVO-26_2024-05-21_19-04-52_jpg_2024-05-21_19-04-53.webp.webp?fit=1200%2C675&ssl=1&resize=1050%2C600 3x"},"classes":[]}],"jetpack_sharing_enabled":true,"jetpack_shortlink":"https:\/\/wp.me\/peQAOb-iGk","_links":{"self":[{"href":"https:\/\/noticiasribeiraopreto.com.br\/index.php\/wp-json\/wp\/v2\/posts\/71816","targetHints":{"allow":["GET"]}}],"collection":[{"href":"https:\/\/noticiasribeiraopreto.com.br\/index.php\/wp-json\/wp\/v2\/posts"}],"about":[{"href":"https:\/\/noticiasribeiraopreto.com.br\/index.php\/wp-json\/wp\/v2\/types\/post"}],"author":[{"embeddable":true,"href":"https:\/\/noticiasribeiraopreto.com.br\/index.php\/wp-json\/wp\/v2\/users\/1"}],"replies":[{"embeddable":true,"href":"https:\/\/noticiasribeiraopreto.com.br\/index.php\/wp-json\/wp\/v2\/comments?post=71816"}],"version-history":[{"count":0,"href":"https:\/\/noticiasribeiraopreto.com.br\/index.php\/wp-json\/wp\/v2\/posts\/71816\/revisions"}],"wp:featuredmedia":[{"embeddable":true,"href":"https:\/\/noticiasribeiraopreto.com.br\/index.php\/wp-json\/wp\/v2\/media\/71817"}],"wp:attachment":[{"href":"https:\/\/noticiasribeiraopreto.com.br\/index.php\/wp-json\/wp\/v2\/media?parent=71816"}],"wp:term":[{"taxonomy":"category","embeddable":true,"href":"https:\/\/noticiasribeiraopreto.com.br\/index.php\/wp-json\/wp\/v2\/categories?post=71816"},{"taxonomy":"post_tag","embeddable":true,"href":"https:\/\/noticiasribeiraopreto.com.br\/index.php\/wp-json\/wp\/v2\/tags?post=71816"}],"curies":[{"name":"wp","href":"https:\/\/api.w.org\/{rel}","templated":true}]}}