{"id":71818,"date":"2025-06-10T14:41:25","date_gmt":"2025-06-10T17:41:25","guid":{"rendered":"https:\/\/noticiasribeiraopreto.com.br\/index.php\/2025\/06\/10\/ricardo-silva-vai-para-israel-nesta-quinta\/"},"modified":"2025-06-10T14:41:25","modified_gmt":"2025-06-10T17:41:25","slug":"ricardo-silva-vai-para-israel-nesta-quinta","status":"publish","type":"post","link":"https:\/\/noticiasribeiraopreto.com.br\/index.php\/2025\/06\/10\/ricardo-silva-vai-para-israel-nesta-quinta\/","title":{"rendered":"Ricardo Silva vai para Israel nesta quinta"},"content":{"rendered":"<div class='code-block code-block-1' style='margin: 8px 0 8px auto; text-align: right; display: block; clear: both;'>\n<p><a href=\"https:\/\/wa.link\/vpicfd\"><img data-recalc-dims=\"1\" class=\"wp-image-4922\" style=\"aspect-ratio: 2.0253164556962027; width: 561px; height: auto;\" src=\"https:\/\/i0.wp.com\/ismaelcolosi.com.br\/wp-content\/uploads\/2023\/11\/grupo-de-empregos-whatsapp-e-facebook-ismael-colosi-vagas.jpg?ssl=1\" alt=\"\" \/><\/a><\/p>\n<!-- \/wp:image -->\n<\/div>\n<p> <br \/>\n<\/p>\n<div id=\"\">\n<p>\n\t\t\t\t\t\t\t\t\t<span class=\"entry-meta-item penci-posted-on\"><i class=\"fa fa-clock-o\"\/><time class=\"entry-date published updated\" datetime=\"2025-06-10T14:41:08-03:00\">10 de junho de 2025 14:41<\/time><\/span><span class=\"entry-meta-item penci-post-countview\"><span class=\"entry-meta-item penci-post-countview penci_post-meta_item\"><i class=\"fa fa-eye\"\/><span class=\"penci-post-countview-number penci-post-countview-p428347\">0<\/span><\/span><\/span>\t\t\t\t\t\t\t\t<\/p>\n<p><!-- .entry-meta --><br \/>\n\t\t\t\t\t\t\t\t<span class=\"penci-social-buttons penci-social-share-footer\"><span class=\"penci-social-share-text\">Compartilhar<\/span><a href=\"#\" class=\"penci-post-like penci_post-meta_item  single-like-button penci-social-item like\" data-post_id=\"428347\" title=\"Like\" data-like=\"Like\" data-unlike=\"Unlike\"><i class=\"fa fa-thumbs-o-up\"\/><span class=\"penci-share-number\">0<\/span><\/a><i class=\"fa fa-facebook\"\/><a class=\"penci-social-item twitter\" target=\"_blank\" rel=\"noopener\" title=\"\" href=\"https:\/\/twitter.com\/intent\/tweet?text=Ricardo%20Silva%20vai%20para%20Israel%20nesta%20quinta%20-%20https:\/\/www.tribunaribeirao.com.br\/ricardo-silva-vai-para-israel-nesta-quinta\/\"><i class=\"fa fa-twitter\"\/><\/a><i class=\"fa fa-linkedin\"\/><i class=\"fa fa-whatsapp\"\/><i class=\"fa fa-telegram\"\/><i class=\"fa fa-envelope\"\/><\/span>\t\t\t\t\t\t\t<\/div>\n<div>\n<p>O prefeito de Ribeir\u00e3o Preto, Ricardo Silva (PSD) viaja para Israel, nesta quinta-feira, 12 de junho. Ele vai integrar uma delega\u00e7\u00e3o de prefeitos do Estado de S\u00e3o Paulo que, durante seis dias, realizar\u00e1 interc\u00e2mbio com aquele pa\u00eds. O vice-governador Fel\u00edcio Ramuht (PSD) chefiar\u00e1 a comitiva. Tamb\u00e9m participar\u00e3o da vigem prefeitos de outras cidades, como S\u00e3o Paulo, S\u00e3o Jos\u00e9 dos Campos. Campos do Jord\u00e3o e Barretos.<\/p>\n<p>Em Israel eles participar\u00e3o da MUNIEXPO 2025, uma das maiores feiras globais voltadas \u00e0 inova\u00e7\u00e3o na gest\u00e3o p\u00fablica e desenvolvimento urbano. A miss\u00e3o foi organizada pelo consulado-geral de Israel em S\u00e3o Paulo, representado por Rafael Erdreich.<\/p>\n<p>O Consulado quer estreitar as rela\u00e7\u00f5es institucionais entre o estado de S\u00e3o Paulo e Israel, al\u00e9m de explorar oportunidades de parcerias estrat\u00e9gicas em \u00e1reas como tecnologia, seguran\u00e7a, inova\u00e7\u00e3o urbana e agricultura.<\/p>\n<p>Enquanto estiver fora do pa\u00eds, a prefeitura de Ribeir\u00e3o Preto ser\u00e1 comandada pelo vice-prefeito Alessandro Maraca (MDB). O of\u00edcio do Executivo comunicando a viagem e a posse de Maraca, ao Legislativo municipal foi protocolado na C\u00e2mara de Vereadores, nesta segunda-feira, 9 de junho.<\/p>\n<\/div>\n<p><script async src=\"\/\/platform.twitter.com\/widgets.js\" charset=\"utf-8\"><\/script><br \/>\n<br \/><br \/>\n<br \/><a href=\"https:\/\/www.tribunaribeirao.com.br\/ricardo-silva-vai-para-israel-nesta-quinta\/\">Source link <\/a><\/p>\n<!-- CONTENT END 1 -->\n","protected":false},"excerpt":{"rendered":"<p>10 de junho de 2025 14:410 Compartilhar0 O prefeito de Ribeir\u00e3o Preto, Ricardo Silva (PSD) viaja para Israel, nesta quinta-feira, 12 de junho. Ele vai&#8230;<\/p>\n","protected":false},"author":1,"featured_media":71819,"comment_status":"open","ping_status":"open","sticky":false,"template":"","format":"standard","meta":{"advanced_seo_description":"","jetpack_seo_html_title":"","jetpack_seo_noindex":false,"jetpack_post_was_ever_published":false,"_jetpack_newsletter_access":"","_jetpack_dont_email_post_to_subs":false,"_jetpack_newsletter_tier_id":0,"_jetpack_memberships_contains_paywalled_content":false,"_jetpack_memberships_contains_paid_content":false,"footnotes":"","jetpack_publicize_message":"","jetpack_publicize_feature_enabled":true,"jetpack_social_post_already_shared":true,"jetpack_social_options":{"image_generator_settings":{"template":"highway","default_image_id":0,"font":"","enabled":false},"version":2}},"categories":[11],"tags":[],"class_list":["post-71818","post","type-post","status-publish","format-standard","has-post-thumbnail","hentry","category-noticias-de-ribeirao-preto-sp-e-regiao-ismael-colosi"],"jetpack_publicize_connections":[],"jetpack_featured_media_url":"https:\/\/i0.wp.com\/noticiasribeiraopreto.com.br\/wp-content\/uploads\/2025\/06\/Nogueira-Sil-Alfredo-Risk-scaled.jpg?fit=800%2C455&ssl=1","jetpack-related-posts":[{"id":72105,"url":"https:\/\/noticiasribeiraopreto.com.br\/index.php\/2025\/06\/13\/video-ricardo-silva-volta-ao-brasil-apos-bloqueio-do-espaco-aereo-de-israel\/","url_meta":{"origin":71818,"position":0},"title":"V\u00eddeo: Ricardo Silva volta ao Brasil ap\u00f3s bloqueio do espa\u00e7o a\u00e9reo de Israel","author":"noticiasribeiraopreto.com.br","date":"13 de June de 2025","format":false,"excerpt":"13 de junho de 2025 10:177 Compartilhar0 O prefeito Ricardo Silva, que estava a caminho de Israel, vai precisar voltar para Ribeir\u00e3o Preto, ap\u00f3s o bloqueio do espa\u00e7o a\u00e9reo israelense. Ricardo partiu \u00e0 Israel nesta quinta-feira (12). O prefeito foi convidado pelo consulado-geral de Israel em S\u00e3o Paulo, representado por\u2026","rel":"","context":"In &quot;Not\u00edcias de Ribeir\u00e3o Preto-SP e Regi\u00e3o&quot;","block_context":{"text":"Not\u00edcias de Ribeir\u00e3o Preto-SP e Regi\u00e3o","link":"https:\/\/noticiasribeiraopreto.com.br\/index.php\/category\/noticias-de-ribeirao-preto-sp-e-regiao-ismael-colosi\/"},"img":{"alt_text":"","src":"https:\/\/i0.wp.com\/noticiasribeiraopreto.com.br\/wp-content\/uploads\/2025\/06\/ricardo-scaled.jpeg?fit=800%2C434&ssl=1&resize=350%2C200","width":350,"height":200,"srcset":"https:\/\/i0.wp.com\/noticiasribeiraopreto.com.br\/wp-content\/uploads\/2025\/06\/ricardo-scaled.jpeg?fit=800%2C434&ssl=1&resize=350%2C200 1x, https:\/\/i0.wp.com\/noticiasribeiraopreto.com.br\/wp-content\/uploads\/2025\/06\/ricardo-scaled.jpeg?fit=800%2C434&ssl=1&resize=525%2C300 1.5x, https:\/\/i0.wp.com\/noticiasribeiraopreto.com.br\/wp-content\/uploads\/2025\/06\/ricardo-scaled.jpeg?fit=800%2C434&ssl=1&resize=700%2C400 2x"},"classes":[]},{"id":72364,"url":"https:\/\/noticiasribeiraopreto.com.br\/index.php\/2025\/06\/16\/ricardo-silva-reassumiu-prefeitura-nesta-segunda\/","url_meta":{"origin":71818,"position":1},"title":"Ricardo Silva reassumiu prefeitura nesta segunda","author":"noticiasribeiraopreto.com.br","date":"16 de June de 2025","format":false,"excerpt":"16 de junho de 2025 14:531 Compartilhar0 O prefeito de Ribeir\u00e3o Preto, Ricardo Silva (PSD) reassumiu o cargo na manh\u00e3 desta segunda-feira, 16 de junho. Ele tinha se afastado do cargo na quinta-feira, 12 de junho, para integrar uma delega\u00e7\u00e3o que, durante seis dias \u2013 de 12 a17 de junho\u2026","rel":"","context":"In &quot;Not\u00edcias de Ribeir\u00e3o Preto-SP e Regi\u00e3o&quot;","block_context":{"text":"Not\u00edcias de Ribeir\u00e3o Preto-SP e Regi\u00e3o","link":"https:\/\/noticiasribeiraopreto.com.br\/index.php\/category\/noticias-de-ribeirao-preto-sp-e-regiao-ismael-colosi\/"},"img":{"alt_text":"","src":"https:\/\/i0.wp.com\/noticiasribeiraopreto.com.br\/wp-content\/uploads\/2025\/06\/Comam-Alfredo-Risk-scaled.jpg?fit=800%2C455&ssl=1&resize=350%2C200","width":350,"height":200,"srcset":"https:\/\/i0.wp.com\/noticiasribeiraopreto.com.br\/wp-content\/uploads\/2025\/06\/Comam-Alfredo-Risk-scaled.jpg?fit=800%2C455&ssl=1&resize=350%2C200 1x, https:\/\/i0.wp.com\/noticiasribeiraopreto.com.br\/wp-content\/uploads\/2025\/06\/Comam-Alfredo-Risk-scaled.jpg?fit=800%2C455&ssl=1&resize=525%2C300 1.5x, https:\/\/i0.wp.com\/noticiasribeiraopreto.com.br\/wp-content\/uploads\/2025\/06\/Comam-Alfredo-Risk-scaled.jpg?fit=800%2C455&ssl=1&resize=700%2C400 2x"},"classes":[]},{"id":58103,"url":"https:\/\/noticiasribeiraopreto.com.br\/index.php\/2024\/09\/18\/veja-a-simulacao-do-2o-turno-das-eleicoes-municipais-em-ribeirao-preto\/","url_meta":{"origin":71818,"position":2},"title":"Veja a simula\u00e7\u00e3o do 2\u00ba turno das elei\u00e7\u00f5es municipais em Ribeir\u00e3o Preto","author":"noticiasribeiraopreto.com.br","date":"18 de September de 2024","format":false,"excerpt":"O instituto Quaest e a EPTV divulgaram nesta quarta-feira (18), a segunda pesquisa de inten\u00e7\u00e3o de voto \u00e0 Prefeitura de Ribeir\u00e3o Preto. O levantamento mostra as inten\u00e7\u00f5es de voto em eventual segundo turno nas elei\u00e7\u00f5es de 2024. Conforme a pesquisa, o candidato Ricardo Silva (PSD) venceria Jorge Roque (PT), Andr\u00e9\u2026","rel":"","context":"In &quot;Not\u00edcias de Ribeir\u00e3o Preto-SP e Regi\u00e3o&quot;","block_context":{"text":"Not\u00edcias de Ribeir\u00e3o Preto-SP e Regi\u00e3o","link":"https:\/\/noticiasribeiraopreto.com.br\/index.php\/category\/noticias-de-ribeirao-preto-sp-e-regiao-ismael-colosi\/"},"img":{"alt_text":"","src":"https:\/\/i0.wp.com\/noticiasribeiraopreto.com.br\/wp-content\/uploads\/2024\/09\/1726703165_urnas_ribeirao.jpg?fit=1200%2C717&ssl=1&resize=350%2C200","width":350,"height":200,"srcset":"https:\/\/i0.wp.com\/noticiasribeiraopreto.com.br\/wp-content\/uploads\/2024\/09\/1726703165_urnas_ribeirao.jpg?fit=1200%2C717&ssl=1&resize=350%2C200 1x, https:\/\/i0.wp.com\/noticiasribeiraopreto.com.br\/wp-content\/uploads\/2024\/09\/1726703165_urnas_ribeirao.jpg?fit=1200%2C717&ssl=1&resize=525%2C300 1.5x, https:\/\/i0.wp.com\/noticiasribeiraopreto.com.br\/wp-content\/uploads\/2024\/09\/1726703165_urnas_ribeirao.jpg?fit=1200%2C717&ssl=1&resize=700%2C400 2x, https:\/\/i0.wp.com\/noticiasribeiraopreto.com.br\/wp-content\/uploads\/2024\/09\/1726703165_urnas_ribeirao.jpg?fit=1200%2C717&ssl=1&resize=1050%2C600 3x"},"classes":[]},{"id":58101,"url":"https:\/\/noticiasribeiraopreto.com.br\/index.php\/2024\/09\/18\/veja-quem-ganharia-as-eleicoes-em-eventual-2o-turno-em-ribeirao-preto\/","url_meta":{"origin":71818,"position":3},"title":"Veja quem ganharia as elei\u00e7\u00f5es em eventual 2\u00ba turno em Ribeir\u00e3o Preto","author":"noticiasribeiraopreto.com.br","date":"18 de September de 2024","format":false,"excerpt":"O instituto Quaest e a EPTV divulgaram nesta quarta-feira (18), a segunda pesquisa de inten\u00e7\u00e3o de voto \u00e0 Prefeitura de Ribeir\u00e3o Preto. O levantamento mostra as inten\u00e7\u00f5es de voto em eventual segundo turno nas elei\u00e7\u00f5es de 2024. Conforme a pesquisa, o candidato Ricardo Silva (PSD) venceria Jorge Roque (PT), Andr\u00e9\u2026","rel":"","context":"In &quot;Not\u00edcias de Ribeir\u00e3o Preto-SP e Regi\u00e3o&quot;","block_context":{"text":"Not\u00edcias de Ribeir\u00e3o Preto-SP e Regi\u00e3o","link":"https:\/\/noticiasribeiraopreto.com.br\/index.php\/category\/noticias-de-ribeirao-preto-sp-e-regiao-ismael-colosi\/"},"img":{"alt_text":"","src":"https:\/\/i0.wp.com\/noticiasribeiraopreto.com.br\/wp-content\/uploads\/2024\/09\/urnas_ribeirao.jpg?fit=1200%2C717&ssl=1&resize=350%2C200","width":350,"height":200,"srcset":"https:\/\/i0.wp.com\/noticiasribeiraopreto.com.br\/wp-content\/uploads\/2024\/09\/urnas_ribeirao.jpg?fit=1200%2C717&ssl=1&resize=350%2C200 1x, https:\/\/i0.wp.com\/noticiasribeiraopreto.com.br\/wp-content\/uploads\/2024\/09\/urnas_ribeirao.jpg?fit=1200%2C717&ssl=1&resize=525%2C300 1.5x, https:\/\/i0.wp.com\/noticiasribeiraopreto.com.br\/wp-content\/uploads\/2024\/09\/urnas_ribeirao.jpg?fit=1200%2C717&ssl=1&resize=700%2C400 2x, https:\/\/i0.wp.com\/noticiasribeiraopreto.com.br\/wp-content\/uploads\/2024\/09\/urnas_ribeirao.jpg?fit=1200%2C717&ssl=1&resize=1050%2C600 3x"},"classes":[]},{"id":70124,"url":"https:\/\/noticiasribeiraopreto.com.br\/index.php\/2025\/05\/22\/irmao-de-ricardo-silva-se-filia-ao-pp\/","url_meta":{"origin":71818,"position":4},"title":"Irm\u00e3o de Ricardo Silva se filia ao PP","author":"noticiasribeiraopreto.com.br","date":"22 de May de 2025","format":false,"excerpt":"22 de maio de 2025 22:146 Compartilhar0 O irm\u00e3o do prefeito de Ribeir\u00e3o Preto, Ricardo Silva (PSD), se filiou nesta quinta-feira, 22 de maio, ao Partido Progressista (PP). O ato de filia\u00e7\u00e3o de Rafael Silva J\u00fanior, aconteceu em S\u00e3o Paulo e teve a presen\u00e7a do prefeito. J\u00fanior, como \u00e9 conhecido,\u2026","rel":"","context":"In &quot;Not\u00edcias de Ribeir\u00e3o Preto-SP e Regi\u00e3o&quot;","block_context":{"text":"Not\u00edcias de Ribeir\u00e3o Preto-SP e Regi\u00e3o","link":"https:\/\/noticiasribeiraopreto.com.br\/index.php\/category\/noticias-de-ribeirao-preto-sp-e-regiao-ismael-colosi\/"},"img":{"alt_text":"","src":"https:\/\/i0.wp.com\/noticiasribeiraopreto.com.br\/wp-content\/uploads\/2025\/05\/silva.jpeg?fit=1200%2C1084&ssl=1&resize=350%2C200","width":350,"height":200,"srcset":"https:\/\/i0.wp.com\/noticiasribeiraopreto.com.br\/wp-content\/uploads\/2025\/05\/silva.jpeg?fit=1200%2C1084&ssl=1&resize=350%2C200 1x, https:\/\/i0.wp.com\/noticiasribeiraopreto.com.br\/wp-content\/uploads\/2025\/05\/silva.jpeg?fit=1200%2C1084&ssl=1&resize=525%2C300 1.5x, https:\/\/i0.wp.com\/noticiasribeiraopreto.com.br\/wp-content\/uploads\/2025\/05\/silva.jpeg?fit=1200%2C1084&ssl=1&resize=700%2C400 2x, https:\/\/i0.wp.com\/noticiasribeiraopreto.com.br\/wp-content\/uploads\/2025\/05\/silva.jpeg?fit=1200%2C1084&ssl=1&resize=1050%2C600 3x"},"classes":[]},{"id":59439,"url":"https:\/\/noticiasribeiraopreto.com.br\/index.php\/2024\/10\/23\/confira-a-agenda-dos-candidatos-a-prefeitura-de-ribeirao-preto-nesta-quinta-24\/","url_meta":{"origin":71818,"position":5},"title":"Confira a agenda dos candidatos \u00e0 Prefeitura de Ribeir\u00e3o Preto nesta quinta (24)","author":"noticiasribeiraopreto.com.br","date":"23 de October de 2024","format":false,"excerpt":"Os candidatos \u00e0\u00a0Prefeitura de Ribeir\u00e3o Preto\u00a0divulgaram suas agendas de campanha\u00a0para esta quinta-feira (24). O per\u00edodo de propaganda eleitoral no segundo turno come\u00e7ou no dia 7 de outubro, portanto,\u00a0candidatos podem apresentar \u00e0s eleitoras e aos eleitores suas ideias e propostas. A publicidade das candidaturas pode ser feita na internet, na rua,\u2026","rel":"","context":"In &quot;Not\u00edcias de Ribeir\u00e3o Preto-SP e Regi\u00e3o&quot;","block_context":{"text":"Not\u00edcias de Ribeir\u00e3o Preto-SP e Regi\u00e3o","link":"https:\/\/noticiasribeiraopreto.com.br\/index.php\/category\/noticias-de-ribeirao-preto-sp-e-regiao-ismael-colosi\/"},"img":{"alt_text":"","src":"https:\/\/i0.wp.com\/noticiasribeiraopreto.com.br\/wp-content\/uploads\/2024\/10\/1729727762_ribeirao-preto-prefeitura.jpg?fit=1200%2C900&ssl=1&resize=350%2C200","width":350,"height":200,"srcset":"https:\/\/i0.wp.com\/noticiasribeiraopreto.com.br\/wp-content\/uploads\/2024\/10\/1729727762_ribeirao-preto-prefeitura.jpg?fit=1200%2C900&ssl=1&resize=350%2C200 1x, https:\/\/i0.wp.com\/noticiasribeiraopreto.com.br\/wp-content\/uploads\/2024\/10\/1729727762_ribeirao-preto-prefeitura.jpg?fit=1200%2C900&ssl=1&resize=525%2C300 1.5x, https:\/\/i0.wp.com\/noticiasribeiraopreto.com.br\/wp-content\/uploads\/2024\/10\/1729727762_ribeirao-preto-prefeitura.jpg?fit=1200%2C900&ssl=1&resize=700%2C400 2x, https:\/\/i0.wp.com\/noticiasribeiraopreto.com.br\/wp-content\/uploads\/2024\/10\/1729727762_ribeirao-preto-prefeitura.jpg?fit=1200%2C900&ssl=1&resize=1050%2C600 3x"},"classes":[]}],"jetpack_sharing_enabled":true,"jetpack_shortlink":"https:\/\/wp.me\/peQAOb-iGm","_links":{"self":[{"href":"https:\/\/noticiasribeiraopreto.com.br\/index.php\/wp-json\/wp\/v2\/posts\/71818","targetHints":{"allow":["GET"]}}],"collection":[{"href":"https:\/\/noticiasribeiraopreto.com.br\/index.php\/wp-json\/wp\/v2\/posts"}],"about":[{"href":"https:\/\/noticiasribeiraopreto.com.br\/index.php\/wp-json\/wp\/v2\/types\/post"}],"author":[{"embeddable":true,"href":"https:\/\/noticiasribeiraopreto.com.br\/index.php\/wp-json\/wp\/v2\/users\/1"}],"replies":[{"embeddable":true,"href":"https:\/\/noticiasribeiraopreto.com.br\/index.php\/wp-json\/wp\/v2\/comments?post=71818"}],"version-history":[{"count":0,"href":"https:\/\/noticiasribeiraopreto.com.br\/index.php\/wp-json\/wp\/v2\/posts\/71818\/revisions"}],"wp:featuredmedia":[{"embeddable":true,"href":"https:\/\/noticiasribeiraopreto.com.br\/index.php\/wp-json\/wp\/v2\/media\/71819"}],"wp:attachment":[{"href":"https:\/\/noticiasribeiraopreto.com.br\/index.php\/wp-json\/wp\/v2\/media?parent=71818"}],"wp:term":[{"taxonomy":"category","embeddable":true,"href":"https:\/\/noticiasribeiraopreto.com.br\/index.php\/wp-json\/wp\/v2\/categories?post=71818"},{"taxonomy":"post_tag","embeddable":true,"href":"https:\/\/noticiasribeiraopreto.com.br\/index.php\/wp-json\/wp\/v2\/tags?post=71818"}],"curies":[{"name":"wp","href":"https:\/\/api.w.org\/{rel}","templated":true}]}}