{"id":71822,"date":"2025-06-10T14:54:36","date_gmt":"2025-06-10T17:54:36","guid":{"rendered":"https:\/\/noticiasribeiraopreto.com.br\/index.php\/2025\/06\/10\/unesco-seleciona-projeto-da-usp-rp\/"},"modified":"2025-06-10T14:54:36","modified_gmt":"2025-06-10T17:54:36","slug":"unesco-seleciona-projeto-da-usp-rp","status":"publish","type":"post","link":"https:\/\/noticiasribeiraopreto.com.br\/index.php\/2025\/06\/10\/unesco-seleciona-projeto-da-usp-rp\/","title":{"rendered":"Unesco seleciona projeto da USP RP"},"content":{"rendered":"<div class='code-block code-block-1' style='margin: 8px 0 8px auto; text-align: right; display: block; clear: both;'>\n<p><a href=\"https:\/\/wa.link\/vpicfd\"><img data-recalc-dims=\"1\" class=\"wp-image-4922\" style=\"aspect-ratio: 2.0253164556962027; width: 561px; height: auto;\" src=\"https:\/\/i0.wp.com\/ismaelcolosi.com.br\/wp-content\/uploads\/2023\/11\/grupo-de-empregos-whatsapp-e-facebook-ismael-colosi-vagas.jpg?ssl=1\" alt=\"\" \/><\/a><\/p>\n<!-- \/wp:image -->\n<\/div>\n<p> <br \/>\n<\/p>\n<div id=\"\">\n<p>\n\t\t\t\t\t\t\t\t\t<span class=\"entry-meta-item penci-posted-on\"><i class=\"fa fa-clock-o\"\/><time class=\"entry-date published\" datetime=\"2025-06-10T14:30:28-03:00\">10 de junho de 2025 14:30<\/time><time class=\"updated\" datetime=\"2025-06-10T10:10:08-03:00\">10 de junho de 2025 10:10<\/time><\/span><span class=\"entry-meta-item penci-post-countview\"><span class=\"entry-meta-item penci-post-countview penci_post-meta_item\"><i class=\"fa fa-eye\"\/><span class=\"penci-post-countview-number penci-post-countview-p428277\">1<\/span><\/span><\/span>\t\t\t\t\t\t\t\t<\/p>\n<p><!-- .entry-meta --><br \/>\n\t\t\t\t\t\t\t\t<span class=\"penci-social-buttons penci-social-share-footer\"><span class=\"penci-social-share-text\">Compartilhar<\/span><a href=\"#\" class=\"penci-post-like penci_post-meta_item  single-like-button penci-social-item like\" data-post_id=\"428277\" title=\"Like\" data-like=\"Like\" data-unlike=\"Unlike\"><i class=\"fa fa-thumbs-o-up\"\/><span class=\"penci-share-number\">0<\/span><\/a><i class=\"fa fa-facebook\"\/><a class=\"penci-social-item twitter\" target=\"_blank\" rel=\"noopener\" title=\"\" href=\"https:\/\/twitter.com\/intent\/tweet?text=Unesco%20seleciona%20projeto%20da%20USP%20RP%20-%20https:\/\/www.tribunaribeirao.com.br\/unesco-seleciona-projeto-da-usp-rp\/\"><i class=\"fa fa-twitter\"\/><\/a><i class=\"fa fa-linkedin\"\/><i class=\"fa fa-whatsapp\"\/><i class=\"fa fa-telegram\"\/><i class=\"fa fa-envelope\"\/><\/span>\t\t\t\t\t\t\t<\/div>\n<div>\n<p>A Escola de Educa\u00e7\u00e3o F\u00edsica e Esporte de Ribeir\u00e3o Preto (EEFERP) da Universidade de S\u00e3o Paulo (USP) foi selecionada pela Organiza\u00e7\u00e3o das Na\u00e7\u00f5es Unidas para a Educa\u00e7\u00e3o, Ci\u00eancia e Cultura (Unesco) para sediar, em 2025, a Martial Arts Open School Brazil, iniciativa do International Centre of Martial Arts for Youth Development and Engagement (ICM) voltada ao empoderamento de jovens por meio das artes marciais.<\/p>\n<p>O projeto foi um dos poucos aprovados em um edital internacional altamente competitivo. Com apoio da Prefeitura de Ribeir\u00e3o Preto, da academia Strong Inside Jiu-Jitsu e do grupo de Capoeira Cord\u00e3o de Ouro, a a\u00e7\u00e3o beneficiar\u00e1 200 adolescentes de escolas p\u00fablicas da cidade ao longo de dois meses, por meio de uma forma\u00e7\u00e3o psicossocial gratuita, baseada em aulas de capoeira e jiu-jitsu, combinadas a oficinas tem\u00e1ticas.<\/p>\n<p>A iniciativa parte da vis\u00e3o do esporte como ferramenta de desenvolvimento humano, promovendo empatia, autocontrole, respeito m\u00fatuo, projeto de vida, equidade de g\u00eanero e cultura de paz. As atividades est\u00e3o alinhadas aos Objetivos de Desenvolvimento Sustent\u00e1vel da Organiza\u00e7\u00e3o das Na\u00e7\u00f5es Unidas (ODS-ONU) e aos princ\u00edpios da educa\u00e7\u00e3o para a cidadania global defendidos pela Unesco, incentivando uma forma\u00e7\u00e3o \u00e9tica, reflexiva e inclusiva.<\/p>\n<p>A proposta se apoia em mais de dez anos de pesquisas realizadas na EEFERP-USP e no programa de p\u00f3s-gradua\u00e7\u00e3o em psicologia da Faculdade de Filosofia, Ci\u00eancias e Letras de Ribeir\u00e3o Preto (FFCLRP-USP), no campo da Psicologia do Esporte.<\/p>\n<p>Reconhecido internacionalmente, esse trabalho conta com apoio da Funda\u00e7\u00e3o de Amparo \u00e0 Pesquisa do Estado de S\u00e3o Paulo (Fapesp) e da Coordena\u00e7\u00e3o de Aperfei\u00e7oamento de Pessoal de N\u00edvel Superior (Capes), em colabora\u00e7\u00e3o com institui\u00e7\u00f5es da Fran\u00e7a, Espanha e Portugal. O projeto articula evid\u00eancias cient\u00edficas com os valores formativos das artes marciais tradicionais, criando um ambiente de acolhimento, disciplina e autoconhecimento para jovens em situa\u00e7\u00e3o de vulnerabilidade social.<\/p>\n<p>Segundo o professor Cristiano Barreira, coordenador do projeto, \u201ca iniciativa traduz, de forma concreta, os potenciais formativos das artes marciais quando orientadas por princ\u00edpios \u00e9ticos e inclusivos. Ela articula pesquisa, extens\u00e3o universit\u00e1ria e pol\u00edticas p\u00fablicas em favor do bem-estar e da cidadania juvenil. O projeto tamb\u00e9m \u00e9 inovador por resultar diretamente da ado\u00e7\u00e3o de um Plano de Impacto vinculado \u00e0s pesquisas em andamento, impulsionado a partir do contato com o Projeto M\u00e9tricas, apoiado pela Fapesp\u201d.<\/p>\n<p>A professora Bruna Ribeiro, co-coordenadora da iniciativa, ressalta: \u201cBuscamos oferecer aos jovens n\u00e3o apenas um espa\u00e7o de pr\u00e1tica esportiva, mas um verdadeiro campo de forma\u00e7\u00e3o humana, onde corpo, mente e rela\u00e7\u00f5es sociais s\u00e3o trabalhados de forma integrada. Nosso compromisso \u00e9 com uma forma\u00e7\u00e3o integral, que valorize a trajet\u00f3ria de cada participante e fortale\u00e7a sua autoconfian\u00e7a para enfrentar os desafios da vida\u201d.<\/p>\n<p>O in\u00edcio das atividades est\u00e1 previsto para julho de 2025, com a\u00e7\u00f5es preparat\u00f3rias j\u00e1 em andamento. O projeto incluir\u00e1 acompanhamento cient\u00edfico, produ\u00e7\u00e3o de materiais did\u00e1ticos e possibilidade de expans\u00e3o futura em articula\u00e7\u00e3o com pol\u00edticas p\u00fablicas voltadas \u00e0 juventude e ao esporte. Mais informa\u00e7\u00f5es ser\u00e3o divulgadas em breve nos canais oficiais da EEFERP-USP e institui\u00e7\u00f5es parceiras.<\/p>\n<\/div>\n<p><script async src=\"\/\/platform.twitter.com\/widgets.js\" charset=\"utf-8\"><\/script><br \/>\n<br \/><br \/>\n<br \/><a href=\"https:\/\/www.tribunaribeirao.com.br\/unesco-seleciona-projeto-da-usp-rp\/\">Source link <\/a><\/p>\n<!-- CONTENT END 1 -->\n","protected":false},"excerpt":{"rendered":"<p>10 de junho de 2025 14:3010 de junho de 2025 10:101 Compartilhar0 A Escola de Educa\u00e7\u00e3o F\u00edsica e Esporte de Ribeir\u00e3o Preto (EEFERP) da Universidade&#8230;<\/p>\n","protected":false},"author":1,"featured_media":71823,"comment_status":"open","ping_status":"open","sticky":false,"template":"","format":"standard","meta":{"advanced_seo_description":"","jetpack_seo_html_title":"","jetpack_seo_noindex":false,"jetpack_post_was_ever_published":false,"_jetpack_newsletter_access":"","_jetpack_dont_email_post_to_subs":false,"_jetpack_newsletter_tier_id":0,"_jetpack_memberships_contains_paywalled_content":false,"_jetpack_memberships_contains_paid_content":false,"footnotes":"","jetpack_publicize_message":"","jetpack_publicize_feature_enabled":true,"jetpack_social_post_already_shared":true,"jetpack_social_options":{"image_generator_settings":{"template":"highway","default_image_id":0,"font":"","enabled":false},"version":2}},"categories":[11],"tags":[],"class_list":["post-71822","post","type-post","status-publish","format-standard","has-post-thumbnail","hentry","category-noticias-de-ribeirao-preto-sp-e-regiao-ismael-colosi"],"jetpack_publicize_connections":[],"jetpack_featured_media_url":"https:\/\/i0.wp.com\/noticiasribeiraopreto.com.br\/wp-content\/uploads\/2025\/06\/Unesco-Divulgacao-scaled.jpg?fit=750%2C500&ssl=1","jetpack-related-posts":[{"id":51496,"url":"https:\/\/noticiasribeiraopreto.com.br\/index.php\/2024\/05\/27\/beneficiarios-do-bolsa-familia-comemoram-governo-confirma-3-adicionais-para-o-mes-de-junho-confira\/","url_meta":{"origin":71822,"position":0},"title":"Benefici\u00e1rios do Bolsa Fam\u00edlia comemoram: Governo confirma 3 adicionais para o m\u00eas de Junho; Confira!","author":"noticiasribeiraopreto.com.br","date":"27 de May de 2024","format":false,"excerpt":"O Governo Federal confirmou que os benefici\u00e1rios do Bolsa Fam\u00edlia receber\u00e3o tr\u00eas importantes benef\u00edcios adicionais desde junho, refor\u00e7ando o compromisso de apoiar fam\u00edlias em situa\u00e7\u00e3o de vulnerabilidade social. Anunciada pelo presidente Luiz In\u00e1cio Lula da Silva (PT) em meados do ano passado, essa ajuda continuar\u00e1 sendo desembolsada em 2024 com\u2026","rel":"","context":"In &quot;Dinheiro e Investimento&quot;","block_context":{"text":"Dinheiro e Investimento","link":"https:\/\/noticiasribeiraopreto.com.br\/index.php\/category\/dinheiro-e-investimento-como-fazer-como-ganhar\/"},"img":{"alt_text":"","src":"https:\/\/i0.wp.com\/noticiasribeiraopreto.com.br\/wp-content\/uploads\/2024\/05\/Design-sem-nome-5-1.webp.webp?fit=1200%2C630&ssl=1&resize=350%2C200","width":350,"height":200,"srcset":"https:\/\/i0.wp.com\/noticiasribeiraopreto.com.br\/wp-content\/uploads\/2024\/05\/Design-sem-nome-5-1.webp.webp?fit=1200%2C630&ssl=1&resize=350%2C200 1x, https:\/\/i0.wp.com\/noticiasribeiraopreto.com.br\/wp-content\/uploads\/2024\/05\/Design-sem-nome-5-1.webp.webp?fit=1200%2C630&ssl=1&resize=525%2C300 1.5x, https:\/\/i0.wp.com\/noticiasribeiraopreto.com.br\/wp-content\/uploads\/2024\/05\/Design-sem-nome-5-1.webp.webp?fit=1200%2C630&ssl=1&resize=700%2C400 2x, https:\/\/i0.wp.com\/noticiasribeiraopreto.com.br\/wp-content\/uploads\/2024\/05\/Design-sem-nome-5-1.webp.webp?fit=1200%2C630&ssl=1&resize=1050%2C600 3x"},"classes":[]},{"id":52116,"url":"https:\/\/noticiasribeiraopreto.com.br\/index.php\/2024\/06\/04\/aniversario-de-ribeirao-preto-e-feriado-data-e-comemorada-no-dia-19-de-junho\/","url_meta":{"origin":71822,"position":1},"title":"Anivers\u00e1rio de Ribeir\u00e3o Preto \u00e9 feriado? Data \u00e9 comemorada no dia 19 de junho","author":"noticiasribeiraopreto.com.br","date":"4 de June de 2024","format":false,"excerpt":"O anivers\u00e1rio de 168 anos de Ribeir\u00e3o Preto \u00e9 comemorado no pr\u00f3ximo dia 19 de junho e j\u00e1 foi divulgada uma programa\u00e7\u00e3o especial para a celebra\u00e7\u00e3o. Mas, afinal, o dia do anivers\u00e1rio de Ribeir\u00e3o \u00e9 considerado feriado? Sim, a data \u00e9 feriado municipal, que foi institu\u00eddo por meio de legisla\u00e7\u00e3o\u2026","rel":"","context":"In &quot;Not\u00edcias de Ribeir\u00e3o Preto-SP e Regi\u00e3o&quot;","block_context":{"text":"Not\u00edcias de Ribeir\u00e3o Preto-SP e Regi\u00e3o","link":"https:\/\/noticiasribeiraopreto.com.br\/index.php\/category\/noticias-de-ribeirao-preto-sp-e-regiao-ismael-colosi\/"},"img":{"alt_text":"","src":"https:\/\/i0.wp.com\/noticiasribeiraopreto.com.br\/wp-content\/uploads\/2024\/06\/totem_eu_amo_ribeirao_-_foto_fernando_gonzaga_2_2024-06-04_11-49-25_jpeg_2024-06-04_11-49-25.webp.webp?fit=1200%2C800&ssl=1&resize=350%2C200","width":350,"height":200,"srcset":"https:\/\/i0.wp.com\/noticiasribeiraopreto.com.br\/wp-content\/uploads\/2024\/06\/totem_eu_amo_ribeirao_-_foto_fernando_gonzaga_2_2024-06-04_11-49-25_jpeg_2024-06-04_11-49-25.webp.webp?fit=1200%2C800&ssl=1&resize=350%2C200 1x, https:\/\/i0.wp.com\/noticiasribeiraopreto.com.br\/wp-content\/uploads\/2024\/06\/totem_eu_amo_ribeirao_-_foto_fernando_gonzaga_2_2024-06-04_11-49-25_jpeg_2024-06-04_11-49-25.webp.webp?fit=1200%2C800&ssl=1&resize=525%2C300 1.5x, https:\/\/i0.wp.com\/noticiasribeiraopreto.com.br\/wp-content\/uploads\/2024\/06\/totem_eu_amo_ribeirao_-_foto_fernando_gonzaga_2_2024-06-04_11-49-25_jpeg_2024-06-04_11-49-25.webp.webp?fit=1200%2C800&ssl=1&resize=700%2C400 2x, https:\/\/i0.wp.com\/noticiasribeiraopreto.com.br\/wp-content\/uploads\/2024\/06\/totem_eu_amo_ribeirao_-_foto_fernando_gonzaga_2_2024-06-04_11-49-25_jpeg_2024-06-04_11-49-25.webp.webp?fit=1200%2C800&ssl=1&resize=1050%2C600 3x"},"classes":[]},{"id":52852,"url":"https:\/\/noticiasribeiraopreto.com.br\/index.php\/2024\/06\/13\/bolsa-familia-antecipado-verifique-se-seu-beneficio-sera-pago-no-sabado-15\/","url_meta":{"origin":71822,"position":2},"title":"Bolsa Fam\u00edlia Antecipado: Verifique se seu benef\u00edcio ser\u00e1 pago no S\u00e1bado, 15","author":"noticiasribeiraopreto.com.br","date":"13 de June de 2024","format":false,"excerpt":"H\u00e1 um motivo para que mais de 21 milh\u00f5es de brasileiros comemorem a recente mudan\u00e7a no calend\u00e1rio de pagamento do Bolsa Fam\u00edlia. O Minist\u00e9rio do Desenvolvimento Social (MDS), respons\u00e1vel pela gest\u00e3o do programa, anunciou que os pagamentos de junho come\u00e7ar\u00e3o mais cedo para muitos benefici\u00e1rios. Entenda como isso afeta diretamente\u2026","rel":"","context":"In &quot;Dinheiro e Investimento&quot;","block_context":{"text":"Dinheiro e Investimento","link":"https:\/\/noticiasribeiraopreto.com.br\/index.php\/category\/dinheiro-e-investimento-como-fazer-como-ganhar\/"},"img":{"alt_text":"","src":"https:\/\/i0.wp.com\/noticiasribeiraopreto.com.br\/wp-content\/uploads\/2024\/06\/www.Financasbrasil.org-1.webp.webp?fit=1200%2C630&ssl=1&resize=350%2C200","width":350,"height":200,"srcset":"https:\/\/i0.wp.com\/noticiasribeiraopreto.com.br\/wp-content\/uploads\/2024\/06\/www.Financasbrasil.org-1.webp.webp?fit=1200%2C630&ssl=1&resize=350%2C200 1x, https:\/\/i0.wp.com\/noticiasribeiraopreto.com.br\/wp-content\/uploads\/2024\/06\/www.Financasbrasil.org-1.webp.webp?fit=1200%2C630&ssl=1&resize=525%2C300 1.5x, https:\/\/i0.wp.com\/noticiasribeiraopreto.com.br\/wp-content\/uploads\/2024\/06\/www.Financasbrasil.org-1.webp.webp?fit=1200%2C630&ssl=1&resize=700%2C400 2x, https:\/\/i0.wp.com\/noticiasribeiraopreto.com.br\/wp-content\/uploads\/2024\/06\/www.Financasbrasil.org-1.webp.webp?fit=1200%2C630&ssl=1&resize=1050%2C600 3x"},"classes":[]},{"id":52137,"url":"https:\/\/noticiasribeiraopreto.com.br\/index.php\/2024\/06\/04\/bolsa-familia-2024-aumento-confirmado-para-r-710-veja-as-novidades-e-como-receber\/","url_meta":{"origin":71822,"position":3},"title":"Bolsa Fam\u00edlia 2024: Aumento Confirmado para R$ 710; Veja as novidades e como receber","author":"noticiasribeiraopreto.com.br","date":"4 de June de 2024","format":false,"excerpt":"Em um esfor\u00e7o cont\u00ednuo para apoiar as fam\u00edlias que enfrentam dificuldades financeiras, o Governo Federal recalibrou o programa Bolsa Fam\u00edlia. A partir de junho de 2024, vamos aumentar o valor do pagamento para fornecer um apoio mais substancial. A medida promove o bem-estar econ\u00f4mico das fam\u00edlias benefici\u00e1rias, bem como o\u2026","rel":"","context":"In &quot;Dinheiro e Investimento&quot;","block_context":{"text":"Dinheiro e Investimento","link":"https:\/\/noticiasribeiraopreto.com.br\/index.php\/category\/dinheiro-e-investimento-como-fazer-como-ganhar\/"},"img":{"alt_text":"","src":"https:\/\/i0.wp.com\/noticiasribeiraopreto.com.br\/wp-content\/uploads\/2024\/06\/Design-sem-nome-5.webp.webp?fit=1200%2C630&ssl=1&resize=350%2C200","width":350,"height":200,"srcset":"https:\/\/i0.wp.com\/noticiasribeiraopreto.com.br\/wp-content\/uploads\/2024\/06\/Design-sem-nome-5.webp.webp?fit=1200%2C630&ssl=1&resize=350%2C200 1x, https:\/\/i0.wp.com\/noticiasribeiraopreto.com.br\/wp-content\/uploads\/2024\/06\/Design-sem-nome-5.webp.webp?fit=1200%2C630&ssl=1&resize=525%2C300 1.5x, https:\/\/i0.wp.com\/noticiasribeiraopreto.com.br\/wp-content\/uploads\/2024\/06\/Design-sem-nome-5.webp.webp?fit=1200%2C630&ssl=1&resize=700%2C400 2x, https:\/\/i0.wp.com\/noticiasribeiraopreto.com.br\/wp-content\/uploads\/2024\/06\/Design-sem-nome-5.webp.webp?fit=1200%2C630&ssl=1&resize=1050%2C600 3x"},"classes":[]},{"id":52229,"url":"https:\/\/noticiasribeiraopreto.com.br\/index.php\/2024\/06\/05\/bolsa-familia-de-junho-com-bonus-extra-para-maes-solteiras-veja-como-funciona\/","url_meta":{"origin":71822,"position":4},"title":"Bolsa Fam\u00edlia de Junho com b\u00f4nus extra para m\u00e3es solteiras; Veja como funciona","author":"noticiasribeiraopreto.com.br","date":"5 de June de 2024","format":false,"excerpt":"O Bolsa Fam\u00edlia de junho oferece apoio adicional \u00e0s m\u00e3es solteiras por meio do Benef\u00edcio Primeira Inf\u00e2ncia (BPI) e do Benef\u00edcio Vari\u00e1vel Fam\u00edlia (BVF). Ambos os valores adicionais podem ser ganhos no calend\u00e1rio deste m\u00eas. O BPI de 150 reais \u00e9 para fam\u00edlias com crian\u00e7as de at\u00e9 6 anos, enquanto\u2026","rel":"","context":"In &quot;Dinheiro e Investimento&quot;","block_context":{"text":"Dinheiro e Investimento","link":"https:\/\/noticiasribeiraopreto.com.br\/index.php\/category\/dinheiro-e-investimento-como-fazer-como-ganhar\/"},"img":{"alt_text":"","src":"https:\/\/i0.wp.com\/noticiasribeiraopreto.com.br\/wp-content\/uploads\/2024\/06\/Design-sem-nome-7.webp.webp?fit=1200%2C630&ssl=1&resize=350%2C200","width":350,"height":200,"srcset":"https:\/\/i0.wp.com\/noticiasribeiraopreto.com.br\/wp-content\/uploads\/2024\/06\/Design-sem-nome-7.webp.webp?fit=1200%2C630&ssl=1&resize=350%2C200 1x, https:\/\/i0.wp.com\/noticiasribeiraopreto.com.br\/wp-content\/uploads\/2024\/06\/Design-sem-nome-7.webp.webp?fit=1200%2C630&ssl=1&resize=525%2C300 1.5x, https:\/\/i0.wp.com\/noticiasribeiraopreto.com.br\/wp-content\/uploads\/2024\/06\/Design-sem-nome-7.webp.webp?fit=1200%2C630&ssl=1&resize=700%2C400 2x, https:\/\/i0.wp.com\/noticiasribeiraopreto.com.br\/wp-content\/uploads\/2024\/06\/Design-sem-nome-7.webp.webp?fit=1200%2C630&ssl=1&resize=1050%2C600 3x"},"classes":[]},{"id":70198,"url":"https:\/\/noticiasribeiraopreto.com.br\/index.php\/2025\/05\/23\/inss-devolvera-descontos-indevidos-de-abril-a-partir-de-segunda-feira\/","url_meta":{"origin":71822,"position":5},"title":"INSS devolver\u00e1 descontos indevidos de abril a partir de segunda-feira","author":"noticiasribeiraopreto.com.br","date":"23 de May de 2025","format":false,"excerpt":"23 de maio de 2025 15:551 Compartilhar0 Todos os aposentados e pensionistas do INSS que sofreram algum desconto de mensalidade associativa na folha de pagamentos referente a abril ter\u00e3o os valores devolvidos a partir desta segunda-feira, 26 de maio. Ser\u00e3o reembolsados, ao todo, R$ 292 milh\u00f5es aos benefici\u00e1rios. No fim\u2026","rel":"","context":"In &quot;Not\u00edcias de Ribeir\u00e3o Preto-SP e Regi\u00e3o&quot;","block_context":{"text":"Not\u00edcias de Ribeir\u00e3o Preto-SP e Regi\u00e3o","link":"https:\/\/noticiasribeiraopreto.com.br\/index.php\/category\/noticias-de-ribeirao-preto-sp-e-regiao-ismael-colosi\/"},"img":{"alt_text":"","src":"https:\/\/i0.wp.com\/noticiasribeiraopreto.com.br\/wp-content\/uploads\/2025\/05\/Como-consultar-beneficio-por-incapacidade-INSS.jpg?fit=1200%2C729&ssl=1&resize=350%2C200","width":350,"height":200,"srcset":"https:\/\/i0.wp.com\/noticiasribeiraopreto.com.br\/wp-content\/uploads\/2025\/05\/Como-consultar-beneficio-por-incapacidade-INSS.jpg?fit=1200%2C729&ssl=1&resize=350%2C200 1x, https:\/\/i0.wp.com\/noticiasribeiraopreto.com.br\/wp-content\/uploads\/2025\/05\/Como-consultar-beneficio-por-incapacidade-INSS.jpg?fit=1200%2C729&ssl=1&resize=525%2C300 1.5x, https:\/\/i0.wp.com\/noticiasribeiraopreto.com.br\/wp-content\/uploads\/2025\/05\/Como-consultar-beneficio-por-incapacidade-INSS.jpg?fit=1200%2C729&ssl=1&resize=700%2C400 2x, https:\/\/i0.wp.com\/noticiasribeiraopreto.com.br\/wp-content\/uploads\/2025\/05\/Como-consultar-beneficio-por-incapacidade-INSS.jpg?fit=1200%2C729&ssl=1&resize=1050%2C600 3x"},"classes":[]}],"jetpack_sharing_enabled":true,"jetpack_shortlink":"https:\/\/wp.me\/peQAOb-iGq","_links":{"self":[{"href":"https:\/\/noticiasribeiraopreto.com.br\/index.php\/wp-json\/wp\/v2\/posts\/71822","targetHints":{"allow":["GET"]}}],"collection":[{"href":"https:\/\/noticiasribeiraopreto.com.br\/index.php\/wp-json\/wp\/v2\/posts"}],"about":[{"href":"https:\/\/noticiasribeiraopreto.com.br\/index.php\/wp-json\/wp\/v2\/types\/post"}],"author":[{"embeddable":true,"href":"https:\/\/noticiasribeiraopreto.com.br\/index.php\/wp-json\/wp\/v2\/users\/1"}],"replies":[{"embeddable":true,"href":"https:\/\/noticiasribeiraopreto.com.br\/index.php\/wp-json\/wp\/v2\/comments?post=71822"}],"version-history":[{"count":0,"href":"https:\/\/noticiasribeiraopreto.com.br\/index.php\/wp-json\/wp\/v2\/posts\/71822\/revisions"}],"wp:featuredmedia":[{"embeddable":true,"href":"https:\/\/noticiasribeiraopreto.com.br\/index.php\/wp-json\/wp\/v2\/media\/71823"}],"wp:attachment":[{"href":"https:\/\/noticiasribeiraopreto.com.br\/index.php\/wp-json\/wp\/v2\/media?parent=71822"}],"wp:term":[{"taxonomy":"category","embeddable":true,"href":"https:\/\/noticiasribeiraopreto.com.br\/index.php\/wp-json\/wp\/v2\/categories?post=71822"},{"taxonomy":"post_tag","embeddable":true,"href":"https:\/\/noticiasribeiraopreto.com.br\/index.php\/wp-json\/wp\/v2\/tags?post=71822"}],"curies":[{"name":"wp","href":"https:\/\/api.w.org\/{rel}","templated":true}]}}